{"id":85921,"date":"2025-01-03T09:11:22","date_gmt":"2025-01-03T07:11:22","guid":{"rendered":"https:\/\/blog.medel.com\/?p=85921"},"modified":"2025-01-14T08:41:23","modified_gmt":"2025-01-14T06:41:23","slug":"bu-tatil-sezonunda-sosyal-etkinliklerin-keyfini-cikarmak-icin-5-ipucu","status":"publish","type":"post","link":"https:\/\/blog.medel.com\/tr\/ipuclari-ve-puf-noktalari\/bu-tatil-sezonunda-sosyal-etkinliklerin-keyfini-cikarmak-icin-5-ipucu\/","title":{"rendered":"Bu Tatil Sezonunda Sosyal Etkinliklerin Keyfini \u00c7\u0131karmak \u0130\u00e7in 5 \u0130pucu"},"content":{"rendered":"","protected":false},"excerpt":{"rendered":"<p>Tatil sezonu h\u0131zla yakla\u015f\u0131yor ve bu da partiler, festivaller ve b\u00fcy\u00fck aile bulu\u015fmalar\u0131 anlam\u0131na geliyor. \u0130\u015fitme implant\u0131 olmayan ki\u015filer i\u00e7in bile bu gibi sosyal durumlarda i\u015fitmede zorluk ya\u015famak normaldir. Ancak ileti\u015fim kopukluklar\u0131 olas\u0131l\u0131\u011f\u0131n\u0131 azaltmak i\u00e7in konu\u015fmay\u0131 anlama ve kavrama becerilerinizi geli\u015ftirmenin yollar\u0131 vard\u0131r.<\/p>\n","protected":false},"author":33,"featured_media":85897,"comment_status":"open","ping_status":"closed","sticky":false,"template":"","format":"standard","meta":{"footnotes":""},"categories":[3234,3237],"tags":[],"class_list":["post-85921","post","type-post","status-publish","format-standard","has-post-thumbnail","hentry","category-ipuclari-ve-puf-noktalari","category-ipuclari-ve-puf-noktalari-yetiskinler-icin"],"yoast_head":"<!-- This site is optimized with the Yoast SEO plugin v27.4 - https:\/\/yoast.com\/product\/yoast-seo-wordpress\/ -->\n<title>Bu Tatil Sezonunda Sosyal Etkinliklerin Keyfini \u00c7\u0131karmak \u0130\u00e7in 5 \u0130pucu - The MED-EL Blog<\/title>\n<meta name=\"robots\" content=\"index, follow, max-snippet:-1, max-image-preview:large, max-video-preview:-1\" \/>\n<link rel=\"canonical\" href=\"https:\/\/blog.medel.com\/tr\/ipuclari-ve-puf-noktalari\/bu-tatil-sezonunda-sosyal-etkinliklerin-keyfini-cikarmak-icin-5-ipucu\/\" \/>\n<meta property=\"og:locale\" content=\"tr_TR\" \/>\n<meta property=\"og:type\" content=\"article\" \/>\n<meta property=\"og:title\" content=\"Bu Tatil Sezonunda Sosyal Etkinliklerin Keyfini \u00c7\u0131karmak \u0130\u00e7in 5 \u0130pucu - The MED-EL Blog\" \/>\n<meta property=\"og:description\" content=\"Tatil sezonu h\u0131zla yakla\u015f\u0131yor ve bu da partiler, festivaller ve b\u00fcy\u00fck aile bulu\u015fmalar\u0131 anlam\u0131na geliyor. \u0130\u015fitme implant\u0131 olmayan ki\u015filer i\u00e7in bile bu gibi sosyal durumlarda i\u015fitmede zorluk ya\u015famak normaldir. Ancak ileti\u015fim kopukluklar\u0131 olas\u0131l\u0131\u011f\u0131n\u0131 azaltmak i\u00e7in konu\u015fmay\u0131 anlama ve kavrama becerilerinizi geli\u015ftirmenin yollar\u0131 vard\u0131r.\" \/>\n<meta property=\"og:url\" content=\"https:\/\/blog.medel.com\/tr\/ipuclari-ve-puf-noktalari\/bu-tatil-sezonunda-sosyal-etkinliklerin-keyfini-cikarmak-icin-5-ipucu\/\" \/>\n<meta property=\"og:site_name\" content=\"The MED-EL Blog\" \/>\n<meta property=\"article:published_time\" content=\"2025-01-03T07:11:22+00:00\" \/>\n<meta property=\"article:modified_time\" content=\"2025-01-14T06:41:23+00:00\" \/>\n<meta property=\"og:image\" content=\"https:\/\/blog.medel.com\/wp-content\/uploads\/2025\/01\/HeaderImage_1600x1000px-768x480.jpg.webp\" \/>\n\t<meta property=\"og:image:width\" content=\"768\" \/>\n\t<meta property=\"og:image:height\" content=\"480\" \/>\n\t<meta property=\"og:image:type\" content=\"image\/webp\" \/>\n<meta name=\"author\" content=\"MED-EL T\u00fcrkiye\" \/>\n<meta name=\"twitter:card\" content=\"summary_large_image\" \/>\n<meta name=\"twitter:label1\" content=\"Yazan:\" \/>\n\t<meta name=\"twitter:data1\" content=\"MED-EL T\u00fcrkiye\" \/>\n\t<meta name=\"twitter:label2\" content=\"Tahmini okuma s\u00fcresi\" \/>\n\t<meta name=\"twitter:data2\" content=\"3 dakika\" \/>\n<script type=\"application\/ld+json\" class=\"yoast-schema-graph\">{\"@context\":\"https:\\\/\\\/schema.org\",\"@graph\":[{\"@type\":\"Article\",\"@id\":\"https:\\\/\\\/blog.medel.com\\\/tr\\\/ipuclari-ve-puf-noktalari\\\/bu-tatil-sezonunda-sosyal-etkinliklerin-keyfini-cikarmak-icin-5-ipucu\\\/#article\",\"isPartOf\":{\"@id\":\"https:\\\/\\\/blog.medel.com\\\/tr\\\/ipuclari-ve-puf-noktalari\\\/bu-tatil-sezonunda-sosyal-etkinliklerin-keyfini-cikarmak-icin-5-ipucu\\\/\"},\"author\":{\"name\":\"MED-EL T\u00fcrkiye\",\"@id\":\"https:\\\/\\\/blog.medel.com\\\/tr\\\/#\\\/schema\\\/person\\\/5ec8e698c5c796602e4091981f5a0a87\"},\"headline\":\"Bu Tatil Sezonunda Sosyal Etkinliklerin Keyfini \u00c7\u0131karmak \u0130\u00e7in 5 \u0130pucu\",\"datePublished\":\"2025-01-03T07:11:22+00:00\",\"dateModified\":\"2025-01-14T06:41:23+00:00\",\"mainEntityOfPage\":{\"@id\":\"https:\\\/\\\/blog.medel.com\\\/tr\\\/ipuclari-ve-puf-noktalari\\\/bu-tatil-sezonunda-sosyal-etkinliklerin-keyfini-cikarmak-icin-5-ipucu\\\/\"},\"wordCount\":9,\"commentCount\":0,\"publisher\":{\"@id\":\"https:\\\/\\\/blog.medel.com\\\/tr\\\/#organization\"},\"image\":{\"@id\":\"https:\\\/\\\/blog.medel.com\\\/tr\\\/ipuclari-ve-puf-noktalari\\\/bu-tatil-sezonunda-sosyal-etkinliklerin-keyfini-cikarmak-icin-5-ipucu\\\/#primaryimage\"},\"thumbnailUrl\":\"https:\\\/\\\/blog.medel.com\\\/wp-content\\\/uploads\\\/2025\\\/01\\\/HeaderImage_1600x1000px-768x480.jpg.webp\",\"articleSection\":[\"\u0130PU\u00c7LARI VE P\u00dcF NOKTALARI\",\"Yeti\u015fkinler i\u00e7in\"],\"inLanguage\":\"tr\",\"potentialAction\":[{\"@type\":\"CommentAction\",\"name\":\"Comment\",\"target\":[\"https:\\\/\\\/blog.medel.com\\\/tr\\\/ipuclari-ve-puf-noktalari\\\/bu-tatil-sezonunda-sosyal-etkinliklerin-keyfini-cikarmak-icin-5-ipucu\\\/#respond\"]}]},{\"@type\":\"WebPage\",\"@id\":\"https:\\\/\\\/blog.medel.com\\\/tr\\\/ipuclari-ve-puf-noktalari\\\/bu-tatil-sezonunda-sosyal-etkinliklerin-keyfini-cikarmak-icin-5-ipucu\\\/\",\"url\":\"https:\\\/\\\/blog.medel.com\\\/tr\\\/ipuclari-ve-puf-noktalari\\\/bu-tatil-sezonunda-sosyal-etkinliklerin-keyfini-cikarmak-icin-5-ipucu\\\/\",\"name\":\"Bu Tatil Sezonunda Sosyal Etkinliklerin Keyfini \u00c7\u0131karmak \u0130\u00e7in 5 \u0130pucu - The MED-EL Blog\",\"isPartOf\":{\"@id\":\"https:\\\/\\\/blog.medel.com\\\/tr\\\/#website\"},\"primaryImageOfPage\":{\"@id\":\"https:\\\/\\\/blog.medel.com\\\/tr\\\/ipuclari-ve-puf-noktalari\\\/bu-tatil-sezonunda-sosyal-etkinliklerin-keyfini-cikarmak-icin-5-ipucu\\\/#primaryimage\"},\"image\":{\"@id\":\"https:\\\/\\\/blog.medel.com\\\/tr\\\/ipuclari-ve-puf-noktalari\\\/bu-tatil-sezonunda-sosyal-etkinliklerin-keyfini-cikarmak-icin-5-ipucu\\\/#primaryimage\"},\"thumbnailUrl\":\"https:\\\/\\\/blog.medel.com\\\/wp-content\\\/uploads\\\/2025\\\/01\\\/HeaderImage_1600x1000px-768x480.jpg.webp\",\"datePublished\":\"2025-01-03T07:11:22+00:00\",\"dateModified\":\"2025-01-14T06:41:23+00:00\",\"breadcrumb\":{\"@id\":\"https:\\\/\\\/blog.medel.com\\\/tr\\\/ipuclari-ve-puf-noktalari\\\/bu-tatil-sezonunda-sosyal-etkinliklerin-keyfini-cikarmak-icin-5-ipucu\\\/#breadcrumb\"},\"inLanguage\":\"tr\",\"potentialAction\":[{\"@type\":\"ReadAction\",\"target\":[\"https:\\\/\\\/blog.medel.com\\\/tr\\\/ipuclari-ve-puf-noktalari\\\/bu-tatil-sezonunda-sosyal-etkinliklerin-keyfini-cikarmak-icin-5-ipucu\\\/\"]}]},{\"@type\":\"ImageObject\",\"inLanguage\":\"tr\",\"@id\":\"https:\\\/\\\/blog.medel.com\\\/tr\\\/ipuclari-ve-puf-noktalari\\\/bu-tatil-sezonunda-sosyal-etkinliklerin-keyfini-cikarmak-icin-5-ipucu\\\/#primaryimage\",\"url\":\"https:\\\/\\\/blog.medel.com\\\/wp-content\\\/uploads\\\/2025\\\/01\\\/HeaderImage_1600x1000px-768x480.jpg.webp\",\"contentUrl\":\"https:\\\/\\\/blog.medel.com\\\/wp-content\\\/uploads\\\/2025\\\/01\\\/HeaderImage_1600x1000px-768x480.jpg.webp\",\"width\":768,\"height\":480},{\"@type\":\"BreadcrumbList\",\"@id\":\"https:\\\/\\\/blog.medel.com\\\/tr\\\/ipuclari-ve-puf-noktalari\\\/bu-tatil-sezonunda-sosyal-etkinliklerin-keyfini-cikarmak-icin-5-ipucu\\\/#breadcrumb\",\"itemListElement\":[{\"@type\":\"ListItem\",\"position\":1,\"name\":\"Home\",\"item\":\"https:\\\/\\\/blog.medel.com\\\/\"},{\"@type\":\"ListItem\",\"position\":2,\"name\":\"Bu Tatil Sezonunda Sosyal Etkinliklerin Keyfini \u00c7\u0131karmak \u0130\u00e7in 5 \u0130pucu\"}]},{\"@type\":\"WebSite\",\"@id\":\"https:\\\/\\\/blog.medel.com\\\/tr\\\/#website\",\"url\":\"https:\\\/\\\/blog.medel.com\\\/tr\\\/\",\"name\":\"The MED-EL Blog\",\"description\":\"\",\"publisher\":{\"@id\":\"https:\\\/\\\/blog.medel.com\\\/tr\\\/#organization\"},\"potentialAction\":[{\"@type\":\"SearchAction\",\"target\":{\"@type\":\"EntryPoint\",\"urlTemplate\":\"https:\\\/\\\/blog.medel.com\\\/tr\\\/?s={search_term_string}\"},\"query-input\":{\"@type\":\"PropertyValueSpecification\",\"valueRequired\":true,\"valueName\":\"search_term_string\"}}],\"inLanguage\":\"tr\"},{\"@type\":\"Organization\",\"@id\":\"https:\\\/\\\/blog.medel.com\\\/tr\\\/#organization\",\"name\":\"The MED-EL Blog\",\"url\":\"https:\\\/\\\/blog.medel.com\\\/tr\\\/\",\"logo\":{\"@type\":\"ImageObject\",\"inLanguage\":\"tr\",\"@id\":\"https:\\\/\\\/blog.medel.com\\\/tr\\\/#\\\/schema\\\/logo\\\/image\\\/\",\"url\":\"https:\\\/\\\/blog.medel.com\\\/wp-content\\\/uploads\\\/2023\\\/02\\\/MED-EL_logo_L2.png\",\"contentUrl\":\"https:\\\/\\\/blog.medel.com\\\/wp-content\\\/uploads\\\/2023\\\/02\\\/MED-EL_logo_L2.png\",\"width\":443,\"height\":200,\"caption\":\"The MED-EL Blog\"},\"image\":{\"@id\":\"https:\\\/\\\/blog.medel.com\\\/tr\\\/#\\\/schema\\\/logo\\\/image\\\/\"}},{\"@type\":\"Person\",\"@id\":\"https:\\\/\\\/blog.medel.com\\\/tr\\\/#\\\/schema\\\/person\\\/5ec8e698c5c796602e4091981f5a0a87\",\"name\":\"MED-EL T\u00fcrkiye\"}]}<\/script>\n<!-- \/ Yoast SEO plugin. -->","yoast_head_json":{"title":"Bu Tatil Sezonunda Sosyal Etkinliklerin Keyfini \u00c7\u0131karmak \u0130\u00e7in 5 \u0130pucu - The MED-EL Blog","robots":{"index":"index","follow":"follow","max-snippet":"max-snippet:-1","max-image-preview":"max-image-preview:large","max-video-preview":"max-video-preview:-1"},"canonical":"https:\/\/blog.medel.com\/tr\/ipuclari-ve-puf-noktalari\/bu-tatil-sezonunda-sosyal-etkinliklerin-keyfini-cikarmak-icin-5-ipucu\/","og_locale":"tr_TR","og_type":"article","og_title":"Bu Tatil Sezonunda Sosyal Etkinliklerin Keyfini \u00c7\u0131karmak \u0130\u00e7in 5 \u0130pucu - The MED-EL Blog","og_description":"Tatil sezonu h\u0131zla yakla\u015f\u0131yor ve bu da partiler, festivaller ve b\u00fcy\u00fck aile bulu\u015fmalar\u0131 anlam\u0131na geliyor. \u0130\u015fitme implant\u0131 olmayan ki\u015filer i\u00e7in bile bu gibi sosyal durumlarda i\u015fitmede zorluk ya\u015famak normaldir. Ancak ileti\u015fim kopukluklar\u0131 olas\u0131l\u0131\u011f\u0131n\u0131 azaltmak i\u00e7in konu\u015fmay\u0131 anlama ve kavrama becerilerinizi geli\u015ftirmenin yollar\u0131 vard\u0131r.","og_url":"https:\/\/blog.medel.com\/tr\/ipuclari-ve-puf-noktalari\/bu-tatil-sezonunda-sosyal-etkinliklerin-keyfini-cikarmak-icin-5-ipucu\/","og_site_name":"The MED-EL Blog","article_published_time":"2025-01-03T07:11:22+00:00","article_modified_time":"2025-01-14T06:41:23+00:00","og_image":[{"width":768,"height":480,"url":"https:\/\/blog.medel.com\/wp-content\/uploads\/2025\/01\/HeaderImage_1600x1000px-768x480.jpg.webp","type":"image\/webp"}],"author":"MED-EL T\u00fcrkiye","twitter_card":"summary_large_image","twitter_misc":{"Yazan:":"MED-EL T\u00fcrkiye","Tahmini okuma s\u00fcresi":"3 dakika"},"schema":{"@context":"https:\/\/schema.org","@graph":[{"@type":"Article","@id":"https:\/\/blog.medel.com\/tr\/ipuclari-ve-puf-noktalari\/bu-tatil-sezonunda-sosyal-etkinliklerin-keyfini-cikarmak-icin-5-ipucu\/#article","isPartOf":{"@id":"https:\/\/blog.medel.com\/tr\/ipuclari-ve-puf-noktalari\/bu-tatil-sezonunda-sosyal-etkinliklerin-keyfini-cikarmak-icin-5-ipucu\/"},"author":{"name":"MED-EL T\u00fcrkiye","@id":"https:\/\/blog.medel.com\/tr\/#\/schema\/person\/5ec8e698c5c796602e4091981f5a0a87"},"headline":"Bu Tatil Sezonunda Sosyal Etkinliklerin Keyfini \u00c7\u0131karmak \u0130\u00e7in 5 \u0130pucu","datePublished":"2025-01-03T07:11:22+00:00","dateModified":"2025-01-14T06:41:23+00:00","mainEntityOfPage":{"@id":"https:\/\/blog.medel.com\/tr\/ipuclari-ve-puf-noktalari\/bu-tatil-sezonunda-sosyal-etkinliklerin-keyfini-cikarmak-icin-5-ipucu\/"},"wordCount":9,"commentCount":0,"publisher":{"@id":"https:\/\/blog.medel.com\/tr\/#organization"},"image":{"@id":"https:\/\/blog.medel.com\/tr\/ipuclari-ve-puf-noktalari\/bu-tatil-sezonunda-sosyal-etkinliklerin-keyfini-cikarmak-icin-5-ipucu\/#primaryimage"},"thumbnailUrl":"https:\/\/blog.medel.com\/wp-content\/uploads\/2025\/01\/HeaderImage_1600x1000px-768x480.jpg.webp","articleSection":["\u0130PU\u00c7LARI VE P\u00dcF NOKTALARI","Yeti\u015fkinler i\u00e7in"],"inLanguage":"tr","potentialAction":[{"@type":"CommentAction","name":"Comment","target":["https:\/\/blog.medel.com\/tr\/ipuclari-ve-puf-noktalari\/bu-tatil-sezonunda-sosyal-etkinliklerin-keyfini-cikarmak-icin-5-ipucu\/#respond"]}]},{"@type":"WebPage","@id":"https:\/\/blog.medel.com\/tr\/ipuclari-ve-puf-noktalari\/bu-tatil-sezonunda-sosyal-etkinliklerin-keyfini-cikarmak-icin-5-ipucu\/","url":"https:\/\/blog.medel.com\/tr\/ipuclari-ve-puf-noktalari\/bu-tatil-sezonunda-sosyal-etkinliklerin-keyfini-cikarmak-icin-5-ipucu\/","name":"Bu Tatil Sezonunda Sosyal Etkinliklerin Keyfini \u00c7\u0131karmak \u0130\u00e7in 5 \u0130pucu - The MED-EL Blog","isPartOf":{"@id":"https:\/\/blog.medel.com\/tr\/#website"},"primaryImageOfPage":{"@id":"https:\/\/blog.medel.com\/tr\/ipuclari-ve-puf-noktalari\/bu-tatil-sezonunda-sosyal-etkinliklerin-keyfini-cikarmak-icin-5-ipucu\/#primaryimage"},"image":{"@id":"https:\/\/blog.medel.com\/tr\/ipuclari-ve-puf-noktalari\/bu-tatil-sezonunda-sosyal-etkinliklerin-keyfini-cikarmak-icin-5-ipucu\/#primaryimage"},"thumbnailUrl":"https:\/\/blog.medel.com\/wp-content\/uploads\/2025\/01\/HeaderImage_1600x1000px-768x480.jpg.webp","datePublished":"2025-01-03T07:11:22+00:00","dateModified":"2025-01-14T06:41:23+00:00","breadcrumb":{"@id":"https:\/\/blog.medel.com\/tr\/ipuclari-ve-puf-noktalari\/bu-tatil-sezonunda-sosyal-etkinliklerin-keyfini-cikarmak-icin-5-ipucu\/#breadcrumb"},"inLanguage":"tr","potentialAction":[{"@type":"ReadAction","target":["https:\/\/blog.medel.com\/tr\/ipuclari-ve-puf-noktalari\/bu-tatil-sezonunda-sosyal-etkinliklerin-keyfini-cikarmak-icin-5-ipucu\/"]}]},{"@type":"ImageObject","inLanguage":"tr","@id":"https:\/\/blog.medel.com\/tr\/ipuclari-ve-puf-noktalari\/bu-tatil-sezonunda-sosyal-etkinliklerin-keyfini-cikarmak-icin-5-ipucu\/#primaryimage","url":"https:\/\/blog.medel.com\/wp-content\/uploads\/2025\/01\/HeaderImage_1600x1000px-768x480.jpg.webp","contentUrl":"https:\/\/blog.medel.com\/wp-content\/uploads\/2025\/01\/HeaderImage_1600x1000px-768x480.jpg.webp","width":768,"height":480},{"@type":"BreadcrumbList","@id":"https:\/\/blog.medel.com\/tr\/ipuclari-ve-puf-noktalari\/bu-tatil-sezonunda-sosyal-etkinliklerin-keyfini-cikarmak-icin-5-ipucu\/#breadcrumb","itemListElement":[{"@type":"ListItem","position":1,"name":"Home","item":"https:\/\/blog.medel.com\/"},{"@type":"ListItem","position":2,"name":"Bu Tatil Sezonunda Sosyal Etkinliklerin Keyfini \u00c7\u0131karmak \u0130\u00e7in 5 \u0130pucu"}]},{"@type":"WebSite","@id":"https:\/\/blog.medel.com\/tr\/#website","url":"https:\/\/blog.medel.com\/tr\/","name":"The MED-EL Blog","description":"","publisher":{"@id":"https:\/\/blog.medel.com\/tr\/#organization"},"potentialAction":[{"@type":"SearchAction","target":{"@type":"EntryPoint","urlTemplate":"https:\/\/blog.medel.com\/tr\/?s={search_term_string}"},"query-input":{"@type":"PropertyValueSpecification","valueRequired":true,"valueName":"search_term_string"}}],"inLanguage":"tr"},{"@type":"Organization","@id":"https:\/\/blog.medel.com\/tr\/#organization","name":"The MED-EL Blog","url":"https:\/\/blog.medel.com\/tr\/","logo":{"@type":"ImageObject","inLanguage":"tr","@id":"https:\/\/blog.medel.com\/tr\/#\/schema\/logo\/image\/","url":"https:\/\/blog.medel.com\/wp-content\/uploads\/2023\/02\/MED-EL_logo_L2.png","contentUrl":"https:\/\/blog.medel.com\/wp-content\/uploads\/2023\/02\/MED-EL_logo_L2.png","width":443,"height":200,"caption":"The MED-EL Blog"},"image":{"@id":"https:\/\/blog.medel.com\/tr\/#\/schema\/logo\/image\/"}},{"@type":"Person","@id":"https:\/\/blog.medel.com\/tr\/#\/schema\/person\/5ec8e698c5c796602e4091981f5a0a87","name":"MED-EL T\u00fcrkiye"}]}},"_links":{"self":[{"href":"https:\/\/blog.medel.com\/tr\/wp-json\/wp\/v2\/posts\/85921","targetHints":{"allow":["GET"]}}],"collection":[{"href":"https:\/\/blog.medel.com\/tr\/wp-json\/wp\/v2\/posts"}],"about":[{"href":"https:\/\/blog.medel.com\/tr\/wp-json\/wp\/v2\/types\/post"}],"author":[{"embeddable":true,"href":"https:\/\/blog.medel.com\/tr\/wp-json\/wp\/v2\/users\/33"}],"replies":[{"embeddable":true,"href":"https:\/\/blog.medel.com\/tr\/wp-json\/wp\/v2\/comments?post=85921"}],"version-history":[{"count":2,"href":"https:\/\/blog.medel.com\/tr\/wp-json\/wp\/v2\/posts\/85921\/revisions"}],"predecessor-version":[{"id":85997,"href":"https:\/\/blog.medel.com\/tr\/wp-json\/wp\/v2\/posts\/85921\/revisions\/85997"}],"wp:featuredmedia":[{"embeddable":true,"href":"https:\/\/blog.medel.com\/tr\/wp-json\/wp\/v2\/media\/85897"}],"wp:attachment":[{"href":"https:\/\/blog.medel.com\/tr\/wp-json\/wp\/v2\/media?parent=85921"}],"wp:term":[{"taxonomy":"category","embeddable":true,"href":"https:\/\/blog.medel.com\/tr\/wp-json\/wp\/v2\/categories?post=85921"},{"taxonomy":"post_tag","embeddable":true,"href":"https:\/\/blog.medel.com\/tr\/wp-json\/wp\/v2\/tags?post=85921"}],"curies":[{"name":"wp","href":"https:\/\/api.w.org\/{rel}","templated":true}]}}