{"id":80967,"date":"2024-04-08T07:44:41","date_gmt":"2024-04-08T05:44:41","guid":{"rendered":"https:\/\/blog.medel.com\/?p=80967"},"modified":"2024-04-08T07:44:41","modified_gmt":"2024-04-08T05:44:41","slug":"cocugunuzun-birden-fazla-dil-ogrenmesine-yardimci-olmak-icin-tavsiyeler","status":"publish","type":"post","link":"https:\/\/blog.medel.com\/tr\/ipuclari-ve-puf-noktalari\/cocugunuzun-birden-fazla-dil-ogrenmesine-yardimci-olmak-icin-tavsiyeler\/","title":{"rendered":"\u00c7ocu\u011funuzun Birden Fazla Dil \u00d6\u011frenmesine Yard\u0131mc\u0131 Olmak \u0130\u00e7in Tavsiyeler"},"content":{"rendered":"","protected":false},"excerpt":{"rendered":"<p>Koklear implant\u0131 olan herhangi bir \u00e7ocuk bile birden fazla dil \u00f6\u011frenebilir. Koklear implantl\u0131 \u00e7ocu\u011funuzun birden fazla dilde g\u00fc\u00e7l\u00fc dil becerileri geli\u015ftirmesine yard\u0131mc\u0131 olmak i\u00e7in yapabilece\u011finiz birka\u00e7 \u015fey. <\/p>\n","protected":false},"author":33,"featured_media":80969,"comment_status":"open","ping_status":"closed","sticky":false,"template":"","format":"standard","meta":{"footnotes":""},"categories":[3234],"tags":[],"class_list":["post-80967","post","type-post","status-publish","format-standard","has-post-thumbnail","hentry","category-ipuclari-ve-puf-noktalari"],"yoast_head":"<!-- This site is optimized with the Yoast SEO plugin v27.4 - https:\/\/yoast.com\/product\/yoast-seo-wordpress\/ -->\n<title>\u00c7ocu\u011funuzun Birden Fazla Dil \u00d6\u011frenmesine Yard\u0131mc\u0131 Olmak \u0130\u00e7in Tavsiyeler - The MED-EL Blog<\/title>\n<meta name=\"robots\" content=\"index, follow, max-snippet:-1, max-image-preview:large, max-video-preview:-1\" \/>\n<link rel=\"canonical\" href=\"https:\/\/blog.medel.com\/tr\/ipuclari-ve-puf-noktalari\/cocugunuzun-birden-fazla-dil-ogrenmesine-yardimci-olmak-icin-tavsiyeler\/\" \/>\n<meta property=\"og:locale\" content=\"tr_TR\" \/>\n<meta property=\"og:type\" content=\"article\" \/>\n<meta property=\"og:title\" content=\"\u00c7ocu\u011funuzun Birden Fazla Dil \u00d6\u011frenmesine Yard\u0131mc\u0131 Olmak \u0130\u00e7in Tavsiyeler - The MED-EL Blog\" \/>\n<meta property=\"og:description\" content=\"Koklear implant\u0131 olan herhangi bir \u00e7ocuk bile birden fazla dil \u00f6\u011frenebilir. Koklear implantl\u0131 \u00e7ocu\u011funuzun birden fazla dilde g\u00fc\u00e7l\u00fc dil becerileri geli\u015ftirmesine yard\u0131mc\u0131 olmak i\u00e7in yapabilece\u011finiz birka\u00e7 \u015fey.\" \/>\n<meta property=\"og:url\" content=\"https:\/\/blog.medel.com\/tr\/ipuclari-ve-puf-noktalari\/cocugunuzun-birden-fazla-dil-ogrenmesine-yardimci-olmak-icin-tavsiyeler\/\" \/>\n<meta property=\"og:site_name\" content=\"The MED-EL Blog\" \/>\n<meta property=\"article:published_time\" content=\"2024-04-08T05:44:41+00:00\" \/>\n<meta property=\"og:image\" content=\"https:\/\/blog.medel.com\/wp-content\/uploads\/2024\/04\/image-1536x960-1.jpg\" \/>\n\t<meta property=\"og:image:width\" content=\"1536\" \/>\n\t<meta property=\"og:image:height\" content=\"960\" \/>\n\t<meta property=\"og:image:type\" content=\"image\/jpeg\" \/>\n<meta name=\"author\" content=\"MED-EL T\u00fcrkiye\" \/>\n<meta name=\"twitter:card\" content=\"summary_large_image\" \/>\n<meta name=\"twitter:label1\" content=\"Yazan:\" \/>\n\t<meta name=\"twitter:data1\" content=\"MED-EL T\u00fcrkiye\" \/>\n\t<meta name=\"twitter:label2\" content=\"Tahmini okuma s\u00fcresi\" \/>\n\t<meta name=\"twitter:data2\" content=\"3 dakika\" \/>\n<script type=\"application\/ld+json\" class=\"yoast-schema-graph\">{\"@context\":\"https:\\\/\\\/schema.org\",\"@graph\":[{\"@type\":\"Article\",\"@id\":\"https:\\\/\\\/blog.medel.com\\\/tr\\\/ipuclari-ve-puf-noktalari\\\/cocugunuzun-birden-fazla-dil-ogrenmesine-yardimci-olmak-icin-tavsiyeler\\\/#article\",\"isPartOf\":{\"@id\":\"https:\\\/\\\/blog.medel.com\\\/tr\\\/ipuclari-ve-puf-noktalari\\\/cocugunuzun-birden-fazla-dil-ogrenmesine-yardimci-olmak-icin-tavsiyeler\\\/\"},\"author\":{\"name\":\"MED-EL T\u00fcrkiye\",\"@id\":\"https:\\\/\\\/blog.medel.com\\\/tr\\\/#\\\/schema\\\/person\\\/5ec8e698c5c796602e4091981f5a0a87\"},\"headline\":\"\u00c7ocu\u011funuzun Birden Fazla Dil \u00d6\u011frenmesine Yard\u0131mc\u0131 Olmak \u0130\u00e7in Tavsiyeler\",\"datePublished\":\"2024-04-08T05:44:41+00:00\",\"mainEntityOfPage\":{\"@id\":\"https:\\\/\\\/blog.medel.com\\\/tr\\\/ipuclari-ve-puf-noktalari\\\/cocugunuzun-birden-fazla-dil-ogrenmesine-yardimci-olmak-icin-tavsiyeler\\\/\"},\"wordCount\":11,\"commentCount\":0,\"publisher\":{\"@id\":\"https:\\\/\\\/blog.medel.com\\\/tr\\\/#organization\"},\"image\":{\"@id\":\"https:\\\/\\\/blog.medel.com\\\/tr\\\/ipuclari-ve-puf-noktalari\\\/cocugunuzun-birden-fazla-dil-ogrenmesine-yardimci-olmak-icin-tavsiyeler\\\/#primaryimage\"},\"thumbnailUrl\":\"https:\\\/\\\/blog.medel.com\\\/wp-content\\\/uploads\\\/2024\\\/04\\\/image-1536x960-1.jpg\",\"articleSection\":[\"\u0130PU\u00c7LARI VE P\u00dcF NOKTALARI\"],\"inLanguage\":\"tr\",\"potentialAction\":[{\"@type\":\"CommentAction\",\"name\":\"Comment\",\"target\":[\"https:\\\/\\\/blog.medel.com\\\/tr\\\/ipuclari-ve-puf-noktalari\\\/cocugunuzun-birden-fazla-dil-ogrenmesine-yardimci-olmak-icin-tavsiyeler\\\/#respond\"]}]},{\"@type\":\"WebPage\",\"@id\":\"https:\\\/\\\/blog.medel.com\\\/tr\\\/ipuclari-ve-puf-noktalari\\\/cocugunuzun-birden-fazla-dil-ogrenmesine-yardimci-olmak-icin-tavsiyeler\\\/\",\"url\":\"https:\\\/\\\/blog.medel.com\\\/tr\\\/ipuclari-ve-puf-noktalari\\\/cocugunuzun-birden-fazla-dil-ogrenmesine-yardimci-olmak-icin-tavsiyeler\\\/\",\"name\":\"\u00c7ocu\u011funuzun Birden Fazla Dil \u00d6\u011frenmesine Yard\u0131mc\u0131 Olmak \u0130\u00e7in Tavsiyeler - The MED-EL Blog\",\"isPartOf\":{\"@id\":\"https:\\\/\\\/blog.medel.com\\\/tr\\\/#website\"},\"primaryImageOfPage\":{\"@id\":\"https:\\\/\\\/blog.medel.com\\\/tr\\\/ipuclari-ve-puf-noktalari\\\/cocugunuzun-birden-fazla-dil-ogrenmesine-yardimci-olmak-icin-tavsiyeler\\\/#primaryimage\"},\"image\":{\"@id\":\"https:\\\/\\\/blog.medel.com\\\/tr\\\/ipuclari-ve-puf-noktalari\\\/cocugunuzun-birden-fazla-dil-ogrenmesine-yardimci-olmak-icin-tavsiyeler\\\/#primaryimage\"},\"thumbnailUrl\":\"https:\\\/\\\/blog.medel.com\\\/wp-content\\\/uploads\\\/2024\\\/04\\\/image-1536x960-1.jpg\",\"datePublished\":\"2024-04-08T05:44:41+00:00\",\"breadcrumb\":{\"@id\":\"https:\\\/\\\/blog.medel.com\\\/tr\\\/ipuclari-ve-puf-noktalari\\\/cocugunuzun-birden-fazla-dil-ogrenmesine-yardimci-olmak-icin-tavsiyeler\\\/#breadcrumb\"},\"inLanguage\":\"tr\",\"potentialAction\":[{\"@type\":\"ReadAction\",\"target\":[\"https:\\\/\\\/blog.medel.com\\\/tr\\\/ipuclari-ve-puf-noktalari\\\/cocugunuzun-birden-fazla-dil-ogrenmesine-yardimci-olmak-icin-tavsiyeler\\\/\"]}]},{\"@type\":\"ImageObject\",\"inLanguage\":\"tr\",\"@id\":\"https:\\\/\\\/blog.medel.com\\\/tr\\\/ipuclari-ve-puf-noktalari\\\/cocugunuzun-birden-fazla-dil-ogrenmesine-yardimci-olmak-icin-tavsiyeler\\\/#primaryimage\",\"url\":\"https:\\\/\\\/blog.medel.com\\\/wp-content\\\/uploads\\\/2024\\\/04\\\/image-1536x960-1.jpg\",\"contentUrl\":\"https:\\\/\\\/blog.medel.com\\\/wp-content\\\/uploads\\\/2024\\\/04\\\/image-1536x960-1.jpg\",\"width\":\"1536\",\"height\":\"960\"},{\"@type\":\"BreadcrumbList\",\"@id\":\"https:\\\/\\\/blog.medel.com\\\/tr\\\/ipuclari-ve-puf-noktalari\\\/cocugunuzun-birden-fazla-dil-ogrenmesine-yardimci-olmak-icin-tavsiyeler\\\/#breadcrumb\",\"itemListElement\":[{\"@type\":\"ListItem\",\"position\":1,\"name\":\"Home\",\"item\":\"https:\\\/\\\/blog.medel.com\\\/\"},{\"@type\":\"ListItem\",\"position\":2,\"name\":\"\u00c7ocu\u011funuzun Birden Fazla Dil \u00d6\u011frenmesine Yard\u0131mc\u0131 Olmak \u0130\u00e7in Tavsiyeler\"}]},{\"@type\":\"WebSite\",\"@id\":\"https:\\\/\\\/blog.medel.com\\\/tr\\\/#website\",\"url\":\"https:\\\/\\\/blog.medel.com\\\/tr\\\/\",\"name\":\"The MED-EL Blog\",\"description\":\"\",\"publisher\":{\"@id\":\"https:\\\/\\\/blog.medel.com\\\/tr\\\/#organization\"},\"potentialAction\":[{\"@type\":\"SearchAction\",\"target\":{\"@type\":\"EntryPoint\",\"urlTemplate\":\"https:\\\/\\\/blog.medel.com\\\/tr\\\/?s={search_term_string}\"},\"query-input\":{\"@type\":\"PropertyValueSpecification\",\"valueRequired\":true,\"valueName\":\"search_term_string\"}}],\"inLanguage\":\"tr\"},{\"@type\":\"Organization\",\"@id\":\"https:\\\/\\\/blog.medel.com\\\/tr\\\/#organization\",\"name\":\"The MED-EL Blog\",\"url\":\"https:\\\/\\\/blog.medel.com\\\/tr\\\/\",\"logo\":{\"@type\":\"ImageObject\",\"inLanguage\":\"tr\",\"@id\":\"https:\\\/\\\/blog.medel.com\\\/tr\\\/#\\\/schema\\\/logo\\\/image\\\/\",\"url\":\"https:\\\/\\\/blog.medel.com\\\/wp-content\\\/uploads\\\/2023\\\/02\\\/MED-EL_logo_L2.png\",\"contentUrl\":\"https:\\\/\\\/blog.medel.com\\\/wp-content\\\/uploads\\\/2023\\\/02\\\/MED-EL_logo_L2.png\",\"width\":443,\"height\":200,\"caption\":\"The MED-EL Blog\"},\"image\":{\"@id\":\"https:\\\/\\\/blog.medel.com\\\/tr\\\/#\\\/schema\\\/logo\\\/image\\\/\"}},{\"@type\":\"Person\",\"@id\":\"https:\\\/\\\/blog.medel.com\\\/tr\\\/#\\\/schema\\\/person\\\/5ec8e698c5c796602e4091981f5a0a87\",\"name\":\"MED-EL T\u00fcrkiye\"}]}<\/script>\n<!-- \/ Yoast SEO plugin. -->","yoast_head_json":{"title":"\u00c7ocu\u011funuzun Birden Fazla Dil \u00d6\u011frenmesine Yard\u0131mc\u0131 Olmak \u0130\u00e7in Tavsiyeler - The MED-EL Blog","robots":{"index":"index","follow":"follow","max-snippet":"max-snippet:-1","max-image-preview":"max-image-preview:large","max-video-preview":"max-video-preview:-1"},"canonical":"https:\/\/blog.medel.com\/tr\/ipuclari-ve-puf-noktalari\/cocugunuzun-birden-fazla-dil-ogrenmesine-yardimci-olmak-icin-tavsiyeler\/","og_locale":"tr_TR","og_type":"article","og_title":"\u00c7ocu\u011funuzun Birden Fazla Dil \u00d6\u011frenmesine Yard\u0131mc\u0131 Olmak \u0130\u00e7in Tavsiyeler - The MED-EL Blog","og_description":"Koklear implant\u0131 olan herhangi bir \u00e7ocuk bile birden fazla dil \u00f6\u011frenebilir. Koklear implantl\u0131 \u00e7ocu\u011funuzun birden fazla dilde g\u00fc\u00e7l\u00fc dil becerileri geli\u015ftirmesine yard\u0131mc\u0131 olmak i\u00e7in yapabilece\u011finiz birka\u00e7 \u015fey.","og_url":"https:\/\/blog.medel.com\/tr\/ipuclari-ve-puf-noktalari\/cocugunuzun-birden-fazla-dil-ogrenmesine-yardimci-olmak-icin-tavsiyeler\/","og_site_name":"The MED-EL Blog","article_published_time":"2024-04-08T05:44:41+00:00","og_image":[{"width":1536,"height":960,"url":"https:\/\/blog.medel.com\/wp-content\/uploads\/2024\/04\/image-1536x960-1.jpg","type":"image\/jpeg"}],"author":"MED-EL T\u00fcrkiye","twitter_card":"summary_large_image","twitter_misc":{"Yazan:":"MED-EL T\u00fcrkiye","Tahmini okuma s\u00fcresi":"3 dakika"},"schema":{"@context":"https:\/\/schema.org","@graph":[{"@type":"Article","@id":"https:\/\/blog.medel.com\/tr\/ipuclari-ve-puf-noktalari\/cocugunuzun-birden-fazla-dil-ogrenmesine-yardimci-olmak-icin-tavsiyeler\/#article","isPartOf":{"@id":"https:\/\/blog.medel.com\/tr\/ipuclari-ve-puf-noktalari\/cocugunuzun-birden-fazla-dil-ogrenmesine-yardimci-olmak-icin-tavsiyeler\/"},"author":{"name":"MED-EL T\u00fcrkiye","@id":"https:\/\/blog.medel.com\/tr\/#\/schema\/person\/5ec8e698c5c796602e4091981f5a0a87"},"headline":"\u00c7ocu\u011funuzun Birden Fazla Dil \u00d6\u011frenmesine Yard\u0131mc\u0131 Olmak \u0130\u00e7in Tavsiyeler","datePublished":"2024-04-08T05:44:41+00:00","mainEntityOfPage":{"@id":"https:\/\/blog.medel.com\/tr\/ipuclari-ve-puf-noktalari\/cocugunuzun-birden-fazla-dil-ogrenmesine-yardimci-olmak-icin-tavsiyeler\/"},"wordCount":11,"commentCount":0,"publisher":{"@id":"https:\/\/blog.medel.com\/tr\/#organization"},"image":{"@id":"https:\/\/blog.medel.com\/tr\/ipuclari-ve-puf-noktalari\/cocugunuzun-birden-fazla-dil-ogrenmesine-yardimci-olmak-icin-tavsiyeler\/#primaryimage"},"thumbnailUrl":"https:\/\/blog.medel.com\/wp-content\/uploads\/2024\/04\/image-1536x960-1.jpg","articleSection":["\u0130PU\u00c7LARI VE P\u00dcF NOKTALARI"],"inLanguage":"tr","potentialAction":[{"@type":"CommentAction","name":"Comment","target":["https:\/\/blog.medel.com\/tr\/ipuclari-ve-puf-noktalari\/cocugunuzun-birden-fazla-dil-ogrenmesine-yardimci-olmak-icin-tavsiyeler\/#respond"]}]},{"@type":"WebPage","@id":"https:\/\/blog.medel.com\/tr\/ipuclari-ve-puf-noktalari\/cocugunuzun-birden-fazla-dil-ogrenmesine-yardimci-olmak-icin-tavsiyeler\/","url":"https:\/\/blog.medel.com\/tr\/ipuclari-ve-puf-noktalari\/cocugunuzun-birden-fazla-dil-ogrenmesine-yardimci-olmak-icin-tavsiyeler\/","name":"\u00c7ocu\u011funuzun Birden Fazla Dil \u00d6\u011frenmesine Yard\u0131mc\u0131 Olmak \u0130\u00e7in Tavsiyeler - The MED-EL Blog","isPartOf":{"@id":"https:\/\/blog.medel.com\/tr\/#website"},"primaryImageOfPage":{"@id":"https:\/\/blog.medel.com\/tr\/ipuclari-ve-puf-noktalari\/cocugunuzun-birden-fazla-dil-ogrenmesine-yardimci-olmak-icin-tavsiyeler\/#primaryimage"},"image":{"@id":"https:\/\/blog.medel.com\/tr\/ipuclari-ve-puf-noktalari\/cocugunuzun-birden-fazla-dil-ogrenmesine-yardimci-olmak-icin-tavsiyeler\/#primaryimage"},"thumbnailUrl":"https:\/\/blog.medel.com\/wp-content\/uploads\/2024\/04\/image-1536x960-1.jpg","datePublished":"2024-04-08T05:44:41+00:00","breadcrumb":{"@id":"https:\/\/blog.medel.com\/tr\/ipuclari-ve-puf-noktalari\/cocugunuzun-birden-fazla-dil-ogrenmesine-yardimci-olmak-icin-tavsiyeler\/#breadcrumb"},"inLanguage":"tr","potentialAction":[{"@type":"ReadAction","target":["https:\/\/blog.medel.com\/tr\/ipuclari-ve-puf-noktalari\/cocugunuzun-birden-fazla-dil-ogrenmesine-yardimci-olmak-icin-tavsiyeler\/"]}]},{"@type":"ImageObject","inLanguage":"tr","@id":"https:\/\/blog.medel.com\/tr\/ipuclari-ve-puf-noktalari\/cocugunuzun-birden-fazla-dil-ogrenmesine-yardimci-olmak-icin-tavsiyeler\/#primaryimage","url":"https:\/\/blog.medel.com\/wp-content\/uploads\/2024\/04\/image-1536x960-1.jpg","contentUrl":"https:\/\/blog.medel.com\/wp-content\/uploads\/2024\/04\/image-1536x960-1.jpg","width":"1536","height":"960"},{"@type":"BreadcrumbList","@id":"https:\/\/blog.medel.com\/tr\/ipuclari-ve-puf-noktalari\/cocugunuzun-birden-fazla-dil-ogrenmesine-yardimci-olmak-icin-tavsiyeler\/#breadcrumb","itemListElement":[{"@type":"ListItem","position":1,"name":"Home","item":"https:\/\/blog.medel.com\/"},{"@type":"ListItem","position":2,"name":"\u00c7ocu\u011funuzun Birden Fazla Dil \u00d6\u011frenmesine Yard\u0131mc\u0131 Olmak \u0130\u00e7in Tavsiyeler"}]},{"@type":"WebSite","@id":"https:\/\/blog.medel.com\/tr\/#website","url":"https:\/\/blog.medel.com\/tr\/","name":"The MED-EL Blog","description":"","publisher":{"@id":"https:\/\/blog.medel.com\/tr\/#organization"},"potentialAction":[{"@type":"SearchAction","target":{"@type":"EntryPoint","urlTemplate":"https:\/\/blog.medel.com\/tr\/?s={search_term_string}"},"query-input":{"@type":"PropertyValueSpecification","valueRequired":true,"valueName":"search_term_string"}}],"inLanguage":"tr"},{"@type":"Organization","@id":"https:\/\/blog.medel.com\/tr\/#organization","name":"The MED-EL Blog","url":"https:\/\/blog.medel.com\/tr\/","logo":{"@type":"ImageObject","inLanguage":"tr","@id":"https:\/\/blog.medel.com\/tr\/#\/schema\/logo\/image\/","url":"https:\/\/blog.medel.com\/wp-content\/uploads\/2023\/02\/MED-EL_logo_L2.png","contentUrl":"https:\/\/blog.medel.com\/wp-content\/uploads\/2023\/02\/MED-EL_logo_L2.png","width":443,"height":200,"caption":"The MED-EL Blog"},"image":{"@id":"https:\/\/blog.medel.com\/tr\/#\/schema\/logo\/image\/"}},{"@type":"Person","@id":"https:\/\/blog.medel.com\/tr\/#\/schema\/person\/5ec8e698c5c796602e4091981f5a0a87","name":"MED-EL T\u00fcrkiye"}]}},"_links":{"self":[{"href":"https:\/\/blog.medel.com\/tr\/wp-json\/wp\/v2\/posts\/80967","targetHints":{"allow":["GET"]}}],"collection":[{"href":"https:\/\/blog.medel.com\/tr\/wp-json\/wp\/v2\/posts"}],"about":[{"href":"https:\/\/blog.medel.com\/tr\/wp-json\/wp\/v2\/types\/post"}],"author":[{"embeddable":true,"href":"https:\/\/blog.medel.com\/tr\/wp-json\/wp\/v2\/users\/33"}],"replies":[{"embeddable":true,"href":"https:\/\/blog.medel.com\/tr\/wp-json\/wp\/v2\/comments?post=80967"}],"version-history":[{"count":2,"href":"https:\/\/blog.medel.com\/tr\/wp-json\/wp\/v2\/posts\/80967\/revisions"}],"predecessor-version":[{"id":80978,"href":"https:\/\/blog.medel.com\/tr\/wp-json\/wp\/v2\/posts\/80967\/revisions\/80978"}],"wp:featuredmedia":[{"embeddable":true,"href":"https:\/\/blog.medel.com\/tr\/wp-json\/wp\/v2\/media\/80969"}],"wp:attachment":[{"href":"https:\/\/blog.medel.com\/tr\/wp-json\/wp\/v2\/media?parent=80967"}],"wp:term":[{"taxonomy":"category","embeddable":true,"href":"https:\/\/blog.medel.com\/tr\/wp-json\/wp\/v2\/categories?post=80967"},{"taxonomy":"post_tag","embeddable":true,"href":"https:\/\/blog.medel.com\/tr\/wp-json\/wp\/v2\/tags?post=80967"}],"curies":[{"name":"wp","href":"https:\/\/api.w.org\/{rel}","templated":true}]}}