{"id":79897,"date":"2024-02-08T12:03:25","date_gmt":"2024-02-08T10:03:25","guid":{"rendered":"https:\/\/blog.medel.com\/?p=79897"},"modified":"2024-02-13T12:27:05","modified_gmt":"2024-02-13T10:27:05","slug":"annece-bebege-yoneltilmis-dil-isitme-kaybi-olan-cocuklarda-yararli-midir","status":"publish","type":"post","link":"https:\/\/blog.medel.com\/tr\/ipuclari-ve-puf-noktalari\/annece-bebege-yoneltilmis-dil-isitme-kaybi-olan-cocuklarda-yararli-midir\/","title":{"rendered":"Annece (Bebe\u011fe Y\u00f6neltilmi\u015f Dil) \u0130\u015fitme Kayb\u0131 Olan \u00c7ocuklarda Yararl\u0131 M\u0131d\u0131r?"},"content":{"rendered":"<p>[vc_row][vc_column][vc_column_text]\u201cAnnece\u201d olarak da bilinen, Bebek Konu\u015fma\u2019n\u0131n, yaln\u0131zca normal i\u015fiten bebekler i\u00e7in de\u011fil, t\u00fcm bebekler (0 \u2013 18 ay) i\u00e7in ileti\u015fim becerilerinin geli\u015ftirilmesinde faydal\u0131 oldu\u011fu bilinmektedir. Annece bebeklerin dikkatini \u00e7eker ve s\u00fcrd\u00fcr\u00fcr ve dil \u00f6\u011frenimine yard\u0131mc\u0131 olur.[\/vc_column_text][\/vc_column][\/vc_row][vc_row][vc_column][vc_column_text]Bebekler, yabanc\u0131 bir dilde bile olsa, yeti\u015fkine y\u00f6neltilmi\u015f konu\u015fmalar gibi di\u011fer konu\u015fmalardan ziyade annece dinlemeyi tercih ederler. \u0130\u015fitme implant\u0131 kullanan \u00e7ocuklar i\u00e7in annece daha da \u00f6nemlidir. \u00c7\u00fcnk\u00fc dinlemesi do\u011fal olarak daha ilgi \u00e7ekicidir, do\u011fas\u0131 gere\u011fi daha yava\u015ft\u0131r, anahtar kelimeleri vurgular ve tekrarlar kullan\u0131l\u0131r. T\u00fcm bu \u00f6zellikler, i\u015fitme implant\u0131 olan \u00e7ocuklar i\u00e7in konu\u015fmay\u0131 dinlemeyi, \u00f6\u011frenmeyi ve anlamay\u0131 kolayla\u015ft\u0131r\u0131r.<\/p>\n<h2>Annece Nas\u0131l Kullan\u0131l\u0131r?<\/h2>\n<ol>\n<li><strong>Bebe\u011finize yak\u0131n ve y\u00fcz y\u00fcze olun<\/strong><\/li>\n<\/ol>\n<p>\u00c7ocu\u011funuzun ses i\u015flemcisine yak\u0131n olmak, en iyi i\u015fitsel bilgiyi sa\u011flaman\u0131za olanak tan\u0131r. Y\u00fcz ifadeleriniz de \u00e7ocu\u011funuza konu\u015ftu\u011funuzda sizi anlamalar\u0131na yard\u0131mc\u0131 olacak ek ipu\u00e7lar\u0131 verir. \u0130lgin\u00e7 y\u00fcz ifadeleri \u00e7ocu\u011funuzun sizinle ileti\u015fim halinde kalmas\u0131na yard\u0131mc\u0131 olacakt\u0131r.<\/p>\n<ol start=\"2\">\n<li><strong>Abart\u0131l\u0131, de\u011fi\u015fken tonlama kal\u0131plar\u0131 kullan\u0131n<\/strong><\/li>\n<\/ol>\n<p>Abart\u0131l\u0131 ve de\u011fi\u015fken tonlama kal\u0131plar\u0131 kullan\u0131rsan\u0131z sesiniz \u015fark\u0131 s\u00f6yler gibi bir melodiye sahip olacakt\u0131r. Bu, c\u00fcmlenin anahtar kelimelerini vurgulaman\u0131z\u0131 sa\u011flar. Ayr\u0131ca tonlaman\u0131n de\u011fi\u015fmesi de konu\u015fmay\u0131 dinlemeyi daha ilgin\u00e7 hale getirir.<\/p>\n<p>[\/vc_column_text][\/vc_column][\/vc_row][vc_row][vc_column][vc_video link=&#8221;https:\/\/youtu.be\/zgy1IB1Vp2Y&#8221;][\/vc_column][\/vc_row][vc_row][vc_column][vc_column_text]<\/p>\n<ol start=\"3\">\n<li><strong>Konu\u015fma h\u0131z\u0131n\u0131z\u0131 yava\u015flat\u0131n<\/strong><\/li>\n<\/ol>\n<p>Yava\u015f konu\u015fmay\u0131 dinlemek, anlamak ve \u00f6\u011frenmek daha kolayd\u0131r. Konu\u015fman\u0131z\u0131 yava\u015flatmak koklear implantl\u0131 \u00e7ocu\u011funuzun s\u00f6zlerinizi anlamas\u0131na yard\u0131mc\u0131 olacakt\u0131r.<\/p>\n<ol start=\"4\">\n<li><strong>Anahtar kelimeleri vurgulay\u0131n ve tekrarlay\u0131n<\/strong><\/li>\n<\/ol>\n<p>Anahtar kelimeleri tekrarlayarak \u00e7ocu\u011funuzun dikkatini c\u00fcmlenin \u00f6nemli k\u0131s\u0131mlar\u0131na \u00e7eker ve \u00e7ocu\u011funuza bunlar\u0131 duymas\u0131 ve \u00f6\u011frenmesi i\u00e7in bir \u015fans daha vermi\u015f olursunuz. \u00c7ocuklar\u0131n, kelimelerin ne anlama geldi\u011fini anlayabilmeleri i\u00e7in onlar\u0131 ilgin\u00e7 ve anlaml\u0131 ba\u011flamlarda bir\u00e7ok kez duymalar\u0131 gerekir. \u00c7ocuklar ancak kelimeleri anlad\u0131ktan sonra bunlar\u0131 kendi konu\u015fmalar\u0131nda kullanabilirler.<\/p>\n<ol start=\"5\">\n<li><strong>&#8220;Vay can\u0131na&#8221;, &#8220;aaaa&#8221; gibi ilgin\u00e7 sesler veya ilgili hayvan veya ara\u00e7 sesleri ekleyin<\/strong><\/li>\n<\/ol>\n<p>Genellikle Oyun Sesleri veya Dinlemeyi \u00d6\u011frenme Sesleri olarak adland\u0131r\u0131lan bu t\u00fcr seslerin dinlenmesi ilgin\u00e7tir, taklit edilmesi kolayd\u0131r ve nesnelere ve eylemlerle ili\u015fkilendirilmesi kolayd\u0131r. &#8220;aaa&#8221; gibi oyun seslerinin taklit edilmesi kolayd\u0131r ve genellikle \u00e7ocuklar\u0131n kolayca \u00f6\u011frenebilece\u011fi e\u011flenceli ve ilgi \u00e7ekici durumlarda kullan\u0131l\u0131r. \u00c7ocuklar bir nesne veya eylemin oyun sesini \u2013 \u00f6rne\u011fin uyumak i\u00e7in \u201c\u015f\u015f\u015f\u201d \u2013 kelimeyi (\u201cuyku\u201d) kullanmay\u0131 \u00f6\u011frenmeden \u00f6nce \u00f6\u011frenebilirler. Hem kelimeyi hem de Oyun Sesini kullanmay\u0131 unutmay\u0131n. \u00d6rne\u011fin, &#8220;Bak, kedi geliyor, kedi \u2018miyav\u2019 diyor&#8221; deyin.<\/p>\n<ol start=\"6\">\n<li><strong>\u00c7ocu\u011fun neye bakt\u0131\u011f\u0131, neyle oynad\u0131\u011f\u0131 veya ne hissetti\u011fi hakk\u0131nda konu\u015fun<\/strong><\/li>\n<\/ol>\n<p>\u00c7ocu\u011funuzun ilgi duydu\u011fu \u015feyler hakk\u0131nda konu\u015fmaya odaklan\u0131n ki, sizin konu\u015ftu\u011funuz \u015feylerle kendi d\u00fc\u015f\u00fcnceleri veya hissettikleri aras\u0131nda ba\u011flant\u0131 kurabilsin. \u0130kiniz, ayn\u0131 \u015fey hakk\u0131nda d\u00fc\u015f\u00fcnd\u00fc\u011f\u00fcn\u00fczde ve konu\u015ftu\u011funuzda, \u00e7ocu\u011funuzun s\u00f6zc\u00fcklerinizden \u00f6\u011frenme olas\u0131l\u0131\u011f\u0131 daha y\u00fcksektir.[\/vc_column_text][\/vc_column][\/vc_row][vc_row][vc_column][vc_video link=&#8221;https:\/\/youtu.be\/Vl5kRAZ9JrU&#8221;][\/vc_column][\/vc_row][vc_row][vc_column][vc_column_text]<\/p>\n<ol start=\"7\">\n<li><strong>Duraklamalar kullan\u0131n<\/strong><\/li>\n<\/ol>\n<p>Duraklamalar, \u00e7ocu\u011funuzun s\u00f6ylediklerinizi i\u015flemesi ve ileti\u015fiminize yan\u0131t vermesi i\u00e7in zaman tan\u0131r. Duraklamak ayn\u0131 zamanda \u00e7ocu\u011funuza ileti\u015fimin iki y\u00f6nl\u00fc oldu\u011funu g\u00f6sterir. Konu\u015fmada s\u0131ra almaya te\u015fvik etmek i\u00e7in duraklamalar\u0131 kullan\u0131n. Yan\u0131tlar\u0131 sesler, jestler, y\u00fcz ifadeleri veya g\u00f6z hareketleri yoluyla olabilir.<\/p>\n<p>Yayg\u0131n ara\u015ft\u0131rmalar, annece dilinin normal i\u015fiten \u00e7ocuklar i\u00e7in oldu\u011fu kadar i\u015fitme kayb\u0131 olan bebekler i\u00e7in de \u00f6nemli oldu\u011funu ortaya koymu\u015ftur [1]. Yeti\u015fkinlere y\u00f6nelik konu\u015fmaya g\u00f6re, annece kullan\u0131m\u0131 dil \u00f6\u011freniminin yan\u0131 s\u0131ra konu\u015fma ve bili\u015fsel geli\u015fimi de daha fazla destekler. \u00c7ocu\u011funuz ister i\u015fitme cihaz\u0131 kullan\u0131yor olsun ister koklear implant bekliyor olsun, annece dili kullan\u0131m\u0131 faydal\u0131d\u0131r.<\/p>\n<h3><b>Referanslar<\/b><\/h3>\n<p>[1]Lovcevic, I., Burnham, D., &amp; Kalashnikova, M. (2022). Language development in infants with hearing loss: Benefits of infant-directed speech. Infant Behavior and Development, 67, 101699.[\/vc_column_text][\/vc_column][\/vc_row]<\/p>\n","protected":false},"excerpt":{"rendered":"<p>\u201cAnnece\u201d olarak da bilinen, Bebek Konu\u015fma\u2019n\u0131n, yaln\u0131zca normal i\u015fiten bebekler i\u00e7in de\u011fil, t\u00fcm bebekler (0 \u2013 18 ay) i\u00e7in ileti\u015fim becerilerinin geli\u015ftirilmesinde faydal\u0131 oldu\u011fu bilinmektedir. Annece bebeklerin dikkatini \u00e7eker ve s\u00fcrd\u00fcr\u00fcr ve dil \u00f6\u011frenimine yard\u0131mc\u0131 olur.<\/p>\n","protected":false},"author":33,"featured_media":79898,"comment_status":"open","ping_status":"closed","sticky":false,"template":"","format":"standard","meta":{"footnotes":""},"categories":[3234,3239],"tags":[],"class_list":["post-79897","post","type-post","status-publish","format-standard","has-post-thumbnail","hentry","category-ipuclari-ve-puf-noktalari","category-ipuclari-ve-puf-noktalari-veliler-icin"],"yoast_head":"<!-- This site is optimized with the Yoast SEO plugin v27.4 - https:\/\/yoast.com\/product\/yoast-seo-wordpress\/ -->\n<title>Annece (Bebe\u011fe Y\u00f6neltilmi\u015f Dil) \u0130\u015fitme Kayb\u0131 Olan \u00c7ocuklarda Yararl\u0131 M\u0131d\u0131r? - The MED-EL Blog<\/title>\n<meta name=\"robots\" content=\"index, follow, max-snippet:-1, max-image-preview:large, max-video-preview:-1\" \/>\n<link rel=\"canonical\" href=\"https:\/\/blog.medel.com\/tr\/ipuclari-ve-puf-noktalari\/annece-bebege-yoneltilmis-dil-isitme-kaybi-olan-cocuklarda-yararli-midir\/\" \/>\n<meta property=\"og:locale\" content=\"tr_TR\" \/>\n<meta property=\"og:type\" content=\"article\" \/>\n<meta property=\"og:title\" content=\"Annece (Bebe\u011fe Y\u00f6neltilmi\u015f Dil) \u0130\u015fitme Kayb\u0131 Olan \u00c7ocuklarda Yararl\u0131 M\u0131d\u0131r? - The MED-EL Blog\" \/>\n<meta property=\"og:description\" content=\"\u201cAnnece\u201d olarak da bilinen, Bebek Konu\u015fma\u2019n\u0131n, yaln\u0131zca normal i\u015fiten bebekler i\u00e7in de\u011fil, t\u00fcm bebekler (0 \u2013 18 ay) i\u00e7in ileti\u015fim becerilerinin geli\u015ftirilmesinde faydal\u0131 oldu\u011fu bilinmektedir. Annece bebeklerin dikkatini \u00e7eker ve s\u00fcrd\u00fcr\u00fcr ve dil \u00f6\u011frenimine yard\u0131mc\u0131 olur.\" \/>\n<meta property=\"og:url\" content=\"https:\/\/blog.medel.com\/tr\/ipuclari-ve-puf-noktalari\/annece-bebege-yoneltilmis-dil-isitme-kaybi-olan-cocuklarda-yararli-midir\/\" \/>\n<meta property=\"og:site_name\" content=\"The MED-EL Blog\" \/>\n<meta property=\"article:published_time\" content=\"2024-02-08T10:03:25+00:00\" \/>\n<meta property=\"article:modified_time\" content=\"2024-02-13T10:27:05+00:00\" \/>\n<meta property=\"og:image\" content=\"https:\/\/blog.medel.com\/wp-content\/uploads\/2024\/02\/medel_familie_logopaedie_2014_danielzangerl_raw-91-von-091.jpg\" \/>\n\t<meta property=\"og:image:width\" content=\"800\" \/>\n\t<meta property=\"og:image:height\" content=\"600\" \/>\n\t<meta property=\"og:image:type\" content=\"image\/jpeg\" \/>\n<meta name=\"author\" content=\"MED-EL T\u00fcrkiye\" \/>\n<meta name=\"twitter:card\" content=\"summary_large_image\" \/>\n<meta name=\"twitter:label1\" content=\"Yazan:\" \/>\n\t<meta name=\"twitter:data1\" content=\"MED-EL T\u00fcrkiye\" \/>\n\t<meta name=\"twitter:label2\" content=\"Tahmini okuma s\u00fcresi\" \/>\n\t<meta name=\"twitter:data2\" content=\"3 dakika\" \/>\n<script type=\"application\/ld+json\" class=\"yoast-schema-graph\">{\"@context\":\"https:\\\/\\\/schema.org\",\"@graph\":[{\"@type\":\"Article\",\"@id\":\"https:\\\/\\\/blog.medel.com\\\/tr\\\/ipuclari-ve-puf-noktalari\\\/annece-bebege-yoneltilmis-dil-isitme-kaybi-olan-cocuklarda-yararli-midir\\\/#article\",\"isPartOf\":{\"@id\":\"https:\\\/\\\/blog.medel.com\\\/tr\\\/ipuclari-ve-puf-noktalari\\\/annece-bebege-yoneltilmis-dil-isitme-kaybi-olan-cocuklarda-yararli-midir\\\/\"},\"author\":{\"name\":\"MED-EL T\u00fcrkiye\",\"@id\":\"https:\\\/\\\/blog.medel.com\\\/nl\\\/#\\\/schema\\\/person\\\/5ec8e698c5c796602e4091981f5a0a87\"},\"headline\":\"Annece (Bebe\u011fe Y\u00f6neltilmi\u015f Dil) \u0130\u015fitme Kayb\u0131 Olan \u00c7ocuklarda Yararl\u0131 M\u0131d\u0131r?\",\"datePublished\":\"2024-02-08T10:03:25+00:00\",\"dateModified\":\"2024-02-13T10:27:05+00:00\",\"mainEntityOfPage\":{\"@id\":\"https:\\\/\\\/blog.medel.com\\\/tr\\\/ipuclari-ve-puf-noktalari\\\/annece-bebege-yoneltilmis-dil-isitme-kaybi-olan-cocuklarda-yararli-midir\\\/\"},\"wordCount\":793,\"commentCount\":0,\"publisher\":{\"@id\":\"https:\\\/\\\/blog.medel.com\\\/nl\\\/#organization\"},\"image\":{\"@id\":\"https:\\\/\\\/blog.medel.com\\\/tr\\\/ipuclari-ve-puf-noktalari\\\/annece-bebege-yoneltilmis-dil-isitme-kaybi-olan-cocuklarda-yararli-midir\\\/#primaryimage\"},\"thumbnailUrl\":\"https:\\\/\\\/blog.medel.com\\\/wp-content\\\/uploads\\\/2024\\\/02\\\/medel_familie_logopaedie_2014_danielzangerl_raw-91-von-091.jpg\",\"articleSection\":[\"\u0130PU\u00c7LARI VE P\u00dcF NOKTALARI\",\"Veliler i\u00e7in\"],\"inLanguage\":\"tr\",\"potentialAction\":[{\"@type\":\"CommentAction\",\"name\":\"Comment\",\"target\":[\"https:\\\/\\\/blog.medel.com\\\/tr\\\/ipuclari-ve-puf-noktalari\\\/annece-bebege-yoneltilmis-dil-isitme-kaybi-olan-cocuklarda-yararli-midir\\\/#respond\"]}]},{\"@type\":\"WebPage\",\"@id\":\"https:\\\/\\\/blog.medel.com\\\/tr\\\/ipuclari-ve-puf-noktalari\\\/annece-bebege-yoneltilmis-dil-isitme-kaybi-olan-cocuklarda-yararli-midir\\\/\",\"url\":\"https:\\\/\\\/blog.medel.com\\\/tr\\\/ipuclari-ve-puf-noktalari\\\/annece-bebege-yoneltilmis-dil-isitme-kaybi-olan-cocuklarda-yararli-midir\\\/\",\"name\":\"Annece (Bebe\u011fe Y\u00f6neltilmi\u015f Dil) \u0130\u015fitme Kayb\u0131 Olan \u00c7ocuklarda Yararl\u0131 M\u0131d\u0131r? - The MED-EL Blog\",\"isPartOf\":{\"@id\":\"https:\\\/\\\/blog.medel.com\\\/nl\\\/#website\"},\"primaryImageOfPage\":{\"@id\":\"https:\\\/\\\/blog.medel.com\\\/tr\\\/ipuclari-ve-puf-noktalari\\\/annece-bebege-yoneltilmis-dil-isitme-kaybi-olan-cocuklarda-yararli-midir\\\/#primaryimage\"},\"image\":{\"@id\":\"https:\\\/\\\/blog.medel.com\\\/tr\\\/ipuclari-ve-puf-noktalari\\\/annece-bebege-yoneltilmis-dil-isitme-kaybi-olan-cocuklarda-yararli-midir\\\/#primaryimage\"},\"thumbnailUrl\":\"https:\\\/\\\/blog.medel.com\\\/wp-content\\\/uploads\\\/2024\\\/02\\\/medel_familie_logopaedie_2014_danielzangerl_raw-91-von-091.jpg\",\"datePublished\":\"2024-02-08T10:03:25+00:00\",\"dateModified\":\"2024-02-13T10:27:05+00:00\",\"breadcrumb\":{\"@id\":\"https:\\\/\\\/blog.medel.com\\\/tr\\\/ipuclari-ve-puf-noktalari\\\/annece-bebege-yoneltilmis-dil-isitme-kaybi-olan-cocuklarda-yararli-midir\\\/#breadcrumb\"},\"inLanguage\":\"tr\",\"potentialAction\":[{\"@type\":\"ReadAction\",\"target\":[\"https:\\\/\\\/blog.medel.com\\\/tr\\\/ipuclari-ve-puf-noktalari\\\/annece-bebege-yoneltilmis-dil-isitme-kaybi-olan-cocuklarda-yararli-midir\\\/\"]}]},{\"@type\":\"ImageObject\",\"inLanguage\":\"tr\",\"@id\":\"https:\\\/\\\/blog.medel.com\\\/tr\\\/ipuclari-ve-puf-noktalari\\\/annece-bebege-yoneltilmis-dil-isitme-kaybi-olan-cocuklarda-yararli-midir\\\/#primaryimage\",\"url\":\"https:\\\/\\\/blog.medel.com\\\/wp-content\\\/uploads\\\/2024\\\/02\\\/medel_familie_logopaedie_2014_danielzangerl_raw-91-von-091.jpg\",\"contentUrl\":\"https:\\\/\\\/blog.medel.com\\\/wp-content\\\/uploads\\\/2024\\\/02\\\/medel_familie_logopaedie_2014_danielzangerl_raw-91-von-091.jpg\",\"width\":\"800\",\"height\":\"600\"},{\"@type\":\"BreadcrumbList\",\"@id\":\"https:\\\/\\\/blog.medel.com\\\/tr\\\/ipuclari-ve-puf-noktalari\\\/annece-bebege-yoneltilmis-dil-isitme-kaybi-olan-cocuklarda-yararli-midir\\\/#breadcrumb\",\"itemListElement\":[{\"@type\":\"ListItem\",\"position\":1,\"name\":\"Home\",\"item\":\"https:\\\/\\\/blog.medel.com\\\/\"},{\"@type\":\"ListItem\",\"position\":2,\"name\":\"Annece (Bebe\u011fe Y\u00f6neltilmi\u015f Dil) \u0130\u015fitme Kayb\u0131 Olan \u00c7ocuklarda Yararl\u0131 M\u0131d\u0131r?\"}]},{\"@type\":\"WebSite\",\"@id\":\"https:\\\/\\\/blog.medel.com\\\/nl\\\/#website\",\"url\":\"https:\\\/\\\/blog.medel.com\\\/nl\\\/\",\"name\":\"The MED-EL Blog\",\"description\":\"\",\"publisher\":{\"@id\":\"https:\\\/\\\/blog.medel.com\\\/nl\\\/#organization\"},\"potentialAction\":[{\"@type\":\"SearchAction\",\"target\":{\"@type\":\"EntryPoint\",\"urlTemplate\":\"https:\\\/\\\/blog.medel.com\\\/nl\\\/?s={search_term_string}\"},\"query-input\":{\"@type\":\"PropertyValueSpecification\",\"valueRequired\":true,\"valueName\":\"search_term_string\"}}],\"inLanguage\":\"tr\"},{\"@type\":\"Organization\",\"@id\":\"https:\\\/\\\/blog.medel.com\\\/nl\\\/#organization\",\"name\":\"The MED-EL Blog\",\"url\":\"https:\\\/\\\/blog.medel.com\\\/nl\\\/\",\"logo\":{\"@type\":\"ImageObject\",\"inLanguage\":\"tr\",\"@id\":\"https:\\\/\\\/blog.medel.com\\\/nl\\\/#\\\/schema\\\/logo\\\/image\\\/\",\"url\":\"https:\\\/\\\/blog.medel.com\\\/wp-content\\\/uploads\\\/2023\\\/02\\\/MED-EL_logo_L2.png\",\"contentUrl\":\"https:\\\/\\\/blog.medel.com\\\/wp-content\\\/uploads\\\/2023\\\/02\\\/MED-EL_logo_L2.png\",\"width\":443,\"height\":200,\"caption\":\"The MED-EL Blog\"},\"image\":{\"@id\":\"https:\\\/\\\/blog.medel.com\\\/nl\\\/#\\\/schema\\\/logo\\\/image\\\/\"}},{\"@type\":\"Person\",\"@id\":\"https:\\\/\\\/blog.medel.com\\\/nl\\\/#\\\/schema\\\/person\\\/5ec8e698c5c796602e4091981f5a0a87\",\"name\":\"MED-EL T\u00fcrkiye\"}]}<\/script>\n<!-- \/ Yoast SEO plugin. -->","yoast_head_json":{"title":"Annece (Bebe\u011fe Y\u00f6neltilmi\u015f Dil) \u0130\u015fitme Kayb\u0131 Olan \u00c7ocuklarda Yararl\u0131 M\u0131d\u0131r? - The MED-EL Blog","robots":{"index":"index","follow":"follow","max-snippet":"max-snippet:-1","max-image-preview":"max-image-preview:large","max-video-preview":"max-video-preview:-1"},"canonical":"https:\/\/blog.medel.com\/tr\/ipuclari-ve-puf-noktalari\/annece-bebege-yoneltilmis-dil-isitme-kaybi-olan-cocuklarda-yararli-midir\/","og_locale":"tr_TR","og_type":"article","og_title":"Annece (Bebe\u011fe Y\u00f6neltilmi\u015f Dil) \u0130\u015fitme Kayb\u0131 Olan \u00c7ocuklarda Yararl\u0131 M\u0131d\u0131r? - The MED-EL Blog","og_description":"\u201cAnnece\u201d olarak da bilinen, Bebek Konu\u015fma\u2019n\u0131n, yaln\u0131zca normal i\u015fiten bebekler i\u00e7in de\u011fil, t\u00fcm bebekler (0 \u2013 18 ay) i\u00e7in ileti\u015fim becerilerinin geli\u015ftirilmesinde faydal\u0131 oldu\u011fu bilinmektedir. Annece bebeklerin dikkatini \u00e7eker ve s\u00fcrd\u00fcr\u00fcr ve dil \u00f6\u011frenimine yard\u0131mc\u0131 olur.","og_url":"https:\/\/blog.medel.com\/tr\/ipuclari-ve-puf-noktalari\/annece-bebege-yoneltilmis-dil-isitme-kaybi-olan-cocuklarda-yararli-midir\/","og_site_name":"The MED-EL Blog","article_published_time":"2024-02-08T10:03:25+00:00","article_modified_time":"2024-02-13T10:27:05+00:00","og_image":[{"width":800,"height":600,"url":"https:\/\/blog.medel.com\/wp-content\/uploads\/2024\/02\/medel_familie_logopaedie_2014_danielzangerl_raw-91-von-091.jpg","type":"image\/jpeg"}],"author":"MED-EL T\u00fcrkiye","twitter_card":"summary_large_image","twitter_misc":{"Yazan:":"MED-EL T\u00fcrkiye","Tahmini okuma s\u00fcresi":"3 dakika"},"schema":{"@context":"https:\/\/schema.org","@graph":[{"@type":"Article","@id":"https:\/\/blog.medel.com\/tr\/ipuclari-ve-puf-noktalari\/annece-bebege-yoneltilmis-dil-isitme-kaybi-olan-cocuklarda-yararli-midir\/#article","isPartOf":{"@id":"https:\/\/blog.medel.com\/tr\/ipuclari-ve-puf-noktalari\/annece-bebege-yoneltilmis-dil-isitme-kaybi-olan-cocuklarda-yararli-midir\/"},"author":{"name":"MED-EL T\u00fcrkiye","@id":"https:\/\/blog.medel.com\/nl\/#\/schema\/person\/5ec8e698c5c796602e4091981f5a0a87"},"headline":"Annece (Bebe\u011fe Y\u00f6neltilmi\u015f Dil) \u0130\u015fitme Kayb\u0131 Olan \u00c7ocuklarda Yararl\u0131 M\u0131d\u0131r?","datePublished":"2024-02-08T10:03:25+00:00","dateModified":"2024-02-13T10:27:05+00:00","mainEntityOfPage":{"@id":"https:\/\/blog.medel.com\/tr\/ipuclari-ve-puf-noktalari\/annece-bebege-yoneltilmis-dil-isitme-kaybi-olan-cocuklarda-yararli-midir\/"},"wordCount":793,"commentCount":0,"publisher":{"@id":"https:\/\/blog.medel.com\/nl\/#organization"},"image":{"@id":"https:\/\/blog.medel.com\/tr\/ipuclari-ve-puf-noktalari\/annece-bebege-yoneltilmis-dil-isitme-kaybi-olan-cocuklarda-yararli-midir\/#primaryimage"},"thumbnailUrl":"https:\/\/blog.medel.com\/wp-content\/uploads\/2024\/02\/medel_familie_logopaedie_2014_danielzangerl_raw-91-von-091.jpg","articleSection":["\u0130PU\u00c7LARI VE P\u00dcF NOKTALARI","Veliler i\u00e7in"],"inLanguage":"tr","potentialAction":[{"@type":"CommentAction","name":"Comment","target":["https:\/\/blog.medel.com\/tr\/ipuclari-ve-puf-noktalari\/annece-bebege-yoneltilmis-dil-isitme-kaybi-olan-cocuklarda-yararli-midir\/#respond"]}]},{"@type":"WebPage","@id":"https:\/\/blog.medel.com\/tr\/ipuclari-ve-puf-noktalari\/annece-bebege-yoneltilmis-dil-isitme-kaybi-olan-cocuklarda-yararli-midir\/","url":"https:\/\/blog.medel.com\/tr\/ipuclari-ve-puf-noktalari\/annece-bebege-yoneltilmis-dil-isitme-kaybi-olan-cocuklarda-yararli-midir\/","name":"Annece (Bebe\u011fe Y\u00f6neltilmi\u015f Dil) \u0130\u015fitme Kayb\u0131 Olan \u00c7ocuklarda Yararl\u0131 M\u0131d\u0131r? - The MED-EL Blog","isPartOf":{"@id":"https:\/\/blog.medel.com\/nl\/#website"},"primaryImageOfPage":{"@id":"https:\/\/blog.medel.com\/tr\/ipuclari-ve-puf-noktalari\/annece-bebege-yoneltilmis-dil-isitme-kaybi-olan-cocuklarda-yararli-midir\/#primaryimage"},"image":{"@id":"https:\/\/blog.medel.com\/tr\/ipuclari-ve-puf-noktalari\/annece-bebege-yoneltilmis-dil-isitme-kaybi-olan-cocuklarda-yararli-midir\/#primaryimage"},"thumbnailUrl":"https:\/\/blog.medel.com\/wp-content\/uploads\/2024\/02\/medel_familie_logopaedie_2014_danielzangerl_raw-91-von-091.jpg","datePublished":"2024-02-08T10:03:25+00:00","dateModified":"2024-02-13T10:27:05+00:00","breadcrumb":{"@id":"https:\/\/blog.medel.com\/tr\/ipuclari-ve-puf-noktalari\/annece-bebege-yoneltilmis-dil-isitme-kaybi-olan-cocuklarda-yararli-midir\/#breadcrumb"},"inLanguage":"tr","potentialAction":[{"@type":"ReadAction","target":["https:\/\/blog.medel.com\/tr\/ipuclari-ve-puf-noktalari\/annece-bebege-yoneltilmis-dil-isitme-kaybi-olan-cocuklarda-yararli-midir\/"]}]},{"@type":"ImageObject","inLanguage":"tr","@id":"https:\/\/blog.medel.com\/tr\/ipuclari-ve-puf-noktalari\/annece-bebege-yoneltilmis-dil-isitme-kaybi-olan-cocuklarda-yararli-midir\/#primaryimage","url":"https:\/\/blog.medel.com\/wp-content\/uploads\/2024\/02\/medel_familie_logopaedie_2014_danielzangerl_raw-91-von-091.jpg","contentUrl":"https:\/\/blog.medel.com\/wp-content\/uploads\/2024\/02\/medel_familie_logopaedie_2014_danielzangerl_raw-91-von-091.jpg","width":"800","height":"600"},{"@type":"BreadcrumbList","@id":"https:\/\/blog.medel.com\/tr\/ipuclari-ve-puf-noktalari\/annece-bebege-yoneltilmis-dil-isitme-kaybi-olan-cocuklarda-yararli-midir\/#breadcrumb","itemListElement":[{"@type":"ListItem","position":1,"name":"Home","item":"https:\/\/blog.medel.com\/"},{"@type":"ListItem","position":2,"name":"Annece (Bebe\u011fe Y\u00f6neltilmi\u015f Dil) \u0130\u015fitme Kayb\u0131 Olan \u00c7ocuklarda Yararl\u0131 M\u0131d\u0131r?"}]},{"@type":"WebSite","@id":"https:\/\/blog.medel.com\/nl\/#website","url":"https:\/\/blog.medel.com\/nl\/","name":"The MED-EL Blog","description":"","publisher":{"@id":"https:\/\/blog.medel.com\/nl\/#organization"},"potentialAction":[{"@type":"SearchAction","target":{"@type":"EntryPoint","urlTemplate":"https:\/\/blog.medel.com\/nl\/?s={search_term_string}"},"query-input":{"@type":"PropertyValueSpecification","valueRequired":true,"valueName":"search_term_string"}}],"inLanguage":"tr"},{"@type":"Organization","@id":"https:\/\/blog.medel.com\/nl\/#organization","name":"The MED-EL Blog","url":"https:\/\/blog.medel.com\/nl\/","logo":{"@type":"ImageObject","inLanguage":"tr","@id":"https:\/\/blog.medel.com\/nl\/#\/schema\/logo\/image\/","url":"https:\/\/blog.medel.com\/wp-content\/uploads\/2023\/02\/MED-EL_logo_L2.png","contentUrl":"https:\/\/blog.medel.com\/wp-content\/uploads\/2023\/02\/MED-EL_logo_L2.png","width":443,"height":200,"caption":"The MED-EL Blog"},"image":{"@id":"https:\/\/blog.medel.com\/nl\/#\/schema\/logo\/image\/"}},{"@type":"Person","@id":"https:\/\/blog.medel.com\/nl\/#\/schema\/person\/5ec8e698c5c796602e4091981f5a0a87","name":"MED-EL T\u00fcrkiye"}]}},"_links":{"self":[{"href":"https:\/\/blog.medel.com\/tr\/wp-json\/wp\/v2\/posts\/79897","targetHints":{"allow":["GET"]}}],"collection":[{"href":"https:\/\/blog.medel.com\/tr\/wp-json\/wp\/v2\/posts"}],"about":[{"href":"https:\/\/blog.medel.com\/tr\/wp-json\/wp\/v2\/types\/post"}],"author":[{"embeddable":true,"href":"https:\/\/blog.medel.com\/tr\/wp-json\/wp\/v2\/users\/33"}],"replies":[{"embeddable":true,"href":"https:\/\/blog.medel.com\/tr\/wp-json\/wp\/v2\/comments?post=79897"}],"version-history":[{"count":4,"href":"https:\/\/blog.medel.com\/tr\/wp-json\/wp\/v2\/posts\/79897\/revisions"}],"predecessor-version":[{"id":80088,"href":"https:\/\/blog.medel.com\/tr\/wp-json\/wp\/v2\/posts\/79897\/revisions\/80088"}],"wp:featuredmedia":[{"embeddable":true,"href":"https:\/\/blog.medel.com\/tr\/wp-json\/wp\/v2\/media\/79898"}],"wp:attachment":[{"href":"https:\/\/blog.medel.com\/tr\/wp-json\/wp\/v2\/media?parent=79897"}],"wp:term":[{"taxonomy":"category","embeddable":true,"href":"https:\/\/blog.medel.com\/tr\/wp-json\/wp\/v2\/categories?post=79897"},{"taxonomy":"post_tag","embeddable":true,"href":"https:\/\/blog.medel.com\/tr\/wp-json\/wp\/v2\/tags?post=79897"}],"curies":[{"name":"wp","href":"https:\/\/api.w.org\/{rel}","templated":true}]}}