{"id":46156,"date":"2022-04-29T13:19:37","date_gmt":"2022-04-29T13:19:37","guid":{"rendered":"https:\/\/blog.medel.com\/uncategorized-tr\/implant-kullanicilarinin-kendini-savunmalarina-yardimci-olacak-8-ipucu\/"},"modified":"2023-03-15T14:34:51","modified_gmt":"2023-03-15T14:34:51","slug":"implant-kullanicilarinin-kendini-savunmalarina-yardimci-olacak-8-ipucu","status":"publish","type":"post","link":"https:\/\/blog.medel.com\/tr\/ipuclari-ve-puf-noktalari\/ipuclari-ve-puf-noktalari-yetiskinler-icin\/implant-kullanicilarinin-kendini-savunmalarina-yardimci-olacak-8-ipucu\/","title":{"rendered":"\u0130mplant Kullan\u0131c\u0131lar\u0131n\u0131n Kendini Savunmalar\u0131na Yard\u0131mc\u0131 Olacak 8 \u0130pucu"},"content":{"rendered":"<p>Kendinizi savunmak, ihtiya\u00e7lar\u0131n\u0131z\u0131n, taleplerinizin ve duygular\u0131n\u0131z\u0131n fark\u0131nda olmak ve bunlar\u0131 ba\u015fkalar\u0131na etkili bir \u015fekilde iletebilmektir. \u0130stedi\u011finizi ve ihtiyac\u0131n\u0131z olan\u0131 elde etmek i\u00e7in kendi ad\u0131n\u0131za konu\u015fma becerisi, g\u00fcnl\u00fck ya\u015famda ve \u00e7evrenizdeki ki\u015filerle ileti\u015fim kurarken kendinizi daha g\u00fcvende ve ba\u011f\u0131ms\u0131z hissetmenizi sa\u011flar.<\/p>\n<p>\u0130\u015fitme kayb\u0131n\u0131z\u0131n, ba\u015fkalar\u0131yla ileti\u015fiminizi nas\u0131l etkiledi\u011fini herkesten \u00e7ok daha iyi bilirsiniz. Bu nedenle ihtiya\u00e7lar\u0131n\u0131z\u0131 ve taleplerinizi en iyi bilen ki\u015fi sizsiniz. Yeti\u015fkin ve gen\u00e7 koklear implant kullan\u0131c\u0131lar\u0131 i\u00e7in, kendini savunma becerisi, zorlu ortamlarda konu\u015fulanlar\u0131 dinlemek ve ileti\u015fim kurmak i\u00e7in hayati \u00f6neme sahiptir. \u0130\u015fte kendini savunma becerisi konusunda nas\u0131l pratik yapabilece\u011finize dair g\u00fcnl\u00fck \u00f6rnekler:<\/p>\n<p><strong>1.Durumunuzu A\u00e7\u0131klay\u0131n<\/strong><\/p>\n<p>\u00c7evrenizdeki insanlara i\u015fitme kayb\u0131n\u0131z oldu\u011funu ve i\u015fitme cihaz\u0131 takt\u0131\u011f\u0131n\u0131z\u0131 bildirin. \u00d6rne\u011fin, i\u015fyerinde veya g\u00fcnl\u00fck hayatta ileti\u015fim kurarken i\u015fitme kayb\u0131n\u0131z\u0131n yaratt\u0131\u011f\u0131 zorluklar\u0131 a\u00e7\u0131klay\u0131n.<\/p>\n<p><strong>2.\u0130nsanlara Size Nas\u0131l Yard\u0131m Edebilece\u011fini Anlat\u0131n<\/strong><\/p>\n<p>Ba\u015fkalar\u0131 ile ileti\u015fim kurarken onlar\u0131 anlaman\u0131za yard\u0131mc\u0131 olmak i\u00e7in neler yapabileceklerini net bir \u015fekilde a\u00e7\u0131klay\u0131n. \u00d6rne\u011fin, \u201cKonu\u015furken y\u00fcz\u00fcme bakarsan\u0131z bu benim i\u00e7in daha iyi olur. B\u00f6ylece duda\u011f\u0131n\u0131z\u0131 okuyabilirim&#8221; \u015feklinde a\u00e7\u0131klayabilirsiniz. Toplant\u0131larda ayn\u0131 anda konu\u015fulmamas\u0131n\u0131, toplant\u0131 g\u00fcndeminin \u00f6ncesinden verilmesini ve toplant\u0131da al\u0131nan notlar\u0131 toplant\u0131dan sonra payla\u015f\u0131lmas\u0131n\u0131 isteyin.<\/p>\n<p><img loading=\"lazy\" decoding=\"async\" class=\" wp-image-39883 aligncenter\" src=\"https:\/\/blog.medel.com\/wp-content\/uploads\/2022\/04\/self-advocacy2-1-300x150.jpg\" alt=\"\" width=\"578\" height=\"289\" \/><\/p>\n<p><strong>3.Arka Plan G\u00fcr\u00fclt\u00fcs\u00fcn\u00fcn Azalt\u0131lmas\u0131n\u0131 \u0130steyin<\/strong><\/p>\n<p>Arka plan g\u00fcr\u00fclt\u00fcs\u00fcn\u00fcn dinleme ve ileti\u015fim kurma yetene\u011finiz \u00fczerindeki etkisini a\u00e7\u0131klay\u0131n. Arka plan g\u00fcr\u00fclt\u00fcs\u00fcn\u00fcn m\u00fcmk\u00fcn oldu\u011funca azalt\u0131lmas\u0131n\u0131 isteyin. (Kap\u0131lar\u0131 ve pencereleri kapat\u0131n, gereksiz\/y\u00fcksek sesli m\u00fczi\u011fi kapat\u0131n ve mikrofon kullan\u0131n).<\/p>\n<p><strong>4.\u0130\u015fverenlerinize S\u00f6ylemekten \u00c7ekinmeyin<\/strong><\/p>\n<p>Kendini savunabilme yetene\u011fi, i\u015f ve kariyer f\u0131rsatlar\u0131 ararken de avantaj sa\u011flar. Bir i\u015f ba\u015fvurusu yap\u0131yorsan\u0131z ya da i\u015f g\u00f6r\u00fc\u015fmesine gidiyorsan\u0131z i\u015fitme kayb\u0131n\u0131z hakk\u0131nda konu\u015fmaktan korkmay\u0131n. Ayn\u0131 zamanda \u00e7al\u0131\u015fabilece\u011finiz \u00e7al\u0131\u015fma ortam\u0131 hakk\u0131nda bilgilendirme yapabilirsiniz. Konu\u015furken, yetenekleriniz ve becerileriniz \u00fczerine odaklan\u0131n. Bilginize, niteliklerinize ve uzmanl\u0131\u011f\u0131n\u0131za g\u00fcvenin. Yeteneklerinizin \u015firkete kazand\u0131rabilece\u011fi avantajlar\u0131 ve f\u0131rsatlar\u0131 da net bir \u015fekilde belirtin. \u0130\u015fvereninizle konu\u015furken, kendinizi g\u00fcvende hissetmek i\u00e7in \u00f6nceden haz\u0131rl\u0131k yapmak \u00e7ok \u00f6nemlidir. G\u00fcvenli ve g\u00fc\u00e7l\u00fc bir izlenim yaratmak, hayalinizdeki i\u015fe kavu\u015fman\u0131z\u0131 sa\u011flayan ana etmendir.<\/p>\n<p><strong>5.Farkl\u0131 Sosyal Durumlar \u0130\u00e7in Pratik Yap\u0131n<\/strong><\/p>\n<p>Etkili ileti\u015fim, sosyal ili\u015fkilerinizi s\u00fcrd\u00fcrmede ve hedeflerinize ula\u015fmada \u00f6nemli bir kriterdir. \u00d6nemli bir telefon g\u00f6r\u00fc\u015fmesi yapma veya \u00f6nemli bir toplant\u0131ya gitme konusunda kendinizi rahat hissetmiyorsan\u0131z, bu konu hakk\u0131nda bir aile \u00fcyesi veya arkada\u015f\u0131n\u0131zla birlikte pratik yap\u0131p, uygulayabilirsiniz. Farkl\u0131 durumlar\u0131 pratik yaparak farkl\u0131 sonu\u00e7lara kar\u015f\u0131 haz\u0131r olmu\u015f olursunuz. Bu \u015fekilde olaylara nas\u0131l tepki verece\u011finizi, neye ihtiyac\u0131n\u0131z oldu\u011funu ve talep edece\u011finizi bilir, pratik yapm\u0131\u015f olursunuz.<\/p>\n<p><strong>6.Sosyal Olun<\/strong><\/p>\n<p><strong>\u00a0<\/strong>Sosyal olarak aktif olmak size sohbetlere kat\u0131lma ve i\u015fitme kayb\u0131n\u0131zla ilgili bilgileri payla\u015fma f\u0131rsat\u0131 sunacakt\u0131r. Ayr\u0131ca, yeni insanlarla etkile\u015fime girmenize ve tan\u0131mad\u0131\u011f\u0131n\u0131z bir ortamda ihtiya\u00e7 duydu\u011funuz veya istedi\u011finiz konular hakk\u0131nda sohbet etme, soru sorma konusunda g\u00fcven kazanman\u0131z\u0131 sa\u011flar.<\/p>\n<p><img loading=\"lazy\" decoding=\"async\" class=\" wp-image-39875 aligncenter\" src=\"https:\/\/blog.medel.com\/wp-content\/uploads\/2022\/04\/self-advocacy3-1-300x150.jpg\" alt=\"\" width=\"554\" height=\"277\" \/><\/p>\n<p><strong>\u00a07.<\/strong><strong>Topluma Kat\u0131l\u0131n<\/strong><\/p>\n<p>Sosyal medya veya gruplar arac\u0131l\u0131\u011f\u0131yla i\u015fitme kayb\u0131 olan di\u011fer ki\u015filerle ba\u011flant\u0131 kurun. Bu, di\u011fer i\u015fitme implant\u0131 kullan\u0131c\u0131lar\u0131yla tan\u0131\u015fman\u0131za, ileti\u015fim kurman\u0131za, i\u015fitme implant\u0131yla ya\u015fama hakk\u0131ndaki ipu\u00e7lar\u0131n\u0131 ve stratejileri \u00f6\u011frenmenizi, fikirlerinizi payla\u015fman\u0131za olanak sa\u011flar.<\/p>\n<p><strong>8.Haklar\u0131n\u0131z\u0131 Bilin, Fark\u0131nda Olun<\/strong><\/p>\n<p>\u00dclkenizde veya ya\u015fad\u0131\u011f\u0131n\u0131z b\u00f6lgede kanun ve yasal hak gibi konular hakk\u0131nda detayl\u0131 bilgi edinin. Yerel\/resmi web siteleri, i\u015fe al\u0131m \u00f6ncesi hizmetler, mesleki veya rehabilitasyon programlar\u0131, hatta hakk\u0131n\u0131z olan mali destekler konusunda da \u00f6nemli bilgileri ve ipu\u00e7lar\u0131n\u0131 i\u00e7erebilir.<\/p>\n<p>&nbsp;<\/p>\n<p>&nbsp;<\/p>\n<p>&nbsp;<\/p>\n<p>&nbsp;<\/p>\n","protected":false},"excerpt":{"rendered":"<p>Kendinizi savunmak, ihtiya\u00e7lar\u0131n\u0131z\u0131n, taleplerinizin ve duygular\u0131n\u0131z\u0131n fark\u0131nda olmak ve bunlar\u0131 ba\u015fkalar\u0131na etkili bir \u015fekilde iletebilmektir. \u0130stedi\u011finizi ve ihtiyac\u0131n\u0131z olan\u0131 elde etmek i\u00e7in kendi ad\u0131n\u0131za konu\u015fma becerisi, g\u00fcnl\u00fck ya\u015famda ve \u00e7evrenizdeki ki\u015filerle ileti\u015fim kurarken kendinizi daha g\u00fcvende ve ba\u011f\u0131ms\u0131z hissetmenizi sa\u011flar.<\/p>\n","protected":false},"author":8,"featured_media":71955,"comment_status":"open","ping_status":"open","sticky":false,"template":"","format":"standard","meta":{"footnotes":""},"categories":[3237],"tags":[],"class_list":["post-46156","post","type-post","status-publish","format-standard","has-post-thumbnail","hentry","category-ipuclari-ve-puf-noktalari-yetiskinler-icin"],"yoast_head":"<!-- This site is optimized with the Yoast SEO plugin v27.5 - https:\/\/yoast.com\/product\/yoast-seo-wordpress\/ -->\n<title>\u0130mplant Kullan\u0131c\u0131lar\u0131n\u0131n Kendini Savunmalar\u0131na Yard\u0131mc\u0131 Olacak 8 \u0130pucu - The MED-EL Blog<\/title>\n<meta name=\"robots\" content=\"index, follow, max-snippet:-1, max-image-preview:large, max-video-preview:-1\" \/>\n<link rel=\"canonical\" href=\"https:\/\/blog.medel.com\/tr\/ipuclari-ve-puf-noktalari\/ipuclari-ve-puf-noktalari-yetiskinler-icin\/implant-kullanicilarinin-kendini-savunmalarina-yardimci-olacak-8-ipucu\/\" \/>\n<meta property=\"og:locale\" content=\"tr_TR\" \/>\n<meta property=\"og:type\" content=\"article\" \/>\n<meta property=\"og:title\" content=\"\u0130mplant Kullan\u0131c\u0131lar\u0131n\u0131n Kendini Savunmalar\u0131na Yard\u0131mc\u0131 Olacak 8 \u0130pucu - The MED-EL Blog\" \/>\n<meta property=\"og:description\" content=\"Kendinizi savunmak, ihtiya\u00e7lar\u0131n\u0131z\u0131n, taleplerinizin ve duygular\u0131n\u0131z\u0131n fark\u0131nda olmak ve bunlar\u0131 ba\u015fkalar\u0131na etkili bir \u015fekilde iletebilmektir. \u0130stedi\u011finizi ve ihtiyac\u0131n\u0131z olan\u0131 elde etmek i\u00e7in kendi ad\u0131n\u0131za konu\u015fma becerisi, g\u00fcnl\u00fck ya\u015famda ve \u00e7evrenizdeki ki\u015filerle ileti\u015fim kurarken kendinizi daha g\u00fcvende ve ba\u011f\u0131ms\u0131z hissetmenizi sa\u011flar.\" \/>\n<meta property=\"og:url\" content=\"https:\/\/blog.medel.com\/tr\/ipuclari-ve-puf-noktalari\/ipuclari-ve-puf-noktalari-yetiskinler-icin\/implant-kullanicilarinin-kendini-savunmalarina-yardimci-olacak-8-ipucu\/\" \/>\n<meta property=\"og:site_name\" content=\"The MED-EL Blog\" \/>\n<meta property=\"article:published_time\" content=\"2022-04-29T13:19:37+00:00\" \/>\n<meta property=\"article:modified_time\" content=\"2023-03-15T14:34:51+00:00\" \/>\n<meta property=\"og:image\" content=\"https:\/\/blog.medel.com\/wp-content\/uploads\/2023\/03\/self-advocacy1-1.jpg\" \/>\n\t<meta property=\"og:image:width\" content=\"800\" \/>\n\t<meta property=\"og:image:height\" content=\"400\" \/>\n\t<meta property=\"og:image:type\" content=\"image\/jpeg\" \/>\n<meta name=\"author\" content=\"MED-EL\" \/>\n<meta name=\"twitter:card\" content=\"summary_large_image\" \/>\n<meta name=\"twitter:label1\" content=\"Yazan:\" \/>\n\t<meta name=\"twitter:data1\" content=\"MED-EL\" \/>\n\t<meta name=\"twitter:label2\" content=\"Tahmini okuma s\u00fcresi\" \/>\n\t<meta name=\"twitter:data2\" content=\"4 dakika\" \/>\n<script type=\"application\/ld+json\" class=\"yoast-schema-graph\">{\"@context\":\"https:\\\/\\\/schema.org\",\"@graph\":[{\"@type\":\"Article\",\"@id\":\"https:\\\/\\\/blog.medel.com\\\/tr\\\/ipuclari-ve-puf-noktalari\\\/ipuclari-ve-puf-noktalari-yetiskinler-icin\\\/implant-kullanicilarinin-kendini-savunmalarina-yardimci-olacak-8-ipucu\\\/#article\",\"isPartOf\":{\"@id\":\"https:\\\/\\\/blog.medel.com\\\/tr\\\/ipuclari-ve-puf-noktalari\\\/ipuclari-ve-puf-noktalari-yetiskinler-icin\\\/implant-kullanicilarinin-kendini-savunmalarina-yardimci-olacak-8-ipucu\\\/\"},\"author\":{\"name\":\"MED-EL\",\"@id\":\"https:\\\/\\\/blog.medel.com\\\/tr\\\/#\\\/schema\\\/person\\\/9f8dcfb27ec87796d874e021602c56e2\"},\"headline\":\"\u0130mplant Kullan\u0131c\u0131lar\u0131n\u0131n Kendini Savunmalar\u0131na Yard\u0131mc\u0131 Olacak 8 \u0130pucu\",\"datePublished\":\"2022-04-29T13:19:37+00:00\",\"dateModified\":\"2023-03-15T14:34:51+00:00\",\"mainEntityOfPage\":{\"@id\":\"https:\\\/\\\/blog.medel.com\\\/tr\\\/ipuclari-ve-puf-noktalari\\\/ipuclari-ve-puf-noktalari-yetiskinler-icin\\\/implant-kullanicilarinin-kendini-savunmalarina-yardimci-olacak-8-ipucu\\\/\"},\"wordCount\":739,\"commentCount\":0,\"publisher\":{\"@id\":\"https:\\\/\\\/blog.medel.com\\\/tr\\\/#organization\"},\"image\":{\"@id\":\"https:\\\/\\\/blog.medel.com\\\/tr\\\/ipuclari-ve-puf-noktalari\\\/ipuclari-ve-puf-noktalari-yetiskinler-icin\\\/implant-kullanicilarinin-kendini-savunmalarina-yardimci-olacak-8-ipucu\\\/#primaryimage\"},\"thumbnailUrl\":\"https:\\\/\\\/blog.medel.com\\\/wp-content\\\/uploads\\\/2023\\\/03\\\/self-advocacy1-1.jpg\",\"articleSection\":[\"Yeti\u015fkinler i\u00e7in\"],\"inLanguage\":\"tr\",\"potentialAction\":[{\"@type\":\"CommentAction\",\"name\":\"Comment\",\"target\":[\"https:\\\/\\\/blog.medel.com\\\/tr\\\/ipuclari-ve-puf-noktalari\\\/ipuclari-ve-puf-noktalari-yetiskinler-icin\\\/implant-kullanicilarinin-kendini-savunmalarina-yardimci-olacak-8-ipucu\\\/#respond\"]}]},{\"@type\":\"WebPage\",\"@id\":\"https:\\\/\\\/blog.medel.com\\\/tr\\\/ipuclari-ve-puf-noktalari\\\/ipuclari-ve-puf-noktalari-yetiskinler-icin\\\/implant-kullanicilarinin-kendini-savunmalarina-yardimci-olacak-8-ipucu\\\/\",\"url\":\"https:\\\/\\\/blog.medel.com\\\/tr\\\/ipuclari-ve-puf-noktalari\\\/ipuclari-ve-puf-noktalari-yetiskinler-icin\\\/implant-kullanicilarinin-kendini-savunmalarina-yardimci-olacak-8-ipucu\\\/\",\"name\":\"\u0130mplant Kullan\u0131c\u0131lar\u0131n\u0131n Kendini Savunmalar\u0131na Yard\u0131mc\u0131 Olacak 8 \u0130pucu - The MED-EL Blog\",\"isPartOf\":{\"@id\":\"https:\\\/\\\/blog.medel.com\\\/tr\\\/#website\"},\"primaryImageOfPage\":{\"@id\":\"https:\\\/\\\/blog.medel.com\\\/tr\\\/ipuclari-ve-puf-noktalari\\\/ipuclari-ve-puf-noktalari-yetiskinler-icin\\\/implant-kullanicilarinin-kendini-savunmalarina-yardimci-olacak-8-ipucu\\\/#primaryimage\"},\"image\":{\"@id\":\"https:\\\/\\\/blog.medel.com\\\/tr\\\/ipuclari-ve-puf-noktalari\\\/ipuclari-ve-puf-noktalari-yetiskinler-icin\\\/implant-kullanicilarinin-kendini-savunmalarina-yardimci-olacak-8-ipucu\\\/#primaryimage\"},\"thumbnailUrl\":\"https:\\\/\\\/blog.medel.com\\\/wp-content\\\/uploads\\\/2023\\\/03\\\/self-advocacy1-1.jpg\",\"datePublished\":\"2022-04-29T13:19:37+00:00\",\"dateModified\":\"2023-03-15T14:34:51+00:00\",\"breadcrumb\":{\"@id\":\"https:\\\/\\\/blog.medel.com\\\/tr\\\/ipuclari-ve-puf-noktalari\\\/ipuclari-ve-puf-noktalari-yetiskinler-icin\\\/implant-kullanicilarinin-kendini-savunmalarina-yardimci-olacak-8-ipucu\\\/#breadcrumb\"},\"inLanguage\":\"tr\",\"potentialAction\":[{\"@type\":\"ReadAction\",\"target\":[\"https:\\\/\\\/blog.medel.com\\\/tr\\\/ipuclari-ve-puf-noktalari\\\/ipuclari-ve-puf-noktalari-yetiskinler-icin\\\/implant-kullanicilarinin-kendini-savunmalarina-yardimci-olacak-8-ipucu\\\/\"]}]},{\"@type\":\"ImageObject\",\"inLanguage\":\"tr\",\"@id\":\"https:\\\/\\\/blog.medel.com\\\/tr\\\/ipuclari-ve-puf-noktalari\\\/ipuclari-ve-puf-noktalari-yetiskinler-icin\\\/implant-kullanicilarinin-kendini-savunmalarina-yardimci-olacak-8-ipucu\\\/#primaryimage\",\"url\":\"https:\\\/\\\/blog.medel.com\\\/wp-content\\\/uploads\\\/2023\\\/03\\\/self-advocacy1-1.jpg\",\"contentUrl\":\"https:\\\/\\\/blog.medel.com\\\/wp-content\\\/uploads\\\/2023\\\/03\\\/self-advocacy1-1.jpg\",\"width\":800,\"height\":400},{\"@type\":\"BreadcrumbList\",\"@id\":\"https:\\\/\\\/blog.medel.com\\\/tr\\\/ipuclari-ve-puf-noktalari\\\/ipuclari-ve-puf-noktalari-yetiskinler-icin\\\/implant-kullanicilarinin-kendini-savunmalarina-yardimci-olacak-8-ipucu\\\/#breadcrumb\",\"itemListElement\":[{\"@type\":\"ListItem\",\"position\":1,\"name\":\"Home\",\"item\":\"https:\\\/\\\/blog.medel.com\\\/\"},{\"@type\":\"ListItem\",\"position\":2,\"name\":\"\u0130mplant Kullan\u0131c\u0131lar\u0131n\u0131n Kendini Savunmalar\u0131na Yard\u0131mc\u0131 Olacak 8 \u0130pucu\"}]},{\"@type\":\"WebSite\",\"@id\":\"https:\\\/\\\/blog.medel.com\\\/tr\\\/#website\",\"url\":\"https:\\\/\\\/blog.medel.com\\\/tr\\\/\",\"name\":\"The MED-EL Blog\",\"description\":\"\",\"publisher\":{\"@id\":\"https:\\\/\\\/blog.medel.com\\\/tr\\\/#organization\"},\"potentialAction\":[{\"@type\":\"SearchAction\",\"target\":{\"@type\":\"EntryPoint\",\"urlTemplate\":\"https:\\\/\\\/blog.medel.com\\\/tr\\\/?s={search_term_string}\"},\"query-input\":{\"@type\":\"PropertyValueSpecification\",\"valueRequired\":true,\"valueName\":\"search_term_string\"}}],\"inLanguage\":\"tr\"},{\"@type\":\"Organization\",\"@id\":\"https:\\\/\\\/blog.medel.com\\\/tr\\\/#organization\",\"name\":\"The MED-EL Blog\",\"url\":\"https:\\\/\\\/blog.medel.com\\\/tr\\\/\",\"logo\":{\"@type\":\"ImageObject\",\"inLanguage\":\"tr\",\"@id\":\"https:\\\/\\\/blog.medel.com\\\/tr\\\/#\\\/schema\\\/logo\\\/image\\\/\",\"url\":\"https:\\\/\\\/blog.medel.com\\\/wp-content\\\/uploads\\\/2023\\\/02\\\/MED-EL_logo_L2.png\",\"contentUrl\":\"https:\\\/\\\/blog.medel.com\\\/wp-content\\\/uploads\\\/2023\\\/02\\\/MED-EL_logo_L2.png\",\"width\":443,\"height\":200,\"caption\":\"The MED-EL Blog\"},\"image\":{\"@id\":\"https:\\\/\\\/blog.medel.com\\\/tr\\\/#\\\/schema\\\/logo\\\/image\\\/\"}},{\"@type\":\"Person\",\"@id\":\"https:\\\/\\\/blog.medel.com\\\/tr\\\/#\\\/schema\\\/person\\\/9f8dcfb27ec87796d874e021602c56e2\",\"name\":\"MED-EL\",\"sameAs\":[\"https:\\\/\\\/www.medel.com\"]}]}<\/script>\n<!-- \/ Yoast SEO plugin. -->","yoast_head_json":{"title":"\u0130mplant Kullan\u0131c\u0131lar\u0131n\u0131n Kendini Savunmalar\u0131na Yard\u0131mc\u0131 Olacak 8 \u0130pucu - The MED-EL Blog","robots":{"index":"index","follow":"follow","max-snippet":"max-snippet:-1","max-image-preview":"max-image-preview:large","max-video-preview":"max-video-preview:-1"},"canonical":"https:\/\/blog.medel.com\/tr\/ipuclari-ve-puf-noktalari\/ipuclari-ve-puf-noktalari-yetiskinler-icin\/implant-kullanicilarinin-kendini-savunmalarina-yardimci-olacak-8-ipucu\/","og_locale":"tr_TR","og_type":"article","og_title":"\u0130mplant Kullan\u0131c\u0131lar\u0131n\u0131n Kendini Savunmalar\u0131na Yard\u0131mc\u0131 Olacak 8 \u0130pucu - The MED-EL Blog","og_description":"Kendinizi savunmak, ihtiya\u00e7lar\u0131n\u0131z\u0131n, taleplerinizin ve duygular\u0131n\u0131z\u0131n fark\u0131nda olmak ve bunlar\u0131 ba\u015fkalar\u0131na etkili bir \u015fekilde iletebilmektir. \u0130stedi\u011finizi ve ihtiyac\u0131n\u0131z olan\u0131 elde etmek i\u00e7in kendi ad\u0131n\u0131za konu\u015fma becerisi, g\u00fcnl\u00fck ya\u015famda ve \u00e7evrenizdeki ki\u015filerle ileti\u015fim kurarken kendinizi daha g\u00fcvende ve ba\u011f\u0131ms\u0131z hissetmenizi sa\u011flar.","og_url":"https:\/\/blog.medel.com\/tr\/ipuclari-ve-puf-noktalari\/ipuclari-ve-puf-noktalari-yetiskinler-icin\/implant-kullanicilarinin-kendini-savunmalarina-yardimci-olacak-8-ipucu\/","og_site_name":"The MED-EL Blog","article_published_time":"2022-04-29T13:19:37+00:00","article_modified_time":"2023-03-15T14:34:51+00:00","og_image":[{"width":800,"height":400,"url":"https:\/\/blog.medel.com\/wp-content\/uploads\/2023\/03\/self-advocacy1-1.jpg","type":"image\/jpeg"}],"author":"MED-EL","twitter_card":"summary_large_image","twitter_misc":{"Yazan:":"MED-EL","Tahmini okuma s\u00fcresi":"4 dakika"},"schema":{"@context":"https:\/\/schema.org","@graph":[{"@type":"Article","@id":"https:\/\/blog.medel.com\/tr\/ipuclari-ve-puf-noktalari\/ipuclari-ve-puf-noktalari-yetiskinler-icin\/implant-kullanicilarinin-kendini-savunmalarina-yardimci-olacak-8-ipucu\/#article","isPartOf":{"@id":"https:\/\/blog.medel.com\/tr\/ipuclari-ve-puf-noktalari\/ipuclari-ve-puf-noktalari-yetiskinler-icin\/implant-kullanicilarinin-kendini-savunmalarina-yardimci-olacak-8-ipucu\/"},"author":{"name":"MED-EL","@id":"https:\/\/blog.medel.com\/tr\/#\/schema\/person\/9f8dcfb27ec87796d874e021602c56e2"},"headline":"\u0130mplant Kullan\u0131c\u0131lar\u0131n\u0131n Kendini Savunmalar\u0131na Yard\u0131mc\u0131 Olacak 8 \u0130pucu","datePublished":"2022-04-29T13:19:37+00:00","dateModified":"2023-03-15T14:34:51+00:00","mainEntityOfPage":{"@id":"https:\/\/blog.medel.com\/tr\/ipuclari-ve-puf-noktalari\/ipuclari-ve-puf-noktalari-yetiskinler-icin\/implant-kullanicilarinin-kendini-savunmalarina-yardimci-olacak-8-ipucu\/"},"wordCount":739,"commentCount":0,"publisher":{"@id":"https:\/\/blog.medel.com\/tr\/#organization"},"image":{"@id":"https:\/\/blog.medel.com\/tr\/ipuclari-ve-puf-noktalari\/ipuclari-ve-puf-noktalari-yetiskinler-icin\/implant-kullanicilarinin-kendini-savunmalarina-yardimci-olacak-8-ipucu\/#primaryimage"},"thumbnailUrl":"https:\/\/blog.medel.com\/wp-content\/uploads\/2023\/03\/self-advocacy1-1.jpg","articleSection":["Yeti\u015fkinler i\u00e7in"],"inLanguage":"tr","potentialAction":[{"@type":"CommentAction","name":"Comment","target":["https:\/\/blog.medel.com\/tr\/ipuclari-ve-puf-noktalari\/ipuclari-ve-puf-noktalari-yetiskinler-icin\/implant-kullanicilarinin-kendini-savunmalarina-yardimci-olacak-8-ipucu\/#respond"]}]},{"@type":"WebPage","@id":"https:\/\/blog.medel.com\/tr\/ipuclari-ve-puf-noktalari\/ipuclari-ve-puf-noktalari-yetiskinler-icin\/implant-kullanicilarinin-kendini-savunmalarina-yardimci-olacak-8-ipucu\/","url":"https:\/\/blog.medel.com\/tr\/ipuclari-ve-puf-noktalari\/ipuclari-ve-puf-noktalari-yetiskinler-icin\/implant-kullanicilarinin-kendini-savunmalarina-yardimci-olacak-8-ipucu\/","name":"\u0130mplant Kullan\u0131c\u0131lar\u0131n\u0131n Kendini Savunmalar\u0131na Yard\u0131mc\u0131 Olacak 8 \u0130pucu - The MED-EL Blog","isPartOf":{"@id":"https:\/\/blog.medel.com\/tr\/#website"},"primaryImageOfPage":{"@id":"https:\/\/blog.medel.com\/tr\/ipuclari-ve-puf-noktalari\/ipuclari-ve-puf-noktalari-yetiskinler-icin\/implant-kullanicilarinin-kendini-savunmalarina-yardimci-olacak-8-ipucu\/#primaryimage"},"image":{"@id":"https:\/\/blog.medel.com\/tr\/ipuclari-ve-puf-noktalari\/ipuclari-ve-puf-noktalari-yetiskinler-icin\/implant-kullanicilarinin-kendini-savunmalarina-yardimci-olacak-8-ipucu\/#primaryimage"},"thumbnailUrl":"https:\/\/blog.medel.com\/wp-content\/uploads\/2023\/03\/self-advocacy1-1.jpg","datePublished":"2022-04-29T13:19:37+00:00","dateModified":"2023-03-15T14:34:51+00:00","breadcrumb":{"@id":"https:\/\/blog.medel.com\/tr\/ipuclari-ve-puf-noktalari\/ipuclari-ve-puf-noktalari-yetiskinler-icin\/implant-kullanicilarinin-kendini-savunmalarina-yardimci-olacak-8-ipucu\/#breadcrumb"},"inLanguage":"tr","potentialAction":[{"@type":"ReadAction","target":["https:\/\/blog.medel.com\/tr\/ipuclari-ve-puf-noktalari\/ipuclari-ve-puf-noktalari-yetiskinler-icin\/implant-kullanicilarinin-kendini-savunmalarina-yardimci-olacak-8-ipucu\/"]}]},{"@type":"ImageObject","inLanguage":"tr","@id":"https:\/\/blog.medel.com\/tr\/ipuclari-ve-puf-noktalari\/ipuclari-ve-puf-noktalari-yetiskinler-icin\/implant-kullanicilarinin-kendini-savunmalarina-yardimci-olacak-8-ipucu\/#primaryimage","url":"https:\/\/blog.medel.com\/wp-content\/uploads\/2023\/03\/self-advocacy1-1.jpg","contentUrl":"https:\/\/blog.medel.com\/wp-content\/uploads\/2023\/03\/self-advocacy1-1.jpg","width":800,"height":400},{"@type":"BreadcrumbList","@id":"https:\/\/blog.medel.com\/tr\/ipuclari-ve-puf-noktalari\/ipuclari-ve-puf-noktalari-yetiskinler-icin\/implant-kullanicilarinin-kendini-savunmalarina-yardimci-olacak-8-ipucu\/#breadcrumb","itemListElement":[{"@type":"ListItem","position":1,"name":"Home","item":"https:\/\/blog.medel.com\/"},{"@type":"ListItem","position":2,"name":"\u0130mplant Kullan\u0131c\u0131lar\u0131n\u0131n Kendini Savunmalar\u0131na Yard\u0131mc\u0131 Olacak 8 \u0130pucu"}]},{"@type":"WebSite","@id":"https:\/\/blog.medel.com\/tr\/#website","url":"https:\/\/blog.medel.com\/tr\/","name":"The MED-EL Blog","description":"","publisher":{"@id":"https:\/\/blog.medel.com\/tr\/#organization"},"potentialAction":[{"@type":"SearchAction","target":{"@type":"EntryPoint","urlTemplate":"https:\/\/blog.medel.com\/tr\/?s={search_term_string}"},"query-input":{"@type":"PropertyValueSpecification","valueRequired":true,"valueName":"search_term_string"}}],"inLanguage":"tr"},{"@type":"Organization","@id":"https:\/\/blog.medel.com\/tr\/#organization","name":"The MED-EL Blog","url":"https:\/\/blog.medel.com\/tr\/","logo":{"@type":"ImageObject","inLanguage":"tr","@id":"https:\/\/blog.medel.com\/tr\/#\/schema\/logo\/image\/","url":"https:\/\/blog.medel.com\/wp-content\/uploads\/2023\/02\/MED-EL_logo_L2.png","contentUrl":"https:\/\/blog.medel.com\/wp-content\/uploads\/2023\/02\/MED-EL_logo_L2.png","width":443,"height":200,"caption":"The MED-EL Blog"},"image":{"@id":"https:\/\/blog.medel.com\/tr\/#\/schema\/logo\/image\/"}},{"@type":"Person","@id":"https:\/\/blog.medel.com\/tr\/#\/schema\/person\/9f8dcfb27ec87796d874e021602c56e2","name":"MED-EL","sameAs":["https:\/\/www.medel.com"]}]}},"_links":{"self":[{"href":"https:\/\/blog.medel.com\/tr\/wp-json\/wp\/v2\/posts\/46156","targetHints":{"allow":["GET"]}}],"collection":[{"href":"https:\/\/blog.medel.com\/tr\/wp-json\/wp\/v2\/posts"}],"about":[{"href":"https:\/\/blog.medel.com\/tr\/wp-json\/wp\/v2\/types\/post"}],"author":[{"embeddable":true,"href":"https:\/\/blog.medel.com\/tr\/wp-json\/wp\/v2\/users\/8"}],"replies":[{"embeddable":true,"href":"https:\/\/blog.medel.com\/tr\/wp-json\/wp\/v2\/comments?post=46156"}],"version-history":[{"count":1,"href":"https:\/\/blog.medel.com\/tr\/wp-json\/wp\/v2\/posts\/46156\/revisions"}],"predecessor-version":[{"id":71954,"href":"https:\/\/blog.medel.com\/tr\/wp-json\/wp\/v2\/posts\/46156\/revisions\/71954"}],"wp:featuredmedia":[{"embeddable":true,"href":"https:\/\/blog.medel.com\/tr\/wp-json\/wp\/v2\/media\/71955"}],"wp:attachment":[{"href":"https:\/\/blog.medel.com\/tr\/wp-json\/wp\/v2\/media?parent=46156"}],"wp:term":[{"taxonomy":"category","embeddable":true,"href":"https:\/\/blog.medel.com\/tr\/wp-json\/wp\/v2\/categories?post=46156"},{"taxonomy":"post_tag","embeddable":true,"href":"https:\/\/blog.medel.com\/tr\/wp-json\/wp\/v2\/tags?post=46156"}],"curies":[{"name":"wp","href":"https:\/\/api.w.org\/{rel}","templated":true}]}}