{"id":46106,"date":"2021-03-09T06:27:57","date_gmt":"2021-03-09T06:27:57","guid":{"rendered":"https:\/\/blog.medel.com\/uncategorized-tr\/uluslararasi-bilimde-kadin-ve-kiz-cocuklari-gunu-med-elin-yetenekli-kadinlariyla-tanisin\/"},"modified":"2023-03-15T14:34:55","modified_gmt":"2023-03-15T14:34:55","slug":"uluslararasi-bilimde-kadin-ve-kiz-cocuklari-gunu-med-elin-yetenekli-kadinlariyla-tanisin","status":"publish","type":"post","link":"https:\/\/blog.medel.com\/tr\/teknoloji\/uluslararasi-bilimde-kadin-ve-kiz-cocuklari-gunu-med-elin-yetenekli-kadinlariyla-tanisin\/","title":{"rendered":"Uluslararas\u0131 Bilimde Kad\u0131n ve K\u0131z \u00c7ocuklar\u0131 G\u00fcn\u00fc: MED-EL\u2019in Yetenekli Kad\u0131nlar\u0131yla Tan\u0131\u015f\u0131n"},"content":{"rendered":"<p>11 \u015eubat&#8217;\u0131n Uluslararas\u0131 Bilimde Kad\u0131n ve K\u0131z \u00c7ocuklar\u0131 G\u00fcn\u00fc oldu\u011funu biliyor muydunuz? Bu \u00f6zel g\u00fcn\u00fcn \u015ferefine, bug\u00fcnk\u00fc blog yaz\u0131s\u0131nda size Avusturya&#8217;daki MED-EL Genel Merkezi&#8217;nin perde arkas\u0131na bir g\u00f6z atacak ve burada \u00e7al\u0131\u015fan baz\u0131 yetenekli kad\u0131nlar\u0131 tan\u0131taca\u011f\u0131z.<\/p>\n<p>Innsbruck&#8217;taki merkezimizde 50&#8217;den fazla \u00fclkeden insan \u00e7al\u0131\u015f\u0131yor. \u00c7e\u015fitli alanlardan ve k\u00fclt\u00fcrlerden bilgi ve deneyimleri bir araya getirerek MED-EL&#8217;i \u00e7al\u0131\u015fmak i\u00e7in heyecan verici bir yer haline getiriyorlar. D\u00fcnyan\u0131n \u00e7e\u015fitli yerlerinden 6 kad\u0131nla tan\u0131\u015f\u0131n, bilimsel bilgi ve becerilerini MED-EL&#8217;deki i\u015flerinde nas\u0131l kulland\u0131klar\u0131n\u0131 ke\u015ffedin.<\/p>\n<h3>Marcela, \u0130leri T\u0131p \/ Cerrahi Uzman\u0131, Ara\u015ft\u0131rma ve Geli\u015ftirme<\/h3>\n<p><img loading=\"lazy\" decoding=\"async\" class=\"size-medium wp-image-32554 alignleft\" src=\"https:\/\/blog.medel.com\/wp-content\/uploads\/2021\/03\/marcela-300x300.jpg\" alt=\"\" width=\"300\" height=\"300\" \/>&#8220;Ya\u015fam kalitesini iyile\u015ftirme hedefine sahip bir ekibin par\u00e7as\u0131 olma f\u0131rsat\u0131na sahip olmak&#8221; &#8211; bu Marcela&#8217;n\u0131n MED-EL&#8217;de \u00e7al\u0131\u015fmakla ilgili en sevdi\u011fi \u015fey. Meksika&#8217;da do\u011fdu, MED-EL ailesine kat\u0131lmadan \u00f6nce ABD&#8217;deki John Hopkins \u00dcniversitesi&#8217;nde doktorluk e\u011fitimi ald\u0131.<\/p>\n<p>Bug\u00fcn Innsbruck&#8217;taki merkezimizde Ara\u015ft\u0131rma ve Geli\u015ftirme ekibinin bir par\u00e7as\u0131, t\u0131p ve cerrahi uzman\u0131 olarak \u00e7al\u0131\u015f\u0131yor. G\u00fcnl\u00fck \u00e7al\u0131\u015fmas\u0131 olarak, d\u00fcnyan\u0131n d\u00f6rt bir yan\u0131ndan i\u015fitme uzmanlar\u0131na koklear implant cerrahisini \u00f6\u011fretmektir. Ayn\u0131 zamanda i\u015fitme \u00e7\u00f6z\u00fcmlerimizin kullan\u0131c\u0131lar\u0131yla tan\u0131\u015fmaktan da ho\u015flan\u0131yor. Bu foto\u011frafta, \u0130spanya&#8217;dan ideas4ears kazanan\u0131 Fernando&#8217;ya implantlar\u0131m\u0131zdan birini g\u00f6steriyor.<\/p>\n<h3>Wilnelia, T\u0131p Yazar\u0131, Klinik Ara\u015ft\u0131rma<img loading=\"lazy\" decoding=\"async\" class=\"size-medium wp-image-32562 alignright\" src=\"https:\/\/blog.medel.com\/wp-content\/uploads\/2021\/03\/wilnelia-300x300.jpg\" alt=\"\" width=\"300\" height=\"300\" \/><\/h3>\n<p>Klinik Ara\u015ft\u0131rma departman\u0131m\u0131zdaki t\u0131p yazar\u0131 Wilnelia ile tan\u0131\u015f\u0131n. Aslen Cape Town, G\u00fcney Afrika&#8217;dan, iki y\u0131ld\u0131r Innsbruck&#8217;ta MED-EL&#8217;de \u00e7al\u0131\u015f\u0131yor.<\/p>\n<p>Astrofizik alan\u0131nda y\u00fcksek lisans derecesine sahip olan Wilnelia, MED-EL&#8217;de \u00e7al\u0131\u015fmak konusunda en \u00e7ok neyi seviyor? &#8220;MED-EL, insanlar\u0131n ya\u015famlar\u0131n\u0131 iyile\u015ftirmeye olan ba\u011fl\u0131l\u0131\u011f\u0131yla bilinir. Hepsi ayn\u0131 hedefi payla\u015fan, farkl\u0131 bilimsel ge\u00e7mi\u015flere sahip yenilik\u00e7i insanlarla \u00e7evrili olmak heyecan verici.&#8221;<\/p>\n<p>\u201cBilim adamlar\u0131na, cerrahlara ve klinisyenlere i\u015fitme kayb\u0131n\u0131n \u00e7e\u015fitli y\u00f6nleri hakk\u0131nda bilimsel makaleler yazmalar\u0131 ve bunlar\u0131 d\u00fczenlemeleri i\u00e7in yard\u0131m ediyorum. Bu makaleler, meslekta\u015flar\u0131m\u0131n ve akranlar\u0131n\u0131n okudu\u011fu uluslararas\u0131 dergilerde yay\u0131nlan\u0131yor; ara\u015ft\u0131rma sonu\u00e7lar\u0131 bilim camias\u0131nda bu \u015fekilde payla\u015f\u0131l\u0131yor. Uzmanlar\u0131n koklear implantlar\u0131m\u0131z ile ilgili yeni fikirler ve daha iyi teknolojileri geli\u015ftirmelerine yard\u0131mc\u0131 oluyor. Bir t\u0131p yazar\u0131 olarak, bilimsel sonu\u00e7lar\u0131 net, do\u011fru ve etkili bir \u015fekilde iletmek i\u00e7in ayr\u0131nt\u0131lara dikkat etmeye ve yazma becerilerine ihtiyac\u0131m var \u201d, diye Wilnelia g\u00fcnl\u00fck \u00e7al\u0131\u015fmalar\u0131n\u0131 anlat\u0131yor.<\/p>\n<h3>Arpitha, Uzman, Ruhsatland\u0131rma \u0130\u015fleri<\/h3>\n<p><img loading=\"lazy\" decoding=\"async\" class=\"size-medium wp-image-32570 alignleft\" src=\"https:\/\/blog.medel.com\/wp-content\/uploads\/2021\/03\/arpitha-300x300.jpg\" alt=\"\" width=\"300\" height=\"300\" \/>Hindistan&#8217;dan Arpitha, biyomedikal m\u00fchendisli\u011fi alan\u0131nda lisans ve y\u00fcksek lisans derecesine sahip ve \u00fc\u00e7 y\u0131ld\u0131r Ruhsatland\u0131rma \u0130\u015fleri departman\u0131m\u0131zda \u00e7al\u0131\u015f\u0131yor. \u0130\u015fitme implant\u0131 teknolojisine olan ilgisinin ki\u015fisel nedenleri de var:<\/p>\n<p>Ye\u011fenim koklear implant kullan\u0131c\u0131s\u0131. Bu ona b\u00fcy\u00fck fayda sa\u011flad\u0131 ve hayat\u0131n\u0131 de\u011fi\u015ftirdi. Bu nedenle, MED-EL&#8217;in \u00fcr\u00fcnleri, d\u00fczenleyici i\u015flere olan ilgimle birlikte, burada bir i\u015f ba\u015fvurusunda bulunmam\u0131n sebebiydi \u201ddiyor.<\/p>\n<p>G\u00fcnl\u00fck i\u015fleri MED-EL \u00fcr\u00fcnlerinin uluslararas\u0131 d\u00fczenleyici kurumlara, \u00f6rn. FDA veya Health Canada ve di\u011fer faaliyetlerde yeni \u00fcr\u00fcnler geli\u015ftirmek ve mevcut \u00fcr\u00fcnlerin d\u00fczenlenmesini s\u00fcrd\u00fcrmek. Ayr\u0131ca i\u015finin bir\u00e7ok insan i\u00e7in bir fark yaratt\u0131\u011f\u0131n\u0131 biliyor: \u201c\u00dcr\u00fcnlerimizin uluslararas\u0131 d\u00fczenleyici kurumlar taraf\u0131ndan onaylanmas\u0131n\u0131 sa\u011flayarak, hayat de\u011fi\u015ftiren \u00fcr\u00fcnlerimizi d\u00fcnyan\u0131n farkl\u0131 yerlerinde kullan\u0131ma sunman\u0131n bir par\u00e7as\u0131 oluyorum. Bu \u015fekilde, bu \u00fclkelerdeki i\u015fitme kayb\u0131 olan ki\u015filere yard\u0131m etmede \u00fczerime d\u00fc\u015feni yapabiliyorum.&#8221;<\/p>\n<h3>Ellyce, Y\u00fcksek M\u00fchendis, Ara\u015ft\u0131rma ve Geli\u015ftirme<img loading=\"lazy\" decoding=\"async\" class=\"size-medium wp-image-32578 alignright\" src=\"https:\/\/blog.medel.com\/wp-content\/uploads\/2021\/03\/ellyce-300x300.jpg\" alt=\"\" width=\"300\" height=\"300\" \/><\/h3>\n<p>Ara\u015ft\u0131rma ve Geli\u015ftirme Departman\u0131ndaki y\u00fcksek m\u00fchendislerimizden biri olan Ellyce ile tan\u0131\u015f\u0131n. Aslen Yeni Zelanda&#8217;dan, yeni implantlar\u0131n veya yeni \u00f6zelliklerin hasta g\u00fcvenli\u011fini nas\u0131l etkileyebilece\u011fini test etmek i\u00e7in MRG ortam\u0131n\u0131 destekleyen sim\u00fclasyonlar ger\u00e7ekle\u015ftiriyor.<\/p>\n<p>\u201cTan\u0131sal MRG kullan\u0131m\u0131 artt\u0131k\u00e7a, hastalar\u0131n implantlar\u0131 nedeniyle bu t\u00fcr teknolojilerden mahrum kalmamas\u0131 \u00f6nemlidir. Daha g\u00fc\u00e7l\u00fc ve daha karma\u015f\u0131k MRG taray\u0131c\u0131lar\u0131na y\u00f6nelik ara\u015ft\u0131rmalar \u00e7ok aktif ve hastalar\u0131m\u0131z\u0131n bunlara eri\u015fmeye devam etmesini sa\u011flamak i\u00e7in bu yeniliklere ayak uydurabilmeyi d\u00f6rt g\u00f6zle bekliyorum.&#8221;<\/p>\n<h3>Jone, Geri \u00d6deme ve Sa\u011fl\u0131k Teknolojisi De\u011ferlendirme Ba\u015fkan\u0131<\/h3>\n<p><img loading=\"lazy\" decoding=\"async\" class=\"size-medium wp-image-32586 alignleft\" src=\"https:\/\/blog.medel.com\/wp-content\/uploads\/2021\/03\/jone-300x300.jpg\" alt=\"\" width=\"300\" height=\"300\" \/>Geri \u00d6deme ve Sa\u011fl\u0131k Teknolojisi De\u011ferlendirme ekibinin ba\u015fkan\u0131 Jone ile tan\u0131\u015f\u0131n. Aslen Litvanya&#8217;l\u0131d\u0131r. 2014 y\u0131l\u0131ndan beri Innsbruck merkezimizde \u00e7al\u0131\u015fmaktad\u0131r. Peki Geri \u00d6deme ve Sa\u011fl\u0131k Teknolojisi ekibi ne yapar? \u201cEkibim ve ben d\u00fcnya \u00e7ap\u0131nda geri \u00f6deme ba\u015fvurular\u0131 haz\u0131rl\u0131yoruz ve \u00f6deme yapan \/ sigorta g\u00f6r\u00fc\u015fmelerinde yerel ekipleri destekliyoruz. M\u00fc\u015fteri taraf\u0131ndan kaynak eksikli\u011fi, i\u015fitme implantlar\u0131na eri\u015fimlerini asla engellememelidir &#8211; mevcut ve yeni \u00fcr\u00fcnlerimizin d\u00fcnya \u00e7ap\u0131ndaki t\u00fcm hasta gruplar\u0131 i\u00e7in eri\u015filebilir olmas\u0131n\u0131 sa\u011flamak, yapt\u0131\u011f\u0131m\u0131z i\u015fin temel ta\u015f\u0131d\u0131r &#8220;diye a\u00e7\u0131kl\u0131yor g\u00fcnl\u00fck i\u015fleriyle ilgili olarak.<\/p>\n<p>Jone i\u00e7in MED-EL&#8217;de \u00e7al\u0131\u015fman\u0131n en iyi yan\u0131 nedir? &#8220;\u00dcr\u00fcnlerimizin kalitesi, sa\u011flanan hizmetleri ve birinci s\u0131n\u0131f ara\u015ft\u0131rma projelerinin bir par\u00e7as\u0131 olmak i\u00e7in her zaman fazladan \u00e7aba sarf eden meslekta\u015flar,&#8221; diyor. \u00d6zellikle MED-EL i\u015fitme \u00e7\u00f6z\u00fcmlerimizin kullan\u0131c\u0131lar\u0131yla tan\u0131\u015f\u0131rken, i\u015finin di\u011fer insanlar\u0131n hayatlar\u0131nda bir fark yaratt\u0131\u011f\u0131n\u0131 biliyor: Koklear implant kullan\u0131c\u0131lar\u0131m\u0131zla tan\u0131\u015fmak ve implantlar\u0131n\u0131n hayatlar\u0131n\u0131 ne kadar de\u011fi\u015ftirdi\u011fini duymak \u2013 ofiste ge\u00e7en her uzun g\u00fcne de\u011fer .&#8221;<\/p>\n<h3>Julia, M\u00fchendis, Ara\u015ft\u0131rma ve Geli\u015ftirme<img loading=\"lazy\" decoding=\"async\" class=\"size-medium wp-image-32594 alignright\" src=\"https:\/\/blog.medel.com\/wp-content\/uploads\/2021\/03\/julia-300x300.jpg\" alt=\"\" width=\"300\" height=\"300\" \/><\/h3>\n<p>Avusturya&#8217;dan Julia fizik alan\u0131nda doktora derecesine sahip ve neredeyse \u00fc\u00e7 y\u0131ld\u0131r MED-EL&#8217;de \u00e7al\u0131\u015f\u0131yor. Innsbruck&#8217;taki merkezimizde Ara\u015ft\u0131rma ve Geli\u015ftirme departman\u0131nda m\u00fchendis olarak \u00e7al\u0131\u015f\u0131yor ve MRG g\u00fcvenlik grubunun bir par\u00e7as\u0131. Bu, MED-EL implantlar\u0131 olan hastalar\u0131n g\u00fcvenli bir \u015fekilde MRG taramas\u0131na girebilmelerini sa\u011flamak i\u00e7in farkl\u0131 implant t\u00fcrlerini test etmekten sorumlu olan gruptur.<\/p>\n<p>Neden burada bir i\u015fe ba\u015fvurmaya karar verdi? &#8220;Beni MED-EL&#8217;e \u00e7eken \u015fey, geni\u015f ve son derece ilgin\u00e7 \u00fcr\u00fcn portf\u00f6y\u00fc, geni\u015f ara\u015ft\u0131rma departman\u0131 ve insanlar\u0131n bana anlatt\u0131\u011f\u0131 ba\u015far\u0131l\u0131 bir uluslararas\u0131 \u00e7al\u0131\u015fma ortam\u0131&#8221; diyor. &#8220;Ayr\u0131ca \u015firketi ba\u015far\u0131l\u0131 \u015fekilde kuran ve y\u00f6netenin bir kad\u0131n olmas\u0131 ger\u00e7e\u011fini ger\u00e7ekten seviyorum.&#8221;<\/p>\n<p>&nbsp;<\/p>\n","protected":false},"excerpt":{"rendered":"<p>11 \u015eubat&#8217;\u0131n Uluslararas\u0131 Bilimde Kad\u0131n ve K\u0131z \u00c7ocuklar\u0131 G\u00fcn\u00fc oldu\u011funu biliyor muydunuz? Bu \u00f6zel g\u00fcn\u00fcn \u015ferefine, bug\u00fcnk\u00fc blog yaz\u0131s\u0131nda size Avusturya&#8217;daki MED-EL Genel Merkezi&#8217;nin perde arkas\u0131na bir g\u00f6z atacak ve burada \u00e7al\u0131\u015fan baz\u0131 yetenekli kad\u0131nlar\u0131 tan\u0131taca\u011f\u0131z.<\/p>\n","protected":false},"author":8,"featured_media":71729,"comment_status":"open","ping_status":"open","sticky":false,"template":"","format":"standard","meta":{"footnotes":""},"categories":[3238],"tags":[],"class_list":["post-46106","post","type-post","status-publish","format-standard","has-post-thumbnail","hentry","category-teknoloji"],"yoast_head":"<!-- This site is optimized with the Yoast SEO plugin v27.4 - https:\/\/yoast.com\/product\/yoast-seo-wordpress\/ -->\n<title>Uluslararas\u0131 Bilimde Kad\u0131n ve K\u0131z \u00c7ocuklar\u0131 G\u00fcn\u00fc: MED-EL\u2019in Yetenekli Kad\u0131nlar\u0131yla Tan\u0131\u015f\u0131n - The MED-EL Blog<\/title>\n<meta name=\"robots\" content=\"index, follow, max-snippet:-1, max-image-preview:large, max-video-preview:-1\" \/>\n<link rel=\"canonical\" href=\"https:\/\/blog.medel.com\/tr\/teknoloji\/uluslararasi-bilimde-kadin-ve-kiz-cocuklari-gunu-med-elin-yetenekli-kadinlariyla-tanisin\/\" \/>\n<meta property=\"og:locale\" content=\"tr_TR\" \/>\n<meta property=\"og:type\" content=\"article\" \/>\n<meta property=\"og:title\" content=\"Uluslararas\u0131 Bilimde Kad\u0131n ve K\u0131z \u00c7ocuklar\u0131 G\u00fcn\u00fc: MED-EL\u2019in Yetenekli Kad\u0131nlar\u0131yla Tan\u0131\u015f\u0131n - The MED-EL Blog\" \/>\n<meta property=\"og:description\" content=\"11 \u015eubat&#039;\u0131n Uluslararas\u0131 Bilimde Kad\u0131n ve K\u0131z \u00c7ocuklar\u0131 G\u00fcn\u00fc oldu\u011funu biliyor muydunuz? Bu \u00f6zel g\u00fcn\u00fcn \u015ferefine, bug\u00fcnk\u00fc blog yaz\u0131s\u0131nda size Avusturya&#039;daki MED-EL Genel Merkezi&#039;nin perde arkas\u0131na bir g\u00f6z atacak ve burada \u00e7al\u0131\u015fan baz\u0131 yetenekli kad\u0131nlar\u0131 tan\u0131taca\u011f\u0131z.\" \/>\n<meta property=\"og:url\" content=\"https:\/\/blog.medel.com\/tr\/teknoloji\/uluslararasi-bilimde-kadin-ve-kiz-cocuklari-gunu-med-elin-yetenekli-kadinlariyla-tanisin\/\" \/>\n<meta property=\"og:site_name\" content=\"The MED-EL Blog\" \/>\n<meta property=\"article:published_time\" content=\"2021-03-09T06:27:57+00:00\" \/>\n<meta property=\"article:modified_time\" content=\"2023-03-15T14:34:55+00:00\" \/>\n<meta property=\"og:image\" content=\"https:\/\/blog.medel.com\/wp-content\/uploads\/2023\/03\/international-day-of-women-and-girls-in-science.jpg\" \/>\n\t<meta property=\"og:image:width\" content=\"800\" \/>\n\t<meta property=\"og:image:height\" content=\"400\" \/>\n\t<meta property=\"og:image:type\" content=\"image\/jpeg\" \/>\n<meta name=\"author\" content=\"MED-EL\" \/>\n<meta name=\"twitter:card\" content=\"summary_large_image\" \/>\n<meta name=\"twitter:label1\" content=\"Yazan:\" \/>\n\t<meta name=\"twitter:data1\" content=\"MED-EL\" \/>\n\t<meta name=\"twitter:label2\" content=\"Tahmini okuma s\u00fcresi\" \/>\n\t<meta name=\"twitter:data2\" content=\"6 dakika\" \/>\n<script type=\"application\/ld+json\" class=\"yoast-schema-graph\">{\"@context\":\"https:\\\/\\\/schema.org\",\"@graph\":[{\"@type\":\"Article\",\"@id\":\"https:\\\/\\\/blog.medel.com\\\/tr\\\/teknoloji\\\/uluslararasi-bilimde-kadin-ve-kiz-cocuklari-gunu-med-elin-yetenekli-kadinlariyla-tanisin\\\/#article\",\"isPartOf\":{\"@id\":\"https:\\\/\\\/blog.medel.com\\\/tr\\\/teknoloji\\\/uluslararasi-bilimde-kadin-ve-kiz-cocuklari-gunu-med-elin-yetenekli-kadinlariyla-tanisin\\\/\"},\"author\":{\"name\":\"MED-EL\",\"@id\":\"https:\\\/\\\/blog.medel.com\\\/nl\\\/#\\\/schema\\\/person\\\/9f8dcfb27ec87796d874e021602c56e2\"},\"headline\":\"Uluslararas\u0131 Bilimde Kad\u0131n ve K\u0131z \u00c7ocuklar\u0131 G\u00fcn\u00fc: MED-EL\u2019in Yetenekli Kad\u0131nlar\u0131yla Tan\u0131\u015f\u0131n\",\"datePublished\":\"2021-03-09T06:27:57+00:00\",\"dateModified\":\"2023-03-15T14:34:55+00:00\",\"mainEntityOfPage\":{\"@id\":\"https:\\\/\\\/blog.medel.com\\\/tr\\\/teknoloji\\\/uluslararasi-bilimde-kadin-ve-kiz-cocuklari-gunu-med-elin-yetenekli-kadinlariyla-tanisin\\\/\"},\"wordCount\":1154,\"commentCount\":0,\"publisher\":{\"@id\":\"https:\\\/\\\/blog.medel.com\\\/nl\\\/#organization\"},\"image\":{\"@id\":\"https:\\\/\\\/blog.medel.com\\\/tr\\\/teknoloji\\\/uluslararasi-bilimde-kadin-ve-kiz-cocuklari-gunu-med-elin-yetenekli-kadinlariyla-tanisin\\\/#primaryimage\"},\"thumbnailUrl\":\"https:\\\/\\\/blog.medel.com\\\/wp-content\\\/uploads\\\/2023\\\/03\\\/international-day-of-women-and-girls-in-science.jpg\",\"articleSection\":[\"TEKNOLOJ\u0130\"],\"inLanguage\":\"tr\",\"potentialAction\":[{\"@type\":\"CommentAction\",\"name\":\"Comment\",\"target\":[\"https:\\\/\\\/blog.medel.com\\\/tr\\\/teknoloji\\\/uluslararasi-bilimde-kadin-ve-kiz-cocuklari-gunu-med-elin-yetenekli-kadinlariyla-tanisin\\\/#respond\"]}]},{\"@type\":\"WebPage\",\"@id\":\"https:\\\/\\\/blog.medel.com\\\/tr\\\/teknoloji\\\/uluslararasi-bilimde-kadin-ve-kiz-cocuklari-gunu-med-elin-yetenekli-kadinlariyla-tanisin\\\/\",\"url\":\"https:\\\/\\\/blog.medel.com\\\/tr\\\/teknoloji\\\/uluslararasi-bilimde-kadin-ve-kiz-cocuklari-gunu-med-elin-yetenekli-kadinlariyla-tanisin\\\/\",\"name\":\"Uluslararas\u0131 Bilimde Kad\u0131n ve K\u0131z \u00c7ocuklar\u0131 G\u00fcn\u00fc: MED-EL\u2019in Yetenekli Kad\u0131nlar\u0131yla Tan\u0131\u015f\u0131n - The MED-EL Blog\",\"isPartOf\":{\"@id\":\"https:\\\/\\\/blog.medel.com\\\/nl\\\/#website\"},\"primaryImageOfPage\":{\"@id\":\"https:\\\/\\\/blog.medel.com\\\/tr\\\/teknoloji\\\/uluslararasi-bilimde-kadin-ve-kiz-cocuklari-gunu-med-elin-yetenekli-kadinlariyla-tanisin\\\/#primaryimage\"},\"image\":{\"@id\":\"https:\\\/\\\/blog.medel.com\\\/tr\\\/teknoloji\\\/uluslararasi-bilimde-kadin-ve-kiz-cocuklari-gunu-med-elin-yetenekli-kadinlariyla-tanisin\\\/#primaryimage\"},\"thumbnailUrl\":\"https:\\\/\\\/blog.medel.com\\\/wp-content\\\/uploads\\\/2023\\\/03\\\/international-day-of-women-and-girls-in-science.jpg\",\"datePublished\":\"2021-03-09T06:27:57+00:00\",\"dateModified\":\"2023-03-15T14:34:55+00:00\",\"breadcrumb\":{\"@id\":\"https:\\\/\\\/blog.medel.com\\\/tr\\\/teknoloji\\\/uluslararasi-bilimde-kadin-ve-kiz-cocuklari-gunu-med-elin-yetenekli-kadinlariyla-tanisin\\\/#breadcrumb\"},\"inLanguage\":\"tr\",\"potentialAction\":[{\"@type\":\"ReadAction\",\"target\":[\"https:\\\/\\\/blog.medel.com\\\/tr\\\/teknoloji\\\/uluslararasi-bilimde-kadin-ve-kiz-cocuklari-gunu-med-elin-yetenekli-kadinlariyla-tanisin\\\/\"]}]},{\"@type\":\"ImageObject\",\"inLanguage\":\"tr\",\"@id\":\"https:\\\/\\\/blog.medel.com\\\/tr\\\/teknoloji\\\/uluslararasi-bilimde-kadin-ve-kiz-cocuklari-gunu-med-elin-yetenekli-kadinlariyla-tanisin\\\/#primaryimage\",\"url\":\"https:\\\/\\\/blog.medel.com\\\/wp-content\\\/uploads\\\/2023\\\/03\\\/international-day-of-women-and-girls-in-science.jpg\",\"contentUrl\":\"https:\\\/\\\/blog.medel.com\\\/wp-content\\\/uploads\\\/2023\\\/03\\\/international-day-of-women-and-girls-in-science.jpg\",\"width\":800,\"height\":400},{\"@type\":\"BreadcrumbList\",\"@id\":\"https:\\\/\\\/blog.medel.com\\\/tr\\\/teknoloji\\\/uluslararasi-bilimde-kadin-ve-kiz-cocuklari-gunu-med-elin-yetenekli-kadinlariyla-tanisin\\\/#breadcrumb\",\"itemListElement\":[{\"@type\":\"ListItem\",\"position\":1,\"name\":\"Home\",\"item\":\"https:\\\/\\\/blog.medel.com\\\/\"},{\"@type\":\"ListItem\",\"position\":2,\"name\":\"Uluslararas\u0131 Bilimde Kad\u0131n ve K\u0131z \u00c7ocuklar\u0131 G\u00fcn\u00fc: MED-EL\u2019in Yetenekli Kad\u0131nlar\u0131yla Tan\u0131\u015f\u0131n\"}]},{\"@type\":\"WebSite\",\"@id\":\"https:\\\/\\\/blog.medel.com\\\/nl\\\/#website\",\"url\":\"https:\\\/\\\/blog.medel.com\\\/nl\\\/\",\"name\":\"The MED-EL Blog\",\"description\":\"\",\"publisher\":{\"@id\":\"https:\\\/\\\/blog.medel.com\\\/nl\\\/#organization\"},\"potentialAction\":[{\"@type\":\"SearchAction\",\"target\":{\"@type\":\"EntryPoint\",\"urlTemplate\":\"https:\\\/\\\/blog.medel.com\\\/nl\\\/?s={search_term_string}\"},\"query-input\":{\"@type\":\"PropertyValueSpecification\",\"valueRequired\":true,\"valueName\":\"search_term_string\"}}],\"inLanguage\":\"tr\"},{\"@type\":\"Organization\",\"@id\":\"https:\\\/\\\/blog.medel.com\\\/nl\\\/#organization\",\"name\":\"The MED-EL Blog\",\"url\":\"https:\\\/\\\/blog.medel.com\\\/nl\\\/\",\"logo\":{\"@type\":\"ImageObject\",\"inLanguage\":\"tr\",\"@id\":\"https:\\\/\\\/blog.medel.com\\\/nl\\\/#\\\/schema\\\/logo\\\/image\\\/\",\"url\":\"https:\\\/\\\/blog.medel.com\\\/wp-content\\\/uploads\\\/2023\\\/02\\\/MED-EL_logo_L2.png\",\"contentUrl\":\"https:\\\/\\\/blog.medel.com\\\/wp-content\\\/uploads\\\/2023\\\/02\\\/MED-EL_logo_L2.png\",\"width\":443,\"height\":200,\"caption\":\"The MED-EL Blog\"},\"image\":{\"@id\":\"https:\\\/\\\/blog.medel.com\\\/nl\\\/#\\\/schema\\\/logo\\\/image\\\/\"}},{\"@type\":\"Person\",\"@id\":\"https:\\\/\\\/blog.medel.com\\\/nl\\\/#\\\/schema\\\/person\\\/9f8dcfb27ec87796d874e021602c56e2\",\"name\":\"MED-EL\",\"sameAs\":[\"https:\\\/\\\/www.medel.com\"]}]}<\/script>\n<!-- \/ Yoast SEO plugin. -->","yoast_head_json":{"title":"Uluslararas\u0131 Bilimde Kad\u0131n ve K\u0131z \u00c7ocuklar\u0131 G\u00fcn\u00fc: MED-EL\u2019in Yetenekli Kad\u0131nlar\u0131yla Tan\u0131\u015f\u0131n - The MED-EL Blog","robots":{"index":"index","follow":"follow","max-snippet":"max-snippet:-1","max-image-preview":"max-image-preview:large","max-video-preview":"max-video-preview:-1"},"canonical":"https:\/\/blog.medel.com\/tr\/teknoloji\/uluslararasi-bilimde-kadin-ve-kiz-cocuklari-gunu-med-elin-yetenekli-kadinlariyla-tanisin\/","og_locale":"tr_TR","og_type":"article","og_title":"Uluslararas\u0131 Bilimde Kad\u0131n ve K\u0131z \u00c7ocuklar\u0131 G\u00fcn\u00fc: MED-EL\u2019in Yetenekli Kad\u0131nlar\u0131yla Tan\u0131\u015f\u0131n - The MED-EL Blog","og_description":"11 \u015eubat'\u0131n Uluslararas\u0131 Bilimde Kad\u0131n ve K\u0131z \u00c7ocuklar\u0131 G\u00fcn\u00fc oldu\u011funu biliyor muydunuz? Bu \u00f6zel g\u00fcn\u00fcn \u015ferefine, bug\u00fcnk\u00fc blog yaz\u0131s\u0131nda size Avusturya'daki MED-EL Genel Merkezi'nin perde arkas\u0131na bir g\u00f6z atacak ve burada \u00e7al\u0131\u015fan baz\u0131 yetenekli kad\u0131nlar\u0131 tan\u0131taca\u011f\u0131z.","og_url":"https:\/\/blog.medel.com\/tr\/teknoloji\/uluslararasi-bilimde-kadin-ve-kiz-cocuklari-gunu-med-elin-yetenekli-kadinlariyla-tanisin\/","og_site_name":"The MED-EL Blog","article_published_time":"2021-03-09T06:27:57+00:00","article_modified_time":"2023-03-15T14:34:55+00:00","og_image":[{"width":800,"height":400,"url":"https:\/\/blog.medel.com\/wp-content\/uploads\/2023\/03\/international-day-of-women-and-girls-in-science.jpg","type":"image\/jpeg"}],"author":"MED-EL","twitter_card":"summary_large_image","twitter_misc":{"Yazan:":"MED-EL","Tahmini okuma s\u00fcresi":"6 dakika"},"schema":{"@context":"https:\/\/schema.org","@graph":[{"@type":"Article","@id":"https:\/\/blog.medel.com\/tr\/teknoloji\/uluslararasi-bilimde-kadin-ve-kiz-cocuklari-gunu-med-elin-yetenekli-kadinlariyla-tanisin\/#article","isPartOf":{"@id":"https:\/\/blog.medel.com\/tr\/teknoloji\/uluslararasi-bilimde-kadin-ve-kiz-cocuklari-gunu-med-elin-yetenekli-kadinlariyla-tanisin\/"},"author":{"name":"MED-EL","@id":"https:\/\/blog.medel.com\/nl\/#\/schema\/person\/9f8dcfb27ec87796d874e021602c56e2"},"headline":"Uluslararas\u0131 Bilimde Kad\u0131n ve K\u0131z \u00c7ocuklar\u0131 G\u00fcn\u00fc: MED-EL\u2019in Yetenekli Kad\u0131nlar\u0131yla Tan\u0131\u015f\u0131n","datePublished":"2021-03-09T06:27:57+00:00","dateModified":"2023-03-15T14:34:55+00:00","mainEntityOfPage":{"@id":"https:\/\/blog.medel.com\/tr\/teknoloji\/uluslararasi-bilimde-kadin-ve-kiz-cocuklari-gunu-med-elin-yetenekli-kadinlariyla-tanisin\/"},"wordCount":1154,"commentCount":0,"publisher":{"@id":"https:\/\/blog.medel.com\/nl\/#organization"},"image":{"@id":"https:\/\/blog.medel.com\/tr\/teknoloji\/uluslararasi-bilimde-kadin-ve-kiz-cocuklari-gunu-med-elin-yetenekli-kadinlariyla-tanisin\/#primaryimage"},"thumbnailUrl":"https:\/\/blog.medel.com\/wp-content\/uploads\/2023\/03\/international-day-of-women-and-girls-in-science.jpg","articleSection":["TEKNOLOJ\u0130"],"inLanguage":"tr","potentialAction":[{"@type":"CommentAction","name":"Comment","target":["https:\/\/blog.medel.com\/tr\/teknoloji\/uluslararasi-bilimde-kadin-ve-kiz-cocuklari-gunu-med-elin-yetenekli-kadinlariyla-tanisin\/#respond"]}]},{"@type":"WebPage","@id":"https:\/\/blog.medel.com\/tr\/teknoloji\/uluslararasi-bilimde-kadin-ve-kiz-cocuklari-gunu-med-elin-yetenekli-kadinlariyla-tanisin\/","url":"https:\/\/blog.medel.com\/tr\/teknoloji\/uluslararasi-bilimde-kadin-ve-kiz-cocuklari-gunu-med-elin-yetenekli-kadinlariyla-tanisin\/","name":"Uluslararas\u0131 Bilimde Kad\u0131n ve K\u0131z \u00c7ocuklar\u0131 G\u00fcn\u00fc: MED-EL\u2019in Yetenekli Kad\u0131nlar\u0131yla Tan\u0131\u015f\u0131n - The MED-EL Blog","isPartOf":{"@id":"https:\/\/blog.medel.com\/nl\/#website"},"primaryImageOfPage":{"@id":"https:\/\/blog.medel.com\/tr\/teknoloji\/uluslararasi-bilimde-kadin-ve-kiz-cocuklari-gunu-med-elin-yetenekli-kadinlariyla-tanisin\/#primaryimage"},"image":{"@id":"https:\/\/blog.medel.com\/tr\/teknoloji\/uluslararasi-bilimde-kadin-ve-kiz-cocuklari-gunu-med-elin-yetenekli-kadinlariyla-tanisin\/#primaryimage"},"thumbnailUrl":"https:\/\/blog.medel.com\/wp-content\/uploads\/2023\/03\/international-day-of-women-and-girls-in-science.jpg","datePublished":"2021-03-09T06:27:57+00:00","dateModified":"2023-03-15T14:34:55+00:00","breadcrumb":{"@id":"https:\/\/blog.medel.com\/tr\/teknoloji\/uluslararasi-bilimde-kadin-ve-kiz-cocuklari-gunu-med-elin-yetenekli-kadinlariyla-tanisin\/#breadcrumb"},"inLanguage":"tr","potentialAction":[{"@type":"ReadAction","target":["https:\/\/blog.medel.com\/tr\/teknoloji\/uluslararasi-bilimde-kadin-ve-kiz-cocuklari-gunu-med-elin-yetenekli-kadinlariyla-tanisin\/"]}]},{"@type":"ImageObject","inLanguage":"tr","@id":"https:\/\/blog.medel.com\/tr\/teknoloji\/uluslararasi-bilimde-kadin-ve-kiz-cocuklari-gunu-med-elin-yetenekli-kadinlariyla-tanisin\/#primaryimage","url":"https:\/\/blog.medel.com\/wp-content\/uploads\/2023\/03\/international-day-of-women-and-girls-in-science.jpg","contentUrl":"https:\/\/blog.medel.com\/wp-content\/uploads\/2023\/03\/international-day-of-women-and-girls-in-science.jpg","width":800,"height":400},{"@type":"BreadcrumbList","@id":"https:\/\/blog.medel.com\/tr\/teknoloji\/uluslararasi-bilimde-kadin-ve-kiz-cocuklari-gunu-med-elin-yetenekli-kadinlariyla-tanisin\/#breadcrumb","itemListElement":[{"@type":"ListItem","position":1,"name":"Home","item":"https:\/\/blog.medel.com\/"},{"@type":"ListItem","position":2,"name":"Uluslararas\u0131 Bilimde Kad\u0131n ve K\u0131z \u00c7ocuklar\u0131 G\u00fcn\u00fc: MED-EL\u2019in Yetenekli Kad\u0131nlar\u0131yla Tan\u0131\u015f\u0131n"}]},{"@type":"WebSite","@id":"https:\/\/blog.medel.com\/nl\/#website","url":"https:\/\/blog.medel.com\/nl\/","name":"The MED-EL Blog","description":"","publisher":{"@id":"https:\/\/blog.medel.com\/nl\/#organization"},"potentialAction":[{"@type":"SearchAction","target":{"@type":"EntryPoint","urlTemplate":"https:\/\/blog.medel.com\/nl\/?s={search_term_string}"},"query-input":{"@type":"PropertyValueSpecification","valueRequired":true,"valueName":"search_term_string"}}],"inLanguage":"tr"},{"@type":"Organization","@id":"https:\/\/blog.medel.com\/nl\/#organization","name":"The MED-EL Blog","url":"https:\/\/blog.medel.com\/nl\/","logo":{"@type":"ImageObject","inLanguage":"tr","@id":"https:\/\/blog.medel.com\/nl\/#\/schema\/logo\/image\/","url":"https:\/\/blog.medel.com\/wp-content\/uploads\/2023\/02\/MED-EL_logo_L2.png","contentUrl":"https:\/\/blog.medel.com\/wp-content\/uploads\/2023\/02\/MED-EL_logo_L2.png","width":443,"height":200,"caption":"The MED-EL Blog"},"image":{"@id":"https:\/\/blog.medel.com\/nl\/#\/schema\/logo\/image\/"}},{"@type":"Person","@id":"https:\/\/blog.medel.com\/nl\/#\/schema\/person\/9f8dcfb27ec87796d874e021602c56e2","name":"MED-EL","sameAs":["https:\/\/www.medel.com"]}]}},"_links":{"self":[{"href":"https:\/\/blog.medel.com\/tr\/wp-json\/wp\/v2\/posts\/46106","targetHints":{"allow":["GET"]}}],"collection":[{"href":"https:\/\/blog.medel.com\/tr\/wp-json\/wp\/v2\/posts"}],"about":[{"href":"https:\/\/blog.medel.com\/tr\/wp-json\/wp\/v2\/types\/post"}],"author":[{"embeddable":true,"href":"https:\/\/blog.medel.com\/tr\/wp-json\/wp\/v2\/users\/8"}],"replies":[{"embeddable":true,"href":"https:\/\/blog.medel.com\/tr\/wp-json\/wp\/v2\/comments?post=46106"}],"version-history":[{"count":1,"href":"https:\/\/blog.medel.com\/tr\/wp-json\/wp\/v2\/posts\/46106\/revisions"}],"predecessor-version":[{"id":71728,"href":"https:\/\/blog.medel.com\/tr\/wp-json\/wp\/v2\/posts\/46106\/revisions\/71728"}],"wp:featuredmedia":[{"embeddable":true,"href":"https:\/\/blog.medel.com\/tr\/wp-json\/wp\/v2\/media\/71729"}],"wp:attachment":[{"href":"https:\/\/blog.medel.com\/tr\/wp-json\/wp\/v2\/media?parent=46106"}],"wp:term":[{"taxonomy":"category","embeddable":true,"href":"https:\/\/blog.medel.com\/tr\/wp-json\/wp\/v2\/categories?post=46106"},{"taxonomy":"post_tag","embeddable":true,"href":"https:\/\/blog.medel.com\/tr\/wp-json\/wp\/v2\/tags?post=46106"}],"curies":[{"name":"wp","href":"https:\/\/api.w.org\/{rel}","templated":true}]}}