{"id":46097,"date":"2021-01-18T11:27:19","date_gmt":"2021-01-18T11:27:19","guid":{"rendered":"https:\/\/blog.medel.com\/uncategorized-tr\/gunluk-aktivitelere-sarkilar-ve-tekerlemeler-eklemek\/"},"modified":"2023-03-15T14:34:56","modified_gmt":"2023-03-15T14:34:56","slug":"gunluk-aktivitelere-sarkilar-ve-tekerlemeler-eklemek","status":"publish","type":"post","link":"https:\/\/blog.medel.com\/tr\/ipuclari-ve-puf-noktalari\/ipuclari-ve-puf-noktalari-veliler-icin\/gunluk-aktivitelere-sarkilar-ve-tekerlemeler-eklemek\/","title":{"rendered":"G\u00fcnl\u00fck Aktivitelere \u015eark\u0131lar ve Tekerlemeler Eklemek"},"content":{"rendered":"<p>Dinledi\u011fini anlama, okudu\u011funu anlamadan \u00f6nce gelir. Bir \u00e7ocu\u011fun okuduklar\u0131n\u0131 anlayabilmesi i\u00e7in \u00f6nce konu\u015fulan dili duymas\u0131 ve anlayabilmesi gerekir. &#8220;Laleli Belk\u0131s, i\u00e7eriye gir <strong>k\u0131z<\/strong>, ipten tut <strong>k\u0131z<\/strong>, d\u0131\u015far\u0131y\u0131 \u00e7\u0131k <strong>k\u0131z<\/strong>&#8221; gibi pek \u00e7ok geleneksel tekerleme tekrar i\u00e7erir. Tekrarlanan dil, \u00e7ocuklar\u0131n kelimeleri ve bunlar\u0131n nas\u0131l bir araya geldi\u011fini hat\u0131rlamalar\u0131n\u0131 kolayla\u015ft\u0131r\u0131r.<\/p>\n<p>\u015eark\u0131lar\u0131 ve tekerlemeleri \u00f6\u011frenmek, i\u015fitme kayb\u0131 olan \u00e7ocuklar\u0131n sadece dinleme ve dil becerilerini geli\u015ftirmek i\u00e7in de\u011fil, ayn\u0131 zamanda d\u00fc\u015f\u00fcnme becerilerini, fiziksel, sosyal ve duygusal olgunluklar\u0131n\u0131 ve hatta erken okuryazarl\u0131k becerilerini geli\u015ftirmeleri a\u00e7\u0131s\u0131ndan \u00f6nemlidir.<\/p>\n<h3>\u0130\u015fitme Kayb\u0131 Olan \u00c7ocuklar \u0130\u00e7in \u015eark\u0131lar ve Tekerlemeler Neden Bu Kadar \u00d6nemlidir?<\/h3>\n<ul>\n<li>\u00c7ocuklar tekerlemeleri dinlediklerinde, \u00fcnl\u00fc ve \u00fcns\u00fcz harflerin \u00e7\u0131kard\u0131\u011f\u0131 sesleri duyarlar. Kelime olu\u015fturmak i\u00e7in bu sesleri nas\u0131l bir araya getireceklerini \u00f6\u011frenirler. Tekerlemeler bazen aliterasyon kullanarak belirli sesleri vurgular (\u00f6rne\u011fin, H<strong>op<\/strong>, h<strong>op,<\/strong> alt\u0131n t<strong>op<\/strong>). Bu, i\u015fitme kayb\u0131 olan \u00e7ocuklar\u0131n kelimelerdeki seslere ili\u015fkin fark\u0131ndal\u0131klar\u0131n\u0131 geli\u015ftirmelerine yard\u0131mc\u0131 olur. Okumay\u0131 \u00f6\u011frenmek i\u00e7in \u00e7ok \u00f6nemli olan bu beceriye Fonolojik Fark\u0131ndal\u0131k denir.<\/li>\n<li>\u00c7ocuklar tekerlemeler s\u00f6ylediklerinde, ses perdesi, ses seviyesi ve ses tonlamas\u0131n\u0131n yan\u0131 s\u0131ra dilin ritmini de \u00e7al\u0131\u015f\u0131rlar. \u015eark\u0131lar ve tekerlemeler, i\u015fitme kayb\u0131 olan \u00e7ocuklar i\u00e7in konu\u015fman\u0131n bu suprasegmental (dil b\u00f6l\u00fcmler \u00fcst\u00fc) y\u00f6nlerini kontrol etmelerine yard\u0131mc\u0131 olur.<\/li>\n<li>Tekerlemeler ve \u015fark\u0131lar, \u00e7ocuklara g\u00fcnl\u00fck konu\u015fmada kullan\u0131lamayacak kelimeleri ve daha karma\u015f\u0131k c\u00fcmleleri tan\u0131t\u0131r. Tekerlemeler, tekrar eden dili keyifli bir melodiyle e\u015fle\u015ftirerek beynin yeni kelimeleri, kelime sonlar\u0131n\u0131 ve c\u00fcmle yap\u0131lar\u0131n\u0131 hat\u0131rlamas\u0131na yard\u0131mc\u0131 olur.<\/li>\n<li>\u015eark\u0131 ve tekerlemeler s\u00f6ylemek s\u0131ralama yapabilme becerisi ve i\u015fitsel haf\u0131zay\u0131 g\u00fc\u00e7lendirir. \u015eark\u0131lar ve tekerlemeler genellikle ba\u015flang\u0131c\u0131, ortas\u0131 ve sonu olan bir hikaye anlat\u0131r. Bu, \u00e7ocuklara olaylar\u0131n s\u0131rayla ger\u00e7ekle\u015fti\u011fini, hikayeleri nas\u0131l anlayacaklar\u0131n\u0131 ve takip edeceklerini \u00f6\u011fretir. \u00c7ocuklar ayn\u0131 \u015fark\u0131lar\u0131 defalarca uygularken, daha uzun bilgi dizilerini hat\u0131rlama prati\u011fi yaparlar ve birlikte girdikleri s\u0131ray\u0131 \u00f6\u011frenirler. Bu, onlar\u0131n i\u015fitsel haf\u0131zas\u0131n\u0131 geni\u015fletmeye yard\u0131mc\u0131 olacakt\u0131r. S\u0131ralama ve <strong>i\u015fitsel haf\u0131za<\/strong>, hikaye anlatmak ve okudu\u011funu anlamak i\u00e7in \u00f6nemli becerilerdir.<\/li>\n<li>\u0130\u015fitme kayb\u0131 olan bir\u00e7ok \u00e7ocuk <strong>Zihin Kuram\u0131nda (ZK)<\/strong> gecikmeler ya\u015far. Zihin kuram\u0131n\u0131n temeli, d\u00fc\u015f\u00fcnceleri, duygular\u0131 ve inan\u00e7lar\u0131 tan\u0131mlayan zihinsel durum s\u00f6zc\u00fcklerini i\u00e7eren erken konu\u015fmalar\u0131 duymakt\u0131r. \u015eark\u0131lardaki ve tekerlemelerdeki karakterler bir\u00e7ok farkl\u0131 duyguyu ya\u015farlar. \u00d6rne\u011fin, minik tav\u015fan \u015fark\u0131s\u0131nda tav\u015fan\u0131n patikleri eskidi\u011fi i\u00e7in tav\u015fan\u0131n a\u011flamas\u0131. Bu, i\u015fitme kayb\u0131 olan \u00e7ocuklar\u0131n zihinsel durumla ilgili kelimeleri \u00f6\u011frenmesine ve ba\u015fkalar\u0131n\u0131n duygu ve davran\u0131\u015flar\u0131n\u0131 anlamalar\u0131na yard\u0131mc\u0131 olabilir.<\/li>\n<\/ul>\n<p><strong>&#8216;Minik Tav\u015fan\u0131m&#8217; &#8211; <\/strong>3 ya\u015f\u0131ndaki Ebrar, \u00f6\u011fretmeniyle beraber tav\u015fan\u0131n duygular\u0131ndan bahseden \u015fark\u0131y\u0131 s\u00f6yl\u00fcyor.<\/p>\n<div style=\"width: 640px;\" class=\"wp-video\"><video class=\"wp-video-shortcode\" id=\"video-46097-1\" width=\"640\" height=\"352\" preload=\"metadata\" controls=\"controls\"><source type=\"video\/mp4\" src=\"https:\/\/blog.medel.com\/wp-content\/uploads\/2020\/12\/etas-3-yas-bil-ki-tavsanin-duygulari-anlatiliyor-duyu-orm-antep.mp4?_=1\" \/><a href=\"https:\/\/blog.medel.com\/wp-content\/uploads\/2020\/12\/etas-3-yas-bil-ki-tavsanin-duygulari-anlatiliyor-duyu-orm-antep.mp4\">https:\/\/blog.medel.com\/wp-content\/uploads\/2020\/12\/etas-3-yas-bil-ki-tavsanin-duygulari-anlatiliyor-duyu-orm-antep.mp4<\/a><\/video><\/div>\n<p>Bir \u00e7ocu\u011fun dinleme ve dil becerilerini geli\u015ftirmek i\u00e7in tekerlemeleri her yerde s\u00f6yleyebilirsiniz. Bunun en iyi yan\u0131, herhangi bir oyunca\u011fa, materyal veya cihaza ihtiyac\u0131n\u0131z olmamas\u0131d\u0131r. Sar\u0131l\u0131rken ve ritmik sallan\u0131rken ninniler s\u00f6ylemek, \u00e7ocu\u011funuzun sesinize ve dilinizin ritmine a\u015fina olmas\u0131n\u0131 sa\u011flayacakt\u0131r.<\/p>\n<p>Ancak, bir\u00e7ok farkl\u0131 \u015fark\u0131y\u0131 \u00f6\u011frenmek zor olabilir. YouTube&#8217;da bulunabilecek bir\u00e7ok yararl\u0131 \u015fark\u0131 vard\u0131r. \u00d6rne\u011fin \u2018G\u00fcnayd\u0131n De\u2019, \u2018B\u0131c\u0131 B\u0131c\u0131 Yapal\u0131m\u2019. \u00c7ocu\u011funuza bunlar\u0131 izlemesini tavsiye etmiyoruz. Videolar\u0131 izlemek, \u00e7ocu\u011funuzu i\u015fitsel ipu\u00e7lar\u0131ndan \u00e7ok g\u00f6rsele dikkat etmeye te\u015fvik eder. \u015eark\u0131 s\u00f6zlerini ve melodiyi \u00f6\u011frenmek i\u00e7in videolar\u0131 siz izlemelisiniz. Daha fazla \u015fark\u0131 \u00f6\u011frenmenize yard\u0131mc\u0131 olmak i\u00e7in burada videolar ve s\u00f6zler payla\u015f\u0131yoruz. \u015eark\u0131lar\u0131 ve tekerlemeleri s\u0131k ve rutin olarak s\u00f6ylemenizi tavsiye ediyoruz. Bunlar sadece \u00f6nerilerdir; bildi\u011finiz t\u00fcm \u00e7ocuk \u015fark\u0131lar\u0131n\u0131 ve tekerlemelerini kullanabilirsiniz.<\/p>\n<h3>\u00c7ocuklar\u0131n\u0131zla Payla\u015fabilece\u011finiz Hareketli ve E\u011flenceli \u015eark\u0131lar<\/h3>\n<h4><strong>Yeni \u015eark\u0131lar<\/strong><\/h4>\n<p><strong>&#8216;El \u00c7\u0131rpar\u0131m Ben&#8217;<\/strong> &#8211; \u00c7ocuklar\u0131n eylemleri ve zamirleri \u00f6\u011frenmelerine yard\u0131mc\u0131 olan bir \u015fark\u0131d\u0131r. Z\u0131plama ve alk\u0131\u015flama gibi ili\u015fkili hareketler \u015fark\u0131 s\u00f6ylemeyi e\u011flenceli hale getirir. Kaynak: \u00c7ocuk \u015eark\u0131lar\u0131 MED-EL. Ya\u015far ve Emre Uruk taraf\u0131ndan T\u00fcrk\u00e7e&#8217;ye uyarlanm\u0131\u015f ve seslendirilmi\u015ftir.<\/p>\n<div style=\"width: 640px;\" class=\"wp-video\"><video class=\"wp-video-shortcode\" id=\"video-46097-2\" width=\"640\" height=\"480\" preload=\"metadata\" controls=\"controls\"><source type=\"video\/mp4\" src=\"https:\/\/blog.medel.com\/wp-content\/uploads\/2020\/12\/el-cirparim-simdi-emre-ve-yasar-uruk-tarafindan-tre-uyarladilar.-kaynak-med-el-kids-songs-1.m4v?_=2\" \/><a href=\"https:\/\/blog.medel.com\/wp-content\/uploads\/2020\/12\/el-cirparim-simdi-emre-ve-yasar-uruk-tarafindan-tre-uyarladilar.-kaynak-med-el-kids-songs-1.m4v\">https:\/\/blog.medel.com\/wp-content\/uploads\/2020\/12\/el-cirparim-simdi-emre-ve-yasar-uruk-tarafindan-tre-uyarladilar.-kaynak-med-el-kids-songs-1.m4v<\/a><\/video><\/div>\n<p>&nbsp;<\/p>\n<p><strong>&#8216;Haydi Bunu Dene Sen&#8217; &#8211; <\/strong>Hayvanlar\u0131 ve yapt\u0131klar\u0131n\u0131 tan\u0131tan olduk\u00e7a tekrar i\u00e7eren bir \u015fark\u0131d\u0131r. \u0130li\u015fkili eylemler bu \u015fark\u0131y\u0131 \u00e7ok e\u011flenceli hale getirir. \u00c7ocuklar\u0131n eylemleri ve zamirleri \u00f6\u011frenmelerine yard\u0131mc\u0131 olan bir \u015fark\u0131d\u0131r. Kaynak: \u00c7ocuk \u015eark\u0131lar\u0131 MED-EL. Ya\u015far ve Emre Uruk taraf\u0131ndan T\u00fcrk\u00e7e&#8217;ye uyarlanm\u0131\u015f ve seslendirilmi\u015ftir.<\/p>\n<div style=\"width: 640px;\" class=\"wp-video\"><video class=\"wp-video-shortcode\" id=\"video-46097-3\" width=\"640\" height=\"480\" preload=\"metadata\" controls=\"controls\"><source type=\"video\/mp4\" src=\"https:\/\/blog.medel.com\/wp-content\/uploads\/2020\/12\/haydi-bunu-denesen-emre-ve-yasar-uruk-tarafindan-tre-uyarladilar.-kaynak-med-el-kids-songs-1.m4v?_=3\" \/><a href=\"https:\/\/blog.medel.com\/wp-content\/uploads\/2020\/12\/haydi-bunu-denesen-emre-ve-yasar-uruk-tarafindan-tre-uyarladilar.-kaynak-med-el-kids-songs-1.m4v\">https:\/\/blog.medel.com\/wp-content\/uploads\/2020\/12\/haydi-bunu-denesen-emre-ve-yasar-uruk-tarafindan-tre-uyarladilar.-kaynak-med-el-kids-songs-1.m4v<\/a><\/video><\/div>\n<p>&nbsp;<\/p>\n<h4><strong>Tan\u0131nm\u0131\u015f T\u00fcrk \u00c7ocuk \u015eark\u0131lar\u0131<\/strong><\/h4>\n<p><strong>&#8216;K\u00fc\u00e7\u00fck Kurba\u011fa&#8217; &#8211; <\/strong>Tamay, annesiyle birlikte ilgili hareketlerle bu \u015fark\u0131y\u0131 s\u00f6yl\u00fcyor. \u00c7ok e\u011fleniyorlar.<\/p>\n<div style=\"width: 640px;\" class=\"wp-video\"><video class=\"wp-video-shortcode\" id=\"video-46097-4\" width=\"640\" height=\"352\" preload=\"metadata\" controls=\"controls\"><source type=\"video\/mp4\" src=\"https:\/\/blog.medel.com\/wp-content\/uploads\/2020\/12\/tner-3-yas-bil-ki-kucuk-kurbagayi-annesiyle-hareketlerle-bborm.mp4?_=4\" \/><a href=\"https:\/\/blog.medel.com\/wp-content\/uploads\/2020\/12\/tner-3-yas-bil-ki-kucuk-kurbagayi-annesiyle-hareketlerle-bborm.mp4\">https:\/\/blog.medel.com\/wp-content\/uploads\/2020\/12\/tner-3-yas-bil-ki-kucuk-kurbagayi-annesiyle-hareketlerle-bborm.mp4<\/a><\/video><\/div>\n<p>&nbsp;<\/p>\n<p><strong>&#8216;Mini Mini Bir Ku\u015f&#8217; &#8211; <\/strong>4 ya\u015f\u0131ndaki Erdal ve 6 ya\u015f\u0131ndaki Mevl\u00fct, \u00f6\u011fretmenleri ile bu \u015fark\u0131y\u0131 s\u00f6yl\u00fcyorlar.<\/p>\n<p>V\u0130DEO 1:<\/p>\n<div style=\"width: 1280px;\" class=\"wp-video\"><video class=\"wp-video-shortcode\" id=\"video-46097-5\" width=\"1280\" height=\"720\" preload=\"metadata\" controls=\"controls\"><source type=\"video\/mp4\" src=\"https:\/\/blog.medel.com\/wp-content\/uploads\/2020\/12\/eaak-4-yas-bil-ki-mini-mini-bir-kus-duyu-ormantep.mp4?_=5\" \/><a href=\"https:\/\/blog.medel.com\/wp-content\/uploads\/2020\/12\/eaak-4-yas-bil-ki-mini-mini-bir-kus-duyu-ormantep.mp4\">https:\/\/blog.medel.com\/wp-content\/uploads\/2020\/12\/eaak-4-yas-bil-ki-mini-mini-bir-kus-duyu-ormantep.mp4<\/a><\/video><\/div>\n<p>&nbsp;<\/p>\n<p>V\u0130DEO 2:<\/p>\n<div style=\"width: 1280px;\" class=\"wp-video\"><video class=\"wp-video-shortcode\" id=\"video-46097-6\" width=\"1280\" height=\"720\" preload=\"metadata\" controls=\"controls\"><source type=\"video\/mp4\" src=\"https:\/\/blog.medel.com\/wp-content\/uploads\/2020\/12\/mhay-6yas-bil-ki-mini-kus-ud-ile-ilkses-orm-anep.mp4?_=6\" \/><a href=\"https:\/\/blog.medel.com\/wp-content\/uploads\/2020\/12\/mhay-6yas-bil-ki-mini-kus-ud-ile-ilkses-orm-anep.mp4\">https:\/\/blog.medel.com\/wp-content\/uploads\/2020\/12\/mhay-6yas-bil-ki-mini-kus-ud-ile-ilkses-orm-anep.mp4<\/a><\/video><\/div>\n<h4><\/h4>\n<h4><strong>Sosyalle\u015fmeyi G\u00fc\u00e7lendirecek \u015eark\u0131lar<\/strong><\/h4>\n<p><strong>&#8216;Ba\u015f Parma\u011f\u0131m&#8217; &#8211; <\/strong>Tamay, annesiyle \u015fark\u0131n\u0131n s\u00f6zleriyle beraber hareketleri yaparak bu \u015fark\u0131y\u0131 s\u00f6yl\u00fcyor.<\/p>\n<div style=\"width: 640px;\" class=\"wp-video\"><video class=\"wp-video-shortcode\" id=\"video-46097-7\" width=\"640\" height=\"352\" preload=\"metadata\" controls=\"controls\"><source type=\"video\/mp4\" src=\"https:\/\/blog.medel.com\/wp-content\/uploads\/2020\/12\/tner-3-y-bil-ki-annesiyle-bas-parmagim-bb-orm-istanbul.mp4?_=7\" \/><a href=\"https:\/\/blog.medel.com\/wp-content\/uploads\/2020\/12\/tner-3-y-bil-ki-annesiyle-bas-parmagim-bb-orm-istanbul.mp4\">https:\/\/blog.medel.com\/wp-content\/uploads\/2020\/12\/tner-3-y-bil-ki-annesiyle-bas-parmagim-bb-orm-istanbul.mp4<\/a><\/video><\/div>\n<p>&nbsp;<\/p>\n<p><strong>&#8216;G\u00fcnayd\u0131n&#8217;<\/strong> &#8211; Elif \u00f6\u011fretmeniyle beraber hareketlerle bu \u015fark\u0131y\u0131 s\u00f6yl\u00fcyor. &#8216;G\u00fcnayd\u0131n&#8217; yerine &#8216;Ho\u015f\u00e7a kal&#8217;, &#8216;Ho\u015f geldin&#8217; veya &#8216;Merhaba&#8217; kelimeleri da duruma g\u00f6re \u015fark\u0131da s\u00f6ylenebilir.<\/p>\n<div style=\"width: 1280px;\" class=\"wp-video\"><video class=\"wp-video-shortcode\" id=\"video-46097-8\" width=\"1280\" height=\"720\" preload=\"metadata\" controls=\"controls\"><source type=\"video\/mp4\" src=\"https:\/\/blog.medel.com\/wp-content\/uploads\/2020\/12\/ekan-5-yas-kon-boz-ogretmenle-gunaydin-sarkasi-konmer-antep-1.m4v?_=8\" \/><a href=\"https:\/\/blog.medel.com\/wp-content\/uploads\/2020\/12\/ekan-5-yas-kon-boz-ogretmenle-gunaydin-sarkasi-konmer-antep-1.m4v\">https:\/\/blog.medel.com\/wp-content\/uploads\/2020\/12\/ekan-5-yas-kon-boz-ogretmenle-gunaydin-sarkasi-konmer-antep-1.m4v<\/a><\/video><\/div>\n<p>&nbsp;<\/p>\n<h4><strong>G\u00fcnl\u00fck Aktivitelerle \u0130lgili \u015eark\u0131lar<\/strong><\/h4>\n<p>\u00c7ocu\u011funuzla her g\u00fcn yapt\u0131\u011f\u0131n\u0131z aktivitelerle ili\u015fkili olan \u015fark\u0131lar\u0131 tekrarlamak, \u00e7ocu\u011funuzun \u00e7ok \u00e7e\u015fitli tekerlemeleri \u00f6\u011frenmesine yard\u0131mc\u0131 olman\u0131n harika bir yoludur.<\/p>\n<p><strong>&#8216;Haydi Yata\u011fa&#8217; &#8211; <\/strong>Hira&#8217;n\u0131n annesi hareket ve materyal kullanarak \u015fark\u0131n\u0131n s\u00f6zleri ne anlama geldi\u011fini anlatmaya \u00e7al\u0131\u015f\u0131yor. \u015eark\u0131 s\u00f6ylemek, Hira&#8217;ya sesini kullanarak pratik yapma f\u0131rsat\u0131 veriyor.<\/p>\n<div style=\"width: 274px;\" class=\"wp-video\"><video class=\"wp-video-shortcode\" id=\"video-46097-9\" width=\"274\" height=\"480\" preload=\"metadata\" controls=\"controls\"><source type=\"video\/mp4\" src=\"https:\/\/blog.medel.com\/wp-content\/uploads\/2021\/01\/yeni-hngun-2-yas-bil-ki-haydi-yataga-duyu-orm-antep.mp4?_=9\" \/><a href=\"https:\/\/blog.medel.com\/wp-content\/uploads\/2021\/01\/yeni-hngun-2-yas-bil-ki-haydi-yataga-duyu-orm-antep.mp4\">https:\/\/blog.medel.com\/wp-content\/uploads\/2021\/01\/yeni-hngun-2-yas-bil-ki-haydi-yataga-duyu-orm-antep.mp4<\/a><\/video><\/div>\n<h4><\/h4>\n<h4><strong>Belirli Bir Konuyla \u0130lgili \u00d6\u011frenmeyi G\u00fc\u00e7lendirmek \u0130\u00e7in \u015eark\u0131lar &#8211; \u00d6r. V\u00fccut k\u0131s\u0131mlar\u0131 ve say\u0131lar\u0131<\/strong><\/h4>\n<p><strong>&#8216;\u00dc\u00e7 Kulakl\u0131 Bir Adam&#8217; &#8211;<\/strong> V\u00fccudun ana k\u0131s\u0131mlar\u0131n\u0131 \u00f6\u011fretmeye yard\u0131mc\u0131 olan bir \u015fark\u0131d\u0131r. Zeynep, hareketlerle ve ifadelerle \u00f6\u011fretmeninin yapt\u0131klar\u0131na kat\u0131lmaya \u00e7al\u0131\u015f\u0131yor.<\/p>\n<div style=\"width: 1280px;\" class=\"wp-video\"><video class=\"wp-video-shortcode\" id=\"video-46097-10\" width=\"1280\" height=\"704\" preload=\"metadata\" controls=\"controls\"><source type=\"video\/mp4\" src=\"https:\/\/blog.medel.com\/wp-content\/uploads\/2020\/12\/zebin-3-yas-bil-ki-ogretmenle-3-kulakli-bir-adam-ilkses-orm-antep-1.m4v?_=10\" \/><a href=\"https:\/\/blog.medel.com\/wp-content\/uploads\/2020\/12\/zebin-3-yas-bil-ki-ogretmenle-3-kulakli-bir-adam-ilkses-orm-antep-1.m4v\">https:\/\/blog.medel.com\/wp-content\/uploads\/2020\/12\/zebin-3-yas-bil-ki-ogretmenle-3-kulakli-bir-adam-ilkses-orm-antep-1.m4v<\/a><\/video><\/div>\n<p>&nbsp;<\/p>\n<p><strong>&#8216;Sonbahar&#8217; &#8211; <\/strong>Kerem, mevsimlerle ilgili tekerlemeyi \u00e7ok g\u00fczel bir \u015fekilde s\u00f6yl\u00fcyor.<\/p>\n<div style=\"width: 848px;\" class=\"wp-video\"><video class=\"wp-video-shortcode\" id=\"video-46097-11\" width=\"848\" height=\"480\" preload=\"metadata\" controls=\"controls\"><source type=\"video\/mp4\" src=\"https:\/\/blog.medel.com\/wp-content\/uploads\/2020\/12\/ksis-5-yas-bil-ki-mevsim-tekerleme-bb-orm-istanbul.mp4?_=11\" \/><a href=\"https:\/\/blog.medel.com\/wp-content\/uploads\/2020\/12\/ksis-5-yas-bil-ki-mevsim-tekerleme-bb-orm-istanbul.mp4\">https:\/\/blog.medel.com\/wp-content\/uploads\/2020\/12\/ksis-5-yas-bil-ki-mevsim-tekerleme-bb-orm-istanbul.mp4<\/a><\/video><\/div>\n<p>&nbsp;<\/p>\n<p><strong>&#8216;5 Turta Yapt\u0131m Sana&#8217; &#8211;<\/strong> Say\u0131lar\u0131n \u00e7ok tekrarland\u0131\u011f\u0131 bu \u015fark\u0131y\u0131 Eymen, Annesi ve \u00f6\u011fretmeni beraber s\u00f6yl\u00fcyorlar.<\/p>\n<div style=\"width: 704px;\" class=\"wp-video\"><video class=\"wp-video-shortcode\" id=\"video-46097-12\" width=\"704\" height=\"1080\" preload=\"metadata\" controls=\"controls\"><source type=\"video\/mp4\" src=\"https:\/\/blog.medel.com\/wp-content\/uploads\/2021\/01\/emyil-1-yas-bil-ki-turta-sarkasi-duyu-orm-antep-1.m4v?_=12\" \/><a href=\"https:\/\/blog.medel.com\/wp-content\/uploads\/2021\/01\/emyil-1-yas-bil-ki-turta-sarkasi-duyu-orm-antep-1.m4v\">https:\/\/blog.medel.com\/wp-content\/uploads\/2021\/01\/emyil-1-yas-bil-ki-turta-sarkasi-duyu-orm-antep-1.m4v<\/a><\/video><\/div>\n<p>&nbsp;<\/p>\n<p><strong>&#8216;Hareketli \u00c7oraplar&#8217; &#8211;<\/strong> Habibe ve \u00f6\u011fretmeni, eylem kelimeleri ve oyun seslerini i\u00e7eren bu \u015fark\u0131y\u0131 beraber s\u00f6yl\u00fcyorlar.<\/p>\n<div style=\"width: 1280px;\" class=\"wp-video\"><video class=\"wp-video-shortcode\" id=\"video-46097-13\" width=\"1280\" height=\"704\" preload=\"metadata\" controls=\"controls\"><source type=\"video\/mp4\" src=\"https:\/\/blog.medel.com\/wp-content\/uploads\/2020\/12\/hsim-9-yas-tek-ki-hareketli-coraplar-duyu-orm-antep-1.m4v?_=13\" \/><a href=\"https:\/\/blog.medel.com\/wp-content\/uploads\/2020\/12\/hsim-9-yas-tek-ki-hareketli-coraplar-duyu-orm-antep-1.m4v\">https:\/\/blog.medel.com\/wp-content\/uploads\/2020\/12\/hsim-9-yas-tek-ki-hareketli-coraplar-duyu-orm-antep-1.m4v<\/a><\/video><\/div>\n<p>&nbsp;<\/p>\n<p><strong>&#8216;Bir Evimiz Var&#8217; &#8211;<\/strong> Annesi, sesini, materyalleri ve hareketlerini kullanarak \u00c7\u0131nar&#8217;\u0131n kat\u0131l\u0131m\u0131n\u0131 sa\u011flamaya \u00e7al\u0131\u015f\u0131yor. Bu \u015fark\u0131 bir \u00e7ok kavram\u0131 \u00f6\u011fretmeye yard\u0131mc\u0131 oluyor; \u00f6rne\u011fin oda isimleri, say\u0131lar, i\u00e7i\/d\u0131\u015f\u0131 ve renkler gibi&#8230;<\/p>\n<div style=\"width: 1280px;\" class=\"wp-video\"><video class=\"wp-video-shortcode\" id=\"video-46097-14\" width=\"1280\" height=\"704\" preload=\"metadata\" controls=\"controls\"><source type=\"video\/mp4\" src=\"https:\/\/blog.medel.com\/wp-content\/uploads\/2020\/12\/cesim-3yas-bis-ki-bir-evimiz-var-annesiyle-duyu-orm-antep-1.m4v?_=14\" \/><a href=\"https:\/\/blog.medel.com\/wp-content\/uploads\/2020\/12\/cesim-3yas-bis-ki-bir-evimiz-var-annesiyle-duyu-orm-antep-1.m4v\">https:\/\/blog.medel.com\/wp-content\/uploads\/2020\/12\/cesim-3yas-bis-ki-bir-evimiz-var-annesiyle-duyu-orm-antep-1.m4v<\/a><\/video><\/div>\n<h3><\/h3>\n<h3>Bebekler ve Yeni Y\u00fcr\u00fcyen \u00c7ocuklarla Tekerlemeler ve \u015eark\u0131lar<\/h3>\n<p>\u00c7ocu\u011funuzun bu \u015fark\u0131lara a\u015fina olmas\u0131na yard\u0131mc\u0131 olmak i\u00e7in <strong>&#8220;\u0130\u015fitsel Sandvi\u00e7&#8221;<\/strong> stratejisini kullanmay\u0131 deneyin.<\/p>\n<ul>\n<li>\u0130lk olarak, \u015fark\u0131y\u0131 yaln\u0131zca birka\u00e7 kez sesli olarak s\u00f6yleyin.<\/li>\n<li>\u0130kinci olarak, ilgili oyuncaklarla \u015fark\u0131y\u0131 s\u00f6yleyin veya ili\u015fkili el hareketi dizilerini ekleyin.<\/li>\n<li>\u00dc\u00e7\u00fcnc\u00fc olarak, \u015fark\u0131y\u0131 bir kez daha yaln\u0131zca sesli s\u00f6yleyin.<\/li>\n<\/ul>\n<p>\u00d6rne\u011fin, \u00e7ocu\u011funuz sizi g\u00f6rmeden yaln\u0131zca sesinizle &#8220;Otob\u00fcs geldi. Durakta durdu. Bip bip&#8221; tekerlemesini s\u00f6yleyin. Sonra \u00e7ocu\u011funuza hareketlerle tekerlemeyi tekrar s\u00f6yleyin. Daha sonra \u015fark\u0131y\u0131 yaln\u0131zca sesli olarak s\u00f6yleyin.<\/p>\n<p><strong>&#8216;Otob\u00fcs Geldi&#8217; &#8211; <\/strong>Erdal&#8217;\u0131n \u00f6\u011fretmeni, tekerlemeyi s\u00f6ylemeden \u00f6nce ve sonra onu dinlemeye odaklanmaya te\u015fvik ediyor.<\/p>\n<div style=\"width: 720px;\" class=\"wp-video\"><video class=\"wp-video-shortcode\" id=\"video-46097-15\" width=\"720\" height=\"1080\" preload=\"metadata\" controls=\"controls\"><source type=\"video\/mp4\" src=\"https:\/\/blog.medel.com\/wp-content\/uploads\/2020\/12\/isitsel-sandvic-earas-4-yas-bil-ki-duyu-orm-antep-1.m4v?_=15\" \/><a href=\"https:\/\/blog.medel.com\/wp-content\/uploads\/2020\/12\/isitsel-sandvic-earas-4-yas-bil-ki-duyu-orm-antep-1.m4v\">https:\/\/blog.medel.com\/wp-content\/uploads\/2020\/12\/isitsel-sandvic-earas-4-yas-bil-ki-duyu-orm-antep-1.m4v<\/a><\/video><\/div>\n<h3><\/h3>\n<h3><strong>\u00c7ocuklarla \u015eark\u0131 S\u00f6ylemek<\/strong><\/h3>\n<p>\u00c7ocu\u011funuzun \u015fark\u0131lara kat\u0131lmas\u0131n\u0131 desteklemek i\u00e7in <strong>&#8220;\u0130\u015fiterek eksik bilgiyi tamamlama&#8221;<\/strong> stratejisini kullan\u0131n.<\/p>\n<ul>\n<li>\u00c7ocuk \u015fark\u0131s\u0131n\u0131 s\u00f6yleyin ve son kelimeden veya e\u011flenceli bir sesten \u00f6nce durun.<\/li>\n<li>Bo\u015flu\u011fu doldurmaya te\u015fvik etmek i\u00e7in \u00e7ocu\u011funuza beklenti i\u00e7inde bak\u0131n.<\/li>\n<li>\u00c7ocu\u011funuz ya\u015f\u0131na ve a\u015famas\u0131na ba\u011fl\u0131 olarak, ili\u015fkili bir eylem kullanabilir, ses \u00e7\u0131karabilir veya sonraki kelimeyi veya c\u00fcmleyi s\u00f6yleyebilir.<\/li>\n<\/ul>\n<p>\u00d6rne\u011fin, hayvan oyuncaklar\u0131yla her oynad\u0131\u011f\u0131n\u0131zda veya \u00e7iftlik hayvanlar\u0131n\u0131 g\u00f6rd\u00fc\u011f\u00fcn\u00fczde \u2018Ali Baba&#8217;n\u0131n \u00c7iftli\u011fi\u2019, \u015fark\u0131s\u0131n\u0131 s\u00f6yleyin. \u00c7ocu\u011funuz \u015fark\u0131ya a\u015fina olduktan sonra, &#8216;Ali Baba&#8217;n\u0131n bir \u00e7iftli\u011fi var. \u00c7iftli\u011finde \u2026.\u2026\u2026\u2026 \u2019 durun ve bo\u015flu\u011fu doldurmaya te\u015fvik etmek i\u00e7in \u00e7ocu\u011funuza beklentiyle bak\u0131n.<\/p>\n<p><strong>&#8216;Ali Baba&#8217;n\u0131n Bir \u00c7iftli\u011fi Var&#8217; &#8211; <\/strong>Anne, \u015fark\u0131y\u0131 s\u00f6ylemeye ba\u015fl\u0131yor. Tamay tamaml\u0131yor.<\/p>\n<div style=\"width: 274px;\" class=\"wp-video\"><video class=\"wp-video-shortcode\" id=\"video-46097-16\" width=\"274\" height=\"480\" preload=\"metadata\" controls=\"controls\"><source type=\"video\/mp4\" src=\"https:\/\/blog.medel.com\/wp-content\/uploads\/2021\/01\/yeni-tner-3-yas-bil-ki-ali-babanin-ciftligi-isitsel-tamamlama-bb-orm-istanbul.mp4?_=16\" \/><a href=\"https:\/\/blog.medel.com\/wp-content\/uploads\/2021\/01\/yeni-tner-3-yas-bil-ki-ali-babanin-ciftligi-isitsel-tamamlama-bb-orm-istanbul.mp4\">https:\/\/blog.medel.com\/wp-content\/uploads\/2021\/01\/yeni-tner-3-yas-bil-ki-ali-babanin-ciftligi-isitsel-tamamlama-bb-orm-istanbul.mp4<\/a><\/video><\/div>\n<p>&nbsp;<\/p>\n<p>Videolardaki \u015fark\u0131 ve tekerlemelerin s\u00f6zlerinin bulundu\u011fu kitap\u00e7\u0131\u011f\u0131 <a href=\"https:\/\/blog.medel.com\/wp-content\/uploads\/2021\/01\/sarki-ve-tekerlemeler-kitapcigi.pdf\">buradan<\/a> indirebilirsiniz. \u015eark\u0131 ve tekerlemelerin YouTube linklerini kitap\u00e7\u0131kta bulabilirsiniz. \u015eark\u0131lar\u0131 \u00e7ocu\u011funuza tan\u0131tmak ve a\u00e7\u0131klamak i\u00e7in bu s\u00f6zleri ve ili\u015fkili resimleri kullanabilirsiniz.<\/p>\n<p>Evde yapabilece\u011finiz daha e\u011flenceli rehabilitasyon aktiviteleri mi ar\u0131yorsunuz? &#8220;Balinalar ile Bal\u0131k Tutun&#8221; oyunu, \u00e7ocu\u011funuzun dinleme, konu\u015fma ve dil becerilerini geli\u015ftirmeye yard\u0131mc\u0131 olman\u0131n harika bir yoludur.<\/p>\n<p>&nbsp;<\/p>\n<p>&nbsp;<\/p>\n","protected":false},"excerpt":{"rendered":"<p>Dinledi\u011fini anlama, okudu\u011funu anlamadan \u00f6nce gelir. Bir \u00e7ocu\u011fun okuduklar\u0131n\u0131 anlayabilmesi i\u00e7in \u00f6nce konu\u015fulan dili duymas\u0131 ve anlayabilmesi gerekir. &#8220;Laleli Belk\u0131s, i\u00e7eriye gir k\u0131z, ipten tut k\u0131z, d\u0131\u015far\u0131y\u0131 \u00e7\u0131k k\u0131z&#8221; gibi pek \u00e7ok geleneksel tekerleme tekrar i\u00e7erir. Tekrarlanan dil, \u00e7ocuklar\u0131n kelimeleri ve bunlar\u0131n nas\u0131l bir araya geldi\u011fini hat\u0131rlamalar\u0131n\u0131 kolayla\u015ft\u0131r\u0131r. \u015eark\u0131lar\u0131 ve tekerlemeleri \u00f6\u011frenmek, i\u015fitme kayb\u0131 olan [&hellip;]<\/p>\n","protected":false},"author":8,"featured_media":71641,"comment_status":"open","ping_status":"open","sticky":false,"template":"","format":"standard","meta":{"footnotes":""},"categories":[3239],"tags":[],"class_list":["post-46097","post","type-post","status-publish","format-standard","has-post-thumbnail","hentry","category-ipuclari-ve-puf-noktalari-veliler-icin"],"yoast_head":"<!-- This site is optimized with the Yoast SEO plugin v27.5 - https:\/\/yoast.com\/product\/yoast-seo-wordpress\/ -->\n<title>G\u00fcnl\u00fck Aktivitelere \u015eark\u0131lar ve Tekerlemeler Eklemek - The MED-EL Blog<\/title>\n<meta name=\"robots\" content=\"index, follow, max-snippet:-1, max-image-preview:large, max-video-preview:-1\" \/>\n<link rel=\"canonical\" href=\"https:\/\/blog.medel.com\/tr\/ipuclari-ve-puf-noktalari\/ipuclari-ve-puf-noktalari-veliler-icin\/gunluk-aktivitelere-sarkilar-ve-tekerlemeler-eklemek\/\" \/>\n<meta property=\"og:locale\" content=\"tr_TR\" \/>\n<meta property=\"og:type\" content=\"article\" \/>\n<meta property=\"og:title\" content=\"G\u00fcnl\u00fck Aktivitelere \u015eark\u0131lar ve Tekerlemeler Eklemek - The MED-EL Blog\" \/>\n<meta property=\"og:description\" content=\"Dinledi\u011fini anlama, okudu\u011funu anlamadan \u00f6nce gelir. Bir \u00e7ocu\u011fun okuduklar\u0131n\u0131 anlayabilmesi i\u00e7in \u00f6nce konu\u015fulan dili duymas\u0131 ve anlayabilmesi gerekir. &#8220;Laleli Belk\u0131s, i\u00e7eriye gir k\u0131z, ipten tut k\u0131z, d\u0131\u015far\u0131y\u0131 \u00e7\u0131k k\u0131z&#8221; gibi pek \u00e7ok geleneksel tekerleme tekrar i\u00e7erir. Tekrarlanan dil, \u00e7ocuklar\u0131n kelimeleri ve bunlar\u0131n nas\u0131l bir araya geldi\u011fini hat\u0131rlamalar\u0131n\u0131 kolayla\u015ft\u0131r\u0131r. \u015eark\u0131lar\u0131 ve tekerlemeleri \u00f6\u011frenmek, i\u015fitme kayb\u0131 olan [&hellip;]\" \/>\n<meta property=\"og:url\" content=\"https:\/\/blog.medel.com\/tr\/ipuclari-ve-puf-noktalari\/ipuclari-ve-puf-noktalari-veliler-icin\/gunluk-aktivitelere-sarkilar-ve-tekerlemeler-eklemek\/\" \/>\n<meta property=\"og:site_name\" content=\"The MED-EL Blog\" \/>\n<meta property=\"article:published_time\" content=\"2021-01-18T11:27:19+00:00\" \/>\n<meta property=\"article:modified_time\" content=\"2023-03-15T14:34:56+00:00\" \/>\n<meta property=\"og:image\" content=\"https:\/\/blog.medel.com\/wp-content\/uploads\/2023\/03\/rhymes-14.jpg\" \/>\n\t<meta property=\"og:image:width\" content=\"800\" \/>\n\t<meta property=\"og:image:height\" content=\"400\" \/>\n\t<meta property=\"og:image:type\" content=\"image\/jpeg\" \/>\n<meta name=\"author\" content=\"MED-EL\" \/>\n<meta name=\"twitter:card\" content=\"summary_large_image\" \/>\n<meta name=\"twitter:label1\" content=\"Yazan:\" \/>\n\t<meta name=\"twitter:data1\" content=\"MED-EL\" \/>\n\t<meta name=\"twitter:label2\" content=\"Tahmini okuma s\u00fcresi\" \/>\n\t<meta name=\"twitter:data2\" content=\"9 dakika\" \/>\n<script type=\"application\/ld+json\" class=\"yoast-schema-graph\">{\"@context\":\"https:\\\/\\\/schema.org\",\"@graph\":[{\"@type\":\"Article\",\"@id\":\"https:\\\/\\\/blog.medel.com\\\/tr\\\/ipuclari-ve-puf-noktalari\\\/ipuclari-ve-puf-noktalari-veliler-icin\\\/gunluk-aktivitelere-sarkilar-ve-tekerlemeler-eklemek\\\/#article\",\"isPartOf\":{\"@id\":\"https:\\\/\\\/blog.medel.com\\\/tr\\\/ipuclari-ve-puf-noktalari\\\/ipuclari-ve-puf-noktalari-veliler-icin\\\/gunluk-aktivitelere-sarkilar-ve-tekerlemeler-eklemek\\\/\"},\"author\":{\"name\":\"MED-EL\",\"@id\":\"https:\\\/\\\/blog.medel.com\\\/tr\\\/#\\\/schema\\\/person\\\/9f8dcfb27ec87796d874e021602c56e2\"},\"headline\":\"G\u00fcnl\u00fck Aktivitelere \u015eark\u0131lar ve Tekerlemeler Eklemek\",\"datePublished\":\"2021-01-18T11:27:19+00:00\",\"dateModified\":\"2023-03-15T14:34:56+00:00\",\"mainEntityOfPage\":{\"@id\":\"https:\\\/\\\/blog.medel.com\\\/tr\\\/ipuclari-ve-puf-noktalari\\\/ipuclari-ve-puf-noktalari-veliler-icin\\\/gunluk-aktivitelere-sarkilar-ve-tekerlemeler-eklemek\\\/\"},\"wordCount\":1770,\"commentCount\":0,\"publisher\":{\"@id\":\"https:\\\/\\\/blog.medel.com\\\/tr\\\/#organization\"},\"image\":{\"@id\":\"https:\\\/\\\/blog.medel.com\\\/tr\\\/ipuclari-ve-puf-noktalari\\\/ipuclari-ve-puf-noktalari-veliler-icin\\\/gunluk-aktivitelere-sarkilar-ve-tekerlemeler-eklemek\\\/#primaryimage\"},\"thumbnailUrl\":\"https:\\\/\\\/blog.medel.com\\\/wp-content\\\/uploads\\\/2023\\\/03\\\/rhymes-14.jpg\",\"articleSection\":[\"Veliler i\u00e7in\"],\"inLanguage\":\"tr\",\"potentialAction\":[{\"@type\":\"CommentAction\",\"name\":\"Comment\",\"target\":[\"https:\\\/\\\/blog.medel.com\\\/tr\\\/ipuclari-ve-puf-noktalari\\\/ipuclari-ve-puf-noktalari-veliler-icin\\\/gunluk-aktivitelere-sarkilar-ve-tekerlemeler-eklemek\\\/#respond\"]}]},{\"@type\":\"WebPage\",\"@id\":\"https:\\\/\\\/blog.medel.com\\\/tr\\\/ipuclari-ve-puf-noktalari\\\/ipuclari-ve-puf-noktalari-veliler-icin\\\/gunluk-aktivitelere-sarkilar-ve-tekerlemeler-eklemek\\\/\",\"url\":\"https:\\\/\\\/blog.medel.com\\\/tr\\\/ipuclari-ve-puf-noktalari\\\/ipuclari-ve-puf-noktalari-veliler-icin\\\/gunluk-aktivitelere-sarkilar-ve-tekerlemeler-eklemek\\\/\",\"name\":\"G\u00fcnl\u00fck Aktivitelere \u015eark\u0131lar ve Tekerlemeler Eklemek - The MED-EL Blog\",\"isPartOf\":{\"@id\":\"https:\\\/\\\/blog.medel.com\\\/tr\\\/#website\"},\"primaryImageOfPage\":{\"@id\":\"https:\\\/\\\/blog.medel.com\\\/tr\\\/ipuclari-ve-puf-noktalari\\\/ipuclari-ve-puf-noktalari-veliler-icin\\\/gunluk-aktivitelere-sarkilar-ve-tekerlemeler-eklemek\\\/#primaryimage\"},\"image\":{\"@id\":\"https:\\\/\\\/blog.medel.com\\\/tr\\\/ipuclari-ve-puf-noktalari\\\/ipuclari-ve-puf-noktalari-veliler-icin\\\/gunluk-aktivitelere-sarkilar-ve-tekerlemeler-eklemek\\\/#primaryimage\"},\"thumbnailUrl\":\"https:\\\/\\\/blog.medel.com\\\/wp-content\\\/uploads\\\/2023\\\/03\\\/rhymes-14.jpg\",\"datePublished\":\"2021-01-18T11:27:19+00:00\",\"dateModified\":\"2023-03-15T14:34:56+00:00\",\"breadcrumb\":{\"@id\":\"https:\\\/\\\/blog.medel.com\\\/tr\\\/ipuclari-ve-puf-noktalari\\\/ipuclari-ve-puf-noktalari-veliler-icin\\\/gunluk-aktivitelere-sarkilar-ve-tekerlemeler-eklemek\\\/#breadcrumb\"},\"inLanguage\":\"tr\",\"potentialAction\":[{\"@type\":\"ReadAction\",\"target\":[\"https:\\\/\\\/blog.medel.com\\\/tr\\\/ipuclari-ve-puf-noktalari\\\/ipuclari-ve-puf-noktalari-veliler-icin\\\/gunluk-aktivitelere-sarkilar-ve-tekerlemeler-eklemek\\\/\"]}]},{\"@type\":\"ImageObject\",\"inLanguage\":\"tr\",\"@id\":\"https:\\\/\\\/blog.medel.com\\\/tr\\\/ipuclari-ve-puf-noktalari\\\/ipuclari-ve-puf-noktalari-veliler-icin\\\/gunluk-aktivitelere-sarkilar-ve-tekerlemeler-eklemek\\\/#primaryimage\",\"url\":\"https:\\\/\\\/blog.medel.com\\\/wp-content\\\/uploads\\\/2023\\\/03\\\/rhymes-14.jpg\",\"contentUrl\":\"https:\\\/\\\/blog.medel.com\\\/wp-content\\\/uploads\\\/2023\\\/03\\\/rhymes-14.jpg\",\"width\":800,\"height\":400},{\"@type\":\"BreadcrumbList\",\"@id\":\"https:\\\/\\\/blog.medel.com\\\/tr\\\/ipuclari-ve-puf-noktalari\\\/ipuclari-ve-puf-noktalari-veliler-icin\\\/gunluk-aktivitelere-sarkilar-ve-tekerlemeler-eklemek\\\/#breadcrumb\",\"itemListElement\":[{\"@type\":\"ListItem\",\"position\":1,\"name\":\"Home\",\"item\":\"https:\\\/\\\/blog.medel.com\\\/\"},{\"@type\":\"ListItem\",\"position\":2,\"name\":\"G\u00fcnl\u00fck Aktivitelere \u015eark\u0131lar ve Tekerlemeler Eklemek\"}]},{\"@type\":\"WebSite\",\"@id\":\"https:\\\/\\\/blog.medel.com\\\/tr\\\/#website\",\"url\":\"https:\\\/\\\/blog.medel.com\\\/tr\\\/\",\"name\":\"The MED-EL Blog\",\"description\":\"\",\"publisher\":{\"@id\":\"https:\\\/\\\/blog.medel.com\\\/tr\\\/#organization\"},\"potentialAction\":[{\"@type\":\"SearchAction\",\"target\":{\"@type\":\"EntryPoint\",\"urlTemplate\":\"https:\\\/\\\/blog.medel.com\\\/tr\\\/?s={search_term_string}\"},\"query-input\":{\"@type\":\"PropertyValueSpecification\",\"valueRequired\":true,\"valueName\":\"search_term_string\"}}],\"inLanguage\":\"tr\"},{\"@type\":\"Organization\",\"@id\":\"https:\\\/\\\/blog.medel.com\\\/tr\\\/#organization\",\"name\":\"The MED-EL Blog\",\"url\":\"https:\\\/\\\/blog.medel.com\\\/tr\\\/\",\"logo\":{\"@type\":\"ImageObject\",\"inLanguage\":\"tr\",\"@id\":\"https:\\\/\\\/blog.medel.com\\\/tr\\\/#\\\/schema\\\/logo\\\/image\\\/\",\"url\":\"https:\\\/\\\/blog.medel.com\\\/wp-content\\\/uploads\\\/2023\\\/02\\\/MED-EL_logo_L2.png\",\"contentUrl\":\"https:\\\/\\\/blog.medel.com\\\/wp-content\\\/uploads\\\/2023\\\/02\\\/MED-EL_logo_L2.png\",\"width\":443,\"height\":200,\"caption\":\"The MED-EL Blog\"},\"image\":{\"@id\":\"https:\\\/\\\/blog.medel.com\\\/tr\\\/#\\\/schema\\\/logo\\\/image\\\/\"}},{\"@type\":\"Person\",\"@id\":\"https:\\\/\\\/blog.medel.com\\\/tr\\\/#\\\/schema\\\/person\\\/9f8dcfb27ec87796d874e021602c56e2\",\"name\":\"MED-EL\",\"sameAs\":[\"https:\\\/\\\/www.medel.com\"]}]}<\/script>\n<!-- \/ Yoast SEO plugin. -->","yoast_head_json":{"title":"G\u00fcnl\u00fck Aktivitelere \u015eark\u0131lar ve Tekerlemeler Eklemek - The MED-EL Blog","robots":{"index":"index","follow":"follow","max-snippet":"max-snippet:-1","max-image-preview":"max-image-preview:large","max-video-preview":"max-video-preview:-1"},"canonical":"https:\/\/blog.medel.com\/tr\/ipuclari-ve-puf-noktalari\/ipuclari-ve-puf-noktalari-veliler-icin\/gunluk-aktivitelere-sarkilar-ve-tekerlemeler-eklemek\/","og_locale":"tr_TR","og_type":"article","og_title":"G\u00fcnl\u00fck Aktivitelere \u015eark\u0131lar ve Tekerlemeler Eklemek - The MED-EL Blog","og_description":"Dinledi\u011fini anlama, okudu\u011funu anlamadan \u00f6nce gelir. Bir \u00e7ocu\u011fun okuduklar\u0131n\u0131 anlayabilmesi i\u00e7in \u00f6nce konu\u015fulan dili duymas\u0131 ve anlayabilmesi gerekir. &#8220;Laleli Belk\u0131s, i\u00e7eriye gir k\u0131z, ipten tut k\u0131z, d\u0131\u015far\u0131y\u0131 \u00e7\u0131k k\u0131z&#8221; gibi pek \u00e7ok geleneksel tekerleme tekrar i\u00e7erir. Tekrarlanan dil, \u00e7ocuklar\u0131n kelimeleri ve bunlar\u0131n nas\u0131l bir araya geldi\u011fini hat\u0131rlamalar\u0131n\u0131 kolayla\u015ft\u0131r\u0131r. \u015eark\u0131lar\u0131 ve tekerlemeleri \u00f6\u011frenmek, i\u015fitme kayb\u0131 olan [&hellip;]","og_url":"https:\/\/blog.medel.com\/tr\/ipuclari-ve-puf-noktalari\/ipuclari-ve-puf-noktalari-veliler-icin\/gunluk-aktivitelere-sarkilar-ve-tekerlemeler-eklemek\/","og_site_name":"The MED-EL Blog","article_published_time":"2021-01-18T11:27:19+00:00","article_modified_time":"2023-03-15T14:34:56+00:00","og_image":[{"width":800,"height":400,"url":"https:\/\/blog.medel.com\/wp-content\/uploads\/2023\/03\/rhymes-14.jpg","type":"image\/jpeg"}],"author":"MED-EL","twitter_card":"summary_large_image","twitter_misc":{"Yazan:":"MED-EL","Tahmini okuma s\u00fcresi":"9 dakika"},"schema":{"@context":"https:\/\/schema.org","@graph":[{"@type":"Article","@id":"https:\/\/blog.medel.com\/tr\/ipuclari-ve-puf-noktalari\/ipuclari-ve-puf-noktalari-veliler-icin\/gunluk-aktivitelere-sarkilar-ve-tekerlemeler-eklemek\/#article","isPartOf":{"@id":"https:\/\/blog.medel.com\/tr\/ipuclari-ve-puf-noktalari\/ipuclari-ve-puf-noktalari-veliler-icin\/gunluk-aktivitelere-sarkilar-ve-tekerlemeler-eklemek\/"},"author":{"name":"MED-EL","@id":"https:\/\/blog.medel.com\/tr\/#\/schema\/person\/9f8dcfb27ec87796d874e021602c56e2"},"headline":"G\u00fcnl\u00fck Aktivitelere \u015eark\u0131lar ve Tekerlemeler Eklemek","datePublished":"2021-01-18T11:27:19+00:00","dateModified":"2023-03-15T14:34:56+00:00","mainEntityOfPage":{"@id":"https:\/\/blog.medel.com\/tr\/ipuclari-ve-puf-noktalari\/ipuclari-ve-puf-noktalari-veliler-icin\/gunluk-aktivitelere-sarkilar-ve-tekerlemeler-eklemek\/"},"wordCount":1770,"commentCount":0,"publisher":{"@id":"https:\/\/blog.medel.com\/tr\/#organization"},"image":{"@id":"https:\/\/blog.medel.com\/tr\/ipuclari-ve-puf-noktalari\/ipuclari-ve-puf-noktalari-veliler-icin\/gunluk-aktivitelere-sarkilar-ve-tekerlemeler-eklemek\/#primaryimage"},"thumbnailUrl":"https:\/\/blog.medel.com\/wp-content\/uploads\/2023\/03\/rhymes-14.jpg","articleSection":["Veliler i\u00e7in"],"inLanguage":"tr","potentialAction":[{"@type":"CommentAction","name":"Comment","target":["https:\/\/blog.medel.com\/tr\/ipuclari-ve-puf-noktalari\/ipuclari-ve-puf-noktalari-veliler-icin\/gunluk-aktivitelere-sarkilar-ve-tekerlemeler-eklemek\/#respond"]}]},{"@type":"WebPage","@id":"https:\/\/blog.medel.com\/tr\/ipuclari-ve-puf-noktalari\/ipuclari-ve-puf-noktalari-veliler-icin\/gunluk-aktivitelere-sarkilar-ve-tekerlemeler-eklemek\/","url":"https:\/\/blog.medel.com\/tr\/ipuclari-ve-puf-noktalari\/ipuclari-ve-puf-noktalari-veliler-icin\/gunluk-aktivitelere-sarkilar-ve-tekerlemeler-eklemek\/","name":"G\u00fcnl\u00fck Aktivitelere \u015eark\u0131lar ve Tekerlemeler Eklemek - The MED-EL Blog","isPartOf":{"@id":"https:\/\/blog.medel.com\/tr\/#website"},"primaryImageOfPage":{"@id":"https:\/\/blog.medel.com\/tr\/ipuclari-ve-puf-noktalari\/ipuclari-ve-puf-noktalari-veliler-icin\/gunluk-aktivitelere-sarkilar-ve-tekerlemeler-eklemek\/#primaryimage"},"image":{"@id":"https:\/\/blog.medel.com\/tr\/ipuclari-ve-puf-noktalari\/ipuclari-ve-puf-noktalari-veliler-icin\/gunluk-aktivitelere-sarkilar-ve-tekerlemeler-eklemek\/#primaryimage"},"thumbnailUrl":"https:\/\/blog.medel.com\/wp-content\/uploads\/2023\/03\/rhymes-14.jpg","datePublished":"2021-01-18T11:27:19+00:00","dateModified":"2023-03-15T14:34:56+00:00","breadcrumb":{"@id":"https:\/\/blog.medel.com\/tr\/ipuclari-ve-puf-noktalari\/ipuclari-ve-puf-noktalari-veliler-icin\/gunluk-aktivitelere-sarkilar-ve-tekerlemeler-eklemek\/#breadcrumb"},"inLanguage":"tr","potentialAction":[{"@type":"ReadAction","target":["https:\/\/blog.medel.com\/tr\/ipuclari-ve-puf-noktalari\/ipuclari-ve-puf-noktalari-veliler-icin\/gunluk-aktivitelere-sarkilar-ve-tekerlemeler-eklemek\/"]}]},{"@type":"ImageObject","inLanguage":"tr","@id":"https:\/\/blog.medel.com\/tr\/ipuclari-ve-puf-noktalari\/ipuclari-ve-puf-noktalari-veliler-icin\/gunluk-aktivitelere-sarkilar-ve-tekerlemeler-eklemek\/#primaryimage","url":"https:\/\/blog.medel.com\/wp-content\/uploads\/2023\/03\/rhymes-14.jpg","contentUrl":"https:\/\/blog.medel.com\/wp-content\/uploads\/2023\/03\/rhymes-14.jpg","width":800,"height":400},{"@type":"BreadcrumbList","@id":"https:\/\/blog.medel.com\/tr\/ipuclari-ve-puf-noktalari\/ipuclari-ve-puf-noktalari-veliler-icin\/gunluk-aktivitelere-sarkilar-ve-tekerlemeler-eklemek\/#breadcrumb","itemListElement":[{"@type":"ListItem","position":1,"name":"Home","item":"https:\/\/blog.medel.com\/"},{"@type":"ListItem","position":2,"name":"G\u00fcnl\u00fck Aktivitelere \u015eark\u0131lar ve Tekerlemeler Eklemek"}]},{"@type":"WebSite","@id":"https:\/\/blog.medel.com\/tr\/#website","url":"https:\/\/blog.medel.com\/tr\/","name":"The MED-EL Blog","description":"","publisher":{"@id":"https:\/\/blog.medel.com\/tr\/#organization"},"potentialAction":[{"@type":"SearchAction","target":{"@type":"EntryPoint","urlTemplate":"https:\/\/blog.medel.com\/tr\/?s={search_term_string}"},"query-input":{"@type":"PropertyValueSpecification","valueRequired":true,"valueName":"search_term_string"}}],"inLanguage":"tr"},{"@type":"Organization","@id":"https:\/\/blog.medel.com\/tr\/#organization","name":"The MED-EL Blog","url":"https:\/\/blog.medel.com\/tr\/","logo":{"@type":"ImageObject","inLanguage":"tr","@id":"https:\/\/blog.medel.com\/tr\/#\/schema\/logo\/image\/","url":"https:\/\/blog.medel.com\/wp-content\/uploads\/2023\/02\/MED-EL_logo_L2.png","contentUrl":"https:\/\/blog.medel.com\/wp-content\/uploads\/2023\/02\/MED-EL_logo_L2.png","width":443,"height":200,"caption":"The MED-EL Blog"},"image":{"@id":"https:\/\/blog.medel.com\/tr\/#\/schema\/logo\/image\/"}},{"@type":"Person","@id":"https:\/\/blog.medel.com\/tr\/#\/schema\/person\/9f8dcfb27ec87796d874e021602c56e2","name":"MED-EL","sameAs":["https:\/\/www.medel.com"]}]}},"_links":{"self":[{"href":"https:\/\/blog.medel.com\/tr\/wp-json\/wp\/v2\/posts\/46097","targetHints":{"allow":["GET"]}}],"collection":[{"href":"https:\/\/blog.medel.com\/tr\/wp-json\/wp\/v2\/posts"}],"about":[{"href":"https:\/\/blog.medel.com\/tr\/wp-json\/wp\/v2\/types\/post"}],"author":[{"embeddable":true,"href":"https:\/\/blog.medel.com\/tr\/wp-json\/wp\/v2\/users\/8"}],"replies":[{"embeddable":true,"href":"https:\/\/blog.medel.com\/tr\/wp-json\/wp\/v2\/comments?post=46097"}],"version-history":[{"count":1,"href":"https:\/\/blog.medel.com\/tr\/wp-json\/wp\/v2\/posts\/46097\/revisions"}],"predecessor-version":[{"id":71640,"href":"https:\/\/blog.medel.com\/tr\/wp-json\/wp\/v2\/posts\/46097\/revisions\/71640"}],"wp:featuredmedia":[{"embeddable":true,"href":"https:\/\/blog.medel.com\/tr\/wp-json\/wp\/v2\/media\/71641"}],"wp:attachment":[{"href":"https:\/\/blog.medel.com\/tr\/wp-json\/wp\/v2\/media?parent=46097"}],"wp:term":[{"taxonomy":"category","embeddable":true,"href":"https:\/\/blog.medel.com\/tr\/wp-json\/wp\/v2\/categories?post=46097"},{"taxonomy":"post_tag","embeddable":true,"href":"https:\/\/blog.medel.com\/tr\/wp-json\/wp\/v2\/tags?post=46097"}],"curies":[{"name":"wp","href":"https:\/\/api.w.org\/{rel}","templated":true}]}}