{"id":46037,"date":"2020-08-18T11:47:44","date_gmt":"2020-08-18T11:47:44","guid":{"rendered":"https:\/\/blog.medel.com\/uncategorized-tr\/evde-rehabilitasyon-sorunlari-cocuguma-yeni-dil-ogretmek-icin-nasil-kullanabilirim\/"},"modified":"2023-03-15T14:35:13","modified_gmt":"2023-03-15T14:35:13","slug":"evde-rehabilitasyon-sorunlari-cocuguma-yeni-dil-ogretmek-icin-nasil-kullanabilirim","status":"publish","type":"post","link":"https:\/\/blog.medel.com\/tr\/ipuclari-ve-puf-noktalari\/ipuclari-ve-puf-noktalari-evde-rehabilitasyon\/evde-rehabilitasyon-sorunlari-cocuguma-yeni-dil-ogretmek-icin-nasil-kullanabilirim\/","title":{"rendered":"Evde Rehabilitasyon: Sorunlar\u0131 \u00c7ocu\u011fuma Yeni Dil \u00d6\u011fretmek \u0130\u00e7in Nas\u0131l Kullanabilirim?"},"content":{"rendered":"<p>Bu Evde Rehabilitasyon yaz\u0131s\u0131, \u00e7ocu\u011funuza yeni dil \u00f6\u011fretmek i\u00e7in evde ortaya \u00e7\u0131kan k\u00fc\u00e7\u00fck, g\u00fcnl\u00fck sorunlar\u0131 kullanmakla ilgilidir.<\/p>\n<p>G\u00fcnl\u00fck ya\u015famda ortaya \u00e7\u0131kan f\u0131rsatlar\u0131 nas\u0131l belirleyebilece\u011fimize daha fazla bakaca\u011f\u0131z ve \u00e7ocu\u011funuzun yeni dil \u00f6\u011frenmesine yard\u0131mc\u0131 olmak i\u00e7in bu anlar\u0131 kullanman\u0131n baz\u0131 basit yollar\u0131n\u0131 a\u00e7\u0131klayaca\u011f\u0131z.<\/p>\n<p>&nbsp;<\/p>\n<h3><strong>Hangi Sorunlar\u0131 Kullanabilirim?<\/strong><\/h3>\n<p>Her zaman k\u00fc\u00e7\u00fck sorunlar ortaya \u00e7\u0131kar. D\u00f6k\u00fclen i\u00e7ecekler, kay\u0131p ayakkab\u0131lar, yanl\u0131\u015fl\u0131kla giyilen k\u0131yafetler veya ya\u011fmura yakalanma gibi durumlar dil \u00f6\u011frenme f\u0131rsatlar\u0131na d\u00f6n\u00fc\u015ft\u00fcr\u00fclebilir.<\/p>\n<p>&nbsp;<\/p>\n<h3><strong>Bu neden \u00f6nemli?<\/strong><\/h3>\n<p>Bir ebeveyn olarak, i\u00e7g\u00fcd\u00fcsel olarak bebe\u011finizin her ihtiyac\u0131n\u0131 \u00e7\u00f6zmeye \u00e7al\u0131\u015f\u0131rs\u0131n\u0131z. \u00c7ocu\u011funuzun ne istedi\u011fini, bazen \u00e7ocu\u011funuz isteme gere\u011fini hisetmeden bile, biliyorsunuz. Ancak \u00e7ocuklar b\u00fcy\u00fcd\u00fck\u00e7e, kendi ba\u015flar\u0131na yard\u0131m istemeyi ve sorun \u00e7\u00f6zmeyi \u00f6\u011frenirler.<\/p>\n<p>\u00c7ocu\u011funuza sorunlar\u0131 \u00e7\u00f6zmeyi ve yard\u0131m istemeyi desteklemeniz ve \u00f6\u011fretmeniz \u00f6nemlidir, b\u00f6ylece okula ba\u015flarken bu becerilerde ba\u011f\u0131ms\u0131z hale gelebilirler.<\/p>\n<p><iframe loading=\"lazy\" title=\"Video 1 Ayse \u00d6\u011fretmen kucuk sorunlar dil  ve ki\u015fisel geli\u015fim i\u00e7in nas\u0131l kullan\u0131l\u0131r  anlat\u0131yor\" width=\"500\" height=\"281\" src=\"https:\/\/www.youtube.com\/embed\/jVSWHyz3SlY?feature=oembed\" frameborder=\"0\" allow=\"accelerometer; autoplay; clipboard-write; encrypted-media; gyroscope; picture-in-picture; web-share\" referrerpolicy=\"strict-origin-when-cross-origin\" allowfullscreen><\/iframe><\/p>\n<p>Ay\u015fe \u00f6\u011fretmen Sera\u2019n\u0131n babas\u0131na k\u00fc\u00e7\u00fck sorunlar dil geli\u015fimi ve kendi kendine yetinme nas\u0131l kullan\u0131l\u0131r anlat\u0131yor.<\/p>\n<p>&nbsp;<\/p>\n<p>\u00c7ocuklar\u0131n\u0131z bunlar\u0131 \u00f6\u011frenmeli:<\/p>\n<ul>\n<li><strong>Sorun a\u00e7\u0131klayan kelimeler\u00a0<\/strong>k\u0131r\u0131k, d\u00f6k\u00fclm\u00fc\u015f, d\u00fc\u015fm\u00fc\u015f, bo\u015f, \u00e7al\u0131\u015fm\u0131yor, ac\u0131m\u0131\u015f, gitmi\u015f, bitmi\u015f, olmuyor, yap\u0131lm\u0131yor, farkl\u0131 gibi kelimeler<\/li>\n<li><strong>\u00c7\u00f6z\u00fcm getiren kelimeler\u00a0<\/strong>yard\u0131m, daha, d\u00fczelt, a\u00e7, bekle, temizle, nerede? bulun gibi kelimeler<\/li>\n<\/ul>\n<p>&nbsp;<\/p>\n<h3><strong>Sorunlar\u0131 \u00c7ocu\u011fuma Yeni Dil \u00d6\u011fretmek \u0130\u00e7in Nas\u0131l Kullanabilirim?<\/strong><\/h3>\n<p>Evde sorunlar veya s\u00fcrprizler ortaya \u00e7\u0131kt\u0131\u011f\u0131nda, \u00e7ocu\u011funuzla bunlar hakk\u0131nda konu\u015fmak i\u00e7in zaman ay\u0131r\u0131n\u0131z. \u00c7ocu\u011funuzun dikkatini neler oldu\u011funa \u00e7ekiniz ve sonra d\u00fczeltmek i\u00e7in neler yapabilece\u011finizi konu\u015funuz.<\/p>\n<p>\u00d6rne\u011fin, tuvalete giderken \u0131\u015f\u0131\u011f\u0131 yakmak yerine, \u201cOh, <strong>karanl\u0131k<\/strong>! Hmm, ne yapmal\u0131y\u0131z? I\u015f\u0131\u011f\u0131 a\u00e7mal\u0131y\u0131z. I\u015f\u0131\u011f\u0131 a\u00e7. Tamam, \u015fimdi <strong>\u0131\u015f\u0131k yan\u0131yor, g\u00f6rebiliyoruz<\/strong>\u201d. Bu, \u00e7ocu\u011funuzun problem \u00e7\u00f6zme s\u00fcrecinizi ve onunla birlikte gelen dili duymas\u0131n\u0131 ve anlamas\u0131n\u0131 sa\u011flar.<\/p>\n<p>A\u015fa\u011f\u0131daki videoda Serra ve babas\u0131, k\u0131z\u0131na kirli bula\u015f\u0131k b\u0131rak\u0131lmas\u0131 sorunu hakk\u0131nda yeni kelimeler \u00f6\u011fretme f\u0131rsat\u0131 bulur. Serra\u2019nin dikkatini soruna \u00e7ekiyor ve yeni kelimeleri &#8220;bula\u015f\u0131k makinesi, sepet &#8221; gibi tekrar tekrar kullan\u0131yor. Serra&#8217;nin i\u015fitsel dikkatini \u00e7ekmek i\u00e7in bu kelimelerde akustik vurgulama kullan\u0131r. Ard\u0131ndan Sera\u2019nin babas\u0131 sorunu nas\u0131l \u00e7\u00f6zebileceklerini d\u00fc\u015f\u00fcnmeye te\u015fvik eder.<\/p>\n<p><iframe loading=\"lazy\" title=\"2nd Video final\" width=\"500\" height=\"281\" src=\"https:\/\/www.youtube.com\/embed\/ZMsUUiqUXm8?feature=oembed\" frameborder=\"0\" allow=\"accelerometer; autoplay; clipboard-write; encrypted-media; gyroscope; picture-in-picture; web-share\" referrerpolicy=\"strict-origin-when-cross-origin\" allowfullscreen><\/iframe><\/p>\n<p>&nbsp;<\/p>\n<p>\u00c7ocu\u011funuza yeni dil \u00f6\u011fretmek i\u00e7in sorunlar\u0131 kullanman\u0131n di\u011fer baz\u0131 yollar\u0131:<\/p>\n<p>&nbsp;<\/p>\n<h3><strong>K\u00fc\u00e7\u00fck \u00c7ocuklar \u0130le Ne Yapabiliriz?<\/strong><\/h3>\n<ul>\n<li>Oyuncak, \u00e7anta veya k\u0131yafet par\u00e7as\u0131 kaybolursa, \u00e7ocu\u011funuz ile birlikte eksik olan e\u015fyay\u0131 aray\u0131n\u0131z. \u00c7ocu\u011funuza \u201cNerede\u2026?\u201d sorusunu \u00f6\u011fretmek i\u00e7in bu sorunu kullan\u0131n\u0131z ve &#8220;Bak&#8221; ve &#8220;Bul&#8221; gibi eylem kelimeleri kullan\u0131n\u0131z.<\/li>\n<li>\u00c7ocu\u011funuz i\u00e7eceklerini veya at\u0131\u015ft\u0131rmal\u0131klar\u0131n\u0131 bitirdi\u011finde, daha fazla vermeden \u00f6nce duraklay\u0131n\u0131z. \u00c7ocu\u011funuza <strong>\u201cbitti\u201d, \u201cbardak bo\u015f\u201d<\/strong> \u00f6\u011fretmek ve <strong>\u201cdaha \u200b\u200bfazla \u00fcz\u00fcm\u201d<\/strong> istemek i\u00e7in seslendirmelerini veya taklit etmelerini beklemek i\u00e7in bu durumu kullan\u0131n\u0131z.<\/li>\n<\/ul>\n<p>&nbsp;<\/p>\n<h3><strong>Daha B\u00fcy\u00fck \u00c7ocuklar \u0130le Ne Yapabiliriz?<\/strong><\/h3>\n<p>Daha b\u00fcy\u00fck \u00e7ocuklar g\u00fcnl\u00fck k\u00fc\u00e7\u00fck sorunlar\u0131n\u0131n \u00e7o\u011funu daha ba\u011f\u0131ms\u0131z olarak \u00e7\u00f6zebilirler. \u00d6nce sorun hakk\u0131nda konu\u015fmak i\u00e7in zaman ay\u0131r\u0131n\u0131z. Sorunu nas\u0131l \u00e7\u00f6zebilecekleri konusunda fikir sahibi olabilirler mi?<\/p>\n<ul>\n<li>Yemek pi\u015firirken ortaya \u00e7\u0131kan bir\u00e7ok problem \u00e7\u00f6zme f\u0131rsat\u0131 vard\u0131r. T\u00fcm bile\u015fenlere sahip de\u011filseniz, \u00e7ocu\u011funuzun sorunu tan\u0131mlamas\u0131na yard\u0131mc\u0131 olunuz. \u00d6rne\u011fin, \u201cTarifte 3 yumurtaya ihtiyac\u0131m\u0131z var. Elimizde 2 \u201dvar. Ard\u0131ndan sorunu \u00e7\u00f6zmek i\u00e7in ne yapaca\u011f\u0131n\u0131zdan bahsediniz.<\/li>\n<li>F\u0131r\u0131n tepsisinin nas\u0131l s\u0131cak olaca\u011f\u0131 hakk\u0131nda da konu\u015fabilirsiniz. \u201cElimizle dokunamay\u0131z. Ne yapmal\u0131y\u0131z?\u201d<\/li>\n<li>\u00c7ocu\u011funuz yiyeceklerini kesmek, ayakkab\u0131 ba\u011fc\u0131\u011f\u0131n\u0131 ba\u011flamak veya bir kalemi tra\u015flamakta zorluk ya\u015f\u0131yorsa, g\u00f6revi yerine getirmek i\u00e7in atlamak yerine sizden yard\u0131m istemelerini te\u015fvik ediniz. Yard\u0131m istediklerinde, onlara ne ile ilgili sorun ya\u015fad\u0131klar\u0131n\u0131 ve ne yapman\u0131z gerekti\u011fini sorunuz. \u00d6rne\u011fin, \u201cTavu\u011fu <strong>daha<\/strong> <strong>k\u00fc\u00e7\u00fck<\/strong> par\u00e7alara b\u00f6lebilir misiniz?\u201d \u00c7ocu\u011funuz i\u00e7in daha karma\u015f\u0131k kelimeleri ve c\u00fcmlelerini modellemek i\u00e7in bu f\u0131rsatlar\u0131 kullan\u0131n\u0131z.<\/li>\n<\/ul>\n<p>&nbsp;<\/p>\n<p>Evde Rehabilitasyon etkinliklerini daha fazla incelemek ister misiniz?<\/p>\n<p>Evde Rehabilitasyon sayfam\u0131zdaki t\u00fcm yaz\u0131lar\u0131m\u0131za g\u00f6z at\u0131n\u0131z.<\/p>\n<p>&nbsp;<\/p>\n","protected":false},"excerpt":{"rendered":"<p>Bu Evde Rehabilitasyon yaz\u0131s\u0131, \u00e7ocu\u011funuza yeni dil \u00f6\u011fretmek i\u00e7in evde ortaya \u00e7\u0131kan k\u00fc\u00e7\u00fck, g\u00fcnl\u00fck sorunlar\u0131 kullanmakla ilgilidir. G\u00fcnl\u00fck ya\u015famda ortaya \u00e7\u0131kan f\u0131rsatlar\u0131 nas\u0131l belirleyebilece\u011fimize daha fazla bakaca\u011f\u0131z ve \u00e7ocu\u011funuzun yeni dil \u00f6\u011frenmesine yard\u0131mc\u0131 olmak i\u00e7in bu anlar\u0131 kullanman\u0131n baz\u0131 basit yollar\u0131n\u0131 a\u00e7\u0131klayaca\u011f\u0131z. &nbsp; Hangi Sorunlar\u0131 Kullanabilirim? Her zaman k\u00fc\u00e7\u00fck sorunlar ortaya \u00e7\u0131kar. D\u00f6k\u00fclen i\u00e7ecekler, kay\u0131p [&hellip;]<\/p>\n","protected":false},"author":8,"featured_media":71237,"comment_status":"open","ping_status":"open","sticky":false,"template":"","format":"standard","meta":{"footnotes":""},"categories":[3236],"tags":[3250,3252],"class_list":["post-46037","post","type-post","status-publish","format-standard","has-post-thumbnail","hentry","category-ipuclari-ve-puf-noktalari-evde-rehabilitasyon","tag-isitme-implanti-tr","tag-med-el-tr"],"yoast_head":"<!-- This site is optimized with the Yoast SEO plugin v27.4 - https:\/\/yoast.com\/product\/yoast-seo-wordpress\/ -->\n<title>Evde Rehabilitasyon: Sorunlar\u0131 \u00c7ocu\u011fuma Yeni Dil \u00d6\u011fretmek \u0130\u00e7in Nas\u0131l Kullanabilirim? - The MED-EL Blog<\/title>\n<meta name=\"robots\" content=\"index, follow, max-snippet:-1, max-image-preview:large, max-video-preview:-1\" \/>\n<link rel=\"canonical\" href=\"https:\/\/blog.medel.com\/tr\/ipuclari-ve-puf-noktalari\/ipuclari-ve-puf-noktalari-evde-rehabilitasyon\/evde-rehabilitasyon-sorunlari-cocuguma-yeni-dil-ogretmek-icin-nasil-kullanabilirim\/\" \/>\n<meta property=\"og:locale\" content=\"tr_TR\" \/>\n<meta property=\"og:type\" content=\"article\" \/>\n<meta property=\"og:title\" content=\"Evde Rehabilitasyon: Sorunlar\u0131 \u00c7ocu\u011fuma Yeni Dil \u00d6\u011fretmek \u0130\u00e7in Nas\u0131l Kullanabilirim? - The MED-EL Blog\" \/>\n<meta property=\"og:description\" content=\"Bu Evde Rehabilitasyon yaz\u0131s\u0131, \u00e7ocu\u011funuza yeni dil \u00f6\u011fretmek i\u00e7in evde ortaya \u00e7\u0131kan k\u00fc\u00e7\u00fck, g\u00fcnl\u00fck sorunlar\u0131 kullanmakla ilgilidir. G\u00fcnl\u00fck ya\u015famda ortaya \u00e7\u0131kan f\u0131rsatlar\u0131 nas\u0131l belirleyebilece\u011fimize daha fazla bakaca\u011f\u0131z ve \u00e7ocu\u011funuzun yeni dil \u00f6\u011frenmesine yard\u0131mc\u0131 olmak i\u00e7in bu anlar\u0131 kullanman\u0131n baz\u0131 basit yollar\u0131n\u0131 a\u00e7\u0131klayaca\u011f\u0131z. &nbsp; Hangi Sorunlar\u0131 Kullanabilirim? Her zaman k\u00fc\u00e7\u00fck sorunlar ortaya \u00e7\u0131kar. D\u00f6k\u00fclen i\u00e7ecekler, kay\u0131p [&hellip;]\" \/>\n<meta property=\"og:url\" content=\"https:\/\/blog.medel.com\/tr\/ipuclari-ve-puf-noktalari\/ipuclari-ve-puf-noktalari-evde-rehabilitasyon\/evde-rehabilitasyon-sorunlari-cocuguma-yeni-dil-ogretmek-icin-nasil-kullanabilirim\/\" \/>\n<meta property=\"og:site_name\" content=\"The MED-EL Blog\" \/>\n<meta property=\"article:published_time\" content=\"2020-08-18T11:47:44+00:00\" \/>\n<meta property=\"article:modified_time\" content=\"2023-03-15T14:35:13+00:00\" \/>\n<meta property=\"og:image\" content=\"https:\/\/blog.medel.com\/wp-content\/uploads\/2023\/03\/untitled-22.png\" \/>\n\t<meta property=\"og:image:width\" content=\"605\" \/>\n\t<meta property=\"og:image:height\" content=\"343\" \/>\n\t<meta property=\"og:image:type\" content=\"image\/png\" \/>\n<meta name=\"author\" content=\"MED-EL\" \/>\n<meta name=\"twitter:card\" content=\"summary_large_image\" \/>\n<meta name=\"twitter:label1\" content=\"Yazan:\" \/>\n\t<meta name=\"twitter:data1\" content=\"MED-EL\" \/>\n\t<meta name=\"twitter:label2\" content=\"Tahmini okuma s\u00fcresi\" \/>\n\t<meta name=\"twitter:data2\" content=\"3 dakika\" \/>\n<script type=\"application\/ld+json\" class=\"yoast-schema-graph\">{\"@context\":\"https:\\\/\\\/schema.org\",\"@graph\":[{\"@type\":\"Article\",\"@id\":\"https:\\\/\\\/blog.medel.com\\\/tr\\\/ipuclari-ve-puf-noktalari\\\/ipuclari-ve-puf-noktalari-evde-rehabilitasyon\\\/evde-rehabilitasyon-sorunlari-cocuguma-yeni-dil-ogretmek-icin-nasil-kullanabilirim\\\/#article\",\"isPartOf\":{\"@id\":\"https:\\\/\\\/blog.medel.com\\\/tr\\\/ipuclari-ve-puf-noktalari\\\/ipuclari-ve-puf-noktalari-evde-rehabilitasyon\\\/evde-rehabilitasyon-sorunlari-cocuguma-yeni-dil-ogretmek-icin-nasil-kullanabilirim\\\/\"},\"author\":{\"name\":\"MED-EL\",\"@id\":\"https:\\\/\\\/blog.medel.com\\\/tr\\\/#\\\/schema\\\/person\\\/9f8dcfb27ec87796d874e021602c56e2\"},\"headline\":\"Evde Rehabilitasyon: Sorunlar\u0131 \u00c7ocu\u011fuma Yeni Dil \u00d6\u011fretmek \u0130\u00e7in Nas\u0131l Kullanabilirim?\",\"datePublished\":\"2020-08-18T11:47:44+00:00\",\"dateModified\":\"2023-03-15T14:35:13+00:00\",\"mainEntityOfPage\":{\"@id\":\"https:\\\/\\\/blog.medel.com\\\/tr\\\/ipuclari-ve-puf-noktalari\\\/ipuclari-ve-puf-noktalari-evde-rehabilitasyon\\\/evde-rehabilitasyon-sorunlari-cocuguma-yeni-dil-ogretmek-icin-nasil-kullanabilirim\\\/\"},\"wordCount\":801,\"commentCount\":0,\"publisher\":{\"@id\":\"https:\\\/\\\/blog.medel.com\\\/tr\\\/#organization\"},\"image\":{\"@id\":\"https:\\\/\\\/blog.medel.com\\\/tr\\\/ipuclari-ve-puf-noktalari\\\/ipuclari-ve-puf-noktalari-evde-rehabilitasyon\\\/evde-rehabilitasyon-sorunlari-cocuguma-yeni-dil-ogretmek-icin-nasil-kullanabilirim\\\/#primaryimage\"},\"thumbnailUrl\":\"https:\\\/\\\/blog.medel.com\\\/wp-content\\\/uploads\\\/2023\\\/03\\\/untitled-22.png\",\"keywords\":[\"i\u015fitme implant\u0131\",\"MED-EL\"],\"articleSection\":[\"Evde Rehabilitasyon\"],\"inLanguage\":\"tr\",\"potentialAction\":[{\"@type\":\"CommentAction\",\"name\":\"Comment\",\"target\":[\"https:\\\/\\\/blog.medel.com\\\/tr\\\/ipuclari-ve-puf-noktalari\\\/ipuclari-ve-puf-noktalari-evde-rehabilitasyon\\\/evde-rehabilitasyon-sorunlari-cocuguma-yeni-dil-ogretmek-icin-nasil-kullanabilirim\\\/#respond\"]}]},{\"@type\":\"WebPage\",\"@id\":\"https:\\\/\\\/blog.medel.com\\\/tr\\\/ipuclari-ve-puf-noktalari\\\/ipuclari-ve-puf-noktalari-evde-rehabilitasyon\\\/evde-rehabilitasyon-sorunlari-cocuguma-yeni-dil-ogretmek-icin-nasil-kullanabilirim\\\/\",\"url\":\"https:\\\/\\\/blog.medel.com\\\/tr\\\/ipuclari-ve-puf-noktalari\\\/ipuclari-ve-puf-noktalari-evde-rehabilitasyon\\\/evde-rehabilitasyon-sorunlari-cocuguma-yeni-dil-ogretmek-icin-nasil-kullanabilirim\\\/\",\"name\":\"Evde Rehabilitasyon: Sorunlar\u0131 \u00c7ocu\u011fuma Yeni Dil \u00d6\u011fretmek \u0130\u00e7in Nas\u0131l Kullanabilirim? - The MED-EL Blog\",\"isPartOf\":{\"@id\":\"https:\\\/\\\/blog.medel.com\\\/tr\\\/#website\"},\"primaryImageOfPage\":{\"@id\":\"https:\\\/\\\/blog.medel.com\\\/tr\\\/ipuclari-ve-puf-noktalari\\\/ipuclari-ve-puf-noktalari-evde-rehabilitasyon\\\/evde-rehabilitasyon-sorunlari-cocuguma-yeni-dil-ogretmek-icin-nasil-kullanabilirim\\\/#primaryimage\"},\"image\":{\"@id\":\"https:\\\/\\\/blog.medel.com\\\/tr\\\/ipuclari-ve-puf-noktalari\\\/ipuclari-ve-puf-noktalari-evde-rehabilitasyon\\\/evde-rehabilitasyon-sorunlari-cocuguma-yeni-dil-ogretmek-icin-nasil-kullanabilirim\\\/#primaryimage\"},\"thumbnailUrl\":\"https:\\\/\\\/blog.medel.com\\\/wp-content\\\/uploads\\\/2023\\\/03\\\/untitled-22.png\",\"datePublished\":\"2020-08-18T11:47:44+00:00\",\"dateModified\":\"2023-03-15T14:35:13+00:00\",\"breadcrumb\":{\"@id\":\"https:\\\/\\\/blog.medel.com\\\/tr\\\/ipuclari-ve-puf-noktalari\\\/ipuclari-ve-puf-noktalari-evde-rehabilitasyon\\\/evde-rehabilitasyon-sorunlari-cocuguma-yeni-dil-ogretmek-icin-nasil-kullanabilirim\\\/#breadcrumb\"},\"inLanguage\":\"tr\",\"potentialAction\":[{\"@type\":\"ReadAction\",\"target\":[\"https:\\\/\\\/blog.medel.com\\\/tr\\\/ipuclari-ve-puf-noktalari\\\/ipuclari-ve-puf-noktalari-evde-rehabilitasyon\\\/evde-rehabilitasyon-sorunlari-cocuguma-yeni-dil-ogretmek-icin-nasil-kullanabilirim\\\/\"]}]},{\"@type\":\"ImageObject\",\"inLanguage\":\"tr\",\"@id\":\"https:\\\/\\\/blog.medel.com\\\/tr\\\/ipuclari-ve-puf-noktalari\\\/ipuclari-ve-puf-noktalari-evde-rehabilitasyon\\\/evde-rehabilitasyon-sorunlari-cocuguma-yeni-dil-ogretmek-icin-nasil-kullanabilirim\\\/#primaryimage\",\"url\":\"https:\\\/\\\/blog.medel.com\\\/wp-content\\\/uploads\\\/2023\\\/03\\\/untitled-22.png\",\"contentUrl\":\"https:\\\/\\\/blog.medel.com\\\/wp-content\\\/uploads\\\/2023\\\/03\\\/untitled-22.png\",\"width\":605,\"height\":343},{\"@type\":\"BreadcrumbList\",\"@id\":\"https:\\\/\\\/blog.medel.com\\\/tr\\\/ipuclari-ve-puf-noktalari\\\/ipuclari-ve-puf-noktalari-evde-rehabilitasyon\\\/evde-rehabilitasyon-sorunlari-cocuguma-yeni-dil-ogretmek-icin-nasil-kullanabilirim\\\/#breadcrumb\",\"itemListElement\":[{\"@type\":\"ListItem\",\"position\":1,\"name\":\"Home\",\"item\":\"https:\\\/\\\/blog.medel.com\\\/\"},{\"@type\":\"ListItem\",\"position\":2,\"name\":\"Evde Rehabilitasyon: Sorunlar\u0131 \u00c7ocu\u011fuma Yeni Dil \u00d6\u011fretmek \u0130\u00e7in Nas\u0131l Kullanabilirim?\"}]},{\"@type\":\"WebSite\",\"@id\":\"https:\\\/\\\/blog.medel.com\\\/tr\\\/#website\",\"url\":\"https:\\\/\\\/blog.medel.com\\\/tr\\\/\",\"name\":\"The MED-EL Blog\",\"description\":\"\",\"publisher\":{\"@id\":\"https:\\\/\\\/blog.medel.com\\\/tr\\\/#organization\"},\"potentialAction\":[{\"@type\":\"SearchAction\",\"target\":{\"@type\":\"EntryPoint\",\"urlTemplate\":\"https:\\\/\\\/blog.medel.com\\\/tr\\\/?s={search_term_string}\"},\"query-input\":{\"@type\":\"PropertyValueSpecification\",\"valueRequired\":true,\"valueName\":\"search_term_string\"}}],\"inLanguage\":\"tr\"},{\"@type\":\"Organization\",\"@id\":\"https:\\\/\\\/blog.medel.com\\\/tr\\\/#organization\",\"name\":\"The MED-EL Blog\",\"url\":\"https:\\\/\\\/blog.medel.com\\\/tr\\\/\",\"logo\":{\"@type\":\"ImageObject\",\"inLanguage\":\"tr\",\"@id\":\"https:\\\/\\\/blog.medel.com\\\/tr\\\/#\\\/schema\\\/logo\\\/image\\\/\",\"url\":\"https:\\\/\\\/blog.medel.com\\\/wp-content\\\/uploads\\\/2023\\\/02\\\/MED-EL_logo_L2.png\",\"contentUrl\":\"https:\\\/\\\/blog.medel.com\\\/wp-content\\\/uploads\\\/2023\\\/02\\\/MED-EL_logo_L2.png\",\"width\":443,\"height\":200,\"caption\":\"The MED-EL Blog\"},\"image\":{\"@id\":\"https:\\\/\\\/blog.medel.com\\\/tr\\\/#\\\/schema\\\/logo\\\/image\\\/\"}},{\"@type\":\"Person\",\"@id\":\"https:\\\/\\\/blog.medel.com\\\/tr\\\/#\\\/schema\\\/person\\\/9f8dcfb27ec87796d874e021602c56e2\",\"name\":\"MED-EL\",\"sameAs\":[\"https:\\\/\\\/www.medel.com\"]}]}<\/script>\n<!-- \/ Yoast SEO plugin. -->","yoast_head_json":{"title":"Evde Rehabilitasyon: Sorunlar\u0131 \u00c7ocu\u011fuma Yeni Dil \u00d6\u011fretmek \u0130\u00e7in Nas\u0131l Kullanabilirim? - The MED-EL Blog","robots":{"index":"index","follow":"follow","max-snippet":"max-snippet:-1","max-image-preview":"max-image-preview:large","max-video-preview":"max-video-preview:-1"},"canonical":"https:\/\/blog.medel.com\/tr\/ipuclari-ve-puf-noktalari\/ipuclari-ve-puf-noktalari-evde-rehabilitasyon\/evde-rehabilitasyon-sorunlari-cocuguma-yeni-dil-ogretmek-icin-nasil-kullanabilirim\/","og_locale":"tr_TR","og_type":"article","og_title":"Evde Rehabilitasyon: Sorunlar\u0131 \u00c7ocu\u011fuma Yeni Dil \u00d6\u011fretmek \u0130\u00e7in Nas\u0131l Kullanabilirim? - The MED-EL Blog","og_description":"Bu Evde Rehabilitasyon yaz\u0131s\u0131, \u00e7ocu\u011funuza yeni dil \u00f6\u011fretmek i\u00e7in evde ortaya \u00e7\u0131kan k\u00fc\u00e7\u00fck, g\u00fcnl\u00fck sorunlar\u0131 kullanmakla ilgilidir. G\u00fcnl\u00fck ya\u015famda ortaya \u00e7\u0131kan f\u0131rsatlar\u0131 nas\u0131l belirleyebilece\u011fimize daha fazla bakaca\u011f\u0131z ve \u00e7ocu\u011funuzun yeni dil \u00f6\u011frenmesine yard\u0131mc\u0131 olmak i\u00e7in bu anlar\u0131 kullanman\u0131n baz\u0131 basit yollar\u0131n\u0131 a\u00e7\u0131klayaca\u011f\u0131z. &nbsp; Hangi Sorunlar\u0131 Kullanabilirim? Her zaman k\u00fc\u00e7\u00fck sorunlar ortaya \u00e7\u0131kar. D\u00f6k\u00fclen i\u00e7ecekler, kay\u0131p [&hellip;]","og_url":"https:\/\/blog.medel.com\/tr\/ipuclari-ve-puf-noktalari\/ipuclari-ve-puf-noktalari-evde-rehabilitasyon\/evde-rehabilitasyon-sorunlari-cocuguma-yeni-dil-ogretmek-icin-nasil-kullanabilirim\/","og_site_name":"The MED-EL Blog","article_published_time":"2020-08-18T11:47:44+00:00","article_modified_time":"2023-03-15T14:35:13+00:00","og_image":[{"width":605,"height":343,"url":"https:\/\/blog.medel.com\/wp-content\/uploads\/2023\/03\/untitled-22.png","type":"image\/png"}],"author":"MED-EL","twitter_card":"summary_large_image","twitter_misc":{"Yazan:":"MED-EL","Tahmini okuma s\u00fcresi":"3 dakika"},"schema":{"@context":"https:\/\/schema.org","@graph":[{"@type":"Article","@id":"https:\/\/blog.medel.com\/tr\/ipuclari-ve-puf-noktalari\/ipuclari-ve-puf-noktalari-evde-rehabilitasyon\/evde-rehabilitasyon-sorunlari-cocuguma-yeni-dil-ogretmek-icin-nasil-kullanabilirim\/#article","isPartOf":{"@id":"https:\/\/blog.medel.com\/tr\/ipuclari-ve-puf-noktalari\/ipuclari-ve-puf-noktalari-evde-rehabilitasyon\/evde-rehabilitasyon-sorunlari-cocuguma-yeni-dil-ogretmek-icin-nasil-kullanabilirim\/"},"author":{"name":"MED-EL","@id":"https:\/\/blog.medel.com\/tr\/#\/schema\/person\/9f8dcfb27ec87796d874e021602c56e2"},"headline":"Evde Rehabilitasyon: Sorunlar\u0131 \u00c7ocu\u011fuma Yeni Dil \u00d6\u011fretmek \u0130\u00e7in Nas\u0131l Kullanabilirim?","datePublished":"2020-08-18T11:47:44+00:00","dateModified":"2023-03-15T14:35:13+00:00","mainEntityOfPage":{"@id":"https:\/\/blog.medel.com\/tr\/ipuclari-ve-puf-noktalari\/ipuclari-ve-puf-noktalari-evde-rehabilitasyon\/evde-rehabilitasyon-sorunlari-cocuguma-yeni-dil-ogretmek-icin-nasil-kullanabilirim\/"},"wordCount":801,"commentCount":0,"publisher":{"@id":"https:\/\/blog.medel.com\/tr\/#organization"},"image":{"@id":"https:\/\/blog.medel.com\/tr\/ipuclari-ve-puf-noktalari\/ipuclari-ve-puf-noktalari-evde-rehabilitasyon\/evde-rehabilitasyon-sorunlari-cocuguma-yeni-dil-ogretmek-icin-nasil-kullanabilirim\/#primaryimage"},"thumbnailUrl":"https:\/\/blog.medel.com\/wp-content\/uploads\/2023\/03\/untitled-22.png","keywords":["i\u015fitme implant\u0131","MED-EL"],"articleSection":["Evde Rehabilitasyon"],"inLanguage":"tr","potentialAction":[{"@type":"CommentAction","name":"Comment","target":["https:\/\/blog.medel.com\/tr\/ipuclari-ve-puf-noktalari\/ipuclari-ve-puf-noktalari-evde-rehabilitasyon\/evde-rehabilitasyon-sorunlari-cocuguma-yeni-dil-ogretmek-icin-nasil-kullanabilirim\/#respond"]}]},{"@type":"WebPage","@id":"https:\/\/blog.medel.com\/tr\/ipuclari-ve-puf-noktalari\/ipuclari-ve-puf-noktalari-evde-rehabilitasyon\/evde-rehabilitasyon-sorunlari-cocuguma-yeni-dil-ogretmek-icin-nasil-kullanabilirim\/","url":"https:\/\/blog.medel.com\/tr\/ipuclari-ve-puf-noktalari\/ipuclari-ve-puf-noktalari-evde-rehabilitasyon\/evde-rehabilitasyon-sorunlari-cocuguma-yeni-dil-ogretmek-icin-nasil-kullanabilirim\/","name":"Evde Rehabilitasyon: Sorunlar\u0131 \u00c7ocu\u011fuma Yeni Dil \u00d6\u011fretmek \u0130\u00e7in Nas\u0131l Kullanabilirim? - The MED-EL Blog","isPartOf":{"@id":"https:\/\/blog.medel.com\/tr\/#website"},"primaryImageOfPage":{"@id":"https:\/\/blog.medel.com\/tr\/ipuclari-ve-puf-noktalari\/ipuclari-ve-puf-noktalari-evde-rehabilitasyon\/evde-rehabilitasyon-sorunlari-cocuguma-yeni-dil-ogretmek-icin-nasil-kullanabilirim\/#primaryimage"},"image":{"@id":"https:\/\/blog.medel.com\/tr\/ipuclari-ve-puf-noktalari\/ipuclari-ve-puf-noktalari-evde-rehabilitasyon\/evde-rehabilitasyon-sorunlari-cocuguma-yeni-dil-ogretmek-icin-nasil-kullanabilirim\/#primaryimage"},"thumbnailUrl":"https:\/\/blog.medel.com\/wp-content\/uploads\/2023\/03\/untitled-22.png","datePublished":"2020-08-18T11:47:44+00:00","dateModified":"2023-03-15T14:35:13+00:00","breadcrumb":{"@id":"https:\/\/blog.medel.com\/tr\/ipuclari-ve-puf-noktalari\/ipuclari-ve-puf-noktalari-evde-rehabilitasyon\/evde-rehabilitasyon-sorunlari-cocuguma-yeni-dil-ogretmek-icin-nasil-kullanabilirim\/#breadcrumb"},"inLanguage":"tr","potentialAction":[{"@type":"ReadAction","target":["https:\/\/blog.medel.com\/tr\/ipuclari-ve-puf-noktalari\/ipuclari-ve-puf-noktalari-evde-rehabilitasyon\/evde-rehabilitasyon-sorunlari-cocuguma-yeni-dil-ogretmek-icin-nasil-kullanabilirim\/"]}]},{"@type":"ImageObject","inLanguage":"tr","@id":"https:\/\/blog.medel.com\/tr\/ipuclari-ve-puf-noktalari\/ipuclari-ve-puf-noktalari-evde-rehabilitasyon\/evde-rehabilitasyon-sorunlari-cocuguma-yeni-dil-ogretmek-icin-nasil-kullanabilirim\/#primaryimage","url":"https:\/\/blog.medel.com\/wp-content\/uploads\/2023\/03\/untitled-22.png","contentUrl":"https:\/\/blog.medel.com\/wp-content\/uploads\/2023\/03\/untitled-22.png","width":605,"height":343},{"@type":"BreadcrumbList","@id":"https:\/\/blog.medel.com\/tr\/ipuclari-ve-puf-noktalari\/ipuclari-ve-puf-noktalari-evde-rehabilitasyon\/evde-rehabilitasyon-sorunlari-cocuguma-yeni-dil-ogretmek-icin-nasil-kullanabilirim\/#breadcrumb","itemListElement":[{"@type":"ListItem","position":1,"name":"Home","item":"https:\/\/blog.medel.com\/"},{"@type":"ListItem","position":2,"name":"Evde Rehabilitasyon: Sorunlar\u0131 \u00c7ocu\u011fuma Yeni Dil \u00d6\u011fretmek \u0130\u00e7in Nas\u0131l Kullanabilirim?"}]},{"@type":"WebSite","@id":"https:\/\/blog.medel.com\/tr\/#website","url":"https:\/\/blog.medel.com\/tr\/","name":"The MED-EL Blog","description":"","publisher":{"@id":"https:\/\/blog.medel.com\/tr\/#organization"},"potentialAction":[{"@type":"SearchAction","target":{"@type":"EntryPoint","urlTemplate":"https:\/\/blog.medel.com\/tr\/?s={search_term_string}"},"query-input":{"@type":"PropertyValueSpecification","valueRequired":true,"valueName":"search_term_string"}}],"inLanguage":"tr"},{"@type":"Organization","@id":"https:\/\/blog.medel.com\/tr\/#organization","name":"The MED-EL Blog","url":"https:\/\/blog.medel.com\/tr\/","logo":{"@type":"ImageObject","inLanguage":"tr","@id":"https:\/\/blog.medel.com\/tr\/#\/schema\/logo\/image\/","url":"https:\/\/blog.medel.com\/wp-content\/uploads\/2023\/02\/MED-EL_logo_L2.png","contentUrl":"https:\/\/blog.medel.com\/wp-content\/uploads\/2023\/02\/MED-EL_logo_L2.png","width":443,"height":200,"caption":"The MED-EL Blog"},"image":{"@id":"https:\/\/blog.medel.com\/tr\/#\/schema\/logo\/image\/"}},{"@type":"Person","@id":"https:\/\/blog.medel.com\/tr\/#\/schema\/person\/9f8dcfb27ec87796d874e021602c56e2","name":"MED-EL","sameAs":["https:\/\/www.medel.com"]}]}},"_links":{"self":[{"href":"https:\/\/blog.medel.com\/tr\/wp-json\/wp\/v2\/posts\/46037","targetHints":{"allow":["GET"]}}],"collection":[{"href":"https:\/\/blog.medel.com\/tr\/wp-json\/wp\/v2\/posts"}],"about":[{"href":"https:\/\/blog.medel.com\/tr\/wp-json\/wp\/v2\/types\/post"}],"author":[{"embeddable":true,"href":"https:\/\/blog.medel.com\/tr\/wp-json\/wp\/v2\/users\/8"}],"replies":[{"embeddable":true,"href":"https:\/\/blog.medel.com\/tr\/wp-json\/wp\/v2\/comments?post=46037"}],"version-history":[{"count":2,"href":"https:\/\/blog.medel.com\/tr\/wp-json\/wp\/v2\/posts\/46037\/revisions"}],"predecessor-version":[{"id":49762,"href":"https:\/\/blog.medel.com\/tr\/wp-json\/wp\/v2\/posts\/46037\/revisions\/49762"}],"wp:featuredmedia":[{"embeddable":true,"href":"https:\/\/blog.medel.com\/tr\/wp-json\/wp\/v2\/media\/71237"}],"wp:attachment":[{"href":"https:\/\/blog.medel.com\/tr\/wp-json\/wp\/v2\/media?parent=46037"}],"wp:term":[{"taxonomy":"category","embeddable":true,"href":"https:\/\/blog.medel.com\/tr\/wp-json\/wp\/v2\/categories?post=46037"},{"taxonomy":"post_tag","embeddable":true,"href":"https:\/\/blog.medel.com\/tr\/wp-json\/wp\/v2\/tags?post=46037"}],"curies":[{"name":"wp","href":"https:\/\/api.w.org\/{rel}","templated":true}]}}