{"id":100665,"date":"2026-03-31T08:25:18","date_gmt":"2026-03-31T06:25:18","guid":{"rendered":"https:\/\/blog.medel.com\/?p=100665"},"modified":"2026-03-31T08:25:18","modified_gmt":"2026-03-31T06:25:18","slug":"bimodal-kullanicilarda-basarinin-kilidini-acmak-icin-kilavuz","status":"publish","type":"post","link":"https:\/\/blog.medel.com\/tr\/rehabilitasyon\/bimodal-kullanicilarda-basarinin-kilidini-acmak-icin-kilavuz\/","title":{"rendered":"Bimodal Kullan\u0131c\u0131larda Ba\u015far\u0131n\u0131n Kilidini A\u00e7mak \u0130\u00e7in K\u0131lavuz"},"content":{"rendered":"","protected":false},"excerpt":{"rendered":"<p>Bilateral i\u015fitme kayb\u0131 olan baz\u0131 ki\u015filer i\u00e7in i\u015fitme cihaz\u0131 bir kulak i\u00e7in yeterli amplifikasyon sa\u011flayabilir, ancak di\u011fer kulaktaki daha ileri derecedeki i\u015fitme kayb\u0131 i\u00e7in koklear implant uygun olabilir. \u0130\u015fitsel rehabilitasyon, bu kullan\u0131c\u0131lar\u0131n her iki taraftan da en iyi \u015fekilde yararlanmas\u0131na yard\u0131mc\u0131 olabilir.<\/p>\n","protected":false},"author":33,"featured_media":100666,"comment_status":"open","ping_status":"closed","sticky":false,"template":"","format":"standard","meta":{"footnotes":""},"categories":[4402],"tags":[4403],"class_list":["post-100665","post","type-post","status-publish","format-standard","has-post-thumbnail","hentry","category-rehabilitasyon","tag-yetiskin-rehabilitasyonu"],"yoast_head":"<!-- This site is optimized with the Yoast SEO plugin v27.4 - https:\/\/yoast.com\/product\/yoast-seo-wordpress\/ -->\n<title>Bimodal Kullan\u0131c\u0131larda Ba\u015far\u0131n\u0131n Kilidini A\u00e7mak \u0130\u00e7in K\u0131lavuz - The MED-EL Blog<\/title>\n<meta name=\"robots\" content=\"index, follow, max-snippet:-1, max-image-preview:large, max-video-preview:-1\" \/>\n<link rel=\"canonical\" href=\"https:\/\/blog.medel.com\/tr\/rehabilitasyon\/bimodal-kullanicilarda-basarinin-kilidini-acmak-icin-kilavuz\/\" \/>\n<meta property=\"og:locale\" content=\"tr_TR\" \/>\n<meta property=\"og:type\" content=\"article\" \/>\n<meta property=\"og:title\" content=\"Bimodal Kullan\u0131c\u0131larda Ba\u015far\u0131n\u0131n Kilidini A\u00e7mak \u0130\u00e7in K\u0131lavuz - The MED-EL Blog\" \/>\n<meta property=\"og:description\" content=\"Bilateral i\u015fitme kayb\u0131 olan baz\u0131 ki\u015filer i\u00e7in i\u015fitme cihaz\u0131 bir kulak i\u00e7in yeterli amplifikasyon sa\u011flayabilir, ancak di\u011fer kulaktaki daha ileri derecedeki i\u015fitme kayb\u0131 i\u00e7in koklear implant uygun olabilir. \u0130\u015fitsel rehabilitasyon, bu kullan\u0131c\u0131lar\u0131n her iki taraftan da en iyi \u015fekilde yararlanmas\u0131na yard\u0131mc\u0131 olabilir.\" \/>\n<meta property=\"og:url\" content=\"https:\/\/blog.medel.com\/tr\/rehabilitasyon\/bimodal-kullanicilarda-basarinin-kilidini-acmak-icin-kilavuz\/\" \/>\n<meta property=\"og:site_name\" content=\"The MED-EL Blog\" \/>\n<meta property=\"article:published_time\" content=\"2026-03-31T06:25:18+00:00\" \/>\n<meta property=\"og:image\" content=\"https:\/\/blog.medel.com\/wp-content\/uploads\/2026\/03\/BIMODAL.png\" \/>\n\t<meta property=\"og:image:width\" content=\"901\" \/>\n\t<meta property=\"og:image:height\" content=\"558\" \/>\n\t<meta property=\"og:image:type\" content=\"image\/png\" \/>\n<meta name=\"author\" content=\"MED-EL T\u00fcrkiye\" \/>\n<meta name=\"twitter:card\" content=\"summary_large_image\" \/>\n<meta name=\"twitter:label1\" content=\"Yazan:\" \/>\n\t<meta name=\"twitter:data1\" content=\"MED-EL T\u00fcrkiye\" \/>\n\t<meta name=\"twitter:label2\" content=\"Tahmini okuma s\u00fcresi\" \/>\n\t<meta name=\"twitter:data2\" content=\"3 dakika\" \/>\n<script type=\"application\/ld+json\" class=\"yoast-schema-graph\">{\"@context\":\"https:\\\/\\\/schema.org\",\"@graph\":[{\"@type\":\"Article\",\"@id\":\"https:\\\/\\\/blog.medel.com\\\/tr\\\/rehabilitasyon\\\/bimodal-kullanicilarda-basarinin-kilidini-acmak-icin-kilavuz\\\/#article\",\"isPartOf\":{\"@id\":\"https:\\\/\\\/blog.medel.com\\\/tr\\\/rehabilitasyon\\\/bimodal-kullanicilarda-basarinin-kilidini-acmak-icin-kilavuz\\\/\"},\"author\":{\"name\":\"MED-EL T\u00fcrkiye\",\"@id\":\"https:\\\/\\\/blog.medel.com\\\/nl\\\/#\\\/schema\\\/person\\\/5ec8e698c5c796602e4091981f5a0a87\"},\"headline\":\"Bimodal Kullan\u0131c\u0131larda Ba\u015far\u0131n\u0131n Kilidini A\u00e7mak \u0130\u00e7in K\u0131lavuz\",\"datePublished\":\"2026-03-31T06:25:18+00:00\",\"mainEntityOfPage\":{\"@id\":\"https:\\\/\\\/blog.medel.com\\\/tr\\\/rehabilitasyon\\\/bimodal-kullanicilarda-basarinin-kilidini-acmak-icin-kilavuz\\\/\"},\"wordCount\":14,\"commentCount\":0,\"publisher\":{\"@id\":\"https:\\\/\\\/blog.medel.com\\\/nl\\\/#organization\"},\"image\":{\"@id\":\"https:\\\/\\\/blog.medel.com\\\/tr\\\/rehabilitasyon\\\/bimodal-kullanicilarda-basarinin-kilidini-acmak-icin-kilavuz\\\/#primaryimage\"},\"thumbnailUrl\":\"https:\\\/\\\/blog.medel.com\\\/wp-content\\\/uploads\\\/2026\\\/03\\\/BIMODAL.png\",\"keywords\":[\"yeti\u015fkin rehabilitasyonu\"],\"articleSection\":[\"REHAB\u0130L\u0130TASYON\"],\"inLanguage\":\"tr\",\"potentialAction\":[{\"@type\":\"CommentAction\",\"name\":\"Comment\",\"target\":[\"https:\\\/\\\/blog.medel.com\\\/tr\\\/rehabilitasyon\\\/bimodal-kullanicilarda-basarinin-kilidini-acmak-icin-kilavuz\\\/#respond\"]}]},{\"@type\":\"WebPage\",\"@id\":\"https:\\\/\\\/blog.medel.com\\\/tr\\\/rehabilitasyon\\\/bimodal-kullanicilarda-basarinin-kilidini-acmak-icin-kilavuz\\\/\",\"url\":\"https:\\\/\\\/blog.medel.com\\\/tr\\\/rehabilitasyon\\\/bimodal-kullanicilarda-basarinin-kilidini-acmak-icin-kilavuz\\\/\",\"name\":\"Bimodal Kullan\u0131c\u0131larda Ba\u015far\u0131n\u0131n Kilidini A\u00e7mak \u0130\u00e7in K\u0131lavuz - The MED-EL Blog\",\"isPartOf\":{\"@id\":\"https:\\\/\\\/blog.medel.com\\\/nl\\\/#website\"},\"primaryImageOfPage\":{\"@id\":\"https:\\\/\\\/blog.medel.com\\\/tr\\\/rehabilitasyon\\\/bimodal-kullanicilarda-basarinin-kilidini-acmak-icin-kilavuz\\\/#primaryimage\"},\"image\":{\"@id\":\"https:\\\/\\\/blog.medel.com\\\/tr\\\/rehabilitasyon\\\/bimodal-kullanicilarda-basarinin-kilidini-acmak-icin-kilavuz\\\/#primaryimage\"},\"thumbnailUrl\":\"https:\\\/\\\/blog.medel.com\\\/wp-content\\\/uploads\\\/2026\\\/03\\\/BIMODAL.png\",\"datePublished\":\"2026-03-31T06:25:18+00:00\",\"breadcrumb\":{\"@id\":\"https:\\\/\\\/blog.medel.com\\\/tr\\\/rehabilitasyon\\\/bimodal-kullanicilarda-basarinin-kilidini-acmak-icin-kilavuz\\\/#breadcrumb\"},\"inLanguage\":\"tr\",\"potentialAction\":[{\"@type\":\"ReadAction\",\"target\":[\"https:\\\/\\\/blog.medel.com\\\/tr\\\/rehabilitasyon\\\/bimodal-kullanicilarda-basarinin-kilidini-acmak-icin-kilavuz\\\/\"]}]},{\"@type\":\"ImageObject\",\"inLanguage\":\"tr\",\"@id\":\"https:\\\/\\\/blog.medel.com\\\/tr\\\/rehabilitasyon\\\/bimodal-kullanicilarda-basarinin-kilidini-acmak-icin-kilavuz\\\/#primaryimage\",\"url\":\"https:\\\/\\\/blog.medel.com\\\/wp-content\\\/uploads\\\/2026\\\/03\\\/BIMODAL.png\",\"contentUrl\":\"https:\\\/\\\/blog.medel.com\\\/wp-content\\\/uploads\\\/2026\\\/03\\\/BIMODAL.png\",\"width\":901,\"height\":558},{\"@type\":\"BreadcrumbList\",\"@id\":\"https:\\\/\\\/blog.medel.com\\\/tr\\\/rehabilitasyon\\\/bimodal-kullanicilarda-basarinin-kilidini-acmak-icin-kilavuz\\\/#breadcrumb\",\"itemListElement\":[{\"@type\":\"ListItem\",\"position\":1,\"name\":\"Home\",\"item\":\"https:\\\/\\\/blog.medel.com\\\/\"},{\"@type\":\"ListItem\",\"position\":2,\"name\":\"Bimodal Kullan\u0131c\u0131larda Ba\u015far\u0131n\u0131n Kilidini A\u00e7mak \u0130\u00e7in K\u0131lavuz\"}]},{\"@type\":\"WebSite\",\"@id\":\"https:\\\/\\\/blog.medel.com\\\/nl\\\/#website\",\"url\":\"https:\\\/\\\/blog.medel.com\\\/nl\\\/\",\"name\":\"The MED-EL Blog\",\"description\":\"\",\"publisher\":{\"@id\":\"https:\\\/\\\/blog.medel.com\\\/nl\\\/#organization\"},\"potentialAction\":[{\"@type\":\"SearchAction\",\"target\":{\"@type\":\"EntryPoint\",\"urlTemplate\":\"https:\\\/\\\/blog.medel.com\\\/nl\\\/?s={search_term_string}\"},\"query-input\":{\"@type\":\"PropertyValueSpecification\",\"valueRequired\":true,\"valueName\":\"search_term_string\"}}],\"inLanguage\":\"tr\"},{\"@type\":\"Organization\",\"@id\":\"https:\\\/\\\/blog.medel.com\\\/nl\\\/#organization\",\"name\":\"The MED-EL Blog\",\"url\":\"https:\\\/\\\/blog.medel.com\\\/nl\\\/\",\"logo\":{\"@type\":\"ImageObject\",\"inLanguage\":\"tr\",\"@id\":\"https:\\\/\\\/blog.medel.com\\\/nl\\\/#\\\/schema\\\/logo\\\/image\\\/\",\"url\":\"https:\\\/\\\/blog.medel.com\\\/wp-content\\\/uploads\\\/2023\\\/02\\\/MED-EL_logo_L2.png\",\"contentUrl\":\"https:\\\/\\\/blog.medel.com\\\/wp-content\\\/uploads\\\/2023\\\/02\\\/MED-EL_logo_L2.png\",\"width\":443,\"height\":200,\"caption\":\"The MED-EL Blog\"},\"image\":{\"@id\":\"https:\\\/\\\/blog.medel.com\\\/nl\\\/#\\\/schema\\\/logo\\\/image\\\/\"}},{\"@type\":\"Person\",\"@id\":\"https:\\\/\\\/blog.medel.com\\\/nl\\\/#\\\/schema\\\/person\\\/5ec8e698c5c796602e4091981f5a0a87\",\"name\":\"MED-EL T\u00fcrkiye\"}]}<\/script>\n<!-- \/ Yoast SEO plugin. -->","yoast_head_json":{"title":"Bimodal Kullan\u0131c\u0131larda Ba\u015far\u0131n\u0131n Kilidini A\u00e7mak \u0130\u00e7in K\u0131lavuz - The MED-EL Blog","robots":{"index":"index","follow":"follow","max-snippet":"max-snippet:-1","max-image-preview":"max-image-preview:large","max-video-preview":"max-video-preview:-1"},"canonical":"https:\/\/blog.medel.com\/tr\/rehabilitasyon\/bimodal-kullanicilarda-basarinin-kilidini-acmak-icin-kilavuz\/","og_locale":"tr_TR","og_type":"article","og_title":"Bimodal Kullan\u0131c\u0131larda Ba\u015far\u0131n\u0131n Kilidini A\u00e7mak \u0130\u00e7in K\u0131lavuz - The MED-EL Blog","og_description":"Bilateral i\u015fitme kayb\u0131 olan baz\u0131 ki\u015filer i\u00e7in i\u015fitme cihaz\u0131 bir kulak i\u00e7in yeterli amplifikasyon sa\u011flayabilir, ancak di\u011fer kulaktaki daha ileri derecedeki i\u015fitme kayb\u0131 i\u00e7in koklear implant uygun olabilir. \u0130\u015fitsel rehabilitasyon, bu kullan\u0131c\u0131lar\u0131n her iki taraftan da en iyi \u015fekilde yararlanmas\u0131na yard\u0131mc\u0131 olabilir.","og_url":"https:\/\/blog.medel.com\/tr\/rehabilitasyon\/bimodal-kullanicilarda-basarinin-kilidini-acmak-icin-kilavuz\/","og_site_name":"The MED-EL Blog","article_published_time":"2026-03-31T06:25:18+00:00","og_image":[{"width":901,"height":558,"url":"https:\/\/blog.medel.com\/wp-content\/uploads\/2026\/03\/BIMODAL.png","type":"image\/png"}],"author":"MED-EL T\u00fcrkiye","twitter_card":"summary_large_image","twitter_misc":{"Yazan:":"MED-EL T\u00fcrkiye","Tahmini okuma s\u00fcresi":"3 dakika"},"schema":{"@context":"https:\/\/schema.org","@graph":[{"@type":"Article","@id":"https:\/\/blog.medel.com\/tr\/rehabilitasyon\/bimodal-kullanicilarda-basarinin-kilidini-acmak-icin-kilavuz\/#article","isPartOf":{"@id":"https:\/\/blog.medel.com\/tr\/rehabilitasyon\/bimodal-kullanicilarda-basarinin-kilidini-acmak-icin-kilavuz\/"},"author":{"name":"MED-EL T\u00fcrkiye","@id":"https:\/\/blog.medel.com\/nl\/#\/schema\/person\/5ec8e698c5c796602e4091981f5a0a87"},"headline":"Bimodal Kullan\u0131c\u0131larda Ba\u015far\u0131n\u0131n Kilidini A\u00e7mak \u0130\u00e7in K\u0131lavuz","datePublished":"2026-03-31T06:25:18+00:00","mainEntityOfPage":{"@id":"https:\/\/blog.medel.com\/tr\/rehabilitasyon\/bimodal-kullanicilarda-basarinin-kilidini-acmak-icin-kilavuz\/"},"wordCount":14,"commentCount":0,"publisher":{"@id":"https:\/\/blog.medel.com\/nl\/#organization"},"image":{"@id":"https:\/\/blog.medel.com\/tr\/rehabilitasyon\/bimodal-kullanicilarda-basarinin-kilidini-acmak-icin-kilavuz\/#primaryimage"},"thumbnailUrl":"https:\/\/blog.medel.com\/wp-content\/uploads\/2026\/03\/BIMODAL.png","keywords":["yeti\u015fkin rehabilitasyonu"],"articleSection":["REHAB\u0130L\u0130TASYON"],"inLanguage":"tr","potentialAction":[{"@type":"CommentAction","name":"Comment","target":["https:\/\/blog.medel.com\/tr\/rehabilitasyon\/bimodal-kullanicilarda-basarinin-kilidini-acmak-icin-kilavuz\/#respond"]}]},{"@type":"WebPage","@id":"https:\/\/blog.medel.com\/tr\/rehabilitasyon\/bimodal-kullanicilarda-basarinin-kilidini-acmak-icin-kilavuz\/","url":"https:\/\/blog.medel.com\/tr\/rehabilitasyon\/bimodal-kullanicilarda-basarinin-kilidini-acmak-icin-kilavuz\/","name":"Bimodal Kullan\u0131c\u0131larda Ba\u015far\u0131n\u0131n Kilidini A\u00e7mak \u0130\u00e7in K\u0131lavuz - The MED-EL Blog","isPartOf":{"@id":"https:\/\/blog.medel.com\/nl\/#website"},"primaryImageOfPage":{"@id":"https:\/\/blog.medel.com\/tr\/rehabilitasyon\/bimodal-kullanicilarda-basarinin-kilidini-acmak-icin-kilavuz\/#primaryimage"},"image":{"@id":"https:\/\/blog.medel.com\/tr\/rehabilitasyon\/bimodal-kullanicilarda-basarinin-kilidini-acmak-icin-kilavuz\/#primaryimage"},"thumbnailUrl":"https:\/\/blog.medel.com\/wp-content\/uploads\/2026\/03\/BIMODAL.png","datePublished":"2026-03-31T06:25:18+00:00","breadcrumb":{"@id":"https:\/\/blog.medel.com\/tr\/rehabilitasyon\/bimodal-kullanicilarda-basarinin-kilidini-acmak-icin-kilavuz\/#breadcrumb"},"inLanguage":"tr","potentialAction":[{"@type":"ReadAction","target":["https:\/\/blog.medel.com\/tr\/rehabilitasyon\/bimodal-kullanicilarda-basarinin-kilidini-acmak-icin-kilavuz\/"]}]},{"@type":"ImageObject","inLanguage":"tr","@id":"https:\/\/blog.medel.com\/tr\/rehabilitasyon\/bimodal-kullanicilarda-basarinin-kilidini-acmak-icin-kilavuz\/#primaryimage","url":"https:\/\/blog.medel.com\/wp-content\/uploads\/2026\/03\/BIMODAL.png","contentUrl":"https:\/\/blog.medel.com\/wp-content\/uploads\/2026\/03\/BIMODAL.png","width":901,"height":558},{"@type":"BreadcrumbList","@id":"https:\/\/blog.medel.com\/tr\/rehabilitasyon\/bimodal-kullanicilarda-basarinin-kilidini-acmak-icin-kilavuz\/#breadcrumb","itemListElement":[{"@type":"ListItem","position":1,"name":"Home","item":"https:\/\/blog.medel.com\/"},{"@type":"ListItem","position":2,"name":"Bimodal Kullan\u0131c\u0131larda Ba\u015far\u0131n\u0131n Kilidini A\u00e7mak \u0130\u00e7in K\u0131lavuz"}]},{"@type":"WebSite","@id":"https:\/\/blog.medel.com\/nl\/#website","url":"https:\/\/blog.medel.com\/nl\/","name":"The MED-EL Blog","description":"","publisher":{"@id":"https:\/\/blog.medel.com\/nl\/#organization"},"potentialAction":[{"@type":"SearchAction","target":{"@type":"EntryPoint","urlTemplate":"https:\/\/blog.medel.com\/nl\/?s={search_term_string}"},"query-input":{"@type":"PropertyValueSpecification","valueRequired":true,"valueName":"search_term_string"}}],"inLanguage":"tr"},{"@type":"Organization","@id":"https:\/\/blog.medel.com\/nl\/#organization","name":"The MED-EL Blog","url":"https:\/\/blog.medel.com\/nl\/","logo":{"@type":"ImageObject","inLanguage":"tr","@id":"https:\/\/blog.medel.com\/nl\/#\/schema\/logo\/image\/","url":"https:\/\/blog.medel.com\/wp-content\/uploads\/2023\/02\/MED-EL_logo_L2.png","contentUrl":"https:\/\/blog.medel.com\/wp-content\/uploads\/2023\/02\/MED-EL_logo_L2.png","width":443,"height":200,"caption":"The MED-EL Blog"},"image":{"@id":"https:\/\/blog.medel.com\/nl\/#\/schema\/logo\/image\/"}},{"@type":"Person","@id":"https:\/\/blog.medel.com\/nl\/#\/schema\/person\/5ec8e698c5c796602e4091981f5a0a87","name":"MED-EL T\u00fcrkiye"}]}},"_links":{"self":[{"href":"https:\/\/blog.medel.com\/tr\/wp-json\/wp\/v2\/posts\/100665","targetHints":{"allow":["GET"]}}],"collection":[{"href":"https:\/\/blog.medel.com\/tr\/wp-json\/wp\/v2\/posts"}],"about":[{"href":"https:\/\/blog.medel.com\/tr\/wp-json\/wp\/v2\/types\/post"}],"author":[{"embeddable":true,"href":"https:\/\/blog.medel.com\/tr\/wp-json\/wp\/v2\/users\/33"}],"replies":[{"embeddable":true,"href":"https:\/\/blog.medel.com\/tr\/wp-json\/wp\/v2\/comments?post=100665"}],"version-history":[{"count":2,"href":"https:\/\/blog.medel.com\/tr\/wp-json\/wp\/v2\/posts\/100665\/revisions"}],"predecessor-version":[{"id":100679,"href":"https:\/\/blog.medel.com\/tr\/wp-json\/wp\/v2\/posts\/100665\/revisions\/100679"}],"wp:featuredmedia":[{"embeddable":true,"href":"https:\/\/blog.medel.com\/tr\/wp-json\/wp\/v2\/media\/100666"}],"wp:attachment":[{"href":"https:\/\/blog.medel.com\/tr\/wp-json\/wp\/v2\/media?parent=100665"}],"wp:term":[{"taxonomy":"category","embeddable":true,"href":"https:\/\/blog.medel.com\/tr\/wp-json\/wp\/v2\/categories?post=100665"},{"taxonomy":"post_tag","embeddable":true,"href":"https:\/\/blog.medel.com\/tr\/wp-json\/wp\/v2\/tags?post=100665"}],"curies":[{"name":"wp","href":"https:\/\/api.w.org\/{rel}","templated":true}]}}