{"id":84284,"date":"2024-09-18T22:40:05","date_gmt":"2024-09-18T20:40:05","guid":{"rendered":"https:\/\/blog.medel.com\/sem-categoria\/a-vida-como-musico-apesar-da-surdez-a-historia-de-junior\/"},"modified":"2026-01-05T15:58:28","modified_gmt":"2026-01-05T13:58:28","slug":"a-vida-como-musico-apesar-da-surdez-a-historia-de-junior","status":"publish","type":"post","link":"https:\/\/blog.medel.com\/pt-br\/historias-de-usuarios\/a-vida-como-musico-apesar-da-surdez-a-historia-de-junior\/","title":{"rendered":"A Vida Como M\u00fasico Apesar Da Surdez: A Hist\u00f3ria De Junior"},"content":{"rendered":"<p>[vc_row][vc_column][vc_column_text]<em>Embora Junior tenha nascido com perda auditiva profunda no ouvido esquerdo e perda auditiva severa no ouvido direito, ele j\u00e1 sabia desde pequeno que nunca desistiria de seu amor pela m\u00fasica. Hoje, a m\u00fasica ainda desempenha um papel essencial na vida privada e profissional, gra\u00e7as ao seu implante coclear. Ele compartilha sua jornada auditiva e nos conta como seu IC melhorou sua vida como um m\u00fasico de sucesso.<\/em>[\/vc_column_text][\/vc_column][\/vc_row][vc_row][vc_column][vc_column_text css=&#8221;.vc_custom_1647601611783{margin-bottom: 0px !important;}&#8221;]Meu nome \u00e9 Junior, sou brasileiro e trabalho como professor de piano, teclado, t\u00e9cnica vocal e teoria musical. Trabalho com m\u00fasica h\u00e1 mais de 25 anos e, mesmo tendo nascido surdo, n\u00e3o consigo imaginar uma vida sem ela.[\/vc_column_text][\/vc_column][\/vc_row][vc_row][vc_column][vc_column_text css=&#8221;.vc_custom_1647587958522{margin-bottom: 0px !important;}&#8221;]<\/p>\n<h2>A Pr\u00e1tica Leva \u00c0 Perfei\u00e7\u00e3o<\/h2>\n<p>[\/vc_column_text][\/vc_column][\/vc_row][vc_row][vc_column][vc_column_text css=&#8221;.vc_custom_1647587978274{margin-bottom: 0px !important;}&#8221;]Nasci com perda auditiva profunda no ouvido esquerdo e perda auditiva severa no ouvido direito. No entanto, descobri meu amor pela m\u00fasica cedo e consegui aprender a tocar diferentes instrumentos, pois ainda conseguia ouvir frequ\u00eancias baixas sem aparelhos auditivos.<\/p>\n<p>Comecei a ter aulas de viol\u00e3o em 1990, aos 10 anos. Dois anos depois, tamb\u00e9m comecei minhas aulas de teclado e em 1993 decidi aprender a tocar piano. Hoje, toco piano, teclado, viol\u00e3o e escaleta perfeitamente. Sou professor de m\u00fasica e regente de coral e adoro tocar em grandes eventos e casamentos. Al\u00e9m disso, tamb\u00e9m estudei t\u00e9cnica vocal e canto para melhorar minha fala.[\/vc_column_text][\/vc_column][\/vc_row][vc_row][vc_column][vc_column_text css=&#8221;.vc_custom_1647587998550{margin-bottom: 0px !important;}&#8221;]<\/p>\n<h2>Os Primeiros Passos Para O Meu Implante Coclear<\/h2>\n<p>[\/vc_column_text][\/vc_column][\/vc_row][vc_row][vc_column][vc_column_text css=&#8221;.vc_custom_1647588015575{margin-bottom: 0px !important;}&#8221;]Em 2013, comecei minha pesquisa com alguns m\u00e9dicos e fonoaudi\u00f3logos para descobrir se eu poderia usar um implante coclear. Como a solu\u00e7\u00e3o n\u00e3o era recomendada para surdez unilateral naquela \u00e9poca, esperei at\u00e9 2019, quando me atualizei sobre as novas tecnologias da MED-EL e da Phonak. Depois de alguns exames pelo m\u00e9dico, ele finalmente me disse que eu poderia ter um IC.[\/vc_column_text][\/vc_column][\/vc_row][vc_row][vc_column][vc_column_text css=&#8221;.vc_custom_1647588029314{margin-bottom: 0px !important;}&#8221;]<\/p>\n<h2>Sensa\u00e7\u00f5es Musicais Durante A Ativa\u00e7\u00e3o<\/h2>\n<p>[\/vc_column_text][\/vc_column][\/vc_row][vc_row][vc_column][vc_column_text css=&#8221;.vc_custom_1647588041348{margin-bottom: 0px !important;}&#8221;]Minha cirurgia de implante coclear ocorreu em junho de 2020. O implante foi ativado um m\u00eas depois. Lembro-me de uma sensa\u00e7\u00e3o de tontura e ouvi um som no meu ouvido que nunca tinha ouvido antes, como uma sensa\u00e7\u00e3o diferente. Durante a ativa\u00e7\u00e3o, toquei a m\u00fasica &#8220;Close to You&#8221; dos Carpenters. O piano soou muito diferente. Eu o descreveria como mais met\u00e1lico, mas mais brilhante. Fiquei impressionado com a qualidade do som que o IC me deu.[\/vc_column_text][\/vc_column][\/vc_row][vc_row][vc_column][vc_column_text css=&#8221;.vc_custom_1647588059300{margin-bottom: 0px !important;}&#8221;]<\/p>\n<h2>R\u00e1pida Evolu\u00e7\u00e3o Gra\u00e7as \u00c0 Reabilita\u00e7\u00e3o<\/h2>\n<p>[\/vc_column_text][\/vc_column][\/vc_row][vc_row][vc_column width=&#8221;1\/2&#8243;][vc_column_text css=&#8221;.vc_custom_1647597579026{margin-bottom: 0px !important;}&#8221;]Nos primeiros dois meses ap\u00f3s a ativa\u00e7\u00e3o, eu j\u00e1 conseguia ouvir sons de uma forma muito mais clara e definida. Lembro-me de ter ficado surpreso com o som da chuva, que soava muito diferente antes da minha cirurgia. Todos os dias, eu conseguia ouvir sons antigos e familiares que de repente pareciam t\u00e3o novos.<\/p>\n<p>Minha audi\u00e7\u00e3o levou aproximadamente um ano para se ajustar, mas isso n\u00e3o teria sido poss\u00edvel sem a reabilita\u00e7\u00e3o. Minha fonoaudi\u00f3loga me ajudou com dicas de reabilita\u00e7\u00e3o e terapia. Al\u00e9m disso, eu ouvia regularmente a mesma m\u00fasica em diferentes alto-falantes e em diferentes ambientes. Tamb\u00e9m treinei minha audi\u00e7\u00e3o assistindo a filmes sem legendas, tentando reconhecer e entender a fala no filme. Para minha audi\u00e7\u00e3o musical, tamb\u00e9m comecei a treinar o reconhecimento de timbres em m\u00fasicas e o reconhecimento de instrumentos musicais.[\/vc_column_text][\/vc_column][vc_column width=&#8221;1\/2&#8243;][vc_single_image image=&#8221;42418&#8243; img_size=&#8221;large&#8221;][\/vc_column][\/vc_row][vc_row][vc_column][vc_column_text css=&#8221;.vc_custom_1647588092112{margin-bottom: 0px !important;}&#8221;]<\/p>\n<h2>As Vantagens De Um Implante Coclear<\/h2>\n<p>[\/vc_column_text][\/vc_column][\/vc_row][vc_row][vc_column][vc_column_text css=&#8221;.vc_custom_1647596888963{margin-bottom: 0px !important;}&#8221;]A perda auditiva sempre me fez ter medo de rejei\u00e7\u00e3o, mas nunca me fez desistir da m\u00fasica. Sabendo que n\u00e3o conseguiria ouvir todas as notas musicais, sempre estudei lendo-as atentamente. At\u00e9 alguns anos atr\u00e1s, eu tinha bastante medo de que minha surdez atrapalhasse minha vida. Hoje, percebo que n\u00e3o havia motivo para ter medo. Meu implante coclear me fez sentir muito mais confort\u00e1vel!<\/p>\n<p>A cada dia estou redescobrindo sons em m\u00fasicas que sempre ouvi sem meu implante. Depois de ativar meu implante coclear, ou\u00e7o essas mesmas m\u00fasicas com muito mais riqueza de detalhes: sons agudos, batidas de tambor, violinos, flautas e outros instrumentos de frequ\u00eancias m\u00e9dias e altas.<\/p>\n<blockquote><p>Meu implante coclear melhorou muito meu desempenho como m\u00fasico.<\/p><\/blockquote>\n<p>Al\u00e9m disso, comecei a ouvir sons de p\u00e1ssaros, algo que nunca tinha acontecido antes! Estou apaixonado por esses novos sons![\/vc_column_text][\/vc_column][\/vc_row][vc_row][vc_column][vc_column_text css=&#8221;.vc_custom_1647588158021{margin-bottom: 0px !important;}&#8221;]<\/p>\n<h2>Ouvindo Com Grande Alegria<\/h2>\n<p>[\/vc_column_text][\/vc_column][\/vc_row][vc_row][vc_column][vc_column_text css=&#8221;.vc_custom_1647596459180{margin-bottom: 0px !important;}&#8221;]Meu dispositivo MED-EL mudou minha vida de muitas maneiras. Hoje, posso tocar na orquestra da igreja com o &#8220;clique&#8221; do baterista no meu ouvido, sem nenhum risco de perder o ritmo da m\u00fasica. Posso ouvir flautas, obo\u00e9s, violinos e outros instrumentos agudos com muito mais vida e brilho. Posso ouvir sons graves com vigor e pot\u00eancia. A voz humana se tornou clara, apesar de muitas vezes depender da leitura labial. E o mais emocionante: hoje posso ouvir os sons dos p\u00e1ssaros. Por 40 anos, eu nunca tinha ouvido p\u00e1ssaros.<\/p>\n<blockquote><p>Meu implante coclear n\u00e3o mudou apenas minha maneira de ouvir o mundo, mas tamb\u00e9m como eu ou\u00e7o a mim mesmo. Ele aumentou minha autoconfian\u00e7a e trouxe alegria e brilho \u00e0 minha vida. Hoje eu ou\u00e7o com muita alegria!<\/p><\/blockquote>\n<p>[\/vc_column_text][\/vc_column][\/vc_row][vc_row][vc_column][vc_column_text css=&#8221;.vc_custom_1647588222687{margin-bottom: 0px !important;}&#8221;]<\/p>\n<h2>Meu Conselho<\/h2>\n<p>[\/vc_column_text][\/vc_column][\/vc_row][vc_row][vc_column][vc_column_text css=&#8221;.vc_custom_1653374738050{margin-bottom: 0px !important;}&#8221;]Para todos que est\u00e3o lendo isso durante a reabilita\u00e7\u00e3o: Ou\u00e7a a mesma m\u00fasica v\u00e1rias vezes em diferentes situa\u00e7\u00f5es enquanto usa seu implante coclear: no som do carro, na televis\u00e3o, no notebook e no celular. Tente separar mentalmente cada instrumento musical que voc\u00ea puder identificar. Fa\u00e7a isso calmamente v\u00e1rias vezes ao dia. O c\u00e9rebro escuta e precisa ser nutrido e treinado.<\/p>\n<p>&nbsp;<\/p>\n<p><em>Obrigado, Junior!<\/em>[\/vc_column_text][\/vc_column][\/vc_row]<\/p>\n","protected":false},"excerpt":{"rendered":"<p>Embora Junior tenha nascido com perda auditiva profunda no ouvido esquerdo e perda auditiva severa no ouvido direito, ele j\u00e1 sabia desde pequeno que nunca desistiria de seu amor pela m\u00fasica. Hoje, a m\u00fasica ainda desempenha um papel essencial em sua vida privada e profissional, gra\u00e7as ao seu implante coclear. Ele compartilha sua jornada auditiva e nos conta como seu IC melhorou sua vida como um m\u00fasico de sucesso.<\/p>\n","protected":false},"author":8,"featured_media":42391,"comment_status":"open","ping_status":"open","sticky":false,"template":"","format":"standard","meta":{"footnotes":""},"categories":[3093],"tags":[3902,4373,3570,3573,3850,3496,3649,3907],"class_list":["post-84284","post","type-post","status-publish","format-standard","has-post-thumbnail","hentry","category-historias-de-usuarios","tag-adult-rehabilitation-pt-br","tag-aparelhos-auditivos-ptbr","tag-ci-pt-br","tag-hearing-loss-pt-br","tag-implante-coclear-ptbr","tag-med-el-pt-br","tag-rehab-ptbr","tag-user-experience-pt-br"],"yoast_head":"<!-- This site is optimized with the Yoast SEO plugin v27.4 - https:\/\/yoast.com\/product\/yoast-seo-wordpress\/ -->\n<title>A Vida Como M\u00fasico Apesar Da Surdez: A Hist\u00f3ria De Junior - The MED-EL Blog<\/title>\n<meta name=\"description\" content=\"Descubra mais sobre como Junior consegue viver sua vida como m\u00fasico apesar de ter nascido surdo e como ele melhora sua audi\u00e7\u00e3o diariamente.\" \/>\n<meta name=\"robots\" content=\"index, follow, max-snippet:-1, max-image-preview:large, max-video-preview:-1\" \/>\n<link rel=\"canonical\" href=\"https:\/\/blog.medel.com\/pt-br\/historias-de-usuarios\/a-vida-como-musico-apesar-da-surdez-a-historia-de-junior\/\" \/>\n<meta property=\"og:locale\" content=\"pt_BR\" \/>\n<meta property=\"og:type\" content=\"article\" \/>\n<meta property=\"og:title\" content=\"A Vida Como M\u00fasico Apesar Da Surdez: A Hist\u00f3ria De Junior - The MED-EL Blog\" \/>\n<meta property=\"og:description\" content=\"Descubra mais sobre como Junior consegue viver sua vida como m\u00fasico apesar de ter nascido surdo e como ele melhora sua audi\u00e7\u00e3o diariamente.\" \/>\n<meta property=\"og:url\" content=\"https:\/\/blog.medel.com\/pt-br\/historias-de-usuarios\/a-vida-como-musico-apesar-da-surdez-a-historia-de-junior\/\" \/>\n<meta property=\"og:site_name\" content=\"The MED-EL Blog\" \/>\n<meta property=\"article:published_time\" content=\"2024-09-18T20:40:05+00:00\" \/>\n<meta property=\"article:modified_time\" content=\"2026-01-05T13:58:28+00:00\" \/>\n<meta property=\"og:image\" content=\"https:\/\/blog.medel.com\/wp-content\/uploads\/2023\/02\/cropped.jpg\" \/>\n\t<meta property=\"og:image:width\" content=\"800\" \/>\n\t<meta property=\"og:image:height\" content=\"400\" \/>\n\t<meta property=\"og:image:type\" content=\"image\/jpeg\" \/>\n<meta name=\"author\" content=\"MED-EL\" \/>\n<meta name=\"twitter:card\" content=\"summary_large_image\" \/>\n<meta name=\"twitter:label1\" content=\"Escrito por\" \/>\n\t<meta name=\"twitter:data1\" content=\"MED-EL\" \/>\n\t<meta name=\"twitter:label2\" content=\"Est. tempo de leitura\" \/>\n\t<meta name=\"twitter:data2\" content=\"6 minutos\" \/>\n<script type=\"application\/ld+json\" class=\"yoast-schema-graph\">{\"@context\":\"https:\\\/\\\/schema.org\",\"@graph\":[{\"@type\":\"Article\",\"@id\":\"https:\\\/\\\/blog.medel.com\\\/pt-br\\\/historias-de-usuarios\\\/a-vida-como-musico-apesar-da-surdez-a-historia-de-junior\\\/#article\",\"isPartOf\":{\"@id\":\"https:\\\/\\\/blog.medel.com\\\/pt-br\\\/historias-de-usuarios\\\/a-vida-como-musico-apesar-da-surdez-a-historia-de-junior\\\/\"},\"author\":{\"name\":\"MED-EL\",\"@id\":\"https:\\\/\\\/blog.medel.com\\\/tr\\\/#\\\/schema\\\/person\\\/9f8dcfb27ec87796d874e021602c56e2\"},\"headline\":\"A Vida Como M\u00fasico Apesar Da Surdez: A Hist\u00f3ria De Junior\",\"datePublished\":\"2024-09-18T20:40:05+00:00\",\"dateModified\":\"2026-01-05T13:58:28+00:00\",\"mainEntityOfPage\":{\"@id\":\"https:\\\/\\\/blog.medel.com\\\/pt-br\\\/historias-de-usuarios\\\/a-vida-como-musico-apesar-da-surdez-a-historia-de-junior\\\/\"},\"wordCount\":1255,\"commentCount\":0,\"publisher\":{\"@id\":\"https:\\\/\\\/blog.medel.com\\\/tr\\\/#organization\"},\"image\":{\"@id\":\"https:\\\/\\\/blog.medel.com\\\/pt-br\\\/historias-de-usuarios\\\/a-vida-como-musico-apesar-da-surdez-a-historia-de-junior\\\/#primaryimage\"},\"thumbnailUrl\":\"https:\\\/\\\/blog.medel.com\\\/wp-content\\\/uploads\\\/2023\\\/02\\\/cropped.jpg\",\"keywords\":[\"adult rehabilitation\",\"Aparelhos Auditivos\",\"CI\",\"hearing loss\",\"Implante Coclear\",\"MED-EL\",\"Rehab\",\"user experience\"],\"articleSection\":[\"Hist\u00f3rias de Usu\u00e1rios\"],\"inLanguage\":\"pt-BR\",\"potentialAction\":[{\"@type\":\"CommentAction\",\"name\":\"Comment\",\"target\":[\"https:\\\/\\\/blog.medel.com\\\/pt-br\\\/historias-de-usuarios\\\/a-vida-como-musico-apesar-da-surdez-a-historia-de-junior\\\/#respond\"]}]},{\"@type\":\"WebPage\",\"@id\":\"https:\\\/\\\/blog.medel.com\\\/pt-br\\\/historias-de-usuarios\\\/a-vida-como-musico-apesar-da-surdez-a-historia-de-junior\\\/\",\"url\":\"https:\\\/\\\/blog.medel.com\\\/pt-br\\\/historias-de-usuarios\\\/a-vida-como-musico-apesar-da-surdez-a-historia-de-junior\\\/\",\"name\":\"A Vida Como M\u00fasico Apesar Da Surdez: A Hist\u00f3ria De Junior - The MED-EL Blog\",\"isPartOf\":{\"@id\":\"https:\\\/\\\/blog.medel.com\\\/tr\\\/#website\"},\"primaryImageOfPage\":{\"@id\":\"https:\\\/\\\/blog.medel.com\\\/pt-br\\\/historias-de-usuarios\\\/a-vida-como-musico-apesar-da-surdez-a-historia-de-junior\\\/#primaryimage\"},\"image\":{\"@id\":\"https:\\\/\\\/blog.medel.com\\\/pt-br\\\/historias-de-usuarios\\\/a-vida-como-musico-apesar-da-surdez-a-historia-de-junior\\\/#primaryimage\"},\"thumbnailUrl\":\"https:\\\/\\\/blog.medel.com\\\/wp-content\\\/uploads\\\/2023\\\/02\\\/cropped.jpg\",\"datePublished\":\"2024-09-18T20:40:05+00:00\",\"dateModified\":\"2026-01-05T13:58:28+00:00\",\"description\":\"Descubra mais sobre como Junior consegue viver sua vida como m\u00fasico apesar de ter nascido surdo e como ele melhora sua audi\u00e7\u00e3o diariamente.\",\"breadcrumb\":{\"@id\":\"https:\\\/\\\/blog.medel.com\\\/pt-br\\\/historias-de-usuarios\\\/a-vida-como-musico-apesar-da-surdez-a-historia-de-junior\\\/#breadcrumb\"},\"inLanguage\":\"pt-BR\",\"potentialAction\":[{\"@type\":\"ReadAction\",\"target\":[\"https:\\\/\\\/blog.medel.com\\\/pt-br\\\/historias-de-usuarios\\\/a-vida-como-musico-apesar-da-surdez-a-historia-de-junior\\\/\"]}]},{\"@type\":\"ImageObject\",\"inLanguage\":\"pt-BR\",\"@id\":\"https:\\\/\\\/blog.medel.com\\\/pt-br\\\/historias-de-usuarios\\\/a-vida-como-musico-apesar-da-surdez-a-historia-de-junior\\\/#primaryimage\",\"url\":\"https:\\\/\\\/blog.medel.com\\\/wp-content\\\/uploads\\\/2023\\\/02\\\/cropped.jpg\",\"contentUrl\":\"https:\\\/\\\/blog.medel.com\\\/wp-content\\\/uploads\\\/2023\\\/02\\\/cropped.jpg\",\"width\":800,\"height\":400},{\"@type\":\"BreadcrumbList\",\"@id\":\"https:\\\/\\\/blog.medel.com\\\/pt-br\\\/historias-de-usuarios\\\/a-vida-como-musico-apesar-da-surdez-a-historia-de-junior\\\/#breadcrumb\",\"itemListElement\":[{\"@type\":\"ListItem\",\"position\":1,\"name\":\"Home\",\"item\":\"https:\\\/\\\/blog.medel.com\\\/\"},{\"@type\":\"ListItem\",\"position\":2,\"name\":\"A Vida Como M\u00fasico Apesar Da Surdez: A Hist\u00f3ria De Junior\"}]},{\"@type\":\"WebSite\",\"@id\":\"https:\\\/\\\/blog.medel.com\\\/tr\\\/#website\",\"url\":\"https:\\\/\\\/blog.medel.com\\\/tr\\\/\",\"name\":\"The MED-EL Blog\",\"description\":\"\",\"publisher\":{\"@id\":\"https:\\\/\\\/blog.medel.com\\\/tr\\\/#organization\"},\"potentialAction\":[{\"@type\":\"SearchAction\",\"target\":{\"@type\":\"EntryPoint\",\"urlTemplate\":\"https:\\\/\\\/blog.medel.com\\\/tr\\\/?s={search_term_string}\"},\"query-input\":{\"@type\":\"PropertyValueSpecification\",\"valueRequired\":true,\"valueName\":\"search_term_string\"}}],\"inLanguage\":\"pt-BR\"},{\"@type\":\"Organization\",\"@id\":\"https:\\\/\\\/blog.medel.com\\\/tr\\\/#organization\",\"name\":\"The MED-EL Blog\",\"url\":\"https:\\\/\\\/blog.medel.com\\\/tr\\\/\",\"logo\":{\"@type\":\"ImageObject\",\"inLanguage\":\"pt-BR\",\"@id\":\"https:\\\/\\\/blog.medel.com\\\/tr\\\/#\\\/schema\\\/logo\\\/image\\\/\",\"url\":\"https:\\\/\\\/blog.medel.com\\\/wp-content\\\/uploads\\\/2023\\\/02\\\/MED-EL_logo_L2.png\",\"contentUrl\":\"https:\\\/\\\/blog.medel.com\\\/wp-content\\\/uploads\\\/2023\\\/02\\\/MED-EL_logo_L2.png\",\"width\":443,\"height\":200,\"caption\":\"The MED-EL Blog\"},\"image\":{\"@id\":\"https:\\\/\\\/blog.medel.com\\\/tr\\\/#\\\/schema\\\/logo\\\/image\\\/\"}},{\"@type\":\"Person\",\"@id\":\"https:\\\/\\\/blog.medel.com\\\/tr\\\/#\\\/schema\\\/person\\\/9f8dcfb27ec87796d874e021602c56e2\",\"name\":\"MED-EL\",\"sameAs\":[\"https:\\\/\\\/www.medel.com\"]}]}<\/script>\n<!-- \/ Yoast SEO plugin. -->","yoast_head_json":{"title":"A Vida Como M\u00fasico Apesar Da Surdez: A Hist\u00f3ria De Junior - The MED-EL Blog","description":"Descubra mais sobre como Junior consegue viver sua vida como m\u00fasico apesar de ter nascido surdo e como ele melhora sua audi\u00e7\u00e3o diariamente.","robots":{"index":"index","follow":"follow","max-snippet":"max-snippet:-1","max-image-preview":"max-image-preview:large","max-video-preview":"max-video-preview:-1"},"canonical":"https:\/\/blog.medel.com\/pt-br\/historias-de-usuarios\/a-vida-como-musico-apesar-da-surdez-a-historia-de-junior\/","og_locale":"pt_BR","og_type":"article","og_title":"A Vida Como M\u00fasico Apesar Da Surdez: A Hist\u00f3ria De Junior - The MED-EL Blog","og_description":"Descubra mais sobre como Junior consegue viver sua vida como m\u00fasico apesar de ter nascido surdo e como ele melhora sua audi\u00e7\u00e3o diariamente.","og_url":"https:\/\/blog.medel.com\/pt-br\/historias-de-usuarios\/a-vida-como-musico-apesar-da-surdez-a-historia-de-junior\/","og_site_name":"The MED-EL Blog","article_published_time":"2024-09-18T20:40:05+00:00","article_modified_time":"2026-01-05T13:58:28+00:00","og_image":[{"width":800,"height":400,"url":"https:\/\/blog.medel.com\/wp-content\/uploads\/2023\/02\/cropped.jpg","type":"image\/jpeg"}],"author":"MED-EL","twitter_card":"summary_large_image","twitter_misc":{"Escrito por":"MED-EL","Est. tempo de leitura":"6 minutos"},"schema":{"@context":"https:\/\/schema.org","@graph":[{"@type":"Article","@id":"https:\/\/blog.medel.com\/pt-br\/historias-de-usuarios\/a-vida-como-musico-apesar-da-surdez-a-historia-de-junior\/#article","isPartOf":{"@id":"https:\/\/blog.medel.com\/pt-br\/historias-de-usuarios\/a-vida-como-musico-apesar-da-surdez-a-historia-de-junior\/"},"author":{"name":"MED-EL","@id":"https:\/\/blog.medel.com\/tr\/#\/schema\/person\/9f8dcfb27ec87796d874e021602c56e2"},"headline":"A Vida Como M\u00fasico Apesar Da Surdez: A Hist\u00f3ria De Junior","datePublished":"2024-09-18T20:40:05+00:00","dateModified":"2026-01-05T13:58:28+00:00","mainEntityOfPage":{"@id":"https:\/\/blog.medel.com\/pt-br\/historias-de-usuarios\/a-vida-como-musico-apesar-da-surdez-a-historia-de-junior\/"},"wordCount":1255,"commentCount":0,"publisher":{"@id":"https:\/\/blog.medel.com\/tr\/#organization"},"image":{"@id":"https:\/\/blog.medel.com\/pt-br\/historias-de-usuarios\/a-vida-como-musico-apesar-da-surdez-a-historia-de-junior\/#primaryimage"},"thumbnailUrl":"https:\/\/blog.medel.com\/wp-content\/uploads\/2023\/02\/cropped.jpg","keywords":["adult rehabilitation","Aparelhos Auditivos","CI","hearing loss","Implante Coclear","MED-EL","Rehab","user experience"],"articleSection":["Hist\u00f3rias de Usu\u00e1rios"],"inLanguage":"pt-BR","potentialAction":[{"@type":"CommentAction","name":"Comment","target":["https:\/\/blog.medel.com\/pt-br\/historias-de-usuarios\/a-vida-como-musico-apesar-da-surdez-a-historia-de-junior\/#respond"]}]},{"@type":"WebPage","@id":"https:\/\/blog.medel.com\/pt-br\/historias-de-usuarios\/a-vida-como-musico-apesar-da-surdez-a-historia-de-junior\/","url":"https:\/\/blog.medel.com\/pt-br\/historias-de-usuarios\/a-vida-como-musico-apesar-da-surdez-a-historia-de-junior\/","name":"A Vida Como M\u00fasico Apesar Da Surdez: A Hist\u00f3ria De Junior - The MED-EL Blog","isPartOf":{"@id":"https:\/\/blog.medel.com\/tr\/#website"},"primaryImageOfPage":{"@id":"https:\/\/blog.medel.com\/pt-br\/historias-de-usuarios\/a-vida-como-musico-apesar-da-surdez-a-historia-de-junior\/#primaryimage"},"image":{"@id":"https:\/\/blog.medel.com\/pt-br\/historias-de-usuarios\/a-vida-como-musico-apesar-da-surdez-a-historia-de-junior\/#primaryimage"},"thumbnailUrl":"https:\/\/blog.medel.com\/wp-content\/uploads\/2023\/02\/cropped.jpg","datePublished":"2024-09-18T20:40:05+00:00","dateModified":"2026-01-05T13:58:28+00:00","description":"Descubra mais sobre como Junior consegue viver sua vida como m\u00fasico apesar de ter nascido surdo e como ele melhora sua audi\u00e7\u00e3o diariamente.","breadcrumb":{"@id":"https:\/\/blog.medel.com\/pt-br\/historias-de-usuarios\/a-vida-como-musico-apesar-da-surdez-a-historia-de-junior\/#breadcrumb"},"inLanguage":"pt-BR","potentialAction":[{"@type":"ReadAction","target":["https:\/\/blog.medel.com\/pt-br\/historias-de-usuarios\/a-vida-como-musico-apesar-da-surdez-a-historia-de-junior\/"]}]},{"@type":"ImageObject","inLanguage":"pt-BR","@id":"https:\/\/blog.medel.com\/pt-br\/historias-de-usuarios\/a-vida-como-musico-apesar-da-surdez-a-historia-de-junior\/#primaryimage","url":"https:\/\/blog.medel.com\/wp-content\/uploads\/2023\/02\/cropped.jpg","contentUrl":"https:\/\/blog.medel.com\/wp-content\/uploads\/2023\/02\/cropped.jpg","width":800,"height":400},{"@type":"BreadcrumbList","@id":"https:\/\/blog.medel.com\/pt-br\/historias-de-usuarios\/a-vida-como-musico-apesar-da-surdez-a-historia-de-junior\/#breadcrumb","itemListElement":[{"@type":"ListItem","position":1,"name":"Home","item":"https:\/\/blog.medel.com\/"},{"@type":"ListItem","position":2,"name":"A Vida Como M\u00fasico Apesar Da Surdez: A Hist\u00f3ria De Junior"}]},{"@type":"WebSite","@id":"https:\/\/blog.medel.com\/tr\/#website","url":"https:\/\/blog.medel.com\/tr\/","name":"The MED-EL Blog","description":"","publisher":{"@id":"https:\/\/blog.medel.com\/tr\/#organization"},"potentialAction":[{"@type":"SearchAction","target":{"@type":"EntryPoint","urlTemplate":"https:\/\/blog.medel.com\/tr\/?s={search_term_string}"},"query-input":{"@type":"PropertyValueSpecification","valueRequired":true,"valueName":"search_term_string"}}],"inLanguage":"pt-BR"},{"@type":"Organization","@id":"https:\/\/blog.medel.com\/tr\/#organization","name":"The MED-EL Blog","url":"https:\/\/blog.medel.com\/tr\/","logo":{"@type":"ImageObject","inLanguage":"pt-BR","@id":"https:\/\/blog.medel.com\/tr\/#\/schema\/logo\/image\/","url":"https:\/\/blog.medel.com\/wp-content\/uploads\/2023\/02\/MED-EL_logo_L2.png","contentUrl":"https:\/\/blog.medel.com\/wp-content\/uploads\/2023\/02\/MED-EL_logo_L2.png","width":443,"height":200,"caption":"The MED-EL Blog"},"image":{"@id":"https:\/\/blog.medel.com\/tr\/#\/schema\/logo\/image\/"}},{"@type":"Person","@id":"https:\/\/blog.medel.com\/tr\/#\/schema\/person\/9f8dcfb27ec87796d874e021602c56e2","name":"MED-EL","sameAs":["https:\/\/www.medel.com"]}]}},"_links":{"self":[{"href":"https:\/\/blog.medel.com\/pt-br\/wp-json\/wp\/v2\/posts\/84284","targetHints":{"allow":["GET"]}}],"collection":[{"href":"https:\/\/blog.medel.com\/pt-br\/wp-json\/wp\/v2\/posts"}],"about":[{"href":"https:\/\/blog.medel.com\/pt-br\/wp-json\/wp\/v2\/types\/post"}],"author":[{"embeddable":true,"href":"https:\/\/blog.medel.com\/pt-br\/wp-json\/wp\/v2\/users\/8"}],"replies":[{"embeddable":true,"href":"https:\/\/blog.medel.com\/pt-br\/wp-json\/wp\/v2\/comments?post=84284"}],"version-history":[{"count":6,"href":"https:\/\/blog.medel.com\/pt-br\/wp-json\/wp\/v2\/posts\/84284\/revisions"}],"predecessor-version":[{"id":98636,"href":"https:\/\/blog.medel.com\/pt-br\/wp-json\/wp\/v2\/posts\/84284\/revisions\/98636"}],"wp:featuredmedia":[{"embeddable":true,"href":"https:\/\/blog.medel.com\/pt-br\/wp-json\/wp\/v2\/media\/42391"}],"wp:attachment":[{"href":"https:\/\/blog.medel.com\/pt-br\/wp-json\/wp\/v2\/media?parent=84284"}],"wp:term":[{"taxonomy":"category","embeddable":true,"href":"https:\/\/blog.medel.com\/pt-br\/wp-json\/wp\/v2\/categories?post=84284"},{"taxonomy":"post_tag","embeddable":true,"href":"https:\/\/blog.medel.com\/pt-br\/wp-json\/wp\/v2\/tags?post=84284"}],"curies":[{"name":"wp","href":"https:\/\/api.w.org\/{rel}","templated":true}]}}