{"id":82879,"date":"2024-08-09T18:18:45","date_gmt":"2024-08-09T16:18:45","guid":{"rendered":"https:\/\/blog.medel.com\/?p=82879"},"modified":"2024-08-09T21:23:44","modified_gmt":"2024-08-09T19:23:44","slug":"conheca-a-manuela-uma-jovem-usuaria-de-implante-coclear-e-sua-paixao-pelo-hipismo","status":"publish","type":"post","link":"https:\/\/blog.medel.com\/pt-br\/historias-de-usuarios\/conheca-a-manuela-uma-jovem-usuaria-de-implante-coclear-e-sua-paixao-pelo-hipismo\/","title":{"rendered":"Conhe\u00e7a a Manuela: Uma Jovem Usu\u00e1ria de Implante Coclear E Sua Paix\u00e3o Pelo Hipismo"},"content":{"rendered":"","protected":false},"excerpt":{"rendered":"","protected":false},"author":25,"featured_media":82881,"comment_status":"open","ping_status":"closed","sticky":false,"template":"","format":"standard","meta":{"footnotes":""},"categories":[3093],"tags":[3914,3850,3634],"class_list":["post-82879","post","type-post","status-publish","format-standard","has-post-thumbnail","hentry","category-historias-de-usuarios","tag-crianca-com-implante-coclear-ptbr","tag-implante-coclear-ptbr","tag-sonnet-2-ptbr"],"yoast_head":"<!-- This site is optimized with the Yoast SEO plugin v27.5 - https:\/\/yoast.com\/product\/yoast-seo-wordpress\/ -->\n<title>Conhe\u00e7a a Manuela: Uma Jovem Usu\u00e1ria de Implante Coclear E Sua Paix\u00e3o Pelo Hipismo - The MED-EL Blog<\/title>\n<meta name=\"robots\" content=\"index, follow, max-snippet:-1, max-image-preview:large, max-video-preview:-1\" \/>\n<link rel=\"canonical\" href=\"https:\/\/blog.medel.com\/pt-br\/historias-de-usuarios\/conheca-a-manuela-uma-jovem-usuaria-de-implante-coclear-e-sua-paixao-pelo-hipismo\/\" \/>\n<meta property=\"og:locale\" content=\"pt_BR\" \/>\n<meta property=\"og:type\" content=\"article\" \/>\n<meta property=\"og:title\" content=\"Conhe\u00e7a a Manuela: Uma Jovem Usu\u00e1ria de Implante Coclear E Sua Paix\u00e3o Pelo Hipismo - The MED-EL Blog\" \/>\n<meta property=\"og:url\" content=\"https:\/\/blog.medel.com\/pt-br\/historias-de-usuarios\/conheca-a-manuela-uma-jovem-usuaria-de-implante-coclear-e-sua-paixao-pelo-hipismo\/\" \/>\n<meta property=\"og:site_name\" content=\"The MED-EL Blog\" \/>\n<meta property=\"article:published_time\" content=\"2024-08-09T16:18:45+00:00\" \/>\n<meta property=\"article:modified_time\" content=\"2024-08-09T19:23:44+00:00\" \/>\n<meta property=\"og:image\" content=\"https:\/\/blog.medel.com\/wp-content\/uploads\/2024\/08\/manuela-1-1600x1000-1.jpg\" \/>\n\t<meta property=\"og:image:width\" content=\"1600\" \/>\n\t<meta property=\"og:image:height\" content=\"1000\" \/>\n\t<meta property=\"og:image:type\" content=\"image\/jpeg\" \/>\n<meta name=\"author\" content=\"Augusto Tsuji\" \/>\n<meta name=\"twitter:card\" content=\"summary_large_image\" \/>\n<meta name=\"twitter:label1\" content=\"Escrito por\" \/>\n\t<meta name=\"twitter:data1\" content=\"Augusto Tsuji\" \/>\n\t<meta name=\"twitter:label2\" content=\"Est. tempo de leitura\" \/>\n\t<meta name=\"twitter:data2\" content=\"4 minutos\" \/>\n<script type=\"application\/ld+json\" class=\"yoast-schema-graph\">{\"@context\":\"https:\\\/\\\/schema.org\",\"@graph\":[{\"@type\":\"Article\",\"@id\":\"https:\\\/\\\/blog.medel.com\\\/pt-br\\\/historias-de-usuarios\\\/conheca-a-manuela-uma-jovem-usuaria-de-implante-coclear-e-sua-paixao-pelo-hipismo\\\/#article\",\"isPartOf\":{\"@id\":\"https:\\\/\\\/blog.medel.com\\\/pt-br\\\/historias-de-usuarios\\\/conheca-a-manuela-uma-jovem-usuaria-de-implante-coclear-e-sua-paixao-pelo-hipismo\\\/\"},\"author\":{\"name\":\"Augusto Tsuji\",\"@id\":\"https:\\\/\\\/blog.medel.com\\\/tr\\\/#\\\/schema\\\/person\\\/bbfca752ccbb4e5468db9cb7019ae1ec\"},\"headline\":\"Conhe\u00e7a a Manuela: Uma Jovem Usu\u00e1ria de Implante Coclear E Sua Paix\u00e3o Pelo Hipismo\",\"datePublished\":\"2024-08-09T16:18:45+00:00\",\"dateModified\":\"2024-08-09T19:23:44+00:00\",\"mainEntityOfPage\":{\"@id\":\"https:\\\/\\\/blog.medel.com\\\/pt-br\\\/historias-de-usuarios\\\/conheca-a-manuela-uma-jovem-usuaria-de-implante-coclear-e-sua-paixao-pelo-hipismo\\\/\"},\"wordCount\":17,\"commentCount\":0,\"publisher\":{\"@id\":\"https:\\\/\\\/blog.medel.com\\\/tr\\\/#organization\"},\"image\":{\"@id\":\"https:\\\/\\\/blog.medel.com\\\/pt-br\\\/historias-de-usuarios\\\/conheca-a-manuela-uma-jovem-usuaria-de-implante-coclear-e-sua-paixao-pelo-hipismo\\\/#primaryimage\"},\"thumbnailUrl\":\"https:\\\/\\\/blog.medel.com\\\/wp-content\\\/uploads\\\/2024\\\/08\\\/manuela-1-1600x1000-1.jpg\",\"keywords\":[\"Crian\u00e7a Com Implante Coclear\",\"Implante Coclear\",\"SONNET 2\"],\"articleSection\":[\"Hist\u00f3rias de Usu\u00e1rios\"],\"inLanguage\":\"pt-BR\",\"potentialAction\":[{\"@type\":\"CommentAction\",\"name\":\"Comment\",\"target\":[\"https:\\\/\\\/blog.medel.com\\\/pt-br\\\/historias-de-usuarios\\\/conheca-a-manuela-uma-jovem-usuaria-de-implante-coclear-e-sua-paixao-pelo-hipismo\\\/#respond\"]}]},{\"@type\":\"WebPage\",\"@id\":\"https:\\\/\\\/blog.medel.com\\\/pt-br\\\/historias-de-usuarios\\\/conheca-a-manuela-uma-jovem-usuaria-de-implante-coclear-e-sua-paixao-pelo-hipismo\\\/\",\"url\":\"https:\\\/\\\/blog.medel.com\\\/pt-br\\\/historias-de-usuarios\\\/conheca-a-manuela-uma-jovem-usuaria-de-implante-coclear-e-sua-paixao-pelo-hipismo\\\/\",\"name\":\"Conhe\u00e7a a Manuela: Uma Jovem Usu\u00e1ria de Implante Coclear E Sua Paix\u00e3o Pelo Hipismo - The MED-EL Blog\",\"isPartOf\":{\"@id\":\"https:\\\/\\\/blog.medel.com\\\/tr\\\/#website\"},\"primaryImageOfPage\":{\"@id\":\"https:\\\/\\\/blog.medel.com\\\/pt-br\\\/historias-de-usuarios\\\/conheca-a-manuela-uma-jovem-usuaria-de-implante-coclear-e-sua-paixao-pelo-hipismo\\\/#primaryimage\"},\"image\":{\"@id\":\"https:\\\/\\\/blog.medel.com\\\/pt-br\\\/historias-de-usuarios\\\/conheca-a-manuela-uma-jovem-usuaria-de-implante-coclear-e-sua-paixao-pelo-hipismo\\\/#primaryimage\"},\"thumbnailUrl\":\"https:\\\/\\\/blog.medel.com\\\/wp-content\\\/uploads\\\/2024\\\/08\\\/manuela-1-1600x1000-1.jpg\",\"datePublished\":\"2024-08-09T16:18:45+00:00\",\"dateModified\":\"2024-08-09T19:23:44+00:00\",\"breadcrumb\":{\"@id\":\"https:\\\/\\\/blog.medel.com\\\/pt-br\\\/historias-de-usuarios\\\/conheca-a-manuela-uma-jovem-usuaria-de-implante-coclear-e-sua-paixao-pelo-hipismo\\\/#breadcrumb\"},\"inLanguage\":\"pt-BR\",\"potentialAction\":[{\"@type\":\"ReadAction\",\"target\":[\"https:\\\/\\\/blog.medel.com\\\/pt-br\\\/historias-de-usuarios\\\/conheca-a-manuela-uma-jovem-usuaria-de-implante-coclear-e-sua-paixao-pelo-hipismo\\\/\"]}]},{\"@type\":\"ImageObject\",\"inLanguage\":\"pt-BR\",\"@id\":\"https:\\\/\\\/blog.medel.com\\\/pt-br\\\/historias-de-usuarios\\\/conheca-a-manuela-uma-jovem-usuaria-de-implante-coclear-e-sua-paixao-pelo-hipismo\\\/#primaryimage\",\"url\":\"https:\\\/\\\/blog.medel.com\\\/wp-content\\\/uploads\\\/2024\\\/08\\\/manuela-1-1600x1000-1.jpg\",\"contentUrl\":\"https:\\\/\\\/blog.medel.com\\\/wp-content\\\/uploads\\\/2024\\\/08\\\/manuela-1-1600x1000-1.jpg\",\"width\":1600,\"height\":1000},{\"@type\":\"BreadcrumbList\",\"@id\":\"https:\\\/\\\/blog.medel.com\\\/pt-br\\\/historias-de-usuarios\\\/conheca-a-manuela-uma-jovem-usuaria-de-implante-coclear-e-sua-paixao-pelo-hipismo\\\/#breadcrumb\",\"itemListElement\":[{\"@type\":\"ListItem\",\"position\":1,\"name\":\"Home\",\"item\":\"https:\\\/\\\/blog.medel.com\\\/\"},{\"@type\":\"ListItem\",\"position\":2,\"name\":\"Conhe\u00e7a a Manuela: Uma Jovem Usu\u00e1ria de Implante Coclear E Sua Paix\u00e3o Pelo Hipismo\"}]},{\"@type\":\"WebSite\",\"@id\":\"https:\\\/\\\/blog.medel.com\\\/tr\\\/#website\",\"url\":\"https:\\\/\\\/blog.medel.com\\\/tr\\\/\",\"name\":\"The MED-EL Blog\",\"description\":\"\",\"publisher\":{\"@id\":\"https:\\\/\\\/blog.medel.com\\\/tr\\\/#organization\"},\"potentialAction\":[{\"@type\":\"SearchAction\",\"target\":{\"@type\":\"EntryPoint\",\"urlTemplate\":\"https:\\\/\\\/blog.medel.com\\\/tr\\\/?s={search_term_string}\"},\"query-input\":{\"@type\":\"PropertyValueSpecification\",\"valueRequired\":true,\"valueName\":\"search_term_string\"}}],\"inLanguage\":\"pt-BR\"},{\"@type\":\"Organization\",\"@id\":\"https:\\\/\\\/blog.medel.com\\\/tr\\\/#organization\",\"name\":\"The MED-EL Blog\",\"url\":\"https:\\\/\\\/blog.medel.com\\\/tr\\\/\",\"logo\":{\"@type\":\"ImageObject\",\"inLanguage\":\"pt-BR\",\"@id\":\"https:\\\/\\\/blog.medel.com\\\/tr\\\/#\\\/schema\\\/logo\\\/image\\\/\",\"url\":\"https:\\\/\\\/blog.medel.com\\\/wp-content\\\/uploads\\\/2023\\\/02\\\/MED-EL_logo_L2.png\",\"contentUrl\":\"https:\\\/\\\/blog.medel.com\\\/wp-content\\\/uploads\\\/2023\\\/02\\\/MED-EL_logo_L2.png\",\"width\":443,\"height\":200,\"caption\":\"The MED-EL Blog\"},\"image\":{\"@id\":\"https:\\\/\\\/blog.medel.com\\\/tr\\\/#\\\/schema\\\/logo\\\/image\\\/\"}},{\"@type\":\"Person\",\"@id\":\"https:\\\/\\\/blog.medel.com\\\/tr\\\/#\\\/schema\\\/person\\\/bbfca752ccbb4e5468db9cb7019ae1ec\",\"name\":\"Augusto Tsuji\"}]}<\/script>\n<!-- \/ Yoast SEO plugin. -->","yoast_head_json":{"title":"Conhe\u00e7a a Manuela: Uma Jovem Usu\u00e1ria de Implante Coclear E Sua Paix\u00e3o Pelo Hipismo - The MED-EL Blog","robots":{"index":"index","follow":"follow","max-snippet":"max-snippet:-1","max-image-preview":"max-image-preview:large","max-video-preview":"max-video-preview:-1"},"canonical":"https:\/\/blog.medel.com\/pt-br\/historias-de-usuarios\/conheca-a-manuela-uma-jovem-usuaria-de-implante-coclear-e-sua-paixao-pelo-hipismo\/","og_locale":"pt_BR","og_type":"article","og_title":"Conhe\u00e7a a Manuela: Uma Jovem Usu\u00e1ria de Implante Coclear E Sua Paix\u00e3o Pelo Hipismo - The MED-EL Blog","og_url":"https:\/\/blog.medel.com\/pt-br\/historias-de-usuarios\/conheca-a-manuela-uma-jovem-usuaria-de-implante-coclear-e-sua-paixao-pelo-hipismo\/","og_site_name":"The MED-EL Blog","article_published_time":"2024-08-09T16:18:45+00:00","article_modified_time":"2024-08-09T19:23:44+00:00","og_image":[{"width":1600,"height":1000,"url":"https:\/\/blog.medel.com\/wp-content\/uploads\/2024\/08\/manuela-1-1600x1000-1.jpg","type":"image\/jpeg"}],"author":"Augusto Tsuji","twitter_card":"summary_large_image","twitter_misc":{"Escrito por":"Augusto Tsuji","Est. tempo de leitura":"4 minutos"},"schema":{"@context":"https:\/\/schema.org","@graph":[{"@type":"Article","@id":"https:\/\/blog.medel.com\/pt-br\/historias-de-usuarios\/conheca-a-manuela-uma-jovem-usuaria-de-implante-coclear-e-sua-paixao-pelo-hipismo\/#article","isPartOf":{"@id":"https:\/\/blog.medel.com\/pt-br\/historias-de-usuarios\/conheca-a-manuela-uma-jovem-usuaria-de-implante-coclear-e-sua-paixao-pelo-hipismo\/"},"author":{"name":"Augusto Tsuji","@id":"https:\/\/blog.medel.com\/tr\/#\/schema\/person\/bbfca752ccbb4e5468db9cb7019ae1ec"},"headline":"Conhe\u00e7a a Manuela: Uma Jovem Usu\u00e1ria de Implante Coclear E Sua Paix\u00e3o Pelo Hipismo","datePublished":"2024-08-09T16:18:45+00:00","dateModified":"2024-08-09T19:23:44+00:00","mainEntityOfPage":{"@id":"https:\/\/blog.medel.com\/pt-br\/historias-de-usuarios\/conheca-a-manuela-uma-jovem-usuaria-de-implante-coclear-e-sua-paixao-pelo-hipismo\/"},"wordCount":17,"commentCount":0,"publisher":{"@id":"https:\/\/blog.medel.com\/tr\/#organization"},"image":{"@id":"https:\/\/blog.medel.com\/pt-br\/historias-de-usuarios\/conheca-a-manuela-uma-jovem-usuaria-de-implante-coclear-e-sua-paixao-pelo-hipismo\/#primaryimage"},"thumbnailUrl":"https:\/\/blog.medel.com\/wp-content\/uploads\/2024\/08\/manuela-1-1600x1000-1.jpg","keywords":["Crian\u00e7a Com Implante Coclear","Implante Coclear","SONNET 2"],"articleSection":["Hist\u00f3rias de Usu\u00e1rios"],"inLanguage":"pt-BR","potentialAction":[{"@type":"CommentAction","name":"Comment","target":["https:\/\/blog.medel.com\/pt-br\/historias-de-usuarios\/conheca-a-manuela-uma-jovem-usuaria-de-implante-coclear-e-sua-paixao-pelo-hipismo\/#respond"]}]},{"@type":"WebPage","@id":"https:\/\/blog.medel.com\/pt-br\/historias-de-usuarios\/conheca-a-manuela-uma-jovem-usuaria-de-implante-coclear-e-sua-paixao-pelo-hipismo\/","url":"https:\/\/blog.medel.com\/pt-br\/historias-de-usuarios\/conheca-a-manuela-uma-jovem-usuaria-de-implante-coclear-e-sua-paixao-pelo-hipismo\/","name":"Conhe\u00e7a a Manuela: Uma Jovem Usu\u00e1ria de Implante Coclear E Sua Paix\u00e3o Pelo Hipismo - The MED-EL Blog","isPartOf":{"@id":"https:\/\/blog.medel.com\/tr\/#website"},"primaryImageOfPage":{"@id":"https:\/\/blog.medel.com\/pt-br\/historias-de-usuarios\/conheca-a-manuela-uma-jovem-usuaria-de-implante-coclear-e-sua-paixao-pelo-hipismo\/#primaryimage"},"image":{"@id":"https:\/\/blog.medel.com\/pt-br\/historias-de-usuarios\/conheca-a-manuela-uma-jovem-usuaria-de-implante-coclear-e-sua-paixao-pelo-hipismo\/#primaryimage"},"thumbnailUrl":"https:\/\/blog.medel.com\/wp-content\/uploads\/2024\/08\/manuela-1-1600x1000-1.jpg","datePublished":"2024-08-09T16:18:45+00:00","dateModified":"2024-08-09T19:23:44+00:00","breadcrumb":{"@id":"https:\/\/blog.medel.com\/pt-br\/historias-de-usuarios\/conheca-a-manuela-uma-jovem-usuaria-de-implante-coclear-e-sua-paixao-pelo-hipismo\/#breadcrumb"},"inLanguage":"pt-BR","potentialAction":[{"@type":"ReadAction","target":["https:\/\/blog.medel.com\/pt-br\/historias-de-usuarios\/conheca-a-manuela-uma-jovem-usuaria-de-implante-coclear-e-sua-paixao-pelo-hipismo\/"]}]},{"@type":"ImageObject","inLanguage":"pt-BR","@id":"https:\/\/blog.medel.com\/pt-br\/historias-de-usuarios\/conheca-a-manuela-uma-jovem-usuaria-de-implante-coclear-e-sua-paixao-pelo-hipismo\/#primaryimage","url":"https:\/\/blog.medel.com\/wp-content\/uploads\/2024\/08\/manuela-1-1600x1000-1.jpg","contentUrl":"https:\/\/blog.medel.com\/wp-content\/uploads\/2024\/08\/manuela-1-1600x1000-1.jpg","width":1600,"height":1000},{"@type":"BreadcrumbList","@id":"https:\/\/blog.medel.com\/pt-br\/historias-de-usuarios\/conheca-a-manuela-uma-jovem-usuaria-de-implante-coclear-e-sua-paixao-pelo-hipismo\/#breadcrumb","itemListElement":[{"@type":"ListItem","position":1,"name":"Home","item":"https:\/\/blog.medel.com\/"},{"@type":"ListItem","position":2,"name":"Conhe\u00e7a a Manuela: Uma Jovem Usu\u00e1ria de Implante Coclear E Sua Paix\u00e3o Pelo Hipismo"}]},{"@type":"WebSite","@id":"https:\/\/blog.medel.com\/tr\/#website","url":"https:\/\/blog.medel.com\/tr\/","name":"The MED-EL Blog","description":"","publisher":{"@id":"https:\/\/blog.medel.com\/tr\/#organization"},"potentialAction":[{"@type":"SearchAction","target":{"@type":"EntryPoint","urlTemplate":"https:\/\/blog.medel.com\/tr\/?s={search_term_string}"},"query-input":{"@type":"PropertyValueSpecification","valueRequired":true,"valueName":"search_term_string"}}],"inLanguage":"pt-BR"},{"@type":"Organization","@id":"https:\/\/blog.medel.com\/tr\/#organization","name":"The MED-EL Blog","url":"https:\/\/blog.medel.com\/tr\/","logo":{"@type":"ImageObject","inLanguage":"pt-BR","@id":"https:\/\/blog.medel.com\/tr\/#\/schema\/logo\/image\/","url":"https:\/\/blog.medel.com\/wp-content\/uploads\/2023\/02\/MED-EL_logo_L2.png","contentUrl":"https:\/\/blog.medel.com\/wp-content\/uploads\/2023\/02\/MED-EL_logo_L2.png","width":443,"height":200,"caption":"The MED-EL Blog"},"image":{"@id":"https:\/\/blog.medel.com\/tr\/#\/schema\/logo\/image\/"}},{"@type":"Person","@id":"https:\/\/blog.medel.com\/tr\/#\/schema\/person\/bbfca752ccbb4e5468db9cb7019ae1ec","name":"Augusto Tsuji"}]}},"_links":{"self":[{"href":"https:\/\/blog.medel.com\/pt-br\/wp-json\/wp\/v2\/posts\/82879","targetHints":{"allow":["GET"]}}],"collection":[{"href":"https:\/\/blog.medel.com\/pt-br\/wp-json\/wp\/v2\/posts"}],"about":[{"href":"https:\/\/blog.medel.com\/pt-br\/wp-json\/wp\/v2\/types\/post"}],"author":[{"embeddable":true,"href":"https:\/\/blog.medel.com\/pt-br\/wp-json\/wp\/v2\/users\/25"}],"replies":[{"embeddable":true,"href":"https:\/\/blog.medel.com\/pt-br\/wp-json\/wp\/v2\/comments?post=82879"}],"version-history":[{"count":1,"href":"https:\/\/blog.medel.com\/pt-br\/wp-json\/wp\/v2\/posts\/82879\/revisions"}],"predecessor-version":[{"id":82880,"href":"https:\/\/blog.medel.com\/pt-br\/wp-json\/wp\/v2\/posts\/82879\/revisions\/82880"}],"wp:featuredmedia":[{"embeddable":true,"href":"https:\/\/blog.medel.com\/pt-br\/wp-json\/wp\/v2\/media\/82881"}],"wp:attachment":[{"href":"https:\/\/blog.medel.com\/pt-br\/wp-json\/wp\/v2\/media?parent=82879"}],"wp:term":[{"taxonomy":"category","embeddable":true,"href":"https:\/\/blog.medel.com\/pt-br\/wp-json\/wp\/v2\/categories?post=82879"},{"taxonomy":"post_tag","embeddable":true,"href":"https:\/\/blog.medel.com\/pt-br\/wp-json\/wp\/v2\/tags?post=82879"}],"curies":[{"name":"wp","href":"https:\/\/api.w.org\/{rel}","templated":true}]}}