{"id":76064,"date":"2023-05-08T16:19:06","date_gmt":"2023-05-08T14:19:06","guid":{"rendered":"https:\/\/blog.medel.com\/nao-categorizado\/tudo-que-precisa-saber-sobre-o-pos-cirurgia-de-implante-auditivo\/"},"modified":"2023-12-04T15:30:14","modified_gmt":"2023-12-04T13:30:14","slug":"tudo-que-precisa-saber-sobre-o-pos-cirurgia-de-implante-auditivo","status":"publish","type":"post","link":"https:\/\/blog.medel.com\/pt-br\/dicas-e-truques\/reabilitacao\/tudo-que-precisa-saber-sobre-o-pos-cirurgia-de-implante-auditivo\/","title":{"rendered":"Tudo que precisa saber sobre o p\u00f3s cirurgia de implante auditivo"},"content":{"rendered":"<p>[vc_row][vc_column][vc_column_text]A prepara\u00e7\u00e3o para a cirurgia de implante auditivo ajudar\u00e1 voc\u00ea antes e depois do procedimento, mas h\u00e1 algumas outras coisas a serem consideradas ap\u00f3s a cirurgia. O processo de recupera\u00e7\u00e3o ap\u00f3s a cirurgia de implante auditivo \u00e9 crucial para uma cicatriza\u00e7\u00e3o e ativa\u00e7\u00e3o bem-sucedidas. Aqui est\u00e3o algumas dicas e ideias que podem ajud\u00e1-lo ap\u00f3s a cirurgia de implante auditivo e durante sua recupera\u00e7\u00e3o.*[\/vc_column_text][\/vc_column][\/vc_row][vc_row][vc_column][vc_column_text css=&#8221;.vc_custom_1677760817679{margin-bottom: 0px !important;}&#8221;]<\/p>\n<h2><\/h2>\n<h2>Reserve um tempo para se recuperar e pedir ajuda ap\u00f3s a cirurgia de implante auditivo<\/h2>\n<ul>\n<li>Reserve um tempo para descansar ap\u00f3s a cirurgia de implante coclear, para que voc\u00ea possa deixar sua ferida cicatrizar e seu corpo se recuperar.<\/li>\n<li>Como voc\u00ea pode sentir press\u00e3o, dor ou desconforto no lado implantado da cabe\u00e7a, prepare sua medica\u00e7\u00e3o e tente evitar dormir sobre a ferida.<\/li>\n<li>\u00c9 poss\u00edvel dirigir ap\u00f3s a cirurgia assim que voc\u00ea se sentir pronto e j\u00e1 n\u00e3o estiver mais recebendo medica\u00e7\u00e3o. Se voc\u00ea n\u00e3o se sentir pronto para dirigir, pe\u00e7a a algu\u00e9m que o leve do hospital para casa.<\/li>\n<\/ul>\n<p>[\/vc_column_text][\/vc_column][\/vc_row][vc_row][vc_column][vc_column_text css=&#8221;.vc_custom_1677760935678{margin-bottom: 0px !important;}&#8221;]<\/p>\n<h2><\/h2>\n<h2>Prepare-se para a comunica\u00e7\u00e3o antes da ativa\u00e7\u00e3o<\/h2>\n<ul>\n<li>N\u00e3o espere poder ouvir imediatamente ap\u00f3s a cirurgia. Lembre-se de que sua ferida precisa cicatrizar primeiro. S\u00f3 ent\u00e3o o implante pode ser ativado.<\/li>\n<li>Dependendo do estado auditivo do lado n\u00e3o implantado e do n\u00edvel de preserva\u00e7\u00e3o auditiva, pode ser necess\u00e1rio se comunicar por meios n\u00e3o auditivos at\u00e9 o agendamento da ativa\u00e7\u00e3o. Tenha um quadro branco, um tablet ou uma caneta e papel \u00e0 m\u00e3o para ajud\u00e1-lo a se comunicar.<\/li>\n<li>Aprenda alguns sinais de palavra-chave para usar com sua fam\u00edlia.<\/li>\n<\/ul>\n<p>[\/vc_column_text][\/vc_column][\/vc_row][vc_row][vc_column][vc_column_text css=&#8221;.vc_custom_1677760802655{margin-bottom: 0px !important;}&#8221;]<\/p>\n<h2><\/h2>\n<h2>Prepare-se para a ativa\u00e7\u00e3o ap\u00f3s a cirurgia de implante auditivo<\/h2>\n<ul>\n<li>A data da sua ativa\u00e7\u00e3o ser\u00e1 agendada por sua equipe MED-EL local. Nesta consulta, seu processador de \u00e1udio externo ser\u00e1 ativado e programado para funcionar bem com o implante interno. A data exata desta consulta depender\u00e1 da sua cl\u00ednica. \u00c9 normal sentir-se ansioso e entusiasmado com esta consulta.<\/li>\n<li>Lembre-se de que a ativa\u00e7\u00e3o \u00e9 diferente para cada pessoa.<\/li>\n<li>Ao ativar o implante, \u00e9 normal que os sons do seu dispositivo pare\u00e7am desagrad\u00e1veis ou agudos por alguns dias, \u00e0 medida que seu c\u00e9rebro se acostuma com as novas informa\u00e7\u00f5es auditivas que est\u00e1 recebendo. Pode ser cansativo, mas tente usar seu processador de \u00e1udio o m\u00e1ximo poss\u00edvel para acostumar seu c\u00e9rebro com a nova forma de ouvir.<\/li>\n<\/ul>\n<p>[\/vc_column_text][\/vc_column][\/vc_row][vc_row][vc_column][vc_column_text css=&#8221;.vc_custom_1677594590320{margin-bottom: 0px !important;}&#8221;]<\/p>\n<h2>Fale com o seu m\u00e9dico<\/h2>\n<ul>\n<li>Se voc\u00ea estiver sentindo fortes dores ou desconforto, consulte seu m\u00e9dico.<\/li>\n<li>Pe\u00e7a instru\u00e7\u00f5es ao seu m\u00e9dico sobre como cuidar dos pontos, lavar a cabe\u00e7a e dicas para promover a recupera\u00e7\u00e3o.<\/li>\n<li>Verifique com seu m\u00e9dico sobre como assoar o nariz, pois a press\u00e3o pode atrapalhar o processo de cicatriza\u00e7\u00e3o.<\/li>\n<li>Verifique com seu m\u00e9dico antes de come\u00e7ar a levantar pesos ou fazer atividades atl\u00e9ticas intensas.<\/li>\n<li>Fale com o seu m\u00e9dico e tire todas as d\u00favidas que ainda possa ter. Eles podem lhe fornecer os melhores conselhos m\u00e9dicos.<\/li>\n<\/ul>\n<p>[\/vc_column_text][\/vc_column][\/vc_row][vc_row][vc_column][vc_column_text css=&#8221;.vc_custom_1677594752368{margin-bottom: 0px !important;}&#8221;]<\/p>\n<p>&nbsp;<\/p>\n<p>*O conte\u00fado deste site \u00e9 apenas para fins informativos gerais e n\u00e3o deve ser considerado como conselho m\u00e9dico. Entre em contato com seu m\u00e9dico ou especialista em audi\u00e7\u00e3o para saber que tipo de solu\u00e7\u00e3o auditiva \u00e9 adequada para suas necessidades espec\u00edficas. Nem todos os produtos, recursos ou indica\u00e7\u00f5es mostrados est\u00e3o dispon\u00edveis em todos os pa\u00edses.[\/vc_column_text][\/vc_column][\/vc_row]<\/p>\n","protected":false},"excerpt":{"rendered":"<p>A prepara\u00e7\u00e3o para a cirurgia de implante auditivo ajudar\u00e1 voc\u00ea antes e depois do procedimento, mas h\u00e1 algumas outras coisas a serem consideradas ap\u00f3s a cirurgia. O processo de recupera\u00e7\u00e3o ap\u00f3s a cirurgia de implante auditivo \u00e9 crucial para uma cicatriza\u00e7\u00e3o e ativa\u00e7\u00e3o bem-sucedidas. Aqui est\u00e3o algumas dicas e ideias que podem ajud\u00e1-lo ap\u00f3s a cirurgia de implante auditivo e durante sua recupera\u00e7\u00e3o.*<\/p>\n","protected":false},"author":8,"featured_media":75097,"comment_status":"open","ping_status":"open","sticky":false,"template":"","format":"standard","meta":{"footnotes":""},"categories":[3091,3085,3612],"tags":[3616,3087,3823,3850,3649],"class_list":["post-76064","post","type-post","status-publish","format-standard","has-post-thumbnail","hentry","category-dicas-e-truques","category-dicas-e-truques-para-adultos","category-reabilitacao","tag-cirurgia-pt-br","tag-cirurgia","tag-implante-auditivo","tag-implante-coclear-ptbr","tag-rehab-ptbr"],"yoast_head":"<!-- This site is optimized with the Yoast SEO plugin v27.4 - https:\/\/yoast.com\/product\/yoast-seo-wordpress\/ -->\n<title>Tudo que precisa saber sobre o p\u00f3s cirurgia de implante auditivo<\/title>\n<meta name=\"description\" content=\"Confira dicas e ideias neste artigo sobre como se planejar para o momento p\u00f3s cirurgia de implante auditivo e durante sua recupera\u00e7\u00e3o.\" \/>\n<meta name=\"robots\" content=\"index, follow, max-snippet:-1, max-image-preview:large, max-video-preview:-1\" \/>\n<link rel=\"canonical\" href=\"https:\/\/blog.medel.com\/pt-br\/dicas-e-truques\/reabilitacao\/tudo-que-precisa-saber-sobre-o-pos-cirurgia-de-implante-auditivo\/\" \/>\n<meta property=\"og:locale\" content=\"pt_BR\" \/>\n<meta property=\"og:type\" content=\"article\" \/>\n<meta property=\"og:title\" content=\"Tudo que precisa saber sobre o p\u00f3s cirurgia de implante auditivo\" \/>\n<meta property=\"og:description\" content=\"Confira dicas e ideias neste artigo sobre como se planejar para o momento p\u00f3s cirurgia de implante auditivo e durante sua recupera\u00e7\u00e3o.\" \/>\n<meta property=\"og:url\" content=\"https:\/\/blog.medel.com\/pt-br\/dicas-e-truques\/reabilitacao\/tudo-que-precisa-saber-sobre-o-pos-cirurgia-de-implante-auditivo\/\" \/>\n<meta property=\"og:site_name\" content=\"The MED-EL Blog\" \/>\n<meta property=\"article:published_time\" content=\"2023-05-08T14:19:06+00:00\" \/>\n<meta property=\"article:modified_time\" content=\"2023-12-04T13:30:14+00:00\" \/>\n<meta property=\"og:image\" content=\"https:\/\/blog.medel.com\/wp-content\/uploads\/2023\/03\/gettyimages-925542186-scaled-1.jpg\" \/>\n\t<meta property=\"og:image:width\" content=\"2560\" \/>\n\t<meta property=\"og:image:height\" content=\"1280\" \/>\n\t<meta property=\"og:image:type\" content=\"image\/jpeg\" \/>\n<meta name=\"author\" content=\"MED-EL\" \/>\n<meta name=\"twitter:card\" content=\"summary_large_image\" \/>\n<meta name=\"twitter:label1\" content=\"Escrito por\" \/>\n\t<meta name=\"twitter:data1\" content=\"MED-EL\" \/>\n\t<meta name=\"twitter:label2\" content=\"Est. tempo de leitura\" \/>\n\t<meta name=\"twitter:data2\" content=\"3 minutos\" \/>\n<script type=\"application\/ld+json\" class=\"yoast-schema-graph\">{\"@context\":\"https:\\\/\\\/schema.org\",\"@graph\":[{\"@type\":\"Article\",\"@id\":\"https:\\\/\\\/blog.medel.com\\\/pt-br\\\/dicas-e-truques\\\/reabilitacao\\\/tudo-que-precisa-saber-sobre-o-pos-cirurgia-de-implante-auditivo\\\/#article\",\"isPartOf\":{\"@id\":\"https:\\\/\\\/blog.medel.com\\\/pt-br\\\/dicas-e-truques\\\/reabilitacao\\\/tudo-que-precisa-saber-sobre-o-pos-cirurgia-de-implante-auditivo\\\/\"},\"author\":{\"name\":\"MED-EL\",\"@id\":\"https:\\\/\\\/blog.medel.com\\\/tr\\\/#\\\/schema\\\/person\\\/9f8dcfb27ec87796d874e021602c56e2\"},\"headline\":\"Tudo que precisa saber sobre o p\u00f3s cirurgia de implante auditivo\",\"datePublished\":\"2023-05-08T14:19:06+00:00\",\"dateModified\":\"2023-12-04T13:30:14+00:00\",\"mainEntityOfPage\":{\"@id\":\"https:\\\/\\\/blog.medel.com\\\/pt-br\\\/dicas-e-truques\\\/reabilitacao\\\/tudo-que-precisa-saber-sobre-o-pos-cirurgia-de-implante-auditivo\\\/\"},\"wordCount\":711,\"commentCount\":0,\"publisher\":{\"@id\":\"https:\\\/\\\/blog.medel.com\\\/tr\\\/#organization\"},\"image\":{\"@id\":\"https:\\\/\\\/blog.medel.com\\\/pt-br\\\/dicas-e-truques\\\/reabilitacao\\\/tudo-que-precisa-saber-sobre-o-pos-cirurgia-de-implante-auditivo\\\/#primaryimage\"},\"thumbnailUrl\":\"https:\\\/\\\/blog.medel.com\\\/wp-content\\\/uploads\\\/2023\\\/03\\\/gettyimages-925542186-scaled-1.jpg\",\"keywords\":[\"cirurgia\",\"cirurgia\",\"Implante Auditivo\",\"Implante Coclear\",\"Rehab\"],\"articleSection\":[\"Dicas e Truques\",\"Para Adultos\",\"Reabilita\u00e7\u00e3o\"],\"inLanguage\":\"pt-BR\",\"potentialAction\":[{\"@type\":\"CommentAction\",\"name\":\"Comment\",\"target\":[\"https:\\\/\\\/blog.medel.com\\\/pt-br\\\/dicas-e-truques\\\/reabilitacao\\\/tudo-que-precisa-saber-sobre-o-pos-cirurgia-de-implante-auditivo\\\/#respond\"]}]},{\"@type\":\"WebPage\",\"@id\":\"https:\\\/\\\/blog.medel.com\\\/pt-br\\\/dicas-e-truques\\\/reabilitacao\\\/tudo-que-precisa-saber-sobre-o-pos-cirurgia-de-implante-auditivo\\\/\",\"url\":\"https:\\\/\\\/blog.medel.com\\\/pt-br\\\/dicas-e-truques\\\/reabilitacao\\\/tudo-que-precisa-saber-sobre-o-pos-cirurgia-de-implante-auditivo\\\/\",\"name\":\"Tudo que precisa saber sobre o p\u00f3s cirurgia de implante auditivo\",\"isPartOf\":{\"@id\":\"https:\\\/\\\/blog.medel.com\\\/tr\\\/#website\"},\"primaryImageOfPage\":{\"@id\":\"https:\\\/\\\/blog.medel.com\\\/pt-br\\\/dicas-e-truques\\\/reabilitacao\\\/tudo-que-precisa-saber-sobre-o-pos-cirurgia-de-implante-auditivo\\\/#primaryimage\"},\"image\":{\"@id\":\"https:\\\/\\\/blog.medel.com\\\/pt-br\\\/dicas-e-truques\\\/reabilitacao\\\/tudo-que-precisa-saber-sobre-o-pos-cirurgia-de-implante-auditivo\\\/#primaryimage\"},\"thumbnailUrl\":\"https:\\\/\\\/blog.medel.com\\\/wp-content\\\/uploads\\\/2023\\\/03\\\/gettyimages-925542186-scaled-1.jpg\",\"datePublished\":\"2023-05-08T14:19:06+00:00\",\"dateModified\":\"2023-12-04T13:30:14+00:00\",\"description\":\"Confira dicas e ideias neste artigo sobre como se planejar para o momento p\u00f3s cirurgia de implante auditivo e durante sua recupera\u00e7\u00e3o.\",\"breadcrumb\":{\"@id\":\"https:\\\/\\\/blog.medel.com\\\/pt-br\\\/dicas-e-truques\\\/reabilitacao\\\/tudo-que-precisa-saber-sobre-o-pos-cirurgia-de-implante-auditivo\\\/#breadcrumb\"},\"inLanguage\":\"pt-BR\",\"potentialAction\":[{\"@type\":\"ReadAction\",\"target\":[\"https:\\\/\\\/blog.medel.com\\\/pt-br\\\/dicas-e-truques\\\/reabilitacao\\\/tudo-que-precisa-saber-sobre-o-pos-cirurgia-de-implante-auditivo\\\/\"]}]},{\"@type\":\"ImageObject\",\"inLanguage\":\"pt-BR\",\"@id\":\"https:\\\/\\\/blog.medel.com\\\/pt-br\\\/dicas-e-truques\\\/reabilitacao\\\/tudo-que-precisa-saber-sobre-o-pos-cirurgia-de-implante-auditivo\\\/#primaryimage\",\"url\":\"https:\\\/\\\/blog.medel.com\\\/wp-content\\\/uploads\\\/2023\\\/03\\\/gettyimages-925542186-scaled-1.jpg\",\"contentUrl\":\"https:\\\/\\\/blog.medel.com\\\/wp-content\\\/uploads\\\/2023\\\/03\\\/gettyimages-925542186-scaled-1.jpg\",\"width\":2560,\"height\":1280},{\"@type\":\"BreadcrumbList\",\"@id\":\"https:\\\/\\\/blog.medel.com\\\/pt-br\\\/dicas-e-truques\\\/reabilitacao\\\/tudo-que-precisa-saber-sobre-o-pos-cirurgia-de-implante-auditivo\\\/#breadcrumb\",\"itemListElement\":[{\"@type\":\"ListItem\",\"position\":1,\"name\":\"Home\",\"item\":\"https:\\\/\\\/blog.medel.com\\\/\"},{\"@type\":\"ListItem\",\"position\":2,\"name\":\"Tudo que precisa saber sobre o p\u00f3s cirurgia de implante auditivo\"}]},{\"@type\":\"WebSite\",\"@id\":\"https:\\\/\\\/blog.medel.com\\\/tr\\\/#website\",\"url\":\"https:\\\/\\\/blog.medel.com\\\/tr\\\/\",\"name\":\"The MED-EL Blog\",\"description\":\"\",\"publisher\":{\"@id\":\"https:\\\/\\\/blog.medel.com\\\/tr\\\/#organization\"},\"potentialAction\":[{\"@type\":\"SearchAction\",\"target\":{\"@type\":\"EntryPoint\",\"urlTemplate\":\"https:\\\/\\\/blog.medel.com\\\/tr\\\/?s={search_term_string}\"},\"query-input\":{\"@type\":\"PropertyValueSpecification\",\"valueRequired\":true,\"valueName\":\"search_term_string\"}}],\"inLanguage\":\"pt-BR\"},{\"@type\":\"Organization\",\"@id\":\"https:\\\/\\\/blog.medel.com\\\/tr\\\/#organization\",\"name\":\"The MED-EL Blog\",\"url\":\"https:\\\/\\\/blog.medel.com\\\/tr\\\/\",\"logo\":{\"@type\":\"ImageObject\",\"inLanguage\":\"pt-BR\",\"@id\":\"https:\\\/\\\/blog.medel.com\\\/tr\\\/#\\\/schema\\\/logo\\\/image\\\/\",\"url\":\"https:\\\/\\\/blog.medel.com\\\/wp-content\\\/uploads\\\/2023\\\/02\\\/MED-EL_logo_L2.png\",\"contentUrl\":\"https:\\\/\\\/blog.medel.com\\\/wp-content\\\/uploads\\\/2023\\\/02\\\/MED-EL_logo_L2.png\",\"width\":443,\"height\":200,\"caption\":\"The MED-EL Blog\"},\"image\":{\"@id\":\"https:\\\/\\\/blog.medel.com\\\/tr\\\/#\\\/schema\\\/logo\\\/image\\\/\"}},{\"@type\":\"Person\",\"@id\":\"https:\\\/\\\/blog.medel.com\\\/tr\\\/#\\\/schema\\\/person\\\/9f8dcfb27ec87796d874e021602c56e2\",\"name\":\"MED-EL\",\"sameAs\":[\"https:\\\/\\\/www.medel.com\"]}]}<\/script>\n<!-- \/ Yoast SEO plugin. -->","yoast_head_json":{"title":"Tudo que precisa saber sobre o p\u00f3s cirurgia de implante auditivo","description":"Confira dicas e ideias neste artigo sobre como se planejar para o momento p\u00f3s cirurgia de implante auditivo e durante sua recupera\u00e7\u00e3o.","robots":{"index":"index","follow":"follow","max-snippet":"max-snippet:-1","max-image-preview":"max-image-preview:large","max-video-preview":"max-video-preview:-1"},"canonical":"https:\/\/blog.medel.com\/pt-br\/dicas-e-truques\/reabilitacao\/tudo-que-precisa-saber-sobre-o-pos-cirurgia-de-implante-auditivo\/","og_locale":"pt_BR","og_type":"article","og_title":"Tudo que precisa saber sobre o p\u00f3s cirurgia de implante auditivo","og_description":"Confira dicas e ideias neste artigo sobre como se planejar para o momento p\u00f3s cirurgia de implante auditivo e durante sua recupera\u00e7\u00e3o.","og_url":"https:\/\/blog.medel.com\/pt-br\/dicas-e-truques\/reabilitacao\/tudo-que-precisa-saber-sobre-o-pos-cirurgia-de-implante-auditivo\/","og_site_name":"The MED-EL Blog","article_published_time":"2023-05-08T14:19:06+00:00","article_modified_time":"2023-12-04T13:30:14+00:00","og_image":[{"width":2560,"height":1280,"url":"https:\/\/blog.medel.com\/wp-content\/uploads\/2023\/03\/gettyimages-925542186-scaled-1.jpg","type":"image\/jpeg"}],"author":"MED-EL","twitter_card":"summary_large_image","twitter_misc":{"Escrito por":"MED-EL","Est. tempo de leitura":"3 minutos"},"schema":{"@context":"https:\/\/schema.org","@graph":[{"@type":"Article","@id":"https:\/\/blog.medel.com\/pt-br\/dicas-e-truques\/reabilitacao\/tudo-que-precisa-saber-sobre-o-pos-cirurgia-de-implante-auditivo\/#article","isPartOf":{"@id":"https:\/\/blog.medel.com\/pt-br\/dicas-e-truques\/reabilitacao\/tudo-que-precisa-saber-sobre-o-pos-cirurgia-de-implante-auditivo\/"},"author":{"name":"MED-EL","@id":"https:\/\/blog.medel.com\/tr\/#\/schema\/person\/9f8dcfb27ec87796d874e021602c56e2"},"headline":"Tudo que precisa saber sobre o p\u00f3s cirurgia de implante auditivo","datePublished":"2023-05-08T14:19:06+00:00","dateModified":"2023-12-04T13:30:14+00:00","mainEntityOfPage":{"@id":"https:\/\/blog.medel.com\/pt-br\/dicas-e-truques\/reabilitacao\/tudo-que-precisa-saber-sobre-o-pos-cirurgia-de-implante-auditivo\/"},"wordCount":711,"commentCount":0,"publisher":{"@id":"https:\/\/blog.medel.com\/tr\/#organization"},"image":{"@id":"https:\/\/blog.medel.com\/pt-br\/dicas-e-truques\/reabilitacao\/tudo-que-precisa-saber-sobre-o-pos-cirurgia-de-implante-auditivo\/#primaryimage"},"thumbnailUrl":"https:\/\/blog.medel.com\/wp-content\/uploads\/2023\/03\/gettyimages-925542186-scaled-1.jpg","keywords":["cirurgia","cirurgia","Implante Auditivo","Implante Coclear","Rehab"],"articleSection":["Dicas e Truques","Para Adultos","Reabilita\u00e7\u00e3o"],"inLanguage":"pt-BR","potentialAction":[{"@type":"CommentAction","name":"Comment","target":["https:\/\/blog.medel.com\/pt-br\/dicas-e-truques\/reabilitacao\/tudo-que-precisa-saber-sobre-o-pos-cirurgia-de-implante-auditivo\/#respond"]}]},{"@type":"WebPage","@id":"https:\/\/blog.medel.com\/pt-br\/dicas-e-truques\/reabilitacao\/tudo-que-precisa-saber-sobre-o-pos-cirurgia-de-implante-auditivo\/","url":"https:\/\/blog.medel.com\/pt-br\/dicas-e-truques\/reabilitacao\/tudo-que-precisa-saber-sobre-o-pos-cirurgia-de-implante-auditivo\/","name":"Tudo que precisa saber sobre o p\u00f3s cirurgia de implante auditivo","isPartOf":{"@id":"https:\/\/blog.medel.com\/tr\/#website"},"primaryImageOfPage":{"@id":"https:\/\/blog.medel.com\/pt-br\/dicas-e-truques\/reabilitacao\/tudo-que-precisa-saber-sobre-o-pos-cirurgia-de-implante-auditivo\/#primaryimage"},"image":{"@id":"https:\/\/blog.medel.com\/pt-br\/dicas-e-truques\/reabilitacao\/tudo-que-precisa-saber-sobre-o-pos-cirurgia-de-implante-auditivo\/#primaryimage"},"thumbnailUrl":"https:\/\/blog.medel.com\/wp-content\/uploads\/2023\/03\/gettyimages-925542186-scaled-1.jpg","datePublished":"2023-05-08T14:19:06+00:00","dateModified":"2023-12-04T13:30:14+00:00","description":"Confira dicas e ideias neste artigo sobre como se planejar para o momento p\u00f3s cirurgia de implante auditivo e durante sua recupera\u00e7\u00e3o.","breadcrumb":{"@id":"https:\/\/blog.medel.com\/pt-br\/dicas-e-truques\/reabilitacao\/tudo-que-precisa-saber-sobre-o-pos-cirurgia-de-implante-auditivo\/#breadcrumb"},"inLanguage":"pt-BR","potentialAction":[{"@type":"ReadAction","target":["https:\/\/blog.medel.com\/pt-br\/dicas-e-truques\/reabilitacao\/tudo-que-precisa-saber-sobre-o-pos-cirurgia-de-implante-auditivo\/"]}]},{"@type":"ImageObject","inLanguage":"pt-BR","@id":"https:\/\/blog.medel.com\/pt-br\/dicas-e-truques\/reabilitacao\/tudo-que-precisa-saber-sobre-o-pos-cirurgia-de-implante-auditivo\/#primaryimage","url":"https:\/\/blog.medel.com\/wp-content\/uploads\/2023\/03\/gettyimages-925542186-scaled-1.jpg","contentUrl":"https:\/\/blog.medel.com\/wp-content\/uploads\/2023\/03\/gettyimages-925542186-scaled-1.jpg","width":2560,"height":1280},{"@type":"BreadcrumbList","@id":"https:\/\/blog.medel.com\/pt-br\/dicas-e-truques\/reabilitacao\/tudo-que-precisa-saber-sobre-o-pos-cirurgia-de-implante-auditivo\/#breadcrumb","itemListElement":[{"@type":"ListItem","position":1,"name":"Home","item":"https:\/\/blog.medel.com\/"},{"@type":"ListItem","position":2,"name":"Tudo que precisa saber sobre o p\u00f3s cirurgia de implante auditivo"}]},{"@type":"WebSite","@id":"https:\/\/blog.medel.com\/tr\/#website","url":"https:\/\/blog.medel.com\/tr\/","name":"The MED-EL Blog","description":"","publisher":{"@id":"https:\/\/blog.medel.com\/tr\/#organization"},"potentialAction":[{"@type":"SearchAction","target":{"@type":"EntryPoint","urlTemplate":"https:\/\/blog.medel.com\/tr\/?s={search_term_string}"},"query-input":{"@type":"PropertyValueSpecification","valueRequired":true,"valueName":"search_term_string"}}],"inLanguage":"pt-BR"},{"@type":"Organization","@id":"https:\/\/blog.medel.com\/tr\/#organization","name":"The MED-EL Blog","url":"https:\/\/blog.medel.com\/tr\/","logo":{"@type":"ImageObject","inLanguage":"pt-BR","@id":"https:\/\/blog.medel.com\/tr\/#\/schema\/logo\/image\/","url":"https:\/\/blog.medel.com\/wp-content\/uploads\/2023\/02\/MED-EL_logo_L2.png","contentUrl":"https:\/\/blog.medel.com\/wp-content\/uploads\/2023\/02\/MED-EL_logo_L2.png","width":443,"height":200,"caption":"The MED-EL Blog"},"image":{"@id":"https:\/\/blog.medel.com\/tr\/#\/schema\/logo\/image\/"}},{"@type":"Person","@id":"https:\/\/blog.medel.com\/tr\/#\/schema\/person\/9f8dcfb27ec87796d874e021602c56e2","name":"MED-EL","sameAs":["https:\/\/www.medel.com"]}]}},"_links":{"self":[{"href":"https:\/\/blog.medel.com\/pt-br\/wp-json\/wp\/v2\/posts\/76064","targetHints":{"allow":["GET"]}}],"collection":[{"href":"https:\/\/blog.medel.com\/pt-br\/wp-json\/wp\/v2\/posts"}],"about":[{"href":"https:\/\/blog.medel.com\/pt-br\/wp-json\/wp\/v2\/types\/post"}],"author":[{"embeddable":true,"href":"https:\/\/blog.medel.com\/pt-br\/wp-json\/wp\/v2\/users\/8"}],"replies":[{"embeddable":true,"href":"https:\/\/blog.medel.com\/pt-br\/wp-json\/wp\/v2\/comments?post=76064"}],"version-history":[{"count":2,"href":"https:\/\/blog.medel.com\/pt-br\/wp-json\/wp\/v2\/posts\/76064\/revisions"}],"predecessor-version":[{"id":76107,"href":"https:\/\/blog.medel.com\/pt-br\/wp-json\/wp\/v2\/posts\/76064\/revisions\/76107"}],"wp:featuredmedia":[{"embeddable":true,"href":"https:\/\/blog.medel.com\/pt-br\/wp-json\/wp\/v2\/media\/75097"}],"wp:attachment":[{"href":"https:\/\/blog.medel.com\/pt-br\/wp-json\/wp\/v2\/media?parent=76064"}],"wp:term":[{"taxonomy":"category","embeddable":true,"href":"https:\/\/blog.medel.com\/pt-br\/wp-json\/wp\/v2\/categories?post=76064"},{"taxonomy":"post_tag","embeddable":true,"href":"https:\/\/blog.medel.com\/pt-br\/wp-json\/wp\/v2\/tags?post=76064"}],"curies":[{"name":"wp","href":"https:\/\/api.w.org\/{rel}","templated":true}]}}