{"id":45938,"date":"2020-03-08T06:00:38","date_gmt":"2020-03-08T04:00:38","guid":{"rendered":"https:\/\/blog.medel.com\/nao-categorizado\/dia-internacional-das-mulheres-med-el\/"},"modified":"2023-12-04T15:44:39","modified_gmt":"2023-12-04T13:44:39","slug":"dia-internacional-das-mulheres-med-el","status":"publish","type":"post","link":"https:\/\/blog.medel.com\/pt-br\/tecnologia\/dia-internacional-das-mulheres-med-el\/","title":{"rendered":"Conhe\u00e7a as talentosas mulheres da equipe MED-EL neste especial do Dia Internacional das Mulheres"},"content":{"rendered":"<p>[vc_row][vc_column css=&#8221;.vc_custom_1579682911497{padding-top: 30px !important;padding-bottom: 30px !important;}&#8221;][vc_column_text css=&#8221;.vc_custom_1583347184529{margin-bottom: 0px !important;}&#8221;]H\u00e1 pouco mais de um m\u00eas, mais precisamente no dia 11 de fevereiro, comemoramos o Dia Internacional das Mulheres e Meninas na Ci\u00eancia e nada melhor do que refor\u00e7ar esta data importante hoje, no Dia internacional das Mulheres. Ent\u00e3o, que tal conhecermos um pouco dos bastidores da sede da MED-EL na \u00c1ustria e conhecer algumas das mulheres talentosas que trabalham pela sua sa\u00fade auditiva.<br \/>\nPessoas de mais de 50 pa\u00edses trabalham em nossa sede em Innsbruck. Reunindo conhecimento e experi\u00eancia de v\u00e1rios campos e culturas, eles fazem da MED-EL um local muito interessante para se trabalhar. Conhe\u00e7a cinco mulheres de diferentes partes do mundo e descubra como elas usam seus conhecimentos e habilidades cient\u00edficas em seus trabalhos na MED-EL.[\/vc_column_text][\/vc_column][\/vc_row][vc_row][vc_column][vc_column_text css=&#8221;.vc_custom_1583347230627{margin-bottom: 0px !important;}&#8221;]<\/p>\n<h3><strong>Isabell, Especialista em Suporte Cl\u00ednico, VIBRANT<\/strong><\/h3>\n<p>[\/vc_column_text][\/vc_column][\/vc_row][vc_row][vc_column width=&#8221;1\/2&#8243; css=&#8221;.vc_custom_1579683398253{padding-top: 30px !important;padding-bottom: 30px !important;}&#8221;][vc_column_text css=&#8221;.vc_custom_1583350556457{margin-bottom: 0px !important;}&#8221;]Natuaral da Baviera, na Alemanha, Isabell trabalha como especialista em suporte cl\u00ednico para solu\u00e7\u00f5es auditivas VIBRANT h\u00e1 mais de 5 anos. Ap\u00f3s seu mestrado em Neuroci\u00eancia, mudou-se para Innsbruck, e hoje ela treina cirurgi\u00f5es e audiologistas em BONEBRIDGE, VIBRANT SOUNDBRIDGE e ADHEAR, tanto em nossa sede quanto em cl\u00ednicas no mundo todo.<br \/>\n\u201cA melhor coisa de trabalhar na MED-EL \u00e9 colaborar com tantas pessoas, pacientes, audiologistas e cirurgi\u00f5es de todo o mundo, todos com o mesmo objetivo: melhorar (com nossas solu\u00e7\u00f5es) a audi\u00e7\u00e3o de pessoas que n\u00e3o podem se beneficiar dos aparelhos auditivos convencionais \u201d, diz ela.[\/vc_column_text][\/vc_column][vc_column width=&#8221;1\/2&#8243; css=&#8221;.vc_custom_1579683406805{padding-top: 30px !important;padding-bottom: 30px !important;}&#8221;][vc_single_image image=&#8221;16748&#8243; img_size=&#8221;full&#8221;][\/vc_column][\/vc_row][vc_row][vc_column css=&#8221;.vc_custom_1580118996995{padding-top: 30px !important;padding-bottom: 30px !important;}&#8221;][vc_column_text css=&#8221;.vc_custom_1583347300698{margin-bottom: 0px !important;}&#8221;]<\/p>\n<h3><strong>Wilnelia, Escritora M\u00e9dica, Pesquisa Cl\u00ednica<\/strong><\/h3>\n<p>[\/vc_column_text][\/vc_column][\/vc_row][vc_row][vc_column width=&#8221;1\/2&#8243; css=&#8221;.vc_custom_1580118844682{padding-top: 0px !important;padding-bottom: 0px !important;}&#8221;][vc_single_image image=&#8221;16758&#8243; img_size=&#8221;full&#8221;][\/vc_column][vc_column width=&#8221;1\/2&#8243; css=&#8221;.vc_custom_1580118815068{padding-top: 0px !important;}&#8221;][vc_column_text css=&#8221;.vc_custom_1583350825551{margin-bottom: 0px !important;}&#8221;]Conhe\u00e7a Wilnelia, escritora m\u00e9dica em nosso departamento de Pesquisa Cl\u00ednica. Originalmente da Cidade do Cabo, \u00c1frica do Sul, ela est\u00e1 na MED-EL em Innsbruck h\u00e1 mais de um ano.<\/p>\n<p>Wilnelia, que tem mestrado em Astrof\u00edsica, conta porque gosta de trabalhar na MED-EL?<\/p>\n<p>&#8220;A MED-EL \u00e9 conhecida por seu compromisso em melhorar a vida das pessoas. \u00c9 emocionante estar cercado por pessoas inovadoras de diferentes origens cient\u00edficas, que compartilham esse objetivo &#8220;.[\/vc_column_text][\/vc_column][\/vc_row][vc_row][vc_column][vc_column_text css=&#8221;.vc_custom_1583350858106{margin-bottom: 0px !important;}&#8221;]\u201cAjudo os cientistas, cirurgi\u00f5es e cl\u00ednicos a escreverem e editarem artigos cient\u00edficos sobre v\u00e1rios aspectos da perda auditiva. Esses artigos s\u00e3o publicados em revistas internacionais que seus colegas consultam; \u00e9 assim que os resultados de pesquisas s\u00e3o compartilhados na comunidade cient\u00edfica. E isso ajuda os especialistas a desenvolverem id\u00e9ias e melhores tecnologias tamb\u00e9m para os implantes cocleares. Como escritora m\u00e9dica, preciso observar os detalhes e as habilidades de escrita para comunicar resultados cient\u00edficos de forma clara, precisa e eficaz \u201d, explica Wilnelia sobre seu trabalho di\u00e1rio.[\/vc_column_text][\/vc_column][\/vc_row][vc_row][vc_column css=&#8221;.vc_custom_1580118859313{padding-top: 30px !important;padding-bottom: 30px !important;}&#8221;][vc_column_text css=&#8221;.vc_custom_1583347591574{margin-bottom: 0px !important;}&#8221;]<\/p>\n<h3><strong>Marcela, Especialista Cir\u00fargica, Pesquisa e Desenvolvimento<\/strong><\/h3>\n<p>[\/vc_column_text][\/vc_column][\/vc_row][vc_row][vc_column width=&#8221;1\/2&#8243; css=&#8221;.vc_custom_1580118876930{padding-top: 0px !important;padding-bottom: px !important;}&#8221;][vc_column_text css=&#8221;.vc_custom_1583347807096{margin-bottom: 0px !important;}&#8221;]\u201cTer a oportunidade de fazer parte de uma equipe que tem o objetivo de proporcionar melhorias \u00e0 qualidade de vida&#8221; &#8211; este \u00e9 o ponto favorita da Marcela trabalhando na MED-EL. Nascida no M\u00e9xico, ela estudou medicina na Universidade John Hopkins, nos EUA, antes de ingressar na a fam\u00edlia MED-EL.<\/p>\n<p>Hoje, faz parte da equipe de Pesquisa e Desenvolvimento na nossa sede em Innsbruck e trabalha como especialista em cirurgia. Seu trabalho di\u00e1rio inclui ensinar profissionais de audi\u00e7\u00e3o de todo o mundo sobre as \u00faltimas cirurgias de implante coclear. Mas ela tamb\u00e9m adora conhecer os usu\u00e1rios de nossas solu\u00e7\u00f5es auditivas. Nesta foto, ela mostra ao Fernando, o vencedor do ideas4ears da Espanha, um de nossos implantes.[\/vc_column_text][\/vc_column][vc_column width=&#8221;1\/2&#8243; css=&#8221;.vc_custom_1580118885834{padding-top: 0px !important;padding-bottom: 0px !important;}&#8221;][vc_single_image image=&#8221;16788&#8243; img_size=&#8221;full&#8221;][\/vc_column][\/vc_row][vc_row][vc_column css=&#8221;.vc_custom_1580118908682{padding-top: 30px !important;padding-bottom: 30px !important;}&#8221;][vc_column_text css=&#8221;.vc_custom_1583347842769{margin-bottom: 0px !important;}&#8221;]<\/p>\n<h3><strong>Arpitha, Assuntos Regulat\u00f3rios<\/strong><\/h3>\n<p>[\/vc_column_text][\/vc_column][\/vc_row][vc_row][vc_column width=&#8221;1\/2&#8243;][vc_single_image image=&#8221;16768&#8243; img_size=&#8221;full&#8221;][\/vc_column][vc_column width=&#8221;1\/2&#8243;][vc_column_text css=&#8221;.vc_custom_1583347929322{margin-bottom: 0px !important;}&#8221;]Arpitha, da \u00cdndia, \u00e9 bacharel e mestre em engenharia biom\u00e9dica e est\u00e1 em nosso departamento de Assuntos Regulat\u00f3rios h\u00e1 dois anos. Seu interesse na tecnologia de implantes auditivos tamb\u00e9m tem motivos pessoais:<\/p>\n<p>\u201cMinha sobrinha tem um implante coclear. Isso a beneficiou imensamente e mudou sua vida. Portanto, os produtos da MED-EL, juntamente com meu interesse em assuntos regulat\u00f3rios, foram a raz\u00e3o pela qual me desejei trabalhar aqui \u201d, diz ela.[\/vc_column_text][\/vc_column][\/vc_row][vc_row][vc_column][vc_column_text css=&#8221;.vc_custom_1583353334470{margin-bottom: 0px !important;}&#8221;]Ela est\u00e1 envolvida na submiss\u00e3o de produtos MED-EL \u00e0s ag\u00eancias reguladoras internacionais, por exemplo FDA ou Health Canada e em outras atividades para desenvolver e liberar novos produtos para o p\u00fablico. E ela sabe que seu trabalho faz a diferen\u00e7a para muitas pessoas: \u201cAo garantir que nossos produtos sejam aprovados pelos \u00f3rg\u00e3os reguladores, participo indiretamente da melhora na vida das pessoas em diferentes partes do mundo. Dessa forma, posso desempenhar meu papel em ajudar pessoas com perda auditiva. \u201d[\/vc_column_text][\/vc_column][\/vc_row][vc_row][vc_column css=&#8221;.vc_custom_1580119038238{padding-top: 30px !important;padding-bottom: 30px !important;}&#8221;][vc_column_text css=&#8221;.vc_custom_1583348295178{margin-bottom: 0px !important;}&#8221;]<\/p>\n<h3><strong>Ellyce, Engenheira S\u00eanior, Pesquisa e Desenvolvimento<\/strong><\/h3>\n<p>[\/vc_column_text][\/vc_column][\/vc_row][vc_row][vc_column width=&#8221;1\/2&#8243; css=&#8221;.vc_custom_1580119049909{padding-top: 0px !important;padding-bottom: 0px !important;}&#8221;][vc_column_text css=&#8221;.vc_custom_1583348555503{margin-bottom: 0px !important;}&#8221;]Conhe\u00e7a Ellyce, uma de nossas engenheiras seniores no Departamento de P&amp;D. Nascida na Nova Zel\u00e2ndia, ela realiza simula\u00e7\u00f5es que replicam o ambiente de resson\u00e2ncia magn\u00e9tica para prever como novos implantes ou recursos podem influenciar a seguran\u00e7a do paciente.<\/p>\n<p>Ela afirma com seguran\u00e7a: &#8220;\u00c0 medida que o uso da resson\u00e2ncia magn\u00e9tica de diagn\u00f3stico aumenta, \u00e9 importante trabalharmos para que os pacientes n\u00e3o percam essa tecnologia por causa de seu implante. A pesquisa em scanners de resson\u00e2ncia magn\u00e9tica mais fortes e complexos \u00e9 muito ativa e estou ansiosa pelo desafio de acompanhar estas inova\u00e7\u00f5es garantindo que nossos pacientes continuem tendo acesso a elas. \u201d[\/vc_column_text][\/vc_column][vc_column width=&#8221;1\/2&#8243; css=&#8221;.vc_custom_1580119057957{padding-top: 0px !important;padding-bottom: 0px !important;}&#8221;][vc_single_image image=&#8221;16738&#8243; img_size=&#8221;full&#8221;][\/vc_column][\/vc_row][vc_row][vc_column css=&#8221;.vc_custom_1579683283934{padding-top: 30px !important;padding-bottom: 30px !important;}&#8221;][vc_column_text css=&#8221;.vc_custom_1583751013127{margin-bottom: 0px !important;}&#8221;]No Brasil, a maior parte de nossa equipe \u00e9 composta por mulheres.<\/p>\n<p>Desde nossa equipe cl\u00ednica, de atendimento, administrativo &#8211; financeiro e marketing, s\u00e3o profissionais com hist\u00f3rico multidisciplinar. Todas reconhecem que o melhor presente de Dia das Mulheres \u00e9 o reconhecimento deste trabalho e a possibilidade de melhorar a qualidade de vida de tantos usu\u00e1rios de solu\u00e7\u00f5es MED-EL pelo Brasil.[\/vc_column_text][\/vc_column][\/vc_row]<\/p>\n","protected":false},"excerpt":{"rendered":"<p>[vc_row][vc_column css=&#8221;.vc_custom_1579682911497{padding-top: 30px !important;padding-bottom: 30px !important;}&#8221;][vc_column_text css=&#8221;.vc_custom_1583347184529{margin-bottom: 0px !important;}&#8221;]H\u00e1 pouco mais de um m\u00eas, mais precisamente no dia 11 de fevereiro, comemoramos o Dia Internacional das Mulheres e Meninas na Ci\u00eancia e nada melhor do que refor\u00e7ar esta data importante hoje, no Dia internacional das Mulheres. Ent\u00e3o, que tal conhecermos um pouco dos bastidores da [&hellip;]<\/p>\n","protected":false},"author":8,"featured_media":63385,"comment_status":"open","ping_status":"open","sticky":false,"template":"","format":"standard","meta":{"footnotes":""},"categories":[3260],"tags":[3170,3850,3171],"class_list":["post-45938","post","type-post","status-publish","format-standard","has-post-thumbnail","hentry","category-tecnologia","tag-dia-internacional-das-mulheres","tag-implante-coclear-ptbr","tag-mulheres-na-ciencia"],"yoast_head":"<!-- This site is optimized with the Yoast SEO plugin v27.4 - https:\/\/yoast.com\/product\/yoast-seo-wordpress\/ -->\n<title>Conhe\u00e7a as talentosas mulheres da equipe MED-EL neste especial do Dia Internacional das Mulheres - The MED-EL Blog<\/title>\n<meta name=\"description\" content=\"Em homenagem ao dia internacional das mulheres, vamos dar uma olhada nos bastidores da matriz MED-EL na \u00c1ustria e descobrir alguns dos talentos femininos que ajudam a construir esta hist\u00f3ria.\" \/>\n<meta name=\"robots\" content=\"index, follow, max-snippet:-1, max-image-preview:large, max-video-preview:-1\" \/>\n<link rel=\"canonical\" href=\"https:\/\/blog.medel.com\/technology\/international-day-of-women-and-girls-in-science-meet-med-els-talented-women\/\" \/>\n<meta property=\"og:locale\" content=\"pt_BR\" \/>\n<meta property=\"og:type\" content=\"article\" \/>\n<meta property=\"og:title\" content=\"Conhe\u00e7a as talentosas mulheres da equipe MED-EL neste especial do Dia Internacional das Mulheres - The MED-EL Blog\" \/>\n<meta property=\"og:description\" content=\"Em homenagem ao dia internacional das mulheres, vamos dar uma olhada nos bastidores da matriz MED-EL na \u00c1ustria e descobrir alguns dos talentos femininos que ajudam a construir esta hist\u00f3ria.\" \/>\n<meta property=\"og:url\" content=\"https:\/\/blog.medel.com\/technology\/international-day-of-women-and-girls-in-science-meet-med-els-talented-women\/\" \/>\n<meta property=\"og:site_name\" content=\"The MED-EL Blog\" \/>\n<meta property=\"article:published_time\" content=\"2020-03-08T04:00:38+00:00\" \/>\n<meta property=\"article:modified_time\" content=\"2023-12-04T13:44:39+00:00\" \/>\n<meta property=\"og:image\" content=\"https:\/\/blog.medel.com\/wp-content\/uploads\/2023\/03\/marcela-alt800400-1.jpg\" \/>\n\t<meta property=\"og:image:width\" content=\"800\" \/>\n\t<meta property=\"og:image:height\" content=\"400\" \/>\n\t<meta property=\"og:image:type\" content=\"image\/jpeg\" \/>\n<meta name=\"author\" content=\"MED-EL\" \/>\n<meta name=\"twitter:card\" content=\"summary_large_image\" \/>\n<meta name=\"twitter:label1\" content=\"Escrito por\" \/>\n\t<meta name=\"twitter:data1\" content=\"MED-EL\" \/>\n\t<meta name=\"twitter:label2\" content=\"Est. tempo de leitura\" \/>\n\t<meta name=\"twitter:data2\" content=\"5 minutos\" \/>\n<script type=\"application\/ld+json\" class=\"yoast-schema-graph\">{\"@context\":\"https:\\\/\\\/schema.org\",\"@graph\":[{\"@type\":\"Article\",\"@id\":\"https:\\\/\\\/blog.medel.com\\\/technology\\\/international-day-of-women-and-girls-in-science-meet-med-els-talented-women\\\/#article\",\"isPartOf\":{\"@id\":\"https:\\\/\\\/blog.medel.com\\\/technology\\\/international-day-of-women-and-girls-in-science-meet-med-els-talented-women\\\/\"},\"author\":{\"name\":\"MED-EL\",\"@id\":\"https:\\\/\\\/blog.medel.com\\\/nl\\\/#\\\/schema\\\/person\\\/9f8dcfb27ec87796d874e021602c56e2\"},\"headline\":\"Conhe\u00e7a as talentosas mulheres da equipe MED-EL neste especial do Dia Internacional das Mulheres\",\"datePublished\":\"2020-03-08T04:00:38+00:00\",\"dateModified\":\"2023-12-04T13:44:39+00:00\",\"mainEntityOfPage\":{\"@id\":\"https:\\\/\\\/blog.medel.com\\\/technology\\\/international-day-of-women-and-girls-in-science-meet-med-els-talented-women\\\/\"},\"wordCount\":1370,\"commentCount\":0,\"publisher\":{\"@id\":\"https:\\\/\\\/blog.medel.com\\\/nl\\\/#organization\"},\"image\":{\"@id\":\"https:\\\/\\\/blog.medel.com\\\/technology\\\/international-day-of-women-and-girls-in-science-meet-med-els-talented-women\\\/#primaryimage\"},\"thumbnailUrl\":\"https:\\\/\\\/blog.medel.com\\\/wp-content\\\/uploads\\\/2023\\\/03\\\/marcela-alt800400-1.jpg\",\"keywords\":[\"Dia internacional das mulheres\",\"Implante Coclear\",\"mulheres na ci\u00eancia\"],\"articleSection\":[\"Tecnologia\"],\"inLanguage\":\"pt-BR\",\"potentialAction\":[{\"@type\":\"CommentAction\",\"name\":\"Comment\",\"target\":[\"https:\\\/\\\/blog.medel.com\\\/technology\\\/international-day-of-women-and-girls-in-science-meet-med-els-talented-women\\\/#respond\"]}]},{\"@type\":\"WebPage\",\"@id\":\"https:\\\/\\\/blog.medel.com\\\/technology\\\/international-day-of-women-and-girls-in-science-meet-med-els-talented-women\\\/\",\"url\":\"https:\\\/\\\/blog.medel.com\\\/technology\\\/international-day-of-women-and-girls-in-science-meet-med-els-talented-women\\\/\",\"name\":\"Conhe\u00e7a as talentosas mulheres da equipe MED-EL neste especial do Dia Internacional das Mulheres - The MED-EL Blog\",\"isPartOf\":{\"@id\":\"https:\\\/\\\/blog.medel.com\\\/nl\\\/#website\"},\"primaryImageOfPage\":{\"@id\":\"https:\\\/\\\/blog.medel.com\\\/technology\\\/international-day-of-women-and-girls-in-science-meet-med-els-talented-women\\\/#primaryimage\"},\"image\":{\"@id\":\"https:\\\/\\\/blog.medel.com\\\/technology\\\/international-day-of-women-and-girls-in-science-meet-med-els-talented-women\\\/#primaryimage\"},\"thumbnailUrl\":\"https:\\\/\\\/blog.medel.com\\\/wp-content\\\/uploads\\\/2023\\\/03\\\/marcela-alt800400-1.jpg\",\"datePublished\":\"2020-03-08T04:00:38+00:00\",\"dateModified\":\"2023-12-04T13:44:39+00:00\",\"description\":\"Em homenagem ao dia internacional das mulheres, vamos dar uma olhada nos bastidores da matriz MED-EL na \u00c1ustria e descobrir alguns dos talentos femininos que ajudam a construir esta hist\u00f3ria.\",\"breadcrumb\":{\"@id\":\"https:\\\/\\\/blog.medel.com\\\/technology\\\/international-day-of-women-and-girls-in-science-meet-med-els-talented-women\\\/#breadcrumb\"},\"inLanguage\":\"pt-BR\",\"potentialAction\":[{\"@type\":\"ReadAction\",\"target\":[\"https:\\\/\\\/blog.medel.com\\\/technology\\\/international-day-of-women-and-girls-in-science-meet-med-els-talented-women\\\/\"]}]},{\"@type\":\"ImageObject\",\"inLanguage\":\"pt-BR\",\"@id\":\"https:\\\/\\\/blog.medel.com\\\/technology\\\/international-day-of-women-and-girls-in-science-meet-med-els-talented-women\\\/#primaryimage\",\"url\":\"https:\\\/\\\/blog.medel.com\\\/wp-content\\\/uploads\\\/2023\\\/03\\\/marcela-alt800400-1.jpg\",\"contentUrl\":\"https:\\\/\\\/blog.medel.com\\\/wp-content\\\/uploads\\\/2023\\\/03\\\/marcela-alt800400-1.jpg\",\"width\":800,\"height\":400},{\"@type\":\"BreadcrumbList\",\"@id\":\"https:\\\/\\\/blog.medel.com\\\/technology\\\/international-day-of-women-and-girls-in-science-meet-med-els-talented-women\\\/#breadcrumb\",\"itemListElement\":[{\"@type\":\"ListItem\",\"position\":1,\"name\":\"Home\",\"item\":\"https:\\\/\\\/blog.medel.com\\\/pt-br\\\/\"},{\"@type\":\"ListItem\",\"position\":2,\"name\":\"Conhe\u00e7a as talentosas mulheres da equipe MED-EL neste especial do Dia Internacional das Mulheres\"}]},{\"@type\":\"WebSite\",\"@id\":\"https:\\\/\\\/blog.medel.com\\\/nl\\\/#website\",\"url\":\"https:\\\/\\\/blog.medel.com\\\/nl\\\/\",\"name\":\"The MED-EL Blog\",\"description\":\"\",\"publisher\":{\"@id\":\"https:\\\/\\\/blog.medel.com\\\/nl\\\/#organization\"},\"potentialAction\":[{\"@type\":\"SearchAction\",\"target\":{\"@type\":\"EntryPoint\",\"urlTemplate\":\"https:\\\/\\\/blog.medel.com\\\/nl\\\/?s={search_term_string}\"},\"query-input\":{\"@type\":\"PropertyValueSpecification\",\"valueRequired\":true,\"valueName\":\"search_term_string\"}}],\"inLanguage\":\"pt-BR\"},{\"@type\":\"Organization\",\"@id\":\"https:\\\/\\\/blog.medel.com\\\/nl\\\/#organization\",\"name\":\"The MED-EL Blog\",\"url\":\"https:\\\/\\\/blog.medel.com\\\/nl\\\/\",\"logo\":{\"@type\":\"ImageObject\",\"inLanguage\":\"pt-BR\",\"@id\":\"https:\\\/\\\/blog.medel.com\\\/nl\\\/#\\\/schema\\\/logo\\\/image\\\/\",\"url\":\"https:\\\/\\\/blog.medel.com\\\/wp-content\\\/uploads\\\/2023\\\/02\\\/MED-EL_logo_L2.png\",\"contentUrl\":\"https:\\\/\\\/blog.medel.com\\\/wp-content\\\/uploads\\\/2023\\\/02\\\/MED-EL_logo_L2.png\",\"width\":443,\"height\":200,\"caption\":\"The MED-EL Blog\"},\"image\":{\"@id\":\"https:\\\/\\\/blog.medel.com\\\/nl\\\/#\\\/schema\\\/logo\\\/image\\\/\"}},{\"@type\":\"Person\",\"@id\":\"https:\\\/\\\/blog.medel.com\\\/nl\\\/#\\\/schema\\\/person\\\/9f8dcfb27ec87796d874e021602c56e2\",\"name\":\"MED-EL\",\"sameAs\":[\"https:\\\/\\\/www.medel.com\"]}]}<\/script>\n<!-- \/ Yoast SEO plugin. -->","yoast_head_json":{"title":"Conhe\u00e7a as talentosas mulheres da equipe MED-EL neste especial do Dia Internacional das Mulheres - The MED-EL Blog","description":"Em homenagem ao dia internacional das mulheres, vamos dar uma olhada nos bastidores da matriz MED-EL na \u00c1ustria e descobrir alguns dos talentos femininos que ajudam a construir esta hist\u00f3ria.","robots":{"index":"index","follow":"follow","max-snippet":"max-snippet:-1","max-image-preview":"max-image-preview:large","max-video-preview":"max-video-preview:-1"},"canonical":"https:\/\/blog.medel.com\/technology\/international-day-of-women-and-girls-in-science-meet-med-els-talented-women\/","og_locale":"pt_BR","og_type":"article","og_title":"Conhe\u00e7a as talentosas mulheres da equipe MED-EL neste especial do Dia Internacional das Mulheres - The MED-EL Blog","og_description":"Em homenagem ao dia internacional das mulheres, vamos dar uma olhada nos bastidores da matriz MED-EL na \u00c1ustria e descobrir alguns dos talentos femininos que ajudam a construir esta hist\u00f3ria.","og_url":"https:\/\/blog.medel.com\/technology\/international-day-of-women-and-girls-in-science-meet-med-els-talented-women\/","og_site_name":"The MED-EL Blog","article_published_time":"2020-03-08T04:00:38+00:00","article_modified_time":"2023-12-04T13:44:39+00:00","og_image":[{"width":800,"height":400,"url":"https:\/\/blog.medel.com\/wp-content\/uploads\/2023\/03\/marcela-alt800400-1.jpg","type":"image\/jpeg"}],"author":"MED-EL","twitter_card":"summary_large_image","twitter_misc":{"Escrito por":"MED-EL","Est. tempo de leitura":"5 minutos"},"schema":{"@context":"https:\/\/schema.org","@graph":[{"@type":"Article","@id":"https:\/\/blog.medel.com\/technology\/international-day-of-women-and-girls-in-science-meet-med-els-talented-women\/#article","isPartOf":{"@id":"https:\/\/blog.medel.com\/technology\/international-day-of-women-and-girls-in-science-meet-med-els-talented-women\/"},"author":{"name":"MED-EL","@id":"https:\/\/blog.medel.com\/nl\/#\/schema\/person\/9f8dcfb27ec87796d874e021602c56e2"},"headline":"Conhe\u00e7a as talentosas mulheres da equipe MED-EL neste especial do Dia Internacional das Mulheres","datePublished":"2020-03-08T04:00:38+00:00","dateModified":"2023-12-04T13:44:39+00:00","mainEntityOfPage":{"@id":"https:\/\/blog.medel.com\/technology\/international-day-of-women-and-girls-in-science-meet-med-els-talented-women\/"},"wordCount":1370,"commentCount":0,"publisher":{"@id":"https:\/\/blog.medel.com\/nl\/#organization"},"image":{"@id":"https:\/\/blog.medel.com\/technology\/international-day-of-women-and-girls-in-science-meet-med-els-talented-women\/#primaryimage"},"thumbnailUrl":"https:\/\/blog.medel.com\/wp-content\/uploads\/2023\/03\/marcela-alt800400-1.jpg","keywords":["Dia internacional das mulheres","Implante Coclear","mulheres na ci\u00eancia"],"articleSection":["Tecnologia"],"inLanguage":"pt-BR","potentialAction":[{"@type":"CommentAction","name":"Comment","target":["https:\/\/blog.medel.com\/technology\/international-day-of-women-and-girls-in-science-meet-med-els-talented-women\/#respond"]}]},{"@type":"WebPage","@id":"https:\/\/blog.medel.com\/technology\/international-day-of-women-and-girls-in-science-meet-med-els-talented-women\/","url":"https:\/\/blog.medel.com\/technology\/international-day-of-women-and-girls-in-science-meet-med-els-talented-women\/","name":"Conhe\u00e7a as talentosas mulheres da equipe MED-EL neste especial do Dia Internacional das Mulheres - The MED-EL Blog","isPartOf":{"@id":"https:\/\/blog.medel.com\/nl\/#website"},"primaryImageOfPage":{"@id":"https:\/\/blog.medel.com\/technology\/international-day-of-women-and-girls-in-science-meet-med-els-talented-women\/#primaryimage"},"image":{"@id":"https:\/\/blog.medel.com\/technology\/international-day-of-women-and-girls-in-science-meet-med-els-talented-women\/#primaryimage"},"thumbnailUrl":"https:\/\/blog.medel.com\/wp-content\/uploads\/2023\/03\/marcela-alt800400-1.jpg","datePublished":"2020-03-08T04:00:38+00:00","dateModified":"2023-12-04T13:44:39+00:00","description":"Em homenagem ao dia internacional das mulheres, vamos dar uma olhada nos bastidores da matriz MED-EL na \u00c1ustria e descobrir alguns dos talentos femininos que ajudam a construir esta hist\u00f3ria.","breadcrumb":{"@id":"https:\/\/blog.medel.com\/technology\/international-day-of-women-and-girls-in-science-meet-med-els-talented-women\/#breadcrumb"},"inLanguage":"pt-BR","potentialAction":[{"@type":"ReadAction","target":["https:\/\/blog.medel.com\/technology\/international-day-of-women-and-girls-in-science-meet-med-els-talented-women\/"]}]},{"@type":"ImageObject","inLanguage":"pt-BR","@id":"https:\/\/blog.medel.com\/technology\/international-day-of-women-and-girls-in-science-meet-med-els-talented-women\/#primaryimage","url":"https:\/\/blog.medel.com\/wp-content\/uploads\/2023\/03\/marcela-alt800400-1.jpg","contentUrl":"https:\/\/blog.medel.com\/wp-content\/uploads\/2023\/03\/marcela-alt800400-1.jpg","width":800,"height":400},{"@type":"BreadcrumbList","@id":"https:\/\/blog.medel.com\/technology\/international-day-of-women-and-girls-in-science-meet-med-els-talented-women\/#breadcrumb","itemListElement":[{"@type":"ListItem","position":1,"name":"Home","item":"https:\/\/blog.medel.com\/pt-br\/"},{"@type":"ListItem","position":2,"name":"Conhe\u00e7a as talentosas mulheres da equipe MED-EL neste especial do Dia Internacional das Mulheres"}]},{"@type":"WebSite","@id":"https:\/\/blog.medel.com\/nl\/#website","url":"https:\/\/blog.medel.com\/nl\/","name":"The MED-EL Blog","description":"","publisher":{"@id":"https:\/\/blog.medel.com\/nl\/#organization"},"potentialAction":[{"@type":"SearchAction","target":{"@type":"EntryPoint","urlTemplate":"https:\/\/blog.medel.com\/nl\/?s={search_term_string}"},"query-input":{"@type":"PropertyValueSpecification","valueRequired":true,"valueName":"search_term_string"}}],"inLanguage":"pt-BR"},{"@type":"Organization","@id":"https:\/\/blog.medel.com\/nl\/#organization","name":"The MED-EL Blog","url":"https:\/\/blog.medel.com\/nl\/","logo":{"@type":"ImageObject","inLanguage":"pt-BR","@id":"https:\/\/blog.medel.com\/nl\/#\/schema\/logo\/image\/","url":"https:\/\/blog.medel.com\/wp-content\/uploads\/2023\/02\/MED-EL_logo_L2.png","contentUrl":"https:\/\/blog.medel.com\/wp-content\/uploads\/2023\/02\/MED-EL_logo_L2.png","width":443,"height":200,"caption":"The MED-EL Blog"},"image":{"@id":"https:\/\/blog.medel.com\/nl\/#\/schema\/logo\/image\/"}},{"@type":"Person","@id":"https:\/\/blog.medel.com\/nl\/#\/schema\/person\/9f8dcfb27ec87796d874e021602c56e2","name":"MED-EL","sameAs":["https:\/\/www.medel.com"]}]}},"_links":{"self":[{"href":"https:\/\/blog.medel.com\/pt-br\/wp-json\/wp\/v2\/posts\/45938","targetHints":{"allow":["GET"]}}],"collection":[{"href":"https:\/\/blog.medel.com\/pt-br\/wp-json\/wp\/v2\/posts"}],"about":[{"href":"https:\/\/blog.medel.com\/pt-br\/wp-json\/wp\/v2\/types\/post"}],"author":[{"embeddable":true,"href":"https:\/\/blog.medel.com\/pt-br\/wp-json\/wp\/v2\/users\/8"}],"replies":[{"embeddable":true,"href":"https:\/\/blog.medel.com\/pt-br\/wp-json\/wp\/v2\/comments?post=45938"}],"version-history":[{"count":4,"href":"https:\/\/blog.medel.com\/pt-br\/wp-json\/wp\/v2\/posts\/45938\/revisions"}],"predecessor-version":[{"id":74983,"href":"https:\/\/blog.medel.com\/pt-br\/wp-json\/wp\/v2\/posts\/45938\/revisions\/74983"}],"wp:featuredmedia":[{"embeddable":true,"href":"https:\/\/blog.medel.com\/pt-br\/wp-json\/wp\/v2\/media\/63385"}],"wp:attachment":[{"href":"https:\/\/blog.medel.com\/pt-br\/wp-json\/wp\/v2\/media?parent=45938"}],"wp:term":[{"taxonomy":"category","embeddable":true,"href":"https:\/\/blog.medel.com\/pt-br\/wp-json\/wp\/v2\/categories?post=45938"},{"taxonomy":"post_tag","embeddable":true,"href":"https:\/\/blog.medel.com\/pt-br\/wp-json\/wp\/v2\/tags?post=45938"}],"curies":[{"name":"wp","href":"https:\/\/api.w.org\/{rel}","templated":true}]}}