{"id":45931,"date":"2019-03-16T19:40:59","date_gmt":"2019-03-16T19:40:59","guid":{"rendered":"https:\/\/blog.medel.com\/nao-categorizado\/visitando-a-fabrica-dos-sons-parte-1\/"},"modified":"2023-12-04T15:45:13","modified_gmt":"2023-12-04T13:45:13","slug":"visitando-a-fabrica-dos-sons-parte-1","status":"publish","type":"post","link":"https:\/\/blog.medel.com\/pt-br\/historias-de-usuarios\/visitando-a-fabrica-dos-sons-parte-1\/","title":{"rendered":"Visitando a F\u00e1brica dos SONS &#8211; Parte 1"},"content":{"rendered":"<p>Voc\u00ea j\u00e1 imaginou visitar a f\u00e1brica onde \u00e9 desenvolvido o seu implante coclear (IC)? E ainda conhecer a pessoa que inventou seu implante? Eu n\u00e3o sei voc\u00eas, mas eu sonhava com isso h\u00e1 muitos anos! E se tem uma coisa que a vida me ensinou \u00e9 que devemos sonhar e imaginar, porque quando menos se espera os sonhos se tornam realidade. Em outubro de 2018, eu realizei esse grande sonho! S\u00f3 que foi muito maior do que eu podia imaginar e vou contar para voc\u00eas agora.<\/p>\n<p>Parecia uma quarta-feira como outra qualquer, se n\u00e3o fosse por um telefonema que eu recebi no finalzinho da tarde. E do outro lado da linha eu ouvi: \u201cOi, Sheilaaaa!!! Est\u00e1 todo mundo tentando falar contigo! Voc\u00ea foi a selecionada para representar o BRASIL no 1\u00ba MED-EL MEETUP mundial em Innsbruck, na \u00c1ustria! A f\u00e1brica vai abrir suas portas e levar 15 pessoas de todo o mundo para viver uma experi\u00eancia inesquec\u00edvel. Voc\u00ea tem at\u00e9 amanh\u00e3 para preencher o formul\u00e1rio.\u201d<\/p>\n<p>Preciso dizer que quase morri ??? Foi exatamente isso, mas de felicidade! A partir da\u00ed, eu n\u00e3o conseguia pensar absolutamente em mais nada, a n\u00e3o ser em treinar o ingl\u00eas e fazer as malas. Enfim, eu iria conhecer a Prof\u00aa Ingeborg e o Prof. Erwin, os criadores da MED-EL e do IC! E cada momento que isso vinha em minha mente, meu cora\u00e7\u00e3o transbordava de alegria, e me dava vontade de chorar&#8230; rsrs<\/p>\n<p>Mas voc\u00ea deve estar se perguntando, afinal, como foi e o que fizemos l\u00e1? Muita coisa! Confere a\u00ed!!!<\/p>\n<h2>Uma parada no Castelo e uma pausa para Mozart<\/h2>\n<p>Depois de 60 dias de pura expectativa, enfim chegou o dia da viagem. Sa\u00ed do Brasil e aproveitei para conhecer um pouquinho da Alemanha primeiro. Consegui pegar uns chocolates deliciosos em Munique e visitar o Castelo Neuschwanstein, que inspirou o Filme da Cinderela. Sim, castelos, pr\u00edncipes e princesas s\u00e3o outras paix\u00f5es minhas, e, claro, n\u00e3o esqueci de levar minha coroa rsrs&#8230; Ap\u00f3s, segui de trem para Salzburgo, a cidade do Mozart, na \u00c1ustria. Quem me conhece sabe como amo m\u00fasica cl\u00e1ssica e \u00f3peras. Foi fant\u00e1stico!<\/p>\n<p><img loading=\"lazy\" decoding=\"async\" class=\"alignnone size-large wp-image-14225\" src=\"https:\/\/blog.medel.com\/wp-content\/uploads\/2019\/03\/sheila7-1024x654.jpg\" alt=\"\" width=\"1024\" height=\"654\" \/><\/p>\n<p><strong><img loading=\"lazy\" decoding=\"async\" class=\"alignnone size-large wp-image-14231\" src=\"https:\/\/blog.medel.com\/wp-content\/uploads\/2019\/03\/image007-1024x768.jpg\" alt=\"\" width=\"1024\" height=\"768\" \/><\/strong><\/p>\n<h2>O Primeiro Encontro<\/h2>\n<p>Nas semanas que antecediam o Meetup, eu j\u00e1 pude interagir com os demais participantes que estavam vindo de v\u00e1rias partes do mundo, atrav\u00e9s de um grupo virtual. Mas nada como a emo\u00e7\u00e3o de conhecer e abra\u00e7ar cada um deles pessoalmente no coquetel de abertura. E n\u00e3o teve como n\u00e3o se emocionar j\u00e1 no primeiro dia, ao ouvir Veronika, implantada da \u00c1ustria, tocar uma m\u00fasica no piano do Hall do Hotel, m\u00fasica que ela mesma comp\u00f4s.<\/p>\n<p>V\u00e1rios funcion\u00e1rios da MED-EL estavam presentes para nos receber, e o fizeram com tanto carinho e aten\u00e7\u00e3o, que mesmo em meio a tantos idiomas e sotaques, tudo deu certo, e eu n\u00e3o tive d\u00favida de que viriam dias incr\u00edveis pela frente.<\/p>\n<p>Confesso que a alegria de brasileiro n\u00e3o faltou l\u00e1. Por que eu representei voc\u00eas com toda empolga\u00e7\u00e3o, curti cada segundo, e fiz jus ao t\u00edtulo. E a primeira participante que conheci ao chegar ao hotel foi a B\u00e1rbara, a implantada da Argentina. Eita! Da\u00ed j\u00e1 viu, neh?! Pel\u00e9 e Maradona nos perdoem, mas foi aquela amizade a primeira vista, que voc\u00ea se pergunta: Porque n\u00e3o come\u00e7ou antes?! E haja risadas entre \u201cMacarenas\u201d e \u201cAi se eu te pego\u201d.<\/p>\n<p><img loading=\"lazy\" decoding=\"async\" class=\"alignnone size-full wp-image-14134\" src=\"https:\/\/blog.medel.com\/wp-content\/uploads\/2019\/03\/image010.jpg\" alt=\"\" width=\"354\" height=\"266\" \/><\/p>\n<p>E a partir dal\u00ed, ganhei 14 amigos especiais espalhados pelo mundo e unidos pelo som: Laura, Patricia e Ruth (Reino Unido), Veronika (Austria), Anette (Dinamarca), Ivana (Cro\u00e1cia), Colleen, Chella e Mary Beth (EUA), Barbara (Argentina), Maaike (Holanda), Carolien (B\u00e9lgica), Zhanna (Casaquist\u00e3o) e Zoya (Russia). Tantas nacionalidades, idiomas e experi\u00eancias em hist\u00f3rias que, apesar de \u00fanicas, eram ao mesmo tempo uma s\u00f3: a da alegria de poder ouvir.<\/p>\n<h2>A F\u00e1brica da MED-EL<\/h2>\n<p>Durante a programa\u00e7\u00e3o do MED-EL MEETUP, n\u00f3s pudemos conhecer a f\u00e1brica e ver passo a passo como o IC \u00e9 produzido e como a tecnologia evoluiu ao longo dos anos. Voc\u00ea sabia que um \u00fanico dispositivo de implante coclear demora cerca de 3 a 4 semanas para ser feito? E que n\u00f3s j\u00e1 somos mais de 170.000 implantados no mundo pela MED-EL, em cerca de 121 pa\u00edses?<\/p>\n<p><img loading=\"lazy\" decoding=\"async\" class=\"alignnone size-full wp-image-14140\" src=\"https:\/\/blog.medel.com\/wp-content\/uploads\/2019\/03\/image011.jpg\" alt=\"\" width=\"925\" height=\"617\" \/><\/p>\n<p>Aprendemos, com o Peter e sua equipe, como o feixe de eletrodos \u00e9 inserido dentro da c\u00f3clea, e nos tornamos \u201ccirurgi\u00f5es por um dia\u201d utilizando simuladores do centro de treinamento da MED-EL. Demais, n\u00e9?!<\/p>\n<p><img loading=\"lazy\" decoding=\"async\" class=\"alignnone size-large wp-image-14219\" src=\"https:\/\/blog.medel.com\/wp-content\/uploads\/2019\/03\/sheila6-1024x388.jpg\" alt=\"\" width=\"1024\" height=\"388\" \/><\/p>\n<p>N\u00f3s tamb\u00e9m participamos de grava\u00e7\u00f5es, din\u00e2micas em grupo e workshops sobre como lidar com situa\u00e7\u00f5es di\u00e1rias a fim de melhorar nossa comunica\u00e7\u00e3o; como falar sobre a surdez e o IC para outras pessoas com perda auditiva; recebemos dicas e orienta\u00e7\u00f5es sobre o manuseio e cuidados com o processador de fala e acess\u00f3rios; e ainda experimentamos outras tecnologias assistidas dispon\u00edveis para aumentar nossa qualidade de vida.<\/p>\n<p><img loading=\"lazy\" decoding=\"async\" class=\"alignnone size-large wp-image-14213\" src=\"https:\/\/blog.medel.com\/wp-content\/uploads\/2019\/03\/sheila5-1024x388.jpg\" alt=\"\" width=\"1024\" height=\"388\" \/><\/p>\n<h2>O fant\u00e1stico MED-EL Team<\/h2>\n<p>E voc\u00eas n\u00e3o v\u00e3o acreditar!!! N\u00f3s tivemos o privil\u00e9gio de conhecer e almo\u00e7ar com pessoas muito importantes da f\u00e1brica, como os funcion\u00e1rios que passam o dia na linha de produ\u00e7\u00e3o confeccionando os ICs; a equipe do suporte t\u00e9cnico, que conserta nossos processadores sempre que precisamos; o time de marketing que organizou o evento de uma maneira sensacional; os reabilitadores, designers, produtores e editores dos v\u00eddeos e publica\u00e7\u00f5es da MED-EL. E tamb\u00e9m com os pesquisadores que passam dia ap\u00f3s dia testando e desenvolvendo as novas tecnologias para a gente poder ouvir. Que emo\u00e7\u00e3oooo!<\/p>\n<p><img loading=\"lazy\" decoding=\"async\" class=\"alignnone size-large wp-image-14194\" src=\"https:\/\/blog.medel.com\/wp-content\/uploads\/2019\/03\/sheila3-1024x616.jpg\" alt=\"\" width=\"1024\" height=\"616\" \/><\/p>\n<p>Voc\u00eas devem estar curiosos para saber se existe algum brasileiro trabalhando na f\u00e1brica&#8230; Na verdade, l\u00e1 tem gente de todo lugar, e claro, do Brasil n\u00e3o podia faltar. E eu pude conhec\u00ea-los e falar um pouquinho em portugu\u00eas tamb\u00e9m rsrs. A Nathalia trabalha no marketing e o Henrique na produ\u00e7\u00e3o dos v\u00eddeos da MED-EL, eles s\u00e3o uns fofos, e me deram uma ajudinha no ingl\u00eas e dicas sobre a cidade.<\/p>\n<p><img loading=\"lazy\" decoding=\"async\" class=\"alignnone size-large wp-image-14201\" src=\"https:\/\/blog.medel.com\/wp-content\/uploads\/2019\/03\/sheila4-1024x512.jpg\" alt=\"\" width=\"1024\" height=\"512\" \/><\/p>\n<p>Conhecer todos eles foi especial porque pudemos matar a curiosidade, tirar fotos, fazer v\u00e1rias perguntas e agradecer pelo trabalho que eles t\u00eam feito para gente poder ouvir. Quanta coisa n\u00e3o \u00e9 mesmo? Mas como dizem, o melhor sempre fica para o final. Est\u00e1 curioso sobre o final da viagem? Bom, no pr\u00f3ximo post eu prometo contar tudo!<\/p>\n<p><strong><img loading=\"lazy\" decoding=\"async\" class=\"alignnone size-full wp-image-14207\" src=\"https:\/\/blog.medel.com\/wp-content\/uploads\/2019\/03\/image033.jpg\" alt=\"\" width=\"932\" height=\"621\" \/><\/strong><\/p>\n<p><iframe loading=\"lazy\" src=\"https:\/\/www.youtube.com\/embed\/0-G-ov--sK4\" width=\"560\" height=\"315\" frameborder=\"0\" allowfullscreen=\"allowfullscreen\"><\/iframe><\/p>\n<h3>Sheila de Souza Vieira<\/h3>\n<p>Surda aos 13 anos de idade devido \u00e0 meningite e usu\u00e1ria de implante coclear h\u00e1 20 anos.<br \/>\nMestre em Enfermagem (UFSCar).<br \/>\nDoutora em Dist\u00farbios da Comunica\u00e7\u00e3o Humana (UNIFESP).<br \/>\nAtualmente \u00e9 enfermeira do Tribunal de Justi\u00e7a de S\u00e3o Paulo e est\u00e1 cursando fonoaudiologia.<\/p>\n","protected":false},"excerpt":{"rendered":"<p>Voc\u00ea j\u00e1 imaginou visitar a f\u00e1brica onde \u00e9 desenvolvido o seu implante coclear (IC)? E ainda conhecer a pessoa que inventou seu implante? Eu n\u00e3o sei voc\u00eas, mas eu sonhava com isso h\u00e1 muitos anos! E se tem uma coisa que a vida me ensinou \u00e9 que devemos sonhar e imaginar, porque quando menos se [&hellip;]<\/p>\n","protected":false},"author":8,"featured_media":63322,"comment_status":"open","ping_status":"open","sticky":false,"template":"","format":"standard","meta":{"footnotes":""},"categories":[3093],"tags":[3160,3161,3850,3162],"class_list":["post-45931","post","type-post","status-publish","format-standard","has-post-thumbnail","hentry","category-historias-de-usuarios","tag-adulto-com-um-implante-auditivo","tag-fabrica-de-implante-coclear","tag-implante-coclear-ptbr","tag-viver-com-implante-coclear"],"yoast_head":"<!-- This site is optimized with the Yoast SEO plugin v27.4 - https:\/\/yoast.com\/product\/yoast-seo-wordpress\/ -->\n<title>Visitando a F\u00e1brica dos SONS - Parte 1 - The MED-EL Blog<\/title>\n<meta name=\"robots\" content=\"index, follow, max-snippet:-1, max-image-preview:large, max-video-preview:-1\" \/>\n<link rel=\"canonical\" href=\"https:\/\/blog.medel.com\/pt-br\/historias-de-usuarios\/visitando-a-fabrica-dos-sons-parte-1\/\" \/>\n<meta property=\"og:locale\" content=\"pt_BR\" \/>\n<meta property=\"og:type\" content=\"article\" \/>\n<meta property=\"og:title\" content=\"Visitando a F\u00e1brica dos SONS - Parte 1 - The MED-EL Blog\" \/>\n<meta property=\"og:description\" content=\"Voc\u00ea j\u00e1 imaginou visitar a f\u00e1brica onde \u00e9 desenvolvido o seu implante coclear (IC)? E ainda conhecer a pessoa que inventou seu implante? Eu n\u00e3o sei voc\u00eas, mas eu sonhava com isso h\u00e1 muitos anos! E se tem uma coisa que a vida me ensinou \u00e9 que devemos sonhar e imaginar, porque quando menos se [&hellip;]\" \/>\n<meta property=\"og:url\" content=\"https:\/\/blog.medel.com\/pt-br\/historias-de-usuarios\/visitando-a-fabrica-dos-sons-parte-1\/\" \/>\n<meta property=\"og:site_name\" content=\"The MED-EL Blog\" \/>\n<meta property=\"article:published_time\" content=\"2019-03-16T19:40:59+00:00\" \/>\n<meta property=\"article:modified_time\" content=\"2023-12-04T13:45:13+00:00\" \/>\n<meta property=\"og:image\" content=\"https:\/\/blog.medel.com\/wp-content\/uploads\/2023\/03\/sheila2.jpg\" \/>\n\t<meta property=\"og:image:width\" content=\"1202\" \/>\n\t<meta property=\"og:image:height\" content=\"631\" \/>\n\t<meta property=\"og:image:type\" content=\"image\/jpeg\" \/>\n<meta name=\"author\" content=\"MED-EL\" \/>\n<meta name=\"twitter:card\" content=\"summary_large_image\" \/>\n<meta name=\"twitter:label1\" content=\"Escrito por\" \/>\n\t<meta name=\"twitter:data1\" content=\"MED-EL\" \/>\n\t<meta name=\"twitter:label2\" content=\"Est. tempo de leitura\" \/>\n\t<meta name=\"twitter:data2\" content=\"7 minutos\" \/>\n<script type=\"application\/ld+json\" class=\"yoast-schema-graph\">{\"@context\":\"https:\\\/\\\/schema.org\",\"@graph\":[{\"@type\":\"Article\",\"@id\":\"https:\\\/\\\/blog.medel.com\\\/pt-br\\\/historias-de-usuarios\\\/visitando-a-fabrica-dos-sons-parte-1\\\/#article\",\"isPartOf\":{\"@id\":\"https:\\\/\\\/blog.medel.com\\\/pt-br\\\/historias-de-usuarios\\\/visitando-a-fabrica-dos-sons-parte-1\\\/\"},\"author\":{\"name\":\"MED-EL\",\"@id\":\"https:\\\/\\\/blog.medel.com\\\/tr\\\/#\\\/schema\\\/person\\\/9f8dcfb27ec87796d874e021602c56e2\"},\"headline\":\"Visitando a F\u00e1brica dos SONS &#8211; Parte 1\",\"datePublished\":\"2019-03-16T19:40:59+00:00\",\"dateModified\":\"2023-12-04T13:45:13+00:00\",\"mainEntityOfPage\":{\"@id\":\"https:\\\/\\\/blog.medel.com\\\/pt-br\\\/historias-de-usuarios\\\/visitando-a-fabrica-dos-sons-parte-1\\\/\"},\"wordCount\":1143,\"commentCount\":0,\"publisher\":{\"@id\":\"https:\\\/\\\/blog.medel.com\\\/tr\\\/#organization\"},\"image\":{\"@id\":\"https:\\\/\\\/blog.medel.com\\\/pt-br\\\/historias-de-usuarios\\\/visitando-a-fabrica-dos-sons-parte-1\\\/#primaryimage\"},\"thumbnailUrl\":\"https:\\\/\\\/blog.medel.com\\\/wp-content\\\/uploads\\\/2023\\\/03\\\/sheila2.jpg\",\"keywords\":[\"adulto com um implante auditivo\",\"f\u00e1brica de implante coclear\",\"Implante Coclear\",\"viver com implante coclear\"],\"articleSection\":[\"Hist\u00f3rias de Usu\u00e1rios\"],\"inLanguage\":\"pt-BR\",\"potentialAction\":[{\"@type\":\"CommentAction\",\"name\":\"Comment\",\"target\":[\"https:\\\/\\\/blog.medel.com\\\/pt-br\\\/historias-de-usuarios\\\/visitando-a-fabrica-dos-sons-parte-1\\\/#respond\"]}]},{\"@type\":\"WebPage\",\"@id\":\"https:\\\/\\\/blog.medel.com\\\/pt-br\\\/historias-de-usuarios\\\/visitando-a-fabrica-dos-sons-parte-1\\\/\",\"url\":\"https:\\\/\\\/blog.medel.com\\\/pt-br\\\/historias-de-usuarios\\\/visitando-a-fabrica-dos-sons-parte-1\\\/\",\"name\":\"Visitando a F\u00e1brica dos SONS - Parte 1 - The MED-EL Blog\",\"isPartOf\":{\"@id\":\"https:\\\/\\\/blog.medel.com\\\/tr\\\/#website\"},\"primaryImageOfPage\":{\"@id\":\"https:\\\/\\\/blog.medel.com\\\/pt-br\\\/historias-de-usuarios\\\/visitando-a-fabrica-dos-sons-parte-1\\\/#primaryimage\"},\"image\":{\"@id\":\"https:\\\/\\\/blog.medel.com\\\/pt-br\\\/historias-de-usuarios\\\/visitando-a-fabrica-dos-sons-parte-1\\\/#primaryimage\"},\"thumbnailUrl\":\"https:\\\/\\\/blog.medel.com\\\/wp-content\\\/uploads\\\/2023\\\/03\\\/sheila2.jpg\",\"datePublished\":\"2019-03-16T19:40:59+00:00\",\"dateModified\":\"2023-12-04T13:45:13+00:00\",\"breadcrumb\":{\"@id\":\"https:\\\/\\\/blog.medel.com\\\/pt-br\\\/historias-de-usuarios\\\/visitando-a-fabrica-dos-sons-parte-1\\\/#breadcrumb\"},\"inLanguage\":\"pt-BR\",\"potentialAction\":[{\"@type\":\"ReadAction\",\"target\":[\"https:\\\/\\\/blog.medel.com\\\/pt-br\\\/historias-de-usuarios\\\/visitando-a-fabrica-dos-sons-parte-1\\\/\"]}]},{\"@type\":\"ImageObject\",\"inLanguage\":\"pt-BR\",\"@id\":\"https:\\\/\\\/blog.medel.com\\\/pt-br\\\/historias-de-usuarios\\\/visitando-a-fabrica-dos-sons-parte-1\\\/#primaryimage\",\"url\":\"https:\\\/\\\/blog.medel.com\\\/wp-content\\\/uploads\\\/2023\\\/03\\\/sheila2.jpg\",\"contentUrl\":\"https:\\\/\\\/blog.medel.com\\\/wp-content\\\/uploads\\\/2023\\\/03\\\/sheila2.jpg\",\"width\":1202,\"height\":631},{\"@type\":\"BreadcrumbList\",\"@id\":\"https:\\\/\\\/blog.medel.com\\\/pt-br\\\/historias-de-usuarios\\\/visitando-a-fabrica-dos-sons-parte-1\\\/#breadcrumb\",\"itemListElement\":[{\"@type\":\"ListItem\",\"position\":1,\"name\":\"Home\",\"item\":\"https:\\\/\\\/blog.medel.com\\\/\"},{\"@type\":\"ListItem\",\"position\":2,\"name\":\"Visitando a F\u00e1brica dos SONS &#8211; Parte 1\"}]},{\"@type\":\"WebSite\",\"@id\":\"https:\\\/\\\/blog.medel.com\\\/tr\\\/#website\",\"url\":\"https:\\\/\\\/blog.medel.com\\\/tr\\\/\",\"name\":\"The MED-EL Blog\",\"description\":\"\",\"publisher\":{\"@id\":\"https:\\\/\\\/blog.medel.com\\\/tr\\\/#organization\"},\"potentialAction\":[{\"@type\":\"SearchAction\",\"target\":{\"@type\":\"EntryPoint\",\"urlTemplate\":\"https:\\\/\\\/blog.medel.com\\\/tr\\\/?s={search_term_string}\"},\"query-input\":{\"@type\":\"PropertyValueSpecification\",\"valueRequired\":true,\"valueName\":\"search_term_string\"}}],\"inLanguage\":\"pt-BR\"},{\"@type\":\"Organization\",\"@id\":\"https:\\\/\\\/blog.medel.com\\\/tr\\\/#organization\",\"name\":\"The MED-EL Blog\",\"url\":\"https:\\\/\\\/blog.medel.com\\\/tr\\\/\",\"logo\":{\"@type\":\"ImageObject\",\"inLanguage\":\"pt-BR\",\"@id\":\"https:\\\/\\\/blog.medel.com\\\/tr\\\/#\\\/schema\\\/logo\\\/image\\\/\",\"url\":\"https:\\\/\\\/blog.medel.com\\\/wp-content\\\/uploads\\\/2023\\\/02\\\/MED-EL_logo_L2.png\",\"contentUrl\":\"https:\\\/\\\/blog.medel.com\\\/wp-content\\\/uploads\\\/2023\\\/02\\\/MED-EL_logo_L2.png\",\"width\":443,\"height\":200,\"caption\":\"The MED-EL Blog\"},\"image\":{\"@id\":\"https:\\\/\\\/blog.medel.com\\\/tr\\\/#\\\/schema\\\/logo\\\/image\\\/\"}},{\"@type\":\"Person\",\"@id\":\"https:\\\/\\\/blog.medel.com\\\/tr\\\/#\\\/schema\\\/person\\\/9f8dcfb27ec87796d874e021602c56e2\",\"name\":\"MED-EL\",\"sameAs\":[\"https:\\\/\\\/www.medel.com\"]}]}<\/script>\n<!-- \/ Yoast SEO plugin. -->","yoast_head_json":{"title":"Visitando a F\u00e1brica dos SONS - Parte 1 - The MED-EL Blog","robots":{"index":"index","follow":"follow","max-snippet":"max-snippet:-1","max-image-preview":"max-image-preview:large","max-video-preview":"max-video-preview:-1"},"canonical":"https:\/\/blog.medel.com\/pt-br\/historias-de-usuarios\/visitando-a-fabrica-dos-sons-parte-1\/","og_locale":"pt_BR","og_type":"article","og_title":"Visitando a F\u00e1brica dos SONS - Parte 1 - The MED-EL Blog","og_description":"Voc\u00ea j\u00e1 imaginou visitar a f\u00e1brica onde \u00e9 desenvolvido o seu implante coclear (IC)? E ainda conhecer a pessoa que inventou seu implante? Eu n\u00e3o sei voc\u00eas, mas eu sonhava com isso h\u00e1 muitos anos! E se tem uma coisa que a vida me ensinou \u00e9 que devemos sonhar e imaginar, porque quando menos se [&hellip;]","og_url":"https:\/\/blog.medel.com\/pt-br\/historias-de-usuarios\/visitando-a-fabrica-dos-sons-parte-1\/","og_site_name":"The MED-EL Blog","article_published_time":"2019-03-16T19:40:59+00:00","article_modified_time":"2023-12-04T13:45:13+00:00","og_image":[{"width":1202,"height":631,"url":"https:\/\/blog.medel.com\/wp-content\/uploads\/2023\/03\/sheila2.jpg","type":"image\/jpeg"}],"author":"MED-EL","twitter_card":"summary_large_image","twitter_misc":{"Escrito por":"MED-EL","Est. tempo de leitura":"7 minutos"},"schema":{"@context":"https:\/\/schema.org","@graph":[{"@type":"Article","@id":"https:\/\/blog.medel.com\/pt-br\/historias-de-usuarios\/visitando-a-fabrica-dos-sons-parte-1\/#article","isPartOf":{"@id":"https:\/\/blog.medel.com\/pt-br\/historias-de-usuarios\/visitando-a-fabrica-dos-sons-parte-1\/"},"author":{"name":"MED-EL","@id":"https:\/\/blog.medel.com\/tr\/#\/schema\/person\/9f8dcfb27ec87796d874e021602c56e2"},"headline":"Visitando a F\u00e1brica dos SONS &#8211; Parte 1","datePublished":"2019-03-16T19:40:59+00:00","dateModified":"2023-12-04T13:45:13+00:00","mainEntityOfPage":{"@id":"https:\/\/blog.medel.com\/pt-br\/historias-de-usuarios\/visitando-a-fabrica-dos-sons-parte-1\/"},"wordCount":1143,"commentCount":0,"publisher":{"@id":"https:\/\/blog.medel.com\/tr\/#organization"},"image":{"@id":"https:\/\/blog.medel.com\/pt-br\/historias-de-usuarios\/visitando-a-fabrica-dos-sons-parte-1\/#primaryimage"},"thumbnailUrl":"https:\/\/blog.medel.com\/wp-content\/uploads\/2023\/03\/sheila2.jpg","keywords":["adulto com um implante auditivo","f\u00e1brica de implante coclear","Implante Coclear","viver com implante coclear"],"articleSection":["Hist\u00f3rias de Usu\u00e1rios"],"inLanguage":"pt-BR","potentialAction":[{"@type":"CommentAction","name":"Comment","target":["https:\/\/blog.medel.com\/pt-br\/historias-de-usuarios\/visitando-a-fabrica-dos-sons-parte-1\/#respond"]}]},{"@type":"WebPage","@id":"https:\/\/blog.medel.com\/pt-br\/historias-de-usuarios\/visitando-a-fabrica-dos-sons-parte-1\/","url":"https:\/\/blog.medel.com\/pt-br\/historias-de-usuarios\/visitando-a-fabrica-dos-sons-parte-1\/","name":"Visitando a F\u00e1brica dos SONS - Parte 1 - The MED-EL Blog","isPartOf":{"@id":"https:\/\/blog.medel.com\/tr\/#website"},"primaryImageOfPage":{"@id":"https:\/\/blog.medel.com\/pt-br\/historias-de-usuarios\/visitando-a-fabrica-dos-sons-parte-1\/#primaryimage"},"image":{"@id":"https:\/\/blog.medel.com\/pt-br\/historias-de-usuarios\/visitando-a-fabrica-dos-sons-parte-1\/#primaryimage"},"thumbnailUrl":"https:\/\/blog.medel.com\/wp-content\/uploads\/2023\/03\/sheila2.jpg","datePublished":"2019-03-16T19:40:59+00:00","dateModified":"2023-12-04T13:45:13+00:00","breadcrumb":{"@id":"https:\/\/blog.medel.com\/pt-br\/historias-de-usuarios\/visitando-a-fabrica-dos-sons-parte-1\/#breadcrumb"},"inLanguage":"pt-BR","potentialAction":[{"@type":"ReadAction","target":["https:\/\/blog.medel.com\/pt-br\/historias-de-usuarios\/visitando-a-fabrica-dos-sons-parte-1\/"]}]},{"@type":"ImageObject","inLanguage":"pt-BR","@id":"https:\/\/blog.medel.com\/pt-br\/historias-de-usuarios\/visitando-a-fabrica-dos-sons-parte-1\/#primaryimage","url":"https:\/\/blog.medel.com\/wp-content\/uploads\/2023\/03\/sheila2.jpg","contentUrl":"https:\/\/blog.medel.com\/wp-content\/uploads\/2023\/03\/sheila2.jpg","width":1202,"height":631},{"@type":"BreadcrumbList","@id":"https:\/\/blog.medel.com\/pt-br\/historias-de-usuarios\/visitando-a-fabrica-dos-sons-parte-1\/#breadcrumb","itemListElement":[{"@type":"ListItem","position":1,"name":"Home","item":"https:\/\/blog.medel.com\/"},{"@type":"ListItem","position":2,"name":"Visitando a F\u00e1brica dos SONS &#8211; Parte 1"}]},{"@type":"WebSite","@id":"https:\/\/blog.medel.com\/tr\/#website","url":"https:\/\/blog.medel.com\/tr\/","name":"The MED-EL Blog","description":"","publisher":{"@id":"https:\/\/blog.medel.com\/tr\/#organization"},"potentialAction":[{"@type":"SearchAction","target":{"@type":"EntryPoint","urlTemplate":"https:\/\/blog.medel.com\/tr\/?s={search_term_string}"},"query-input":{"@type":"PropertyValueSpecification","valueRequired":true,"valueName":"search_term_string"}}],"inLanguage":"pt-BR"},{"@type":"Organization","@id":"https:\/\/blog.medel.com\/tr\/#organization","name":"The MED-EL Blog","url":"https:\/\/blog.medel.com\/tr\/","logo":{"@type":"ImageObject","inLanguage":"pt-BR","@id":"https:\/\/blog.medel.com\/tr\/#\/schema\/logo\/image\/","url":"https:\/\/blog.medel.com\/wp-content\/uploads\/2023\/02\/MED-EL_logo_L2.png","contentUrl":"https:\/\/blog.medel.com\/wp-content\/uploads\/2023\/02\/MED-EL_logo_L2.png","width":443,"height":200,"caption":"The MED-EL Blog"},"image":{"@id":"https:\/\/blog.medel.com\/tr\/#\/schema\/logo\/image\/"}},{"@type":"Person","@id":"https:\/\/blog.medel.com\/tr\/#\/schema\/person\/9f8dcfb27ec87796d874e021602c56e2","name":"MED-EL","sameAs":["https:\/\/www.medel.com"]}]}},"_links":{"self":[{"href":"https:\/\/blog.medel.com\/pt-br\/wp-json\/wp\/v2\/posts\/45931","targetHints":{"allow":["GET"]}}],"collection":[{"href":"https:\/\/blog.medel.com\/pt-br\/wp-json\/wp\/v2\/posts"}],"about":[{"href":"https:\/\/blog.medel.com\/pt-br\/wp-json\/wp\/v2\/types\/post"}],"author":[{"embeddable":true,"href":"https:\/\/blog.medel.com\/pt-br\/wp-json\/wp\/v2\/users\/8"}],"replies":[{"embeddable":true,"href":"https:\/\/blog.medel.com\/pt-br\/wp-json\/wp\/v2\/comments?post=45931"}],"version-history":[{"count":3,"href":"https:\/\/blog.medel.com\/pt-br\/wp-json\/wp\/v2\/posts\/45931\/revisions"}],"predecessor-version":[{"id":79000,"href":"https:\/\/blog.medel.com\/pt-br\/wp-json\/wp\/v2\/posts\/45931\/revisions\/79000"}],"wp:featuredmedia":[{"embeddable":true,"href":"https:\/\/blog.medel.com\/pt-br\/wp-json\/wp\/v2\/media\/63322"}],"wp:attachment":[{"href":"https:\/\/blog.medel.com\/pt-br\/wp-json\/wp\/v2\/media?parent=45931"}],"wp:term":[{"taxonomy":"category","embeddable":true,"href":"https:\/\/blog.medel.com\/pt-br\/wp-json\/wp\/v2\/categories?post=45931"},{"taxonomy":"post_tag","embeddable":true,"href":"https:\/\/blog.medel.com\/pt-br\/wp-json\/wp\/v2\/tags?post=45931"}],"curies":[{"name":"wp","href":"https:\/\/api.w.org\/{rel}","templated":true}]}}