{"id":45927,"date":"2018-11-08T16:22:29","date_gmt":"2018-11-08T16:22:29","guid":{"rendered":"https:\/\/blog.medel.com\/nao-categorizado\/conheca-os-musicos-com-perda-auditiva-do-beats-of-cochlea\/"},"modified":"2023-03-08T15:17:06","modified_gmt":"2023-03-08T15:17:06","slug":"conheca-os-musicos-com-perda-auditiva-do-beats-of-cochlea","status":"publish","type":"post","link":"https:\/\/blog.medel.com\/pt-br\/historias-de-usuarios\/conheca-os-musicos-com-perda-auditiva-do-beats-of-cochlea\/","title":{"rendered":"Conhe\u00e7a os m\u00fasicos com perda auditiva do Beats of Cochlea"},"content":{"rendered":"<p>Beats of Cochlea \u00e9 um festival anual de m\u00fasica para m\u00fasicos com implantes auditivos. Pessoas talentosas de todas as idades do mundo todo se reuniram em julho para tocar neste evento \u00fanico na Pol\u00f4nia.<\/p>\n<p>No Beats of Cochlea 2018, havia 20 m\u00fasicos de todo o mundo, incluindo 10 usu\u00e1rios de implantes auditivos MED-EL. Uma parte da semana foi disputada para se apresentar no prestigiado Gala Concert na sexta-feira. Parab\u00e9ns aos sete usu\u00e1rios dos implantes auditivo MED-EL que foram selecionados como parte dos 10 finalistas para tocar no concerto!<\/p>\n<p>Os participantes aproveitaram uma semana de oficinas de m\u00fasica durante o dia, tocando juntos \u00e0 noite, e passeando em Vars\u00f3via durante os intervalos. Vamos apresentar os participantes carism\u00e1ticos e talentosos da MED-EL no Beats of Cochlea 2018!<\/p>\n<p>&nbsp;<\/p>\n<hr \/>\n<p><img loading=\"lazy\" decoding=\"async\" class=\"size-medium wp-image-10401 aligncenter\" src=\"https:\/\/blog.medel.com\/wp-content\/uploads\/2018\/07\/piotr-nowacki-pol-214x300.jpg\" alt=\"\" width=\"214\" height=\"300\" \/><\/p>\n<p>Piotr Nowacki, de 12 anos, da Pol\u00f4nia, adora cantar. Piotr usa um processador de \u00e1udio SAMBA e adora se apresentar com seu irm\u00e3ozinho!<\/p>\n<p>\u201cCom a minha atua\u00e7\u00e3o, quero mostrar que todos podemos ser iguais, que pessoas surdas podem cantar e dan\u00e7ar como pessoas saud\u00e1veis. Eu quero cantar para tornar a vida mais bonita.<\/p>\n<p>O que eu mais gosto neste festival \u00e9 que ele mostra pessoas com perda auditiva e implantes que tamb\u00e9m podem tocar m\u00fasica, cantar e curtir m\u00fasica. A m\u00fasica \u00e9 para mim uma possibilidade de passar bons momentos com os amigos. Tamb\u00e9m me faz sentir relaxado. \u201d<\/p>\n<p>&nbsp;<\/p>\n<hr \/>\n<p>&nbsp;<\/p>\n<p><img loading=\"lazy\" decoding=\"async\" class=\"aligncenter wp-image-10425 size-medium\" src=\"https:\/\/blog.medel.com\/wp-content\/uploads\/2018\/07\/laima-jakaite-iceland-214x300.jpg\" alt=\"Laima Jakaite\" width=\"214\" height=\"300\" \/><\/p>\n<p>Laima Jakait\u0117 vive na Isl\u00e2ndia e adora tocar piano. Ela usa RONDO e OPUS 2 com os seus implantes cocleares.<\/p>\n<p>\u201cPerdi minha audi\u00e7\u00e3o devido a uma doen\u00e7a em 2013, e em 2014 recebi um implante. Logo ap\u00f3s receber meu implante em 2014, comecei a trabalhar como professor de piano. Eu estou muito feliz depois de um per\u00edodo dif\u00edcil na minha vida quando eu perdi a audi\u00e7\u00e3o, hoje eu posso tocar e ouvir m\u00fasica novamente. M\u00fasica \u00e9 tudo para mim. \u201d<\/p>\n<p>&nbsp;<\/p>\n<hr \/>\n<p>&nbsp;<\/p>\n<p><img loading=\"lazy\" decoding=\"async\" class=\"size-medium wp-image-10413 aligncenter\" src=\"https:\/\/blog.medel.com\/wp-content\/uploads\/2018\/07\/aruzhan-narashova-1-kaz-214x300.jpg\" alt=\"\" width=\"214\" height=\"300\" \/><\/p>\n<p>A Amante de piano, Aruzhan Narashova \u00e9 um t\u00edmido mas incrivelmente talentoso garoto de 12 anos do Cazaquist\u00e3o.<\/p>\n<p>&#8220;A m\u00fasica \u00e9 o meu mundo. Eu me sinto muito bem quando toco m\u00fasica &#8211; parece que estou voando. \u201d<\/p>\n<p>&nbsp;<\/p>\n<hr \/>\n<p>&nbsp;<\/p>\n<p><img loading=\"lazy\" decoding=\"async\" class=\"size-medium wp-image-10443 aligncenter\" src=\"https:\/\/blog.medel.com\/wp-content\/uploads\/2018\/07\/samira-yusupova-kaz1-214x300.jpg\" alt=\"\" width=\"214\" height=\"300\" \/><\/p>\n<p>Samira Yusupova, de 10 anos, do Cazaquist\u00e3o, tamb\u00e9m gosta de tocar piano e dan\u00e7ar. Ela est\u00e1 feliz por poder curtir a m\u00fasica de muitas maneiras com seu OPUS 2.<\/p>\n<p>\u201cEu me sinto muito feliz quando toco piano. A m\u00fasica me ajuda na minha reabilita\u00e7\u00e3o para falar e ouvir melhor. \u201d<\/p>\n<hr \/>\n<p>&nbsp;<\/p>\n<p><img loading=\"lazy\" decoding=\"async\" class=\"size-medium wp-image-10419 aligncenter\" src=\"https:\/\/blog.medel.com\/wp-content\/uploads\/2018\/07\/biektore-zhayshylyk-2-kaz-300x214.jpg\" alt=\"\" width=\"300\" height=\"214\" \/><\/p>\n<p>Com seu dedilhar r\u00e1pido Biektore Zhayshylyk, de 10 anos, sempre chama a aten\u00e7\u00e3o do p\u00fablico assim que toca o primeiro acorde de fogo em seu ala\u00fade. Biektore \u00e9 do Cazaquist\u00e3o e usa RONDO.<\/p>\n<p>\u201cEu realmente gosto de tocar, porque eu posso tocar a maneira como estou me sentindo &#8211; eu toco m\u00fasicas tristes quando me sinto triste e can\u00e7\u00f5es felizes quando estou feliz.\u201d 1 &gt;<\/p>\n<hr \/>\n<p>&nbsp;<\/p>\n<p><img loading=\"lazy\" decoding=\"async\" class=\"size-medium wp-image-10380 aligncenter\" src=\"https:\/\/blog.medel.com\/wp-content\/uploads\/2018\/07\/niraj-mehta-india-214x300.jpg\" alt=\"Niraj Mehta, guitarist\" width=\"214\" height=\"300\" \/><\/p>\n<p>Originalmente da \u00cdndia, mas agora estudando em Londres, Niraj Mehta acha que seus pais ficariam orgulhosos dele em se apresentar no Beats of Cochlea. Niraj tem 23 anos e usa um SAMBA com seu implante BONEBRIDGE.<\/p>\n<p>\u201cH\u00e1 dois anos, comecei a aprender o viol\u00e3o. Isso foi devido \u00e0 paix\u00e3o do meu pai pela m\u00fasica. Eu queria poder sentar com ele e curtir a m\u00fasica juntos \u201d.<\/p>\n<p>\u201c Para mim, a m\u00fasica \u00e9 minha paix\u00e3o. Quando voc\u00ea transforma algo em paix\u00e3o, isso faz voc\u00ea aprender melhor. A m\u00fasica me d\u00e1 muita energia, cria vibra\u00e7\u00f5es positivas e me faz sentir melhor. Tamb\u00e9m revitaliza a minha mente. \u201d<\/p>\n<p>&nbsp;<\/p>\n<hr \/>\n<p>&nbsp;<\/p>\n<p><img loading=\"lazy\" decoding=\"async\" class=\"size-medium wp-image-10437 aligncenter\" src=\"https:\/\/blog.medel.com\/wp-content\/uploads\/2018\/07\/rebekah-stewart-nz-214x300.jpg\" alt=\"Rebekah Stewart\" width=\"214\" height=\"300\" \/><\/p>\n<p>Foi a primeira vez que Rebekah Stewart esteve na Europa e veio para assistir Beats of Cochlea. Ela estava animada! Vindo da Nova Zel\u00e2ndia, Rebekah tem 36 anos e usa um SAMBA com seu implante VIBRANT SOUNDBRIDGE para ajud\u00e1-la a ouvir e seguir sua paix\u00e3o pelo piano.<\/p>\n<p>\u201cSempre foi um sonho de inf\u00e2ncia vir para a Pol\u00f4nia &#8211; na verdade meu compositor favorito \u00e9 Chopin e ele \u00e9 daqui. \u201d<\/p>\n<p>\u201c Eu amo a m\u00fasica desde o come\u00e7o, \u00e9 como eu me expresso. Quando eu estou feliz eu toco e quando estou triste, eu toco para me fazer feliz novamente. A m\u00fasica \u00e9 uma parte de quem eu sou, est\u00e1 no meu ser. \u201d<\/p>\n<p>&nbsp;<\/p>\n<hr \/>\n<p>&nbsp;<\/p>\n<p>Com apenas nove anos de idade, \u00e9 incr\u00edvel ver a velocidade de Shiang-Tzu Huang tocando piano. Shiang-Tzu \u00e9 de Taiwan e usa o processador de \u00e1udio OPUS 2 com seu implante coclear.<\/p>\n<p>\u201cSer capaz de ouvir uma m\u00fasica maravilhosa e comovente \u00e9 uma das melhores coisas do meu implante coclear. O piano \u00e9 meu som favorito que posso ouvir com meu implante e, quando for mais velho, gostaria de ser um professor de m\u00fasica. \u201d<\/p>\n<hr \/>\n<p><img loading=\"lazy\" decoding=\"async\" class=\"size-medium wp-image-10455 aligncenter\" src=\"https:\/\/blog.medel.com\/wp-content\/uploads\/2018\/07\/thomas-m-haase-ger-214x300.jpg\" alt=\"\" width=\"214\" height=\"300\" \/><\/p>\n<p>Thomas M. Haase, 69 anos, da Alemanha, \u00e9 um talento natural com o C\u00edtara, um tradicional instrumento de cordas b\u00e1varo. Thomas \u00e9 um usu\u00e1rio de implante coclear bilateral com SONNET em ambos os lados.<\/p>\n<p>\u201cBeats of Cochlea \u00e9 uma oportunidade incr\u00edvel para pessoas que t\u00eam um IC, porque encoraja as pessoas a aprender e dominar n\u00e3o s\u00f3 a l\u00edngua, mas tamb\u00e9m a m\u00fasica. A m\u00fasica faz as pessoas se sentirem livres e felizes. \u00c9 por isso que o IC feito pela MED-EL \u00e9 um dispositivo t\u00e3o importante. \u201d<\/p>\n<p>&nbsp;<\/p>\n<hr \/>\n<p>&nbsp;<\/p>\n<p>Zuzanna Moczyd\u0142owska, de 19 anos, toca bateria h\u00e1 v\u00e1rios anos. Ela adora ir aos seus shows de musicais favoritos e tocar em casa com os amigos. Zuzanna \u00e9 usu\u00e1ria de implante coclear unilateral com SONNET.<\/p>\n<p>\u201cEu gosto de tocar bateria porque me ajuda a me acalmar quando estou chateada ou com raiva. M\u00fasica \u00e9 minha paix\u00e3o e quero fazer algo com m\u00fasica no futuro. \u201d<\/p>\n<p>&nbsp;<\/p>\n<p><a href=\"\/?page_id=6727\"> Inscreva-se no Blog da MED-EL <\/a> para receber as \u00faltimas novidades hist\u00f3rias sobre audi\u00e7\u00e3o de usu\u00e1rios de implantes diretamente na sua caixa de entrada, toda semana!<\/p>\n","protected":false},"excerpt":{"rendered":"<p>Beats of Cochlea \u00e9 um festival anual de m\u00fasica para m\u00fasicos com implantes auditivos. Pessoas talentosas de todas as idades do mundo todo se reuniram em julho para tocar neste evento \u00fanico na Pol\u00f4nia. No Beats of Cochlea 2018, havia 20 m\u00fasicos de todo o mundo, incluindo 10 usu\u00e1rios de implantes auditivos MED-EL. Uma parte [&hellip;]<\/p>\n","protected":false},"author":8,"featured_media":63286,"comment_status":"open","ping_status":"open","sticky":false,"template":"","format":"standard","meta":{"footnotes":""},"categories":[3093],"tags":[3156],"class_list":["post-45927","post","type-post","status-publish","format-standard","has-post-thumbnail","hentry","category-historias-de-usuarios","tag-musica-com-implante-coclear"],"yoast_head":"<!-- This site is optimized with the Yoast SEO plugin v27.5 - https:\/\/yoast.com\/product\/yoast-seo-wordpress\/ -->\n<title>Conhe\u00e7a os m\u00fasicos com perda auditiva do Beats of Cochlea - The MED-EL Blog<\/title>\n<meta name=\"description\" content=\"Beats of Cochlea \u00e9 um festival anual de m\u00fasica para m\u00fasicos com defici\u00eancia auditiva que usam implantes auditivos. Pessoas talentosas de todo o mundo se reuniram para tocar neste evento \u00fanico na Pol\u00f4nia.\" \/>\n<meta name=\"robots\" content=\"index, follow, max-snippet:-1, max-image-preview:large, max-video-preview:-1\" \/>\n<link rel=\"canonical\" href=\"https:\/\/blog.medel.com\/pt-br\/historias-de-usuarios\/conheca-os-musicos-com-perda-auditiva-do-beats-of-cochlea\/\" \/>\n<meta property=\"og:locale\" content=\"pt_BR\" \/>\n<meta property=\"og:type\" content=\"article\" \/>\n<meta property=\"og:title\" content=\"Conhe\u00e7a os m\u00fasicos com perda auditiva do Beats of Cochlea - The MED-EL Blog\" \/>\n<meta property=\"og:description\" content=\"Beats of Cochlea \u00e9 um festival anual de m\u00fasica para m\u00fasicos com defici\u00eancia auditiva que usam implantes auditivos. Pessoas talentosas de todo o mundo se reuniram para tocar neste evento \u00fanico na Pol\u00f4nia.\" \/>\n<meta property=\"og:url\" content=\"https:\/\/blog.medel.com\/pt-br\/historias-de-usuarios\/conheca-os-musicos-com-perda-auditiva-do-beats-of-cochlea\/\" \/>\n<meta property=\"og:site_name\" content=\"The MED-EL Blog\" \/>\n<meta property=\"article:published_time\" content=\"2018-11-08T16:22:29+00:00\" \/>\n<meta property=\"article:modified_time\" content=\"2023-03-08T15:17:06+00:00\" \/>\n<meta property=\"og:image\" content=\"https:\/\/blog.medel.com\/wp-content\/uploads\/2023\/03\/img_5524.jpg\" \/>\n\t<meta property=\"og:image:width\" content=\"1280\" \/>\n\t<meta property=\"og:image:height\" content=\"999\" \/>\n\t<meta property=\"og:image:type\" content=\"image\/jpeg\" \/>\n<meta name=\"author\" content=\"MED-EL\" \/>\n<meta name=\"twitter:card\" content=\"summary_large_image\" \/>\n<meta name=\"twitter:label1\" content=\"Escrito por\" \/>\n\t<meta name=\"twitter:data1\" content=\"MED-EL\" \/>\n\t<meta name=\"twitter:label2\" content=\"Est. tempo de leitura\" \/>\n\t<meta name=\"twitter:data2\" content=\"5 minutos\" \/>\n<script type=\"application\/ld+json\" class=\"yoast-schema-graph\">{\"@context\":\"https:\\\/\\\/schema.org\",\"@graph\":[{\"@type\":\"Article\",\"@id\":\"https:\\\/\\\/blog.medel.com\\\/pt-br\\\/historias-de-usuarios\\\/conheca-os-musicos-com-perda-auditiva-do-beats-of-cochlea\\\/#article\",\"isPartOf\":{\"@id\":\"https:\\\/\\\/blog.medel.com\\\/pt-br\\\/historias-de-usuarios\\\/conheca-os-musicos-com-perda-auditiva-do-beats-of-cochlea\\\/\"},\"author\":{\"name\":\"MED-EL\",\"@id\":\"https:\\\/\\\/blog.medel.com\\\/tr\\\/#\\\/schema\\\/person\\\/9f8dcfb27ec87796d874e021602c56e2\"},\"headline\":\"Conhe\u00e7a os m\u00fasicos com perda auditiva do Beats of Cochlea\",\"datePublished\":\"2018-11-08T16:22:29+00:00\",\"dateModified\":\"2023-03-08T15:17:06+00:00\",\"mainEntityOfPage\":{\"@id\":\"https:\\\/\\\/blog.medel.com\\\/pt-br\\\/historias-de-usuarios\\\/conheca-os-musicos-com-perda-auditiva-do-beats-of-cochlea\\\/\"},\"wordCount\":986,\"commentCount\":0,\"publisher\":{\"@id\":\"https:\\\/\\\/blog.medel.com\\\/tr\\\/#organization\"},\"image\":{\"@id\":\"https:\\\/\\\/blog.medel.com\\\/pt-br\\\/historias-de-usuarios\\\/conheca-os-musicos-com-perda-auditiva-do-beats-of-cochlea\\\/#primaryimage\"},\"thumbnailUrl\":\"https:\\\/\\\/blog.medel.com\\\/wp-content\\\/uploads\\\/2023\\\/03\\\/img_5524.jpg\",\"keywords\":[\"m\u00fasica com implante coclear\"],\"articleSection\":[\"Hist\u00f3rias de Usu\u00e1rios\"],\"inLanguage\":\"pt-BR\",\"potentialAction\":[{\"@type\":\"CommentAction\",\"name\":\"Comment\",\"target\":[\"https:\\\/\\\/blog.medel.com\\\/pt-br\\\/historias-de-usuarios\\\/conheca-os-musicos-com-perda-auditiva-do-beats-of-cochlea\\\/#respond\"]}]},{\"@type\":\"WebPage\",\"@id\":\"https:\\\/\\\/blog.medel.com\\\/pt-br\\\/historias-de-usuarios\\\/conheca-os-musicos-com-perda-auditiva-do-beats-of-cochlea\\\/\",\"url\":\"https:\\\/\\\/blog.medel.com\\\/pt-br\\\/historias-de-usuarios\\\/conheca-os-musicos-com-perda-auditiva-do-beats-of-cochlea\\\/\",\"name\":\"Conhe\u00e7a os m\u00fasicos com perda auditiva do Beats of Cochlea - The MED-EL Blog\",\"isPartOf\":{\"@id\":\"https:\\\/\\\/blog.medel.com\\\/tr\\\/#website\"},\"primaryImageOfPage\":{\"@id\":\"https:\\\/\\\/blog.medel.com\\\/pt-br\\\/historias-de-usuarios\\\/conheca-os-musicos-com-perda-auditiva-do-beats-of-cochlea\\\/#primaryimage\"},\"image\":{\"@id\":\"https:\\\/\\\/blog.medel.com\\\/pt-br\\\/historias-de-usuarios\\\/conheca-os-musicos-com-perda-auditiva-do-beats-of-cochlea\\\/#primaryimage\"},\"thumbnailUrl\":\"https:\\\/\\\/blog.medel.com\\\/wp-content\\\/uploads\\\/2023\\\/03\\\/img_5524.jpg\",\"datePublished\":\"2018-11-08T16:22:29+00:00\",\"dateModified\":\"2023-03-08T15:17:06+00:00\",\"description\":\"Beats of Cochlea \u00e9 um festival anual de m\u00fasica para m\u00fasicos com defici\u00eancia auditiva que usam implantes auditivos. Pessoas talentosas de todo o mundo se reuniram para tocar neste evento \u00fanico na Pol\u00f4nia.\",\"breadcrumb\":{\"@id\":\"https:\\\/\\\/blog.medel.com\\\/pt-br\\\/historias-de-usuarios\\\/conheca-os-musicos-com-perda-auditiva-do-beats-of-cochlea\\\/#breadcrumb\"},\"inLanguage\":\"pt-BR\",\"potentialAction\":[{\"@type\":\"ReadAction\",\"target\":[\"https:\\\/\\\/blog.medel.com\\\/pt-br\\\/historias-de-usuarios\\\/conheca-os-musicos-com-perda-auditiva-do-beats-of-cochlea\\\/\"]}]},{\"@type\":\"ImageObject\",\"inLanguage\":\"pt-BR\",\"@id\":\"https:\\\/\\\/blog.medel.com\\\/pt-br\\\/historias-de-usuarios\\\/conheca-os-musicos-com-perda-auditiva-do-beats-of-cochlea\\\/#primaryimage\",\"url\":\"https:\\\/\\\/blog.medel.com\\\/wp-content\\\/uploads\\\/2023\\\/03\\\/img_5524.jpg\",\"contentUrl\":\"https:\\\/\\\/blog.medel.com\\\/wp-content\\\/uploads\\\/2023\\\/03\\\/img_5524.jpg\",\"width\":1280,\"height\":999},{\"@type\":\"BreadcrumbList\",\"@id\":\"https:\\\/\\\/blog.medel.com\\\/pt-br\\\/historias-de-usuarios\\\/conheca-os-musicos-com-perda-auditiva-do-beats-of-cochlea\\\/#breadcrumb\",\"itemListElement\":[{\"@type\":\"ListItem\",\"position\":1,\"name\":\"Home\",\"item\":\"https:\\\/\\\/blog.medel.com\\\/\"},{\"@type\":\"ListItem\",\"position\":2,\"name\":\"Conhe\u00e7a os m\u00fasicos com perda auditiva do Beats of Cochlea\"}]},{\"@type\":\"WebSite\",\"@id\":\"https:\\\/\\\/blog.medel.com\\\/tr\\\/#website\",\"url\":\"https:\\\/\\\/blog.medel.com\\\/tr\\\/\",\"name\":\"The MED-EL Blog\",\"description\":\"\",\"publisher\":{\"@id\":\"https:\\\/\\\/blog.medel.com\\\/tr\\\/#organization\"},\"potentialAction\":[{\"@type\":\"SearchAction\",\"target\":{\"@type\":\"EntryPoint\",\"urlTemplate\":\"https:\\\/\\\/blog.medel.com\\\/tr\\\/?s={search_term_string}\"},\"query-input\":{\"@type\":\"PropertyValueSpecification\",\"valueRequired\":true,\"valueName\":\"search_term_string\"}}],\"inLanguage\":\"pt-BR\"},{\"@type\":\"Organization\",\"@id\":\"https:\\\/\\\/blog.medel.com\\\/tr\\\/#organization\",\"name\":\"The MED-EL Blog\",\"url\":\"https:\\\/\\\/blog.medel.com\\\/tr\\\/\",\"logo\":{\"@type\":\"ImageObject\",\"inLanguage\":\"pt-BR\",\"@id\":\"https:\\\/\\\/blog.medel.com\\\/tr\\\/#\\\/schema\\\/logo\\\/image\\\/\",\"url\":\"https:\\\/\\\/blog.medel.com\\\/wp-content\\\/uploads\\\/2023\\\/02\\\/MED-EL_logo_L2.png\",\"contentUrl\":\"https:\\\/\\\/blog.medel.com\\\/wp-content\\\/uploads\\\/2023\\\/02\\\/MED-EL_logo_L2.png\",\"width\":443,\"height\":200,\"caption\":\"The MED-EL Blog\"},\"image\":{\"@id\":\"https:\\\/\\\/blog.medel.com\\\/tr\\\/#\\\/schema\\\/logo\\\/image\\\/\"}},{\"@type\":\"Person\",\"@id\":\"https:\\\/\\\/blog.medel.com\\\/tr\\\/#\\\/schema\\\/person\\\/9f8dcfb27ec87796d874e021602c56e2\",\"name\":\"MED-EL\",\"sameAs\":[\"https:\\\/\\\/www.medel.com\"]}]}<\/script>\n<!-- \/ Yoast SEO plugin. -->","yoast_head_json":{"title":"Conhe\u00e7a os m\u00fasicos com perda auditiva do Beats of Cochlea - The MED-EL Blog","description":"Beats of Cochlea \u00e9 um festival anual de m\u00fasica para m\u00fasicos com defici\u00eancia auditiva que usam implantes auditivos. Pessoas talentosas de todo o mundo se reuniram para tocar neste evento \u00fanico na Pol\u00f4nia.","robots":{"index":"index","follow":"follow","max-snippet":"max-snippet:-1","max-image-preview":"max-image-preview:large","max-video-preview":"max-video-preview:-1"},"canonical":"https:\/\/blog.medel.com\/pt-br\/historias-de-usuarios\/conheca-os-musicos-com-perda-auditiva-do-beats-of-cochlea\/","og_locale":"pt_BR","og_type":"article","og_title":"Conhe\u00e7a os m\u00fasicos com perda auditiva do Beats of Cochlea - The MED-EL Blog","og_description":"Beats of Cochlea \u00e9 um festival anual de m\u00fasica para m\u00fasicos com defici\u00eancia auditiva que usam implantes auditivos. Pessoas talentosas de todo o mundo se reuniram para tocar neste evento \u00fanico na Pol\u00f4nia.","og_url":"https:\/\/blog.medel.com\/pt-br\/historias-de-usuarios\/conheca-os-musicos-com-perda-auditiva-do-beats-of-cochlea\/","og_site_name":"The MED-EL Blog","article_published_time":"2018-11-08T16:22:29+00:00","article_modified_time":"2023-03-08T15:17:06+00:00","og_image":[{"width":1280,"height":999,"url":"https:\/\/blog.medel.com\/wp-content\/uploads\/2023\/03\/img_5524.jpg","type":"image\/jpeg"}],"author":"MED-EL","twitter_card":"summary_large_image","twitter_misc":{"Escrito por":"MED-EL","Est. tempo de leitura":"5 minutos"},"schema":{"@context":"https:\/\/schema.org","@graph":[{"@type":"Article","@id":"https:\/\/blog.medel.com\/pt-br\/historias-de-usuarios\/conheca-os-musicos-com-perda-auditiva-do-beats-of-cochlea\/#article","isPartOf":{"@id":"https:\/\/blog.medel.com\/pt-br\/historias-de-usuarios\/conheca-os-musicos-com-perda-auditiva-do-beats-of-cochlea\/"},"author":{"name":"MED-EL","@id":"https:\/\/blog.medel.com\/tr\/#\/schema\/person\/9f8dcfb27ec87796d874e021602c56e2"},"headline":"Conhe\u00e7a os m\u00fasicos com perda auditiva do Beats of Cochlea","datePublished":"2018-11-08T16:22:29+00:00","dateModified":"2023-03-08T15:17:06+00:00","mainEntityOfPage":{"@id":"https:\/\/blog.medel.com\/pt-br\/historias-de-usuarios\/conheca-os-musicos-com-perda-auditiva-do-beats-of-cochlea\/"},"wordCount":986,"commentCount":0,"publisher":{"@id":"https:\/\/blog.medel.com\/tr\/#organization"},"image":{"@id":"https:\/\/blog.medel.com\/pt-br\/historias-de-usuarios\/conheca-os-musicos-com-perda-auditiva-do-beats-of-cochlea\/#primaryimage"},"thumbnailUrl":"https:\/\/blog.medel.com\/wp-content\/uploads\/2023\/03\/img_5524.jpg","keywords":["m\u00fasica com implante coclear"],"articleSection":["Hist\u00f3rias de Usu\u00e1rios"],"inLanguage":"pt-BR","potentialAction":[{"@type":"CommentAction","name":"Comment","target":["https:\/\/blog.medel.com\/pt-br\/historias-de-usuarios\/conheca-os-musicos-com-perda-auditiva-do-beats-of-cochlea\/#respond"]}]},{"@type":"WebPage","@id":"https:\/\/blog.medel.com\/pt-br\/historias-de-usuarios\/conheca-os-musicos-com-perda-auditiva-do-beats-of-cochlea\/","url":"https:\/\/blog.medel.com\/pt-br\/historias-de-usuarios\/conheca-os-musicos-com-perda-auditiva-do-beats-of-cochlea\/","name":"Conhe\u00e7a os m\u00fasicos com perda auditiva do Beats of Cochlea - The MED-EL Blog","isPartOf":{"@id":"https:\/\/blog.medel.com\/tr\/#website"},"primaryImageOfPage":{"@id":"https:\/\/blog.medel.com\/pt-br\/historias-de-usuarios\/conheca-os-musicos-com-perda-auditiva-do-beats-of-cochlea\/#primaryimage"},"image":{"@id":"https:\/\/blog.medel.com\/pt-br\/historias-de-usuarios\/conheca-os-musicos-com-perda-auditiva-do-beats-of-cochlea\/#primaryimage"},"thumbnailUrl":"https:\/\/blog.medel.com\/wp-content\/uploads\/2023\/03\/img_5524.jpg","datePublished":"2018-11-08T16:22:29+00:00","dateModified":"2023-03-08T15:17:06+00:00","description":"Beats of Cochlea \u00e9 um festival anual de m\u00fasica para m\u00fasicos com defici\u00eancia auditiva que usam implantes auditivos. Pessoas talentosas de todo o mundo se reuniram para tocar neste evento \u00fanico na Pol\u00f4nia.","breadcrumb":{"@id":"https:\/\/blog.medel.com\/pt-br\/historias-de-usuarios\/conheca-os-musicos-com-perda-auditiva-do-beats-of-cochlea\/#breadcrumb"},"inLanguage":"pt-BR","potentialAction":[{"@type":"ReadAction","target":["https:\/\/blog.medel.com\/pt-br\/historias-de-usuarios\/conheca-os-musicos-com-perda-auditiva-do-beats-of-cochlea\/"]}]},{"@type":"ImageObject","inLanguage":"pt-BR","@id":"https:\/\/blog.medel.com\/pt-br\/historias-de-usuarios\/conheca-os-musicos-com-perda-auditiva-do-beats-of-cochlea\/#primaryimage","url":"https:\/\/blog.medel.com\/wp-content\/uploads\/2023\/03\/img_5524.jpg","contentUrl":"https:\/\/blog.medel.com\/wp-content\/uploads\/2023\/03\/img_5524.jpg","width":1280,"height":999},{"@type":"BreadcrumbList","@id":"https:\/\/blog.medel.com\/pt-br\/historias-de-usuarios\/conheca-os-musicos-com-perda-auditiva-do-beats-of-cochlea\/#breadcrumb","itemListElement":[{"@type":"ListItem","position":1,"name":"Home","item":"https:\/\/blog.medel.com\/"},{"@type":"ListItem","position":2,"name":"Conhe\u00e7a os m\u00fasicos com perda auditiva do Beats of Cochlea"}]},{"@type":"WebSite","@id":"https:\/\/blog.medel.com\/tr\/#website","url":"https:\/\/blog.medel.com\/tr\/","name":"The MED-EL Blog","description":"","publisher":{"@id":"https:\/\/blog.medel.com\/tr\/#organization"},"potentialAction":[{"@type":"SearchAction","target":{"@type":"EntryPoint","urlTemplate":"https:\/\/blog.medel.com\/tr\/?s={search_term_string}"},"query-input":{"@type":"PropertyValueSpecification","valueRequired":true,"valueName":"search_term_string"}}],"inLanguage":"pt-BR"},{"@type":"Organization","@id":"https:\/\/blog.medel.com\/tr\/#organization","name":"The MED-EL Blog","url":"https:\/\/blog.medel.com\/tr\/","logo":{"@type":"ImageObject","inLanguage":"pt-BR","@id":"https:\/\/blog.medel.com\/tr\/#\/schema\/logo\/image\/","url":"https:\/\/blog.medel.com\/wp-content\/uploads\/2023\/02\/MED-EL_logo_L2.png","contentUrl":"https:\/\/blog.medel.com\/wp-content\/uploads\/2023\/02\/MED-EL_logo_L2.png","width":443,"height":200,"caption":"The MED-EL Blog"},"image":{"@id":"https:\/\/blog.medel.com\/tr\/#\/schema\/logo\/image\/"}},{"@type":"Person","@id":"https:\/\/blog.medel.com\/tr\/#\/schema\/person\/9f8dcfb27ec87796d874e021602c56e2","name":"MED-EL","sameAs":["https:\/\/www.medel.com"]}]}},"_links":{"self":[{"href":"https:\/\/blog.medel.com\/pt-br\/wp-json\/wp\/v2\/posts\/45927","targetHints":{"allow":["GET"]}}],"collection":[{"href":"https:\/\/blog.medel.com\/pt-br\/wp-json\/wp\/v2\/posts"}],"about":[{"href":"https:\/\/blog.medel.com\/pt-br\/wp-json\/wp\/v2\/types\/post"}],"author":[{"embeddable":true,"href":"https:\/\/blog.medel.com\/pt-br\/wp-json\/wp\/v2\/users\/8"}],"replies":[{"embeddable":true,"href":"https:\/\/blog.medel.com\/pt-br\/wp-json\/wp\/v2\/comments?post=45927"}],"version-history":[{"count":2,"href":"https:\/\/blog.medel.com\/pt-br\/wp-json\/wp\/v2\/posts\/45927\/revisions"}],"predecessor-version":[{"id":48454,"href":"https:\/\/blog.medel.com\/pt-br\/wp-json\/wp\/v2\/posts\/45927\/revisions\/48454"}],"wp:featuredmedia":[{"embeddable":true,"href":"https:\/\/blog.medel.com\/pt-br\/wp-json\/wp\/v2\/media\/63286"}],"wp:attachment":[{"href":"https:\/\/blog.medel.com\/pt-br\/wp-json\/wp\/v2\/media?parent=45927"}],"wp:term":[{"taxonomy":"category","embeddable":true,"href":"https:\/\/blog.medel.com\/pt-br\/wp-json\/wp\/v2\/categories?post=45927"},{"taxonomy":"post_tag","embeddable":true,"href":"https:\/\/blog.medel.com\/pt-br\/wp-json\/wp\/v2\/tags?post=45927"}],"curies":[{"name":"wp","href":"https:\/\/api.w.org\/{rel}","templated":true}]}}