{"id":45920,"date":"2018-10-31T20:25:42","date_gmt":"2018-10-31T18:25:42","guid":{"rendered":"https:\/\/blog.medel.com\/nao-categorizado\/por-que-o-adhear-e-a-melhor-solucao-auditiva-para-o-nosso-filho\/"},"modified":"2023-11-06T18:23:26","modified_gmt":"2023-11-06T16:23:26","slug":"por-que-o-adhear-e-a-melhor-solucao-auditiva-para-o-nosso-filho","status":"publish","type":"post","link":"https:\/\/blog.medel.com\/pt-br\/historias-de-usuarios\/por-que-o-adhear-e-a-melhor-solucao-auditiva-para-o-nosso-filho\/","title":{"rendered":"Por que o ADHEAR \u00e9 a melhor solu\u00e7\u00e3o auditiva para o nosso filho"},"content":{"rendered":"<p>William foi um dos primeiros no mundo a experimentar o revolucion\u00e1rio aparelho auditivo de condu\u00e7\u00e3o \u00f3ssea, simplesmente fixado atr\u00e1s da orelha &#8211; ADHEAR. N\u00f3s conversamos com a m\u00e3e de William, Lorraine, para descobrir como o ADHEAR mudou a vida de seu filho.<\/p>\n<h4><\/h4>\n<p>&nbsp;<\/p>\n<h4>1: Como voc\u00ea descobriu que o William tinha perda auditiva?<\/h4>\n<p>William falhou em seu primeiro teste auditivo com uma semana de idade. Os especialistas disseram que poderia ser apenas tempor\u00e1rio. Eu pensei que, como eles tinham dado uma raz\u00e3o para isso, n\u00e3o havia nenhuma necessidade real para acompanhar o diagn\u00f3stico. No entanto, quando William tinha cerca de 12 a 18 meses, eu sabia que algo ainda n\u00e3o estava certo. Ele tinha infec\u00e7\u00f5es cont\u00ednuas nos ouvidos e os antibi\u00f3ticos n\u00e3o ajudavam no tratamento. N\u00f3s come\u00e7amos a sentir um cheiro horr\u00edvel vindo da orelha esquerda &#8211; senti o cheiro da orelha dele quando ele estava sentado do outro lado do sof\u00e1! Quando William fez uma cirurgia de rotina para otite, por volta dos 2 anos de idade, eles identificaram que existia um colesteatoma em sua orelha esquerda, de crescimento n\u00e3o-canceroso.\u00a0 Um tubinho foi colocado em sua orelha.<\/p>\n<p>William fez muitas cirurgias para remover o colesteatoma e monitorar e controlar essa doen\u00e7a cr\u00f4nica. Ele tamb\u00e9m fez uma cirurgia para remover o canal auditivo, de modo que ele s\u00f3 pode ouvir vibra\u00e7\u00f5es, como nos sistemas de condu\u00e7\u00e3o \u00f3ssea.<\/p>\n<p>&nbsp;<\/p>\n<h4>2: Como voc\u00ea se sentiu quando descobriu o diagn\u00f3stico de William?<\/h4>\n<p>Ficamos destru\u00eddos. O pr\u00f3prio William era jovem demais para entender o diagn\u00f3stico, no entanto, lembro-me dele dizendo: \u201cPor que eu, e n\u00e3o meu irm\u00e3o?\u201d William realmente n\u00e3o entendia toda a situa\u00e7\u00e3o e temia at\u00e9 mesmo visitar o consult\u00f3rio m\u00e9dico. N\u00f3s t\u00ednhamos muito poucos conselhos de qualquer cl\u00ednica de suporte enquanto o William tentava usar aparelhos auditivos. Como pais, fomos obrigados a trabalhar e aceitar sua doen\u00e7a por conta pr\u00f3pria.\u00a0 Eu n\u00e3o pude ler ou pesquisar o diagn\u00f3stico de William, pois era esmagador na \u00e9poca &#8211; est\u00e1vamos apenas passando pelas emo\u00e7\u00f5es. N\u00f3s apenas levamos tudo dia a dia.<\/p>\n<p>Antes de obter o ADHEAR, William costumava lutar em muitas situa\u00e7\u00f5es: na escola; praticando esportes; falando em ambientes ruidosos; e assistindo televis\u00e3o. Tamb\u00e9m era dif\u00edcil para ele conversar com seus amigos on-line enquanto ele jogava jogos de video game como o PlayStation 4. Nosso filho estava cansado e infeliz. Ele voltava da escola com dores de cabe\u00e7a e depois ia direto para o quarto para ter tempo em um lugar calmo, antes de mais tarde descer para interagir com a fam\u00edlia. Foi a \u00fanica maneira que ele poderia lidar. Esta \u00e9poca foi dif\u00edcil para n\u00f3s como pais. Havia muita confus\u00e3o nas conversas com William. Houve muitas coisas repetidas e incompreens\u00f5es das perspectivas dos outros.<\/p>\n<p>&nbsp;<\/p>\n<h4>3: Voc\u00ea experimentou alguma outra solu\u00e7\u00e3o para perda auditiva?<\/h4>\n<p>Foram oferecidas v\u00e1rias solu\u00e7\u00f5es para a William atrav\u00e9s do nosso especialista. N\u00f3s pesquisamos cada op\u00e7\u00e3o, incluindo o impacto que teria sobre William e quais seriam os efeitos colaterais.Quer\u00edamos escolher uma solu\u00e7\u00e3o que permitisse que nosso filho ainda jogasse seu r\u00fagbi e tivesse a liberdade de ser crian\u00e7a.N\u00f3s optamos por n\u00e3o ter um dispositivo de ancoragem \u00f3ssea. Descobrimos uma s\u00e9rie de riscos com este tipo de dispositivo e n\u00e3o est\u00e1vamos interessados em que uma parte dele ainda se projetasse atrav\u00e9s de sua pele.\u00a0 Era importante que a liberdade do nosso filho para praticar esportes de que ele gostasse pudesse permanecer. Antes de ADHEAR, William primeiro tentou usar outro dispositivo de condu\u00e7\u00e3o \u00f3ssea que usa uma faixa de cabe\u00e7a. No entanto, William diz que nunca se sentiu seguro, e ele sempre pensou que eles iriam cair.Usar a bandana todos os dias tamb\u00e9m era um desafio social e isso o deixava muito infeliz.Esse tipo de dispositivo significava que, pela primeira vez, a perda auditiva de William era vis\u00edvel. Ele ficava realmente isolado na escola quando se sentia diferente. Seus colegas n\u00e3o entendiam sua perda auditiva e ele lutava para fazer amigos.<\/p>\n<p>&nbsp;<\/p>\n<h4>4: Por que voc\u00ea acabou escolhendo ADHEAR para seu filho?<\/h4>\n<p>William queria continuar fazendo coisas como qualquer outra crian\u00e7a, ent\u00e3o a voz do nosso filho direcionou muito nossa decis\u00e3o. Adquirir ADHEAR foi a melhor solu\u00e7\u00e3o para n\u00f3s at\u00e9 agora. William agora est\u00e1 muito feliz. Ele tem a liberdade de escolha, e ADHEAR permite que ele ou\u00e7a em situa\u00e7\u00f5es que ele normalmente acharia dif\u00edceis. William usa esse dispositivo sempre e confia nele como parte de sua vida como nenhum outro dispositivo que tenhamos usado.<\/p>\n<p>William sempre diz que esquece que est\u00e1 usando ADHEAR e at\u00e9 pula porque \u00e9 t\u00e3o seguro. Ele tamb\u00e9m gosta do ADHEAR, pois tem mais op\u00e7\u00f5es e configura\u00e7\u00f5es do que o dispositivo anterior.<\/p>\n<p>&nbsp;<\/p>\n<h4>5: Como \u00e9 a vida agora para William com ADHEAR?<\/h4>\n<p>Desde o uso do ADHEAR, William \u00e9 muito mais feliz e mais forte! Ele fez alguns amigos maravilhosos na escola. Eles entendem que ele n\u00e3o pode ouvir e assim eles se adaptam para ajud\u00e1-lo. William usa ADHEAR o dia todo na escola e quando chega em casa. \u00c9 t\u00e3o f\u00e1cil de usar, se ele precisar tir\u00e1-lo, ele simplesmente desliga e liga novamente. Nosso filho agora pode assistir televis\u00e3o porque o som \u00e9 mais alto e mais claro. Ele tamb\u00e9m pode ouvir amigos e pessoas em um restaurante, e n\u00e3o se sente mais como se a conversa estivesse acontecendo a um km de dist\u00e2ncia. Anteriormente, quando William era crian\u00e7a, ele n\u00e3o falava com os homens da fam\u00edlia, pois n\u00e3o conseguia ouvi-los. Agora que ele pode ouvir suas vozes com o ADHEAR, isso mudou totalmente! Ele pode ter conversas mais significativas com toda a sua fam\u00edlia e amigos e est\u00e1 mais confiante, pois pode ouvir bem o suficiente para fazer perguntas.William agora envolve-se em atividades de grupo e situa\u00e7\u00f5es que ele pode ter evitado no passado.Ele tem mais energia todos os dias depois da escola e tem menos dores de cabe\u00e7a devido \u00e0 concentra\u00e7\u00e3o excessiva para ouvir na aula. Ele tamb\u00e9m n\u00e3o fala excessivamente alto como costumava fazer.<\/p>\n<p>Tenho notado que, com o passar do tempo, William escolhe usar o ADHEAR mais e mais sem ser solicitado por n\u00f3s &#8211; ele percebe agora o quanto precisa dele. William muda suas pr\u00f3prias baterias e cuida do dispositivo.Estamos muito felizes com o fato de nosso filho estar mais confiante, mais integrado e preparado para qualquer desafio futuro.<\/p>\n<p>&nbsp;<\/p>\n<p><em> Obrigado, William e Lorraine! <\/em><\/p>\n<p><a href=\"\/?page_id=6727\"> Inscreva-se no Blog da MED-EL <\/a> para receber as \u00faltimas not\u00edcias dos convidados diretamente na sua caixa de entrada!<\/p>\n","protected":false},"excerpt":{"rendered":"<p>William foi um dos primeiros no mundo a experimentar o revolucion\u00e1rio aparelho auditivo de condu\u00e7\u00e3o \u00f3ssea, simplesmente fixado atr\u00e1s da orelha &#8211; ADHEAR. N\u00f3s conversamos com a m\u00e3e de William, Lorraine, para descobrir como o ADHEAR mudou a vida de seu filho. &nbsp; 1: Como voc\u00ea descobriu que o William tinha perda auditiva? William falhou [&hellip;]<\/p>\n","protected":false},"author":8,"featured_media":61706,"comment_status":"open","ping_status":"open","sticky":false,"template":"","format":"standard","meta":{"footnotes":""},"categories":[3093],"tags":[3537,3147,3834,3148],"class_list":["post-45920","post","type-post","status-publish","format-standard","has-post-thumbnail","hentry","category-historias-de-usuarios","tag-adhear-pt-br","tag-colesteatoma","tag-crianca-com-perda-auditiva-ptbr","tag-perda-auditiva-mista-e-condutiva"],"yoast_head":"<!-- This site is optimized with the Yoast SEO plugin v27.4 - https:\/\/yoast.com\/product\/yoast-seo-wordpress\/ -->\n<title>Por que ADHEAR \u00e9 a melhor solu\u00e7\u00e3o auditiva para o nosso filho<\/title>\n<meta name=\"description\" content=\"William foi um dos primeiros no mundo a experimentar o revolucion\u00e1rio aparelho auditivo de condu\u00e7\u00e3o \u00f3ssea, simplesmente fixado atr\u00e1s da orelha - ADHEAR.\" \/>\n<meta name=\"robots\" content=\"index, follow, max-snippet:-1, max-image-preview:large, max-video-preview:-1\" \/>\n<link rel=\"canonical\" href=\"https:\/\/blog.medel.com\/pt-br\/historias-de-usuarios\/por-que-o-adhear-e-a-melhor-solucao-auditiva-para-o-nosso-filho\/\" \/>\n<meta property=\"og:locale\" content=\"pt_BR\" \/>\n<meta property=\"og:type\" content=\"article\" \/>\n<meta property=\"og:title\" content=\"Por que ADHEAR \u00e9 a melhor solu\u00e7\u00e3o auditiva para o nosso filho\" \/>\n<meta property=\"og:description\" content=\"William foi um dos primeiros no mundo a experimentar o revolucion\u00e1rio aparelho auditivo de condu\u00e7\u00e3o \u00f3ssea, simplesmente fixado atr\u00e1s da orelha - ADHEAR.\" \/>\n<meta property=\"og:url\" content=\"https:\/\/blog.medel.com\/pt-br\/historias-de-usuarios\/por-que-o-adhear-e-a-melhor-solucao-auditiva-para-o-nosso-filho\/\" \/>\n<meta property=\"og:site_name\" content=\"The MED-EL Blog\" \/>\n<meta property=\"article:published_time\" content=\"2018-10-31T18:25:42+00:00\" \/>\n<meta property=\"article:modified_time\" content=\"2023-11-06T16:23:26+00:00\" \/>\n<meta property=\"og:image\" content=\"https:\/\/blog.medel.com\/wp-content\/uploads\/2023\/03\/lorraine-and-william_blog-cover-picture_3.jpg\" \/>\n\t<meta property=\"og:image:width\" content=\"800\" \/>\n\t<meta property=\"og:image:height\" content=\"400\" \/>\n\t<meta property=\"og:image:type\" content=\"image\/jpeg\" \/>\n<meta name=\"author\" content=\"MED-EL\" \/>\n<meta name=\"twitter:card\" content=\"summary_large_image\" \/>\n<meta name=\"twitter:label1\" content=\"Escrito por\" \/>\n\t<meta name=\"twitter:data1\" content=\"MED-EL\" \/>\n\t<meta name=\"twitter:label2\" content=\"Est. tempo de leitura\" \/>\n\t<meta name=\"twitter:data2\" content=\"5 minutos\" \/>\n<script type=\"application\/ld+json\" class=\"yoast-schema-graph\">{\"@context\":\"https:\\\/\\\/schema.org\",\"@graph\":[{\"@type\":\"Article\",\"@id\":\"https:\\\/\\\/blog.medel.com\\\/pt-br\\\/historias-de-usuarios\\\/por-que-o-adhear-e-a-melhor-solucao-auditiva-para-o-nosso-filho\\\/#article\",\"isPartOf\":{\"@id\":\"https:\\\/\\\/blog.medel.com\\\/pt-br\\\/historias-de-usuarios\\\/por-que-o-adhear-e-a-melhor-solucao-auditiva-para-o-nosso-filho\\\/\"},\"author\":{\"name\":\"MED-EL\",\"@id\":\"https:\\\/\\\/blog.medel.com\\\/nl\\\/#\\\/schema\\\/person\\\/9f8dcfb27ec87796d874e021602c56e2\"},\"headline\":\"Por que o ADHEAR \u00e9 a melhor solu\u00e7\u00e3o auditiva para o nosso filho\",\"datePublished\":\"2018-10-31T18:25:42+00:00\",\"dateModified\":\"2023-11-06T16:23:26+00:00\",\"mainEntityOfPage\":{\"@id\":\"https:\\\/\\\/blog.medel.com\\\/pt-br\\\/historias-de-usuarios\\\/por-que-o-adhear-e-a-melhor-solucao-auditiva-para-o-nosso-filho\\\/\"},\"wordCount\":1174,\"commentCount\":0,\"publisher\":{\"@id\":\"https:\\\/\\\/blog.medel.com\\\/nl\\\/#organization\"},\"image\":{\"@id\":\"https:\\\/\\\/blog.medel.com\\\/pt-br\\\/historias-de-usuarios\\\/por-que-o-adhear-e-a-melhor-solucao-auditiva-para-o-nosso-filho\\\/#primaryimage\"},\"thumbnailUrl\":\"https:\\\/\\\/blog.medel.com\\\/wp-content\\\/uploads\\\/2023\\\/03\\\/lorraine-and-william_blog-cover-picture_3.jpg\",\"keywords\":[\"ADHEAR\",\"colesteatoma\",\"Crian\u00e7a Com Perda Auditiva\",\"perda auditiva mista e condutiva\"],\"articleSection\":[\"Hist\u00f3rias de Usu\u00e1rios\"],\"inLanguage\":\"pt-BR\",\"potentialAction\":[{\"@type\":\"CommentAction\",\"name\":\"Comment\",\"target\":[\"https:\\\/\\\/blog.medel.com\\\/pt-br\\\/historias-de-usuarios\\\/por-que-o-adhear-e-a-melhor-solucao-auditiva-para-o-nosso-filho\\\/#respond\"]}]},{\"@type\":\"WebPage\",\"@id\":\"https:\\\/\\\/blog.medel.com\\\/pt-br\\\/historias-de-usuarios\\\/por-que-o-adhear-e-a-melhor-solucao-auditiva-para-o-nosso-filho\\\/\",\"url\":\"https:\\\/\\\/blog.medel.com\\\/pt-br\\\/historias-de-usuarios\\\/por-que-o-adhear-e-a-melhor-solucao-auditiva-para-o-nosso-filho\\\/\",\"name\":\"Por que ADHEAR \u00e9 a melhor solu\u00e7\u00e3o auditiva para o nosso filho\",\"isPartOf\":{\"@id\":\"https:\\\/\\\/blog.medel.com\\\/nl\\\/#website\"},\"primaryImageOfPage\":{\"@id\":\"https:\\\/\\\/blog.medel.com\\\/pt-br\\\/historias-de-usuarios\\\/por-que-o-adhear-e-a-melhor-solucao-auditiva-para-o-nosso-filho\\\/#primaryimage\"},\"image\":{\"@id\":\"https:\\\/\\\/blog.medel.com\\\/pt-br\\\/historias-de-usuarios\\\/por-que-o-adhear-e-a-melhor-solucao-auditiva-para-o-nosso-filho\\\/#primaryimage\"},\"thumbnailUrl\":\"https:\\\/\\\/blog.medel.com\\\/wp-content\\\/uploads\\\/2023\\\/03\\\/lorraine-and-william_blog-cover-picture_3.jpg\",\"datePublished\":\"2018-10-31T18:25:42+00:00\",\"dateModified\":\"2023-11-06T16:23:26+00:00\",\"description\":\"William foi um dos primeiros no mundo a experimentar o revolucion\u00e1rio aparelho auditivo de condu\u00e7\u00e3o \u00f3ssea, simplesmente fixado atr\u00e1s da orelha - ADHEAR.\",\"breadcrumb\":{\"@id\":\"https:\\\/\\\/blog.medel.com\\\/pt-br\\\/historias-de-usuarios\\\/por-que-o-adhear-e-a-melhor-solucao-auditiva-para-o-nosso-filho\\\/#breadcrumb\"},\"inLanguage\":\"pt-BR\",\"potentialAction\":[{\"@type\":\"ReadAction\",\"target\":[\"https:\\\/\\\/blog.medel.com\\\/pt-br\\\/historias-de-usuarios\\\/por-que-o-adhear-e-a-melhor-solucao-auditiva-para-o-nosso-filho\\\/\"]}]},{\"@type\":\"ImageObject\",\"inLanguage\":\"pt-BR\",\"@id\":\"https:\\\/\\\/blog.medel.com\\\/pt-br\\\/historias-de-usuarios\\\/por-que-o-adhear-e-a-melhor-solucao-auditiva-para-o-nosso-filho\\\/#primaryimage\",\"url\":\"https:\\\/\\\/blog.medel.com\\\/wp-content\\\/uploads\\\/2023\\\/03\\\/lorraine-and-william_blog-cover-picture_3.jpg\",\"contentUrl\":\"https:\\\/\\\/blog.medel.com\\\/wp-content\\\/uploads\\\/2023\\\/03\\\/lorraine-and-william_blog-cover-picture_3.jpg\",\"width\":800,\"height\":400},{\"@type\":\"BreadcrumbList\",\"@id\":\"https:\\\/\\\/blog.medel.com\\\/pt-br\\\/historias-de-usuarios\\\/por-que-o-adhear-e-a-melhor-solucao-auditiva-para-o-nosso-filho\\\/#breadcrumb\",\"itemListElement\":[{\"@type\":\"ListItem\",\"position\":1,\"name\":\"Home\",\"item\":\"https:\\\/\\\/blog.medel.com\\\/pt-br\\\/\"},{\"@type\":\"ListItem\",\"position\":2,\"name\":\"Por que o ADHEAR \u00e9 a melhor solu\u00e7\u00e3o auditiva para o nosso filho\"}]},{\"@type\":\"WebSite\",\"@id\":\"https:\\\/\\\/blog.medel.com\\\/nl\\\/#website\",\"url\":\"https:\\\/\\\/blog.medel.com\\\/nl\\\/\",\"name\":\"The MED-EL Blog\",\"description\":\"\",\"publisher\":{\"@id\":\"https:\\\/\\\/blog.medel.com\\\/nl\\\/#organization\"},\"potentialAction\":[{\"@type\":\"SearchAction\",\"target\":{\"@type\":\"EntryPoint\",\"urlTemplate\":\"https:\\\/\\\/blog.medel.com\\\/nl\\\/?s={search_term_string}\"},\"query-input\":{\"@type\":\"PropertyValueSpecification\",\"valueRequired\":true,\"valueName\":\"search_term_string\"}}],\"inLanguage\":\"pt-BR\"},{\"@type\":\"Organization\",\"@id\":\"https:\\\/\\\/blog.medel.com\\\/nl\\\/#organization\",\"name\":\"The MED-EL Blog\",\"url\":\"https:\\\/\\\/blog.medel.com\\\/nl\\\/\",\"logo\":{\"@type\":\"ImageObject\",\"inLanguage\":\"pt-BR\",\"@id\":\"https:\\\/\\\/blog.medel.com\\\/nl\\\/#\\\/schema\\\/logo\\\/image\\\/\",\"url\":\"https:\\\/\\\/blog.medel.com\\\/wp-content\\\/uploads\\\/2023\\\/02\\\/MED-EL_logo_L2.png\",\"contentUrl\":\"https:\\\/\\\/blog.medel.com\\\/wp-content\\\/uploads\\\/2023\\\/02\\\/MED-EL_logo_L2.png\",\"width\":443,\"height\":200,\"caption\":\"The MED-EL Blog\"},\"image\":{\"@id\":\"https:\\\/\\\/blog.medel.com\\\/nl\\\/#\\\/schema\\\/logo\\\/image\\\/\"}},{\"@type\":\"Person\",\"@id\":\"https:\\\/\\\/blog.medel.com\\\/nl\\\/#\\\/schema\\\/person\\\/9f8dcfb27ec87796d874e021602c56e2\",\"name\":\"MED-EL\",\"sameAs\":[\"https:\\\/\\\/www.medel.com\"]}]}<\/script>\n<!-- \/ Yoast SEO plugin. -->","yoast_head_json":{"title":"Por que ADHEAR \u00e9 a melhor solu\u00e7\u00e3o auditiva para o nosso filho","description":"William foi um dos primeiros no mundo a experimentar o revolucion\u00e1rio aparelho auditivo de condu\u00e7\u00e3o \u00f3ssea, simplesmente fixado atr\u00e1s da orelha - ADHEAR.","robots":{"index":"index","follow":"follow","max-snippet":"max-snippet:-1","max-image-preview":"max-image-preview:large","max-video-preview":"max-video-preview:-1"},"canonical":"https:\/\/blog.medel.com\/pt-br\/historias-de-usuarios\/por-que-o-adhear-e-a-melhor-solucao-auditiva-para-o-nosso-filho\/","og_locale":"pt_BR","og_type":"article","og_title":"Por que ADHEAR \u00e9 a melhor solu\u00e7\u00e3o auditiva para o nosso filho","og_description":"William foi um dos primeiros no mundo a experimentar o revolucion\u00e1rio aparelho auditivo de condu\u00e7\u00e3o \u00f3ssea, simplesmente fixado atr\u00e1s da orelha - ADHEAR.","og_url":"https:\/\/blog.medel.com\/pt-br\/historias-de-usuarios\/por-que-o-adhear-e-a-melhor-solucao-auditiva-para-o-nosso-filho\/","og_site_name":"The MED-EL Blog","article_published_time":"2018-10-31T18:25:42+00:00","article_modified_time":"2023-11-06T16:23:26+00:00","og_image":[{"width":800,"height":400,"url":"https:\/\/blog.medel.com\/wp-content\/uploads\/2023\/03\/lorraine-and-william_blog-cover-picture_3.jpg","type":"image\/jpeg"}],"author":"MED-EL","twitter_card":"summary_large_image","twitter_misc":{"Escrito por":"MED-EL","Est. tempo de leitura":"5 minutos"},"schema":{"@context":"https:\/\/schema.org","@graph":[{"@type":"Article","@id":"https:\/\/blog.medel.com\/pt-br\/historias-de-usuarios\/por-que-o-adhear-e-a-melhor-solucao-auditiva-para-o-nosso-filho\/#article","isPartOf":{"@id":"https:\/\/blog.medel.com\/pt-br\/historias-de-usuarios\/por-que-o-adhear-e-a-melhor-solucao-auditiva-para-o-nosso-filho\/"},"author":{"name":"MED-EL","@id":"https:\/\/blog.medel.com\/nl\/#\/schema\/person\/9f8dcfb27ec87796d874e021602c56e2"},"headline":"Por que o ADHEAR \u00e9 a melhor solu\u00e7\u00e3o auditiva para o nosso filho","datePublished":"2018-10-31T18:25:42+00:00","dateModified":"2023-11-06T16:23:26+00:00","mainEntityOfPage":{"@id":"https:\/\/blog.medel.com\/pt-br\/historias-de-usuarios\/por-que-o-adhear-e-a-melhor-solucao-auditiva-para-o-nosso-filho\/"},"wordCount":1174,"commentCount":0,"publisher":{"@id":"https:\/\/blog.medel.com\/nl\/#organization"},"image":{"@id":"https:\/\/blog.medel.com\/pt-br\/historias-de-usuarios\/por-que-o-adhear-e-a-melhor-solucao-auditiva-para-o-nosso-filho\/#primaryimage"},"thumbnailUrl":"https:\/\/blog.medel.com\/wp-content\/uploads\/2023\/03\/lorraine-and-william_blog-cover-picture_3.jpg","keywords":["ADHEAR","colesteatoma","Crian\u00e7a Com Perda Auditiva","perda auditiva mista e condutiva"],"articleSection":["Hist\u00f3rias de Usu\u00e1rios"],"inLanguage":"pt-BR","potentialAction":[{"@type":"CommentAction","name":"Comment","target":["https:\/\/blog.medel.com\/pt-br\/historias-de-usuarios\/por-que-o-adhear-e-a-melhor-solucao-auditiva-para-o-nosso-filho\/#respond"]}]},{"@type":"WebPage","@id":"https:\/\/blog.medel.com\/pt-br\/historias-de-usuarios\/por-que-o-adhear-e-a-melhor-solucao-auditiva-para-o-nosso-filho\/","url":"https:\/\/blog.medel.com\/pt-br\/historias-de-usuarios\/por-que-o-adhear-e-a-melhor-solucao-auditiva-para-o-nosso-filho\/","name":"Por que ADHEAR \u00e9 a melhor solu\u00e7\u00e3o auditiva para o nosso filho","isPartOf":{"@id":"https:\/\/blog.medel.com\/nl\/#website"},"primaryImageOfPage":{"@id":"https:\/\/blog.medel.com\/pt-br\/historias-de-usuarios\/por-que-o-adhear-e-a-melhor-solucao-auditiva-para-o-nosso-filho\/#primaryimage"},"image":{"@id":"https:\/\/blog.medel.com\/pt-br\/historias-de-usuarios\/por-que-o-adhear-e-a-melhor-solucao-auditiva-para-o-nosso-filho\/#primaryimage"},"thumbnailUrl":"https:\/\/blog.medel.com\/wp-content\/uploads\/2023\/03\/lorraine-and-william_blog-cover-picture_3.jpg","datePublished":"2018-10-31T18:25:42+00:00","dateModified":"2023-11-06T16:23:26+00:00","description":"William foi um dos primeiros no mundo a experimentar o revolucion\u00e1rio aparelho auditivo de condu\u00e7\u00e3o \u00f3ssea, simplesmente fixado atr\u00e1s da orelha - ADHEAR.","breadcrumb":{"@id":"https:\/\/blog.medel.com\/pt-br\/historias-de-usuarios\/por-que-o-adhear-e-a-melhor-solucao-auditiva-para-o-nosso-filho\/#breadcrumb"},"inLanguage":"pt-BR","potentialAction":[{"@type":"ReadAction","target":["https:\/\/blog.medel.com\/pt-br\/historias-de-usuarios\/por-que-o-adhear-e-a-melhor-solucao-auditiva-para-o-nosso-filho\/"]}]},{"@type":"ImageObject","inLanguage":"pt-BR","@id":"https:\/\/blog.medel.com\/pt-br\/historias-de-usuarios\/por-que-o-adhear-e-a-melhor-solucao-auditiva-para-o-nosso-filho\/#primaryimage","url":"https:\/\/blog.medel.com\/wp-content\/uploads\/2023\/03\/lorraine-and-william_blog-cover-picture_3.jpg","contentUrl":"https:\/\/blog.medel.com\/wp-content\/uploads\/2023\/03\/lorraine-and-william_blog-cover-picture_3.jpg","width":800,"height":400},{"@type":"BreadcrumbList","@id":"https:\/\/blog.medel.com\/pt-br\/historias-de-usuarios\/por-que-o-adhear-e-a-melhor-solucao-auditiva-para-o-nosso-filho\/#breadcrumb","itemListElement":[{"@type":"ListItem","position":1,"name":"Home","item":"https:\/\/blog.medel.com\/pt-br\/"},{"@type":"ListItem","position":2,"name":"Por que o ADHEAR \u00e9 a melhor solu\u00e7\u00e3o auditiva para o nosso filho"}]},{"@type":"WebSite","@id":"https:\/\/blog.medel.com\/nl\/#website","url":"https:\/\/blog.medel.com\/nl\/","name":"The MED-EL Blog","description":"","publisher":{"@id":"https:\/\/blog.medel.com\/nl\/#organization"},"potentialAction":[{"@type":"SearchAction","target":{"@type":"EntryPoint","urlTemplate":"https:\/\/blog.medel.com\/nl\/?s={search_term_string}"},"query-input":{"@type":"PropertyValueSpecification","valueRequired":true,"valueName":"search_term_string"}}],"inLanguage":"pt-BR"},{"@type":"Organization","@id":"https:\/\/blog.medel.com\/nl\/#organization","name":"The MED-EL Blog","url":"https:\/\/blog.medel.com\/nl\/","logo":{"@type":"ImageObject","inLanguage":"pt-BR","@id":"https:\/\/blog.medel.com\/nl\/#\/schema\/logo\/image\/","url":"https:\/\/blog.medel.com\/wp-content\/uploads\/2023\/02\/MED-EL_logo_L2.png","contentUrl":"https:\/\/blog.medel.com\/wp-content\/uploads\/2023\/02\/MED-EL_logo_L2.png","width":443,"height":200,"caption":"The MED-EL Blog"},"image":{"@id":"https:\/\/blog.medel.com\/nl\/#\/schema\/logo\/image\/"}},{"@type":"Person","@id":"https:\/\/blog.medel.com\/nl\/#\/schema\/person\/9f8dcfb27ec87796d874e021602c56e2","name":"MED-EL","sameAs":["https:\/\/www.medel.com"]}]}},"_links":{"self":[{"href":"https:\/\/blog.medel.com\/pt-br\/wp-json\/wp\/v2\/posts\/45920","targetHints":{"allow":["GET"]}}],"collection":[{"href":"https:\/\/blog.medel.com\/pt-br\/wp-json\/wp\/v2\/posts"}],"about":[{"href":"https:\/\/blog.medel.com\/pt-br\/wp-json\/wp\/v2\/types\/post"}],"author":[{"embeddable":true,"href":"https:\/\/blog.medel.com\/pt-br\/wp-json\/wp\/v2\/users\/8"}],"replies":[{"embeddable":true,"href":"https:\/\/blog.medel.com\/pt-br\/wp-json\/wp\/v2\/comments?post=45920"}],"version-history":[{"count":2,"href":"https:\/\/blog.medel.com\/pt-br\/wp-json\/wp\/v2\/posts\/45920\/revisions"}],"predecessor-version":[{"id":48449,"href":"https:\/\/blog.medel.com\/pt-br\/wp-json\/wp\/v2\/posts\/45920\/revisions\/48449"}],"wp:featuredmedia":[{"embeddable":true,"href":"https:\/\/blog.medel.com\/pt-br\/wp-json\/wp\/v2\/media\/61706"}],"wp:attachment":[{"href":"https:\/\/blog.medel.com\/pt-br\/wp-json\/wp\/v2\/media?parent=45920"}],"wp:term":[{"taxonomy":"category","embeddable":true,"href":"https:\/\/blog.medel.com\/pt-br\/wp-json\/wp\/v2\/categories?post=45920"},{"taxonomy":"post_tag","embeddable":true,"href":"https:\/\/blog.medel.com\/pt-br\/wp-json\/wp\/v2\/tags?post=45920"}],"curies":[{"name":"wp","href":"https:\/\/api.w.org\/{rel}","templated":true}]}}