{"id":45905,"date":"2018-09-25T01:34:17","date_gmt":"2018-09-24T23:34:17","guid":{"rendered":"https:\/\/blog.medel.com\/nao-categorizado\/implante-coclear-bilateral-kadu\/"},"modified":"2023-11-06T18:23:39","modified_gmt":"2023-11-06T16:23:39","slug":"implante-coclear-bilateral-kadu","status":"publish","type":"post","link":"https:\/\/blog.medel.com\/pt-br\/historias-de-usuarios\/implante-coclear-bilateral-kadu\/","title":{"rendered":"Desafios de ser tornar um usu\u00e1rio de implante coclear bilateral"},"content":{"rendered":"<p>Voc\u00ea conhece os benef\u00edcios que o implante coclear bilateral pode trazer? Veja o que o Dr. Eduardo Boaventura, m\u00e9dico ORL do Hospital de Bauru, diz a respeito do tema e conhe\u00e7a a hist\u00f3ria do Carlos Eduardo, o Kadu, um usu\u00e1rio MED-EL que ap\u00f3s 9 anos da primeira cirurgia, decidiu que iria fazer a cirurgia de implante coclear e se tornaria um usu\u00e1rio bilateral.<\/p>\n<h2>Implante coclear bilateral<\/h2>\n<p>O implante coclear \u00e9 um dispositivo eletr\u00f4nico implant\u00e1vel que \u00e9 capaz de promover a audi\u00e7\u00e3o. Ele \u00e9 utilizado como m\u00e9todo de reabilita\u00e7\u00e3o auditiva em pacientes com perda auditiva neurossensorial severa a profunda que n\u00e3o apresentam ganho auditivo satisfat\u00f3rio com uso dos aparelhos convencionais, os AASIs.<\/p>\n<p>A audi\u00e7\u00e3o binaural \u00e9 diferente da bilateral. Ouvir com os dois ouvidos de maneira integrada \u00e9 binauralidade e ela nos permite, al\u00e9m de apenas ouvir o som, saber de onde ele vem (localiza\u00e7\u00e3o de fonte sonora), identific\u00e1-los e compreend\u00ea-los em situa\u00e7\u00f5es de ambientes com barulho.<\/p>\n<p>Pacientes com surdez bilateral que s\u00e3o implantados unilateralmente conseguem ter acesso ao som e, ouvindo, conseguem reconhecer palavras, compreender frases e desenvolver linguagem oral. Por\u00e9m, a localiza\u00e7\u00e3o do som e a compreens\u00e3o da fala em ambientes ruidosos s\u00e3o tarefas de dif\u00edcil desenvolvimento quando apenas um ouvido \u00e9 estimulado.<\/p>\n<p>O Kadu \u00e9 um menino que, quando beb\u00ea, teve meningite e perdeu a audi\u00e7\u00e3o nos dois ouvidos. Com aproximadamente 1 ano ele realizou o 1\u00ba implante coclear e, gra\u00e7as ao uso do dispositivo, passou a ter acesso ao som. Aprendeu a perceber os sons, diferenci\u00e1-los e assim aprendeu a falar. Teve um desenvolvimento auditivo excelente com uso regular do implante coclear. O que faltava a Kadu, por\u00e9m, era uma melhor compreens\u00e3o da fala quando encontrava-se em ambientes ruidosos, como a escola e shopping center, e definir melhor de onde os sons vinham \u2013 todos os efeitos da binauralidade.<\/p>\n<p>Hoje, aos 11 anos, Kadu resolveu realizar o implante coclear do outro lado, adquirindo assim o implante bilateral. Ap\u00f3s a fase de adapta\u00e7\u00e3o da audi\u00e7\u00e3o com o uso do novo implante ele poder\u00e1 adquirir habilidades auditivas semelhantes a uma pessoa ouvinte com todos os benef\u00edcios que a audi\u00e7\u00e3o binaural pode oferecer.<\/p>\n<p>Saiba mais sobre como foi a segunda cirurgia do Kadu. Assista a esse v\u00eddeo produzido pela fam\u00edlia:<\/p>\n<p><iframe loading=\"lazy\" src=\"https:\/\/www.youtube.com\/embed\/Y58Vj3cdZyY\" width=\"560\" height=\"315\" frameborder=\"0\" allowfullscreen=\"allowfullscreen\"><\/iframe><\/p>\n<h2>Reabilita\u00e7\u00e3o auditiva<\/h2>\n<p>Ap\u00f3s muitos anos de alta da fonoterapia, Kadu retornou ao processo terap\u00eautico para estimular a via auditiva daquele novo lado implantado. N\u00e3o est\u00e1 sendo diferente de quando Kadu era ainda pequenino, sua m\u00e3e o ensinou que \u00e9 preciso ter garra, treinar e se dedicar para que ele possa obter os melhores resultados que o implante poder\u00e1 lhe dar. A fam\u00edlia se aliou aos melhores profissionais e faz o dever de casa, treinando e se lan\u00e7ando ao desafio de escutar com apenas o novo lado em alguns momentos.<\/p>\n<p>A expectativa de resultados est\u00e1 muito adequada ao que um ouvido surdo p\u00f3s meningite pode oferecer. De um lado a meningite e do outro uma fam\u00edlia, um paciente e uma equipe de profissionais dispostos a romper barreiras e buscar o m\u00e1ximo do que pode ser poss\u00edvel. Os resultados alcan\u00e7ados at\u00e9 hoje superaram as expectativas e seguimos com a certeza que a fam\u00edlia e o Kadu tomaram a decis\u00e3o certa.<\/p>\n<h2>Kadu<\/h2>\n<p><img loading=\"lazy\" decoding=\"async\" class=\"alignnone wp-image-11447\" src=\"https:\/\/blog.medel.com\/wp-content\/uploads\/2018\/09\/20180907_100113_2-190x300.jpg\" alt=\"\" width=\"230\" height=\"363\" \/>\u00a0<img loading=\"lazy\" decoding=\"async\" class=\"alignnone wp-image-11465\" src=\"https:\/\/blog.medel.com\/wp-content\/uploads\/2018\/09\/20180919_174333_2-194x300.jpg\" alt=\"\" width=\"235\" height=\"363\" \/>\u00a0<img loading=\"lazy\" decoding=\"async\" class=\"alignnone wp-image-11453\" src=\"https:\/\/blog.medel.com\/wp-content\/uploads\/2018\/09\/20180919_174517_2-199x300.jpg\" alt=\"\" width=\"241\" height=\"363\" \/><\/p>\n<p>Carlos Eduardo \u00e9 um menino brilhante, ele representa a esperan\u00e7a de muitos pais de crian\u00e7as com surdez profunda bilateral. A esperan\u00e7a de que o implante coclear seja um sucesso desde a cirurgia at\u00e9 as dif\u00edceis etapas de reabilita\u00e7\u00e3o da audi\u00e7\u00e3o e linguagem.<\/p>\n<p>Sabemos que decidir pelo implante coclear pelo seu filho \u00e9 uma decis\u00e3o dif\u00edcil, mas o processo de reabilita\u00e7\u00e3o ap\u00f3s o implante \u00e9 uma etapa que precisa de um apoio e dedica\u00e7\u00e3o \u00edmpar de todos os membros da fam\u00edlia. Isso n\u00e3o foi diferente com o Kadu, que teve o apoio incondicional da sua m\u00e3e durante todo o processo de reabilita\u00e7\u00e3o. Uma m\u00e3e que buscou as melhores possibilidades e os melhores profissionais para que o Kadu pudesse desenvolver fala e linguagem como as crian\u00e7as ouvintes da sua faixa et\u00e1ria.<\/p>\n<p>Hoje, Kadu tem uma vida normal e sempre que pode ajuda alguns pais e pacientes nas tomadas de decis\u00f5es e na linda miss\u00e3o de plantar esperan\u00e7a em muitos cora\u00e7\u00f5es.<\/p>\n<p>Kadu faz anivers\u00e1rio e a equipe do Blog MED-EL deseja muito sucesso e um mundo cheio de lindos sons.<\/p>\n<p>&nbsp;<\/p>\n<p><img loading=\"lazy\" decoding=\"async\" class=\"alignnone size-medium wp-image-11431\" src=\"https:\/\/blog.medel.com\/wp-content\/uploads\/2018\/09\/eduardo-boaventura-244x300.png\" alt=\"\" width=\"244\" height=\"300\" \/><br \/>\n<strong>Dr. Eduardo\u00a0<span id=\"0.020441594640419947\" class=\"highlight\">Boaventura<br \/>\n<\/span><\/strong>Otorrinolaringologista HRAC-USP<br \/>\nDoutorando FMUSP<\/p>\n","protected":false},"excerpt":{"rendered":"<p>Voc\u00ea conhece os benef\u00edcios que o implante coclear bilateral pode trazer? Veja o que o Dr. Eduardo Boaventura, m\u00e9dico ORL do Hospital de Bauru, diz a respeito do tema e conhe\u00e7a a hist\u00f3ria do Carlos Eduardo, o Kadu, um usu\u00e1rio MED-EL que ap\u00f3s 9 anos da primeira cirurgia, decidiu que iria fazer a cirurgia de [&hellip;]<\/p>\n","protected":false},"author":8,"featured_media":28944,"comment_status":"open","ping_status":"open","sticky":false,"template":"","format":"standard","meta":{"footnotes":""},"categories":[3093],"tags":[3521,3834,3088,3769],"class_list":["post-45905","post","type-post","status-publish","format-standard","has-post-thumbnail","hentry","category-historias-de-usuarios","tag-bilateral-pt-br","tag-crianca-com-perda-auditiva-ptbr","tag-implantacao-coclear","tag-implantes-cocleares-pt-br"],"yoast_head":"<!-- This site is optimized with the Yoast SEO plugin v27.5 - https:\/\/yoast.com\/product\/yoast-seo-wordpress\/ -->\n<title>Desafios de ser tornar um usu\u00e1rio de implante coclear bilateral - The MED-EL Blog<\/title>\n<meta name=\"description\" content=\"Voc\u00ea conhece os benef\u00edcios que o implante coclear bilateral pode trazer?\" \/>\n<meta name=\"robots\" content=\"index, follow, max-snippet:-1, max-image-preview:large, max-video-preview:-1\" \/>\n<link rel=\"canonical\" href=\"https:\/\/blog.medel.com\/pt-br\/historias-de-usuarios\/implante-coclear-bilateral-kadu\/\" \/>\n<meta property=\"og:locale\" content=\"pt_BR\" \/>\n<meta property=\"og:type\" content=\"article\" \/>\n<meta property=\"og:title\" content=\"Desafios de ser tornar um usu\u00e1rio de implante coclear bilateral - The MED-EL Blog\" \/>\n<meta property=\"og:description\" content=\"Voc\u00ea conhece os benef\u00edcios que o implante coclear bilateral pode trazer?\" \/>\n<meta property=\"og:url\" content=\"https:\/\/blog.medel.com\/pt-br\/historias-de-usuarios\/implante-coclear-bilateral-kadu\/\" \/>\n<meta property=\"og:site_name\" content=\"The MED-EL Blog\" \/>\n<meta property=\"article:published_time\" content=\"2018-09-24T23:34:17+00:00\" \/>\n<meta property=\"article:modified_time\" content=\"2023-11-06T16:23:39+00:00\" \/>\n<meta property=\"og:image\" content=\"https:\/\/blog.medel.com\/wp-content\/uploads\/2023\/02\/kadu2.jpg\" \/>\n\t<meta property=\"og:image:width\" content=\"800\" \/>\n\t<meta property=\"og:image:height\" content=\"450\" \/>\n\t<meta property=\"og:image:type\" content=\"image\/jpeg\" \/>\n<meta name=\"author\" content=\"MED-EL\" \/>\n<meta name=\"twitter:card\" content=\"summary_large_image\" \/>\n<meta name=\"twitter:label1\" content=\"Escrito por\" \/>\n\t<meta name=\"twitter:data1\" content=\"MED-EL\" \/>\n\t<meta name=\"twitter:label2\" content=\"Est. tempo de leitura\" \/>\n\t<meta name=\"twitter:data2\" content=\"4 minutos\" \/>\n<script type=\"application\/ld+json\" class=\"yoast-schema-graph\">{\"@context\":\"https:\\\/\\\/schema.org\",\"@graph\":[{\"@type\":\"Article\",\"@id\":\"https:\\\/\\\/blog.medel.com\\\/pt-br\\\/historias-de-usuarios\\\/implante-coclear-bilateral-kadu\\\/#article\",\"isPartOf\":{\"@id\":\"https:\\\/\\\/blog.medel.com\\\/pt-br\\\/historias-de-usuarios\\\/implante-coclear-bilateral-kadu\\\/\"},\"author\":{\"name\":\"MED-EL\",\"@id\":\"https:\\\/\\\/blog.medel.com\\\/tr\\\/#\\\/schema\\\/person\\\/9f8dcfb27ec87796d874e021602c56e2\"},\"headline\":\"Desafios de ser tornar um usu\u00e1rio de implante coclear bilateral\",\"datePublished\":\"2018-09-24T23:34:17+00:00\",\"dateModified\":\"2023-11-06T16:23:39+00:00\",\"mainEntityOfPage\":{\"@id\":\"https:\\\/\\\/blog.medel.com\\\/pt-br\\\/historias-de-usuarios\\\/implante-coclear-bilateral-kadu\\\/\"},\"wordCount\":784,\"commentCount\":0,\"publisher\":{\"@id\":\"https:\\\/\\\/blog.medel.com\\\/tr\\\/#organization\"},\"image\":{\"@id\":\"https:\\\/\\\/blog.medel.com\\\/pt-br\\\/historias-de-usuarios\\\/implante-coclear-bilateral-kadu\\\/#primaryimage\"},\"thumbnailUrl\":\"https:\\\/\\\/blog.medel.com\\\/wp-content\\\/uploads\\\/2023\\\/02\\\/kadu2.jpg\",\"keywords\":[\"bilateral\",\"Crian\u00e7a Com Perda Auditiva\",\"Implanta\u00e7\u00e3o coclear\",\"implantes cocleares\"],\"articleSection\":[\"Hist\u00f3rias de Usu\u00e1rios\"],\"inLanguage\":\"pt-BR\",\"potentialAction\":[{\"@type\":\"CommentAction\",\"name\":\"Comment\",\"target\":[\"https:\\\/\\\/blog.medel.com\\\/pt-br\\\/historias-de-usuarios\\\/implante-coclear-bilateral-kadu\\\/#respond\"]}]},{\"@type\":\"WebPage\",\"@id\":\"https:\\\/\\\/blog.medel.com\\\/pt-br\\\/historias-de-usuarios\\\/implante-coclear-bilateral-kadu\\\/\",\"url\":\"https:\\\/\\\/blog.medel.com\\\/pt-br\\\/historias-de-usuarios\\\/implante-coclear-bilateral-kadu\\\/\",\"name\":\"Desafios de ser tornar um usu\u00e1rio de implante coclear bilateral - The MED-EL Blog\",\"isPartOf\":{\"@id\":\"https:\\\/\\\/blog.medel.com\\\/tr\\\/#website\"},\"primaryImageOfPage\":{\"@id\":\"https:\\\/\\\/blog.medel.com\\\/pt-br\\\/historias-de-usuarios\\\/implante-coclear-bilateral-kadu\\\/#primaryimage\"},\"image\":{\"@id\":\"https:\\\/\\\/blog.medel.com\\\/pt-br\\\/historias-de-usuarios\\\/implante-coclear-bilateral-kadu\\\/#primaryimage\"},\"thumbnailUrl\":\"https:\\\/\\\/blog.medel.com\\\/wp-content\\\/uploads\\\/2023\\\/02\\\/kadu2.jpg\",\"datePublished\":\"2018-09-24T23:34:17+00:00\",\"dateModified\":\"2023-11-06T16:23:39+00:00\",\"description\":\"Voc\u00ea conhece os benef\u00edcios que o implante coclear bilateral pode trazer?\",\"breadcrumb\":{\"@id\":\"https:\\\/\\\/blog.medel.com\\\/pt-br\\\/historias-de-usuarios\\\/implante-coclear-bilateral-kadu\\\/#breadcrumb\"},\"inLanguage\":\"pt-BR\",\"potentialAction\":[{\"@type\":\"ReadAction\",\"target\":[\"https:\\\/\\\/blog.medel.com\\\/pt-br\\\/historias-de-usuarios\\\/implante-coclear-bilateral-kadu\\\/\"]}]},{\"@type\":\"ImageObject\",\"inLanguage\":\"pt-BR\",\"@id\":\"https:\\\/\\\/blog.medel.com\\\/pt-br\\\/historias-de-usuarios\\\/implante-coclear-bilateral-kadu\\\/#primaryimage\",\"url\":\"https:\\\/\\\/blog.medel.com\\\/wp-content\\\/uploads\\\/2023\\\/02\\\/kadu2.jpg\",\"contentUrl\":\"https:\\\/\\\/blog.medel.com\\\/wp-content\\\/uploads\\\/2023\\\/02\\\/kadu2.jpg\",\"width\":\"800\",\"height\":\"450\"},{\"@type\":\"BreadcrumbList\",\"@id\":\"https:\\\/\\\/blog.medel.com\\\/pt-br\\\/historias-de-usuarios\\\/implante-coclear-bilateral-kadu\\\/#breadcrumb\",\"itemListElement\":[{\"@type\":\"ListItem\",\"position\":1,\"name\":\"Home\",\"item\":\"https:\\\/\\\/blog.medel.com\\\/\"},{\"@type\":\"ListItem\",\"position\":2,\"name\":\"Desafios de ser tornar um usu\u00e1rio de implante coclear bilateral\"}]},{\"@type\":\"WebSite\",\"@id\":\"https:\\\/\\\/blog.medel.com\\\/tr\\\/#website\",\"url\":\"https:\\\/\\\/blog.medel.com\\\/tr\\\/\",\"name\":\"The MED-EL Blog\",\"description\":\"\",\"publisher\":{\"@id\":\"https:\\\/\\\/blog.medel.com\\\/tr\\\/#organization\"},\"potentialAction\":[{\"@type\":\"SearchAction\",\"target\":{\"@type\":\"EntryPoint\",\"urlTemplate\":\"https:\\\/\\\/blog.medel.com\\\/tr\\\/?s={search_term_string}\"},\"query-input\":{\"@type\":\"PropertyValueSpecification\",\"valueRequired\":true,\"valueName\":\"search_term_string\"}}],\"inLanguage\":\"pt-BR\"},{\"@type\":\"Organization\",\"@id\":\"https:\\\/\\\/blog.medel.com\\\/tr\\\/#organization\",\"name\":\"The MED-EL Blog\",\"url\":\"https:\\\/\\\/blog.medel.com\\\/tr\\\/\",\"logo\":{\"@type\":\"ImageObject\",\"inLanguage\":\"pt-BR\",\"@id\":\"https:\\\/\\\/blog.medel.com\\\/tr\\\/#\\\/schema\\\/logo\\\/image\\\/\",\"url\":\"https:\\\/\\\/blog.medel.com\\\/wp-content\\\/uploads\\\/2023\\\/02\\\/MED-EL_logo_L2.png\",\"contentUrl\":\"https:\\\/\\\/blog.medel.com\\\/wp-content\\\/uploads\\\/2023\\\/02\\\/MED-EL_logo_L2.png\",\"width\":443,\"height\":200,\"caption\":\"The MED-EL Blog\"},\"image\":{\"@id\":\"https:\\\/\\\/blog.medel.com\\\/tr\\\/#\\\/schema\\\/logo\\\/image\\\/\"}},{\"@type\":\"Person\",\"@id\":\"https:\\\/\\\/blog.medel.com\\\/tr\\\/#\\\/schema\\\/person\\\/9f8dcfb27ec87796d874e021602c56e2\",\"name\":\"MED-EL\",\"sameAs\":[\"https:\\\/\\\/www.medel.com\"]}]}<\/script>\n<!-- \/ Yoast SEO plugin. -->","yoast_head_json":{"title":"Desafios de ser tornar um usu\u00e1rio de implante coclear bilateral - The MED-EL Blog","description":"Voc\u00ea conhece os benef\u00edcios que o implante coclear bilateral pode trazer?","robots":{"index":"index","follow":"follow","max-snippet":"max-snippet:-1","max-image-preview":"max-image-preview:large","max-video-preview":"max-video-preview:-1"},"canonical":"https:\/\/blog.medel.com\/pt-br\/historias-de-usuarios\/implante-coclear-bilateral-kadu\/","og_locale":"pt_BR","og_type":"article","og_title":"Desafios de ser tornar um usu\u00e1rio de implante coclear bilateral - The MED-EL Blog","og_description":"Voc\u00ea conhece os benef\u00edcios que o implante coclear bilateral pode trazer?","og_url":"https:\/\/blog.medel.com\/pt-br\/historias-de-usuarios\/implante-coclear-bilateral-kadu\/","og_site_name":"The MED-EL Blog","article_published_time":"2018-09-24T23:34:17+00:00","article_modified_time":"2023-11-06T16:23:39+00:00","og_image":[{"width":800,"height":450,"url":"https:\/\/blog.medel.com\/wp-content\/uploads\/2023\/02\/kadu2.jpg","type":"image\/jpeg"}],"author":"MED-EL","twitter_card":"summary_large_image","twitter_misc":{"Escrito por":"MED-EL","Est. tempo de leitura":"4 minutos"},"schema":{"@context":"https:\/\/schema.org","@graph":[{"@type":"Article","@id":"https:\/\/blog.medel.com\/pt-br\/historias-de-usuarios\/implante-coclear-bilateral-kadu\/#article","isPartOf":{"@id":"https:\/\/blog.medel.com\/pt-br\/historias-de-usuarios\/implante-coclear-bilateral-kadu\/"},"author":{"name":"MED-EL","@id":"https:\/\/blog.medel.com\/tr\/#\/schema\/person\/9f8dcfb27ec87796d874e021602c56e2"},"headline":"Desafios de ser tornar um usu\u00e1rio de implante coclear bilateral","datePublished":"2018-09-24T23:34:17+00:00","dateModified":"2023-11-06T16:23:39+00:00","mainEntityOfPage":{"@id":"https:\/\/blog.medel.com\/pt-br\/historias-de-usuarios\/implante-coclear-bilateral-kadu\/"},"wordCount":784,"commentCount":0,"publisher":{"@id":"https:\/\/blog.medel.com\/tr\/#organization"},"image":{"@id":"https:\/\/blog.medel.com\/pt-br\/historias-de-usuarios\/implante-coclear-bilateral-kadu\/#primaryimage"},"thumbnailUrl":"https:\/\/blog.medel.com\/wp-content\/uploads\/2023\/02\/kadu2.jpg","keywords":["bilateral","Crian\u00e7a Com Perda Auditiva","Implanta\u00e7\u00e3o coclear","implantes cocleares"],"articleSection":["Hist\u00f3rias de Usu\u00e1rios"],"inLanguage":"pt-BR","potentialAction":[{"@type":"CommentAction","name":"Comment","target":["https:\/\/blog.medel.com\/pt-br\/historias-de-usuarios\/implante-coclear-bilateral-kadu\/#respond"]}]},{"@type":"WebPage","@id":"https:\/\/blog.medel.com\/pt-br\/historias-de-usuarios\/implante-coclear-bilateral-kadu\/","url":"https:\/\/blog.medel.com\/pt-br\/historias-de-usuarios\/implante-coclear-bilateral-kadu\/","name":"Desafios de ser tornar um usu\u00e1rio de implante coclear bilateral - The MED-EL Blog","isPartOf":{"@id":"https:\/\/blog.medel.com\/tr\/#website"},"primaryImageOfPage":{"@id":"https:\/\/blog.medel.com\/pt-br\/historias-de-usuarios\/implante-coclear-bilateral-kadu\/#primaryimage"},"image":{"@id":"https:\/\/blog.medel.com\/pt-br\/historias-de-usuarios\/implante-coclear-bilateral-kadu\/#primaryimage"},"thumbnailUrl":"https:\/\/blog.medel.com\/wp-content\/uploads\/2023\/02\/kadu2.jpg","datePublished":"2018-09-24T23:34:17+00:00","dateModified":"2023-11-06T16:23:39+00:00","description":"Voc\u00ea conhece os benef\u00edcios que o implante coclear bilateral pode trazer?","breadcrumb":{"@id":"https:\/\/blog.medel.com\/pt-br\/historias-de-usuarios\/implante-coclear-bilateral-kadu\/#breadcrumb"},"inLanguage":"pt-BR","potentialAction":[{"@type":"ReadAction","target":["https:\/\/blog.medel.com\/pt-br\/historias-de-usuarios\/implante-coclear-bilateral-kadu\/"]}]},{"@type":"ImageObject","inLanguage":"pt-BR","@id":"https:\/\/blog.medel.com\/pt-br\/historias-de-usuarios\/implante-coclear-bilateral-kadu\/#primaryimage","url":"https:\/\/blog.medel.com\/wp-content\/uploads\/2023\/02\/kadu2.jpg","contentUrl":"https:\/\/blog.medel.com\/wp-content\/uploads\/2023\/02\/kadu2.jpg","width":"800","height":"450"},{"@type":"BreadcrumbList","@id":"https:\/\/blog.medel.com\/pt-br\/historias-de-usuarios\/implante-coclear-bilateral-kadu\/#breadcrumb","itemListElement":[{"@type":"ListItem","position":1,"name":"Home","item":"https:\/\/blog.medel.com\/"},{"@type":"ListItem","position":2,"name":"Desafios de ser tornar um usu\u00e1rio de implante coclear bilateral"}]},{"@type":"WebSite","@id":"https:\/\/blog.medel.com\/tr\/#website","url":"https:\/\/blog.medel.com\/tr\/","name":"The MED-EL Blog","description":"","publisher":{"@id":"https:\/\/blog.medel.com\/tr\/#organization"},"potentialAction":[{"@type":"SearchAction","target":{"@type":"EntryPoint","urlTemplate":"https:\/\/blog.medel.com\/tr\/?s={search_term_string}"},"query-input":{"@type":"PropertyValueSpecification","valueRequired":true,"valueName":"search_term_string"}}],"inLanguage":"pt-BR"},{"@type":"Organization","@id":"https:\/\/blog.medel.com\/tr\/#organization","name":"The MED-EL Blog","url":"https:\/\/blog.medel.com\/tr\/","logo":{"@type":"ImageObject","inLanguage":"pt-BR","@id":"https:\/\/blog.medel.com\/tr\/#\/schema\/logo\/image\/","url":"https:\/\/blog.medel.com\/wp-content\/uploads\/2023\/02\/MED-EL_logo_L2.png","contentUrl":"https:\/\/blog.medel.com\/wp-content\/uploads\/2023\/02\/MED-EL_logo_L2.png","width":443,"height":200,"caption":"The MED-EL Blog"},"image":{"@id":"https:\/\/blog.medel.com\/tr\/#\/schema\/logo\/image\/"}},{"@type":"Person","@id":"https:\/\/blog.medel.com\/tr\/#\/schema\/person\/9f8dcfb27ec87796d874e021602c56e2","name":"MED-EL","sameAs":["https:\/\/www.medel.com"]}]}},"_links":{"self":[{"href":"https:\/\/blog.medel.com\/pt-br\/wp-json\/wp\/v2\/posts\/45905","targetHints":{"allow":["GET"]}}],"collection":[{"href":"https:\/\/blog.medel.com\/pt-br\/wp-json\/wp\/v2\/posts"}],"about":[{"href":"https:\/\/blog.medel.com\/pt-br\/wp-json\/wp\/v2\/types\/post"}],"author":[{"embeddable":true,"href":"https:\/\/blog.medel.com\/pt-br\/wp-json\/wp\/v2\/users\/8"}],"replies":[{"embeddable":true,"href":"https:\/\/blog.medel.com\/pt-br\/wp-json\/wp\/v2\/comments?post=45905"}],"version-history":[{"count":2,"href":"https:\/\/blog.medel.com\/pt-br\/wp-json\/wp\/v2\/posts\/45905\/revisions"}],"predecessor-version":[{"id":48438,"href":"https:\/\/blog.medel.com\/pt-br\/wp-json\/wp\/v2\/posts\/45905\/revisions\/48438"}],"wp:featuredmedia":[{"embeddable":true,"href":"https:\/\/blog.medel.com\/pt-br\/wp-json\/wp\/v2\/media\/28944"}],"wp:attachment":[{"href":"https:\/\/blog.medel.com\/pt-br\/wp-json\/wp\/v2\/media?parent=45905"}],"wp:term":[{"taxonomy":"category","embeddable":true,"href":"https:\/\/blog.medel.com\/pt-br\/wp-json\/wp\/v2\/categories?post=45905"},{"taxonomy":"post_tag","embeddable":true,"href":"https:\/\/blog.medel.com\/pt-br\/wp-json\/wp\/v2\/tags?post=45905"}],"curies":[{"name":"wp","href":"https:\/\/api.w.org\/{rel}","templated":true}]}}