{"id":45901,"date":"2018-04-20T14:58:30","date_gmt":"2018-04-20T12:58:30","guid":{"rendered":"https:\/\/blog.medel.com\/nao-categorizado\/visita-a-fabrica-da-med-el-na-austria\/"},"modified":"2023-12-04T15:52:01","modified_gmt":"2023-12-04T13:52:01","slug":"visita-a-fabrica-da-med-el-na-austria","status":"publish","type":"post","link":"https:\/\/blog.medel.com\/pt-br\/historias-de-usuarios\/visita-a-fabrica-da-med-el-na-austria\/","title":{"rendered":"Visita \u00e0 F\u00e1brica da MED-EL na \u00c1ustria"},"content":{"rendered":"<p><strong>Jovens inventores de todo o mundo se reuniram para encontrar o inventor do primeiro dispositivo capaz de substituir um sentido humano<\/strong><\/p>\n<p>A <a href=\"http:\/\/www.medel.com\/br\">MED-EL<\/a> Medical Electronics, recebeu inventores das solu\u00e7\u00f5es auditivas l\u00edderes mundiais, oito vencedores da competi\u00e7\u00e3o mundial infantil chamada <em>Ideas for Ears<\/em>, na sede da empresa em Innsbruck, na \u00c1ustria. <em>Ideas for Ears<\/em>, o concurso foi lan\u00e7ado no ano passado com o objetivo de encontrar a nova gera\u00e7\u00e3o de inventores da tecnologia auditiva. Premiou-se os vencedores da \u00c1ustria, Brasil, Alemanha, Nova Zel\u00e2ndia, Reino Unido e EUA com a chance de ver em primeira m\u00e3o onde a pesquisa e a produ\u00e7\u00e3o dos implantes.<\/p>\n<p><img loading=\"lazy\" decoding=\"async\" class=\"alignnone size-full wp-image-9304\" src=\"https:\/\/blog.medel.com\/wp-content\/uploads\/2018\/04\/alexandre-batalha-e-os-oito-jovens-inventores.jpg\" alt=\"Alexandre Batalha e os oito jovens inventores\" width=\"1024\" height=\"683\" \/><\/p>\n<p>Alexandre Batalha e os oito jovens inventores<\/p>\n<p>As inven\u00e7\u00f5es vencedoras demonstraram criatividade atrav\u00e9s de v\u00e1rias m\u00eddias, mostraram como poderiam ajudar a melhorar a vida de pessoas com perda auditiva em qualquer idade. A competi\u00e7\u00e3o MED-EL <em>Ideas for Ears<\/em> teve como objetivo inspirar os jovens e educ\u00e1-los sobre a perda auditiva e as comunidades em todo o mundo.<\/p>\n<p>\u201cRecebemos mais inscri\u00e7\u00f5es do que pens\u00e1vamos, ent\u00e3o ficamos extremamente surpresos com o interesse! Os participantes apresentaram conceitos muito criativos e inovadores que foram imaginativos e super legais! Os participantes claramente pensaram sobre os desafios enfrentados por aqueles que vivem com perda auditiva e vieram com excelentes ideias para ajudar. Ficamos ansiosos para receber os vencedores aqui em Innsbruck \u201d, comentou Geoffrey Ball, diretor t\u00e9cnico da MED-EL e inventor do implante de orelha m\u00e9dia <a href=\"http:\/\/www.medel.com\/br\/vibrant-soundbridge\">VIBRANT SOUNDBRIDGE<\/a>.<\/p>\n<p><img loading=\"lazy\" decoding=\"async\" class=\"alignnone size-full wp-image-9311\" src=\"https:\/\/blog.medel.com\/wp-content\/uploads\/2018\/04\/alexandre-batalha-e-geoffrey-ball.jpg\" alt=\"\" width=\"1024\" height=\"683\" \/><\/p>\n<p>Alexandre batalha e o Engenheiro Geoffrey Ball, inventor do VIBRANT SOUNDBRIDGE<\/p>\n<p>&nbsp;<\/p>\n<h2>Vencedor Brasileiro do <em>Ideas for Ears<\/em><\/h2>\n<p>Alexandre Batalha \u00e9 um usu\u00e1rio bilateral de implante coclear. Ele criou v\u00e1rios conceitos inovadores\u00a0 para melhorar e facilitar a vida de pessoas com perda auditiva. Em Innsbruck, Alexandre se reuniu com o cirurgi\u00e3o que realizou sua cirurgia, o professor Rudolph H\u00e4usler e tamb\u00e9m com o colaborador da MED-EL que fez o seu implante coclear. J\u00e1 fazem quase 10 anos que Alexandre recebeu o seu primeiro implante MED-EL, quando o professor H\u00e4usler viajou ao Brasil em 2008. A cirurgia do Alexandre foi a primeira cirurgia de implante coclear realizada no Estado do Amazonas, em Manaus.<\/p>\n<p><img loading=\"lazy\" decoding=\"async\" class=\"alignnone size-full wp-image-9317\" src=\"https:\/\/blog.medel.com\/wp-content\/uploads\/2018\/04\/familia-batalha-e-dr-rudolph-haeusler.jpg\" alt=\"\" width=\"1024\" height=\"683\" \/><\/p>\n<p>Fam\u00edlia Batalha e o Dr. Rudolph H\u00e4usler, m\u00e9dico que realizou a cirurgia de Alexandre em Manaus<\/p>\n<p><img loading=\"lazy\" decoding=\"async\" class=\"alignnone size-full wp-image-9323\" src=\"https:\/\/blog.medel.com\/wp-content\/uploads\/2018\/04\/familia-batalha-e-oliver-marini.jpg\" alt=\"\" width=\"1024\" height=\"683\" \/><\/p>\n<p>Fam\u00edlia Batalha e o colaborador MED-EL Oliver Marini, quem fez os implantes do Alexandre<\/p>\n<p>&nbsp;<\/p>\n<h2><em>Ideas for Ears<\/em> pela Fam\u00edlia Batalha<\/h2>\n<p><em>Ideas for Ears<\/em>, competi\u00e7\u00e3o global que conhecemos em setembro de 2017, desafiando crian\u00e7as de todo o mundo a criar uma inven\u00e7\u00e3o para melhorar a qualidade de vida das pessoas que vivem com perda auditiva. O <em>Ideas for Ears<\/em> teve como objetivo melhorar a compreens\u00e3o das crian\u00e7as sobre os desafios associados \u00e0 perda auditiva e surdez, bem como os benef\u00edcios do tratamento.<\/p>\n<p>Ficamos encantados com a possibilidade do nosso filho Alexandre participar, o chamamos e fomos ler juntos todo o regulamento do concurso, e perguntamos se ele queria fazer sua inscri\u00e7\u00e3o.<\/p>\n<p>Ele aceitou porque era a possibilidade de realizar o sonho de conhecer a f\u00e1brica dos seus implantes cocleares e a cidade de Innsbruck, como pr\u00eamio os vencedores ganhariam uma viagem para Innsbruck, \u00c1ustria, para uma turn\u00ea de inova\u00e7\u00e3o na f\u00e1brica de pesquisa e desenvolvimento da MED-EL e teriam a oportunidade de se reunir com muitos inventores da MED-EL, incluindo os co-fundadores da empresa, Ingeborg e Erwin Hochmair.<\/p>\n<p><img loading=\"lazy\" decoding=\"async\" class=\"alignnone size-full wp-image-9329\" src=\"https:\/\/blog.medel.com\/wp-content\/uploads\/2018\/04\/alexandre-e-a-fundadora-da-med-el-ingeborg.jpg\" alt=\"\" width=\"1024\" height=\"683\" \/><\/p>\n<p>Alexandre e seu pai Francisco com a Fundadora da MED-EL Ingeborg, o Dr. Rudolph H\u00e4usler e sua esposa e tamb\u00e9m a Audilogista Alejandra.<\/p>\n<p>Alexandre n\u00e3o teve dificuldades em criar ideias para o concurso, pois desde muito cedo sempre gostou de inventar e \u00e9 muito curioso.<\/p>\n<p>Pedimos a ele ent\u00e3o que fosse anotando suas ideias para nos mostrar depois e para nossa surpresa ele foi muito r\u00e1pido, uma semana depois apareceu com v\u00e1rias ideias anotadas em seu caderno, entre elas a ideia que foi uma das vencedoras do concurso.<\/p>\n<p>Ele prop\u00f4s que seus implantes fossem totalmente controlados pelo smartphone atrav\u00e9s de aplicativos. E foi mais al\u00e9m, sugeriu a ideia de criar aplicativos com funcionalidades diversas que melhorariam e muito a vida dos implantados. Criou um aplicativo para configura\u00e7\u00f5es personalizadas do implante e at\u00e9 aplicativos que melhorariam a vida de implantados cegos, entre v\u00e1rios outros que criou.<\/p>\n<p>No final de outubro de 2017, recebemos o e-mail informando que ele era uma das oito crian\u00e7as vencedoras, a \u00fanica do Brasil e que as suas ideias eram brilhantes. E quando contamos a ele a not\u00edcia, ele ficou muito feliz, seus olhos brilharam de emo\u00e7\u00e3o e n\u00e3o via a hora de embarcar para Innsbruck.<\/p>\n<p>Ele foi questionado por uma profissional da MED-EL, como se sentia sendo um dos vencedores da competi\u00e7\u00e3o e por que ajudar as pessoas com perda de audi\u00e7\u00e3o!?<\/p>\n<p>Alexandre disse:<\/p>\n<p><em>&#8220;Fiquei muito feliz, foi o melhor presente que eu j\u00e1 ganhei, j\u00e1 que eu sempre sonhei em saber onde o meu implante \u00e9 feito e como eles s\u00e3o fabricados, e j\u00e1 estou com outras inven\u00e7\u00f5es na mala que desejo criar para a MED-EL. Criei esta inven\u00e7\u00e3o para melhorar e facilitar a vida dos deficientes auditivos, de modo que eles tenham a possibilidade de ter uma vida sem limita\u00e7\u00f5es em rela\u00e7\u00e3o \u00e0 sua defici\u00eancia. Estou ansioso para esta viagem especial e conhecer a sede da MED-EL!\u201d.<\/em><\/p>\n<p>&nbsp;<\/p>\n<h2>A Viagem para Innsbruck<\/h2>\n<p>O dia da viagem finalmente chegou, embarcamos dia 31 de mar\u00e7o para Innsbruck, pois t\u00ednhamos compromissos nos dias 03, 04 e 05 de abril com a equipe da MED-EL. Nesse per\u00edodo, ele participou de diversas entrevistas, conheceu a f\u00e1brica e todo o processo de fabrica\u00e7\u00e3o do implante, conheceu tamb\u00e9m a pessoa que fabricou o seu implante, participou da Cerim\u00f4nia de Certifica\u00e7\u00e3o de Inventor, reencontrou com o m\u00e9dico su\u00ed\u00e7o Dr. Rudolf Haeusler, m\u00e9dico que fez a sua primeira cirurgia de implante coclear em 2008, conheceu e participou das atividades no AudioVersum &#8211; ScienceCenter museu interativo da MED-EL e se divertiu bastante com as outras crian\u00e7as vencedoras.<\/p>\n<p><img loading=\"lazy\" decoding=\"async\" class=\"alignnone size-full wp-image-9335\" src=\"https:\/\/blog.medel.com\/wp-content\/uploads\/2018\/04\/familia-batalha-conhecendo-fabricado-implante-coclear.jpg\" alt=\"\" width=\"1024\" height=\"683\" \/><\/p>\n<p>Fam\u00edlia Batalha e os jovens inventores conhecendo como \u00e9 fabricado um implante coclear<\/p>\n<p>Fomos muito bem recebidos pela equipe toda e todos ficaram impressionados com a qualidade das inven\u00e7\u00f5es propostas pelo Alexandre, principalmente Geoffrey Ball, inventor do VIBRANT SOUNDBRIDGE que chegou a comentar que algumas das cria\u00e7\u00f5es poderiam ser desenvolvidas de imediato. Todos ficaram admirados com a sua fala e a desenvoltura pa ra defender o que criou.<\/p>\n<p><img loading=\"lazy\" decoding=\"async\" class=\"alignnone size-full wp-image-9342\" src=\"https:\/\/blog.medel.com\/wp-content\/uploads\/2018\/04\/familia-batalha-na-med-el.jpg\" alt=\"\" width=\"1024\" height=\"683\" \/><\/p>\n<p>A viagem foi maravilhosa e aproveitamos para conhecer os pontos tur\u00edsticos e a cultura local. Alexandre ficou maravilhado com a neve, e com tudo o que viu em Innsbruck. N\u00e3o para de comentar sobre a viagem e diz que quer mudar para Innsbruck para estudar e trabalhar na MED-EL propondo inova\u00e7\u00f5es para seus implantes.<\/p>\n<p>Fam\u00edlia Batalha.<\/p>\n<p>&nbsp;<\/p>\n<h2>Sobre a MED-EL<\/h2>\n<p>A MED-EL Medical Electronics, l\u00edder em solu\u00e7\u00f5es auditivas implant\u00e1veis, \u00e9 impulsionada por uma miss\u00e3o que \u00e9 de superar a perda auditiva como uma barreira \u00e0 comunica\u00e7\u00e3o. A empresa de propriedade privada com sede na \u00c1ustria foi co-fundada pelos pioneiros da ind\u00fastria Ingeborg e Erwin Hochmair, cuja pesquisa inovadora levou ao desenvolvimento do primeiro implante coclear multicanal (IC) do mundo, que foi implantado com sucesso em 1977 e foi a base para o que hoje \u00e9 conhecido como o IC moderno. Isso lan\u00e7ou as bases para o crescimento bem-sucedido da empresa em 1990, quando eles contrataram o primeiro funcion\u00e1rios. At\u00e9 o momento, a MED-EL cresceu para mais de 1.900 funcion\u00e1rios e 30 subsidi\u00e1rias em todo o mundo.<\/p>\n<p>A empresa oferece a mais ampla gama de solu\u00e7\u00f5es implant\u00e1veis e n\u00e3o implant\u00e1veis para tratar todos os tipos de perda auditiva, permitindo que pessoas em 121 pa\u00edses aproveitem a audi\u00e7\u00e3o com a ajuda de um dispositivo MED-EL. As solu\u00e7\u00f5es auditivas da MED-EL incluem sistemas de implante coclear, de orelha m\u00e9dia, um sistema combinado de implante auditivo de estimula\u00e7\u00e3o el\u00e9trica ac\u00fastica, implantes auditivos de tronco encef\u00e1lico, bem como dispositivos cir\u00fargicos e n\u00e3o cir\u00fargicos de condu\u00e7\u00e3o \u00f3ssea.<\/p>\n<p>&nbsp;<\/p>\n","protected":false},"excerpt":{"rendered":"<p>Jovens inventores de todo o mundo se reuniram para encontrar o inventor do primeiro dispositivo capaz de substituir um sentido humano A MED-EL Medical Electronics, recebeu inventores das solu\u00e7\u00f5es auditivas l\u00edderes mundiais, oito vencedores da competi\u00e7\u00e3o mundial infantil chamada Ideas for Ears, na sede da empresa em Innsbruck, na \u00c1ustria. Ideas for Ears, o concurso [&hellip;]<\/p>\n","protected":false},"author":8,"featured_media":28825,"comment_status":"open","ping_status":"open","sticky":false,"template":"","format":"standard","meta":{"footnotes":""},"categories":[3093],"tags":[3094,3834,3823,3850],"class_list":["post-45901","post","type-post","status-publish","format-standard","has-post-thumbnail","hentry","category-historias-de-usuarios","tag-crianca","tag-crianca-com-perda-auditiva-ptbr","tag-implante-auditivo","tag-implante-coclear-ptbr"],"yoast_head":"<!-- This site is optimized with the Yoast SEO plugin v27.4 - https:\/\/yoast.com\/product\/yoast-seo-wordpress\/ -->\n<title>Visita \u00e0 F\u00e1brica da MED-EL na \u00c1ustria - The MED-EL Blog<\/title>\n<meta name=\"robots\" content=\"index, follow, max-snippet:-1, max-image-preview:large, max-video-preview:-1\" \/>\n<link rel=\"canonical\" href=\"https:\/\/blog.medel.com\/pt-br\/historias-de-usuarios\/visita-a-fabrica-da-med-el-na-austria\/\" \/>\n<meta property=\"og:locale\" content=\"pt_BR\" \/>\n<meta property=\"og:type\" content=\"article\" \/>\n<meta property=\"og:title\" content=\"Visita \u00e0 F\u00e1brica da MED-EL na \u00c1ustria - The MED-EL Blog\" \/>\n<meta property=\"og:description\" content=\"Jovens inventores de todo o mundo se reuniram para encontrar o inventor do primeiro dispositivo capaz de substituir um sentido humano A MED-EL Medical Electronics, recebeu inventores das solu\u00e7\u00f5es auditivas l\u00edderes mundiais, oito vencedores da competi\u00e7\u00e3o mundial infantil chamada Ideas for Ears, na sede da empresa em Innsbruck, na \u00c1ustria. Ideas for Ears, o concurso [&hellip;]\" \/>\n<meta property=\"og:url\" content=\"https:\/\/blog.medel.com\/pt-br\/historias-de-usuarios\/visita-a-fabrica-da-med-el-na-austria\/\" \/>\n<meta property=\"og:site_name\" content=\"The MED-EL Blog\" \/>\n<meta property=\"article:published_time\" content=\"2018-04-20T12:58:30+00:00\" \/>\n<meta property=\"article:modified_time\" content=\"2023-12-04T13:52:01+00:00\" \/>\n<meta property=\"og:image\" content=\"https:\/\/blog.medel.com\/wp-content\/uploads\/2023\/02\/alexandre-batalha-e-geoffrey-ball.jpg\" \/>\n\t<meta property=\"og:image:width\" content=\"1024\" \/>\n\t<meta property=\"og:image:height\" content=\"683\" \/>\n\t<meta property=\"og:image:type\" content=\"image\/jpeg\" \/>\n<meta name=\"author\" content=\"MED-EL\" \/>\n<meta name=\"twitter:card\" content=\"summary_large_image\" \/>\n<meta name=\"twitter:label1\" content=\"Escrito por\" \/>\n\t<meta name=\"twitter:data1\" content=\"MED-EL\" \/>\n\t<meta name=\"twitter:label2\" content=\"Est. tempo de leitura\" \/>\n\t<meta name=\"twitter:data2\" content=\"7 minutos\" \/>\n<script type=\"application\/ld+json\" class=\"yoast-schema-graph\">{\"@context\":\"https:\\\/\\\/schema.org\",\"@graph\":[{\"@type\":\"Article\",\"@id\":\"https:\\\/\\\/blog.medel.com\\\/pt-br\\\/historias-de-usuarios\\\/visita-a-fabrica-da-med-el-na-austria\\\/#article\",\"isPartOf\":{\"@id\":\"https:\\\/\\\/blog.medel.com\\\/pt-br\\\/historias-de-usuarios\\\/visita-a-fabrica-da-med-el-na-austria\\\/\"},\"author\":{\"name\":\"MED-EL\",\"@id\":\"https:\\\/\\\/blog.medel.com\\\/nl\\\/#\\\/schema\\\/person\\\/9f8dcfb27ec87796d874e021602c56e2\"},\"headline\":\"Visita \u00e0 F\u00e1brica da MED-EL na \u00c1ustria\",\"datePublished\":\"2018-04-20T12:58:30+00:00\",\"dateModified\":\"2023-12-04T13:52:01+00:00\",\"mainEntityOfPage\":{\"@id\":\"https:\\\/\\\/blog.medel.com\\\/pt-br\\\/historias-de-usuarios\\\/visita-a-fabrica-da-med-el-na-austria\\\/\"},\"wordCount\":1374,\"commentCount\":0,\"publisher\":{\"@id\":\"https:\\\/\\\/blog.medel.com\\\/nl\\\/#organization\"},\"image\":{\"@id\":\"https:\\\/\\\/blog.medel.com\\\/pt-br\\\/historias-de-usuarios\\\/visita-a-fabrica-da-med-el-na-austria\\\/#primaryimage\"},\"thumbnailUrl\":\"https:\\\/\\\/blog.medel.com\\\/wp-content\\\/uploads\\\/2023\\\/02\\\/alexandre-batalha-e-geoffrey-ball.jpg\",\"keywords\":[\"crian\u00e7a\",\"Crian\u00e7a Com Perda Auditiva\",\"Implante Auditivo\",\"Implante Coclear\"],\"articleSection\":[\"Hist\u00f3rias de Usu\u00e1rios\"],\"inLanguage\":\"pt-BR\",\"potentialAction\":[{\"@type\":\"CommentAction\",\"name\":\"Comment\",\"target\":[\"https:\\\/\\\/blog.medel.com\\\/pt-br\\\/historias-de-usuarios\\\/visita-a-fabrica-da-med-el-na-austria\\\/#respond\"]}]},{\"@type\":\"WebPage\",\"@id\":\"https:\\\/\\\/blog.medel.com\\\/pt-br\\\/historias-de-usuarios\\\/visita-a-fabrica-da-med-el-na-austria\\\/\",\"url\":\"https:\\\/\\\/blog.medel.com\\\/pt-br\\\/historias-de-usuarios\\\/visita-a-fabrica-da-med-el-na-austria\\\/\",\"name\":\"Visita \u00e0 F\u00e1brica da MED-EL na \u00c1ustria - The MED-EL Blog\",\"isPartOf\":{\"@id\":\"https:\\\/\\\/blog.medel.com\\\/nl\\\/#website\"},\"primaryImageOfPage\":{\"@id\":\"https:\\\/\\\/blog.medel.com\\\/pt-br\\\/historias-de-usuarios\\\/visita-a-fabrica-da-med-el-na-austria\\\/#primaryimage\"},\"image\":{\"@id\":\"https:\\\/\\\/blog.medel.com\\\/pt-br\\\/historias-de-usuarios\\\/visita-a-fabrica-da-med-el-na-austria\\\/#primaryimage\"},\"thumbnailUrl\":\"https:\\\/\\\/blog.medel.com\\\/wp-content\\\/uploads\\\/2023\\\/02\\\/alexandre-batalha-e-geoffrey-ball.jpg\",\"datePublished\":\"2018-04-20T12:58:30+00:00\",\"dateModified\":\"2023-12-04T13:52:01+00:00\",\"breadcrumb\":{\"@id\":\"https:\\\/\\\/blog.medel.com\\\/pt-br\\\/historias-de-usuarios\\\/visita-a-fabrica-da-med-el-na-austria\\\/#breadcrumb\"},\"inLanguage\":\"pt-BR\",\"potentialAction\":[{\"@type\":\"ReadAction\",\"target\":[\"https:\\\/\\\/blog.medel.com\\\/pt-br\\\/historias-de-usuarios\\\/visita-a-fabrica-da-med-el-na-austria\\\/\"]}]},{\"@type\":\"ImageObject\",\"inLanguage\":\"pt-BR\",\"@id\":\"https:\\\/\\\/blog.medel.com\\\/pt-br\\\/historias-de-usuarios\\\/visita-a-fabrica-da-med-el-na-austria\\\/#primaryimage\",\"url\":\"https:\\\/\\\/blog.medel.com\\\/wp-content\\\/uploads\\\/2023\\\/02\\\/alexandre-batalha-e-geoffrey-ball.jpg\",\"contentUrl\":\"https:\\\/\\\/blog.medel.com\\\/wp-content\\\/uploads\\\/2023\\\/02\\\/alexandre-batalha-e-geoffrey-ball.jpg\",\"width\":\"1024\",\"height\":\"683\"},{\"@type\":\"BreadcrumbList\",\"@id\":\"https:\\\/\\\/blog.medel.com\\\/pt-br\\\/historias-de-usuarios\\\/visita-a-fabrica-da-med-el-na-austria\\\/#breadcrumb\",\"itemListElement\":[{\"@type\":\"ListItem\",\"position\":1,\"name\":\"Home\",\"item\":\"https:\\\/\\\/blog.medel.com\\\/pt-br\\\/\"},{\"@type\":\"ListItem\",\"position\":2,\"name\":\"Visita \u00e0 F\u00e1brica da MED-EL na \u00c1ustria\"}]},{\"@type\":\"WebSite\",\"@id\":\"https:\\\/\\\/blog.medel.com\\\/nl\\\/#website\",\"url\":\"https:\\\/\\\/blog.medel.com\\\/nl\\\/\",\"name\":\"The MED-EL Blog\",\"description\":\"\",\"publisher\":{\"@id\":\"https:\\\/\\\/blog.medel.com\\\/nl\\\/#organization\"},\"potentialAction\":[{\"@type\":\"SearchAction\",\"target\":{\"@type\":\"EntryPoint\",\"urlTemplate\":\"https:\\\/\\\/blog.medel.com\\\/nl\\\/?s={search_term_string}\"},\"query-input\":{\"@type\":\"PropertyValueSpecification\",\"valueRequired\":true,\"valueName\":\"search_term_string\"}}],\"inLanguage\":\"pt-BR\"},{\"@type\":\"Organization\",\"@id\":\"https:\\\/\\\/blog.medel.com\\\/nl\\\/#organization\",\"name\":\"The MED-EL Blog\",\"url\":\"https:\\\/\\\/blog.medel.com\\\/nl\\\/\",\"logo\":{\"@type\":\"ImageObject\",\"inLanguage\":\"pt-BR\",\"@id\":\"https:\\\/\\\/blog.medel.com\\\/nl\\\/#\\\/schema\\\/logo\\\/image\\\/\",\"url\":\"https:\\\/\\\/blog.medel.com\\\/wp-content\\\/uploads\\\/2023\\\/02\\\/MED-EL_logo_L2.png\",\"contentUrl\":\"https:\\\/\\\/blog.medel.com\\\/wp-content\\\/uploads\\\/2023\\\/02\\\/MED-EL_logo_L2.png\",\"width\":443,\"height\":200,\"caption\":\"The MED-EL Blog\"},\"image\":{\"@id\":\"https:\\\/\\\/blog.medel.com\\\/nl\\\/#\\\/schema\\\/logo\\\/image\\\/\"}},{\"@type\":\"Person\",\"@id\":\"https:\\\/\\\/blog.medel.com\\\/nl\\\/#\\\/schema\\\/person\\\/9f8dcfb27ec87796d874e021602c56e2\",\"name\":\"MED-EL\",\"sameAs\":[\"https:\\\/\\\/www.medel.com\"]}]}<\/script>\n<!-- \/ Yoast SEO plugin. -->","yoast_head_json":{"title":"Visita \u00e0 F\u00e1brica da MED-EL na \u00c1ustria - The MED-EL Blog","robots":{"index":"index","follow":"follow","max-snippet":"max-snippet:-1","max-image-preview":"max-image-preview:large","max-video-preview":"max-video-preview:-1"},"canonical":"https:\/\/blog.medel.com\/pt-br\/historias-de-usuarios\/visita-a-fabrica-da-med-el-na-austria\/","og_locale":"pt_BR","og_type":"article","og_title":"Visita \u00e0 F\u00e1brica da MED-EL na \u00c1ustria - The MED-EL Blog","og_description":"Jovens inventores de todo o mundo se reuniram para encontrar o inventor do primeiro dispositivo capaz de substituir um sentido humano A MED-EL Medical Electronics, recebeu inventores das solu\u00e7\u00f5es auditivas l\u00edderes mundiais, oito vencedores da competi\u00e7\u00e3o mundial infantil chamada Ideas for Ears, na sede da empresa em Innsbruck, na \u00c1ustria. Ideas for Ears, o concurso [&hellip;]","og_url":"https:\/\/blog.medel.com\/pt-br\/historias-de-usuarios\/visita-a-fabrica-da-med-el-na-austria\/","og_site_name":"The MED-EL Blog","article_published_time":"2018-04-20T12:58:30+00:00","article_modified_time":"2023-12-04T13:52:01+00:00","og_image":[{"width":1024,"height":683,"url":"https:\/\/blog.medel.com\/wp-content\/uploads\/2023\/02\/alexandre-batalha-e-geoffrey-ball.jpg","type":"image\/jpeg"}],"author":"MED-EL","twitter_card":"summary_large_image","twitter_misc":{"Escrito por":"MED-EL","Est. tempo de leitura":"7 minutos"},"schema":{"@context":"https:\/\/schema.org","@graph":[{"@type":"Article","@id":"https:\/\/blog.medel.com\/pt-br\/historias-de-usuarios\/visita-a-fabrica-da-med-el-na-austria\/#article","isPartOf":{"@id":"https:\/\/blog.medel.com\/pt-br\/historias-de-usuarios\/visita-a-fabrica-da-med-el-na-austria\/"},"author":{"name":"MED-EL","@id":"https:\/\/blog.medel.com\/nl\/#\/schema\/person\/9f8dcfb27ec87796d874e021602c56e2"},"headline":"Visita \u00e0 F\u00e1brica da MED-EL na \u00c1ustria","datePublished":"2018-04-20T12:58:30+00:00","dateModified":"2023-12-04T13:52:01+00:00","mainEntityOfPage":{"@id":"https:\/\/blog.medel.com\/pt-br\/historias-de-usuarios\/visita-a-fabrica-da-med-el-na-austria\/"},"wordCount":1374,"commentCount":0,"publisher":{"@id":"https:\/\/blog.medel.com\/nl\/#organization"},"image":{"@id":"https:\/\/blog.medel.com\/pt-br\/historias-de-usuarios\/visita-a-fabrica-da-med-el-na-austria\/#primaryimage"},"thumbnailUrl":"https:\/\/blog.medel.com\/wp-content\/uploads\/2023\/02\/alexandre-batalha-e-geoffrey-ball.jpg","keywords":["crian\u00e7a","Crian\u00e7a Com Perda Auditiva","Implante Auditivo","Implante Coclear"],"articleSection":["Hist\u00f3rias de Usu\u00e1rios"],"inLanguage":"pt-BR","potentialAction":[{"@type":"CommentAction","name":"Comment","target":["https:\/\/blog.medel.com\/pt-br\/historias-de-usuarios\/visita-a-fabrica-da-med-el-na-austria\/#respond"]}]},{"@type":"WebPage","@id":"https:\/\/blog.medel.com\/pt-br\/historias-de-usuarios\/visita-a-fabrica-da-med-el-na-austria\/","url":"https:\/\/blog.medel.com\/pt-br\/historias-de-usuarios\/visita-a-fabrica-da-med-el-na-austria\/","name":"Visita \u00e0 F\u00e1brica da MED-EL na \u00c1ustria - The MED-EL Blog","isPartOf":{"@id":"https:\/\/blog.medel.com\/nl\/#website"},"primaryImageOfPage":{"@id":"https:\/\/blog.medel.com\/pt-br\/historias-de-usuarios\/visita-a-fabrica-da-med-el-na-austria\/#primaryimage"},"image":{"@id":"https:\/\/blog.medel.com\/pt-br\/historias-de-usuarios\/visita-a-fabrica-da-med-el-na-austria\/#primaryimage"},"thumbnailUrl":"https:\/\/blog.medel.com\/wp-content\/uploads\/2023\/02\/alexandre-batalha-e-geoffrey-ball.jpg","datePublished":"2018-04-20T12:58:30+00:00","dateModified":"2023-12-04T13:52:01+00:00","breadcrumb":{"@id":"https:\/\/blog.medel.com\/pt-br\/historias-de-usuarios\/visita-a-fabrica-da-med-el-na-austria\/#breadcrumb"},"inLanguage":"pt-BR","potentialAction":[{"@type":"ReadAction","target":["https:\/\/blog.medel.com\/pt-br\/historias-de-usuarios\/visita-a-fabrica-da-med-el-na-austria\/"]}]},{"@type":"ImageObject","inLanguage":"pt-BR","@id":"https:\/\/blog.medel.com\/pt-br\/historias-de-usuarios\/visita-a-fabrica-da-med-el-na-austria\/#primaryimage","url":"https:\/\/blog.medel.com\/wp-content\/uploads\/2023\/02\/alexandre-batalha-e-geoffrey-ball.jpg","contentUrl":"https:\/\/blog.medel.com\/wp-content\/uploads\/2023\/02\/alexandre-batalha-e-geoffrey-ball.jpg","width":"1024","height":"683"},{"@type":"BreadcrumbList","@id":"https:\/\/blog.medel.com\/pt-br\/historias-de-usuarios\/visita-a-fabrica-da-med-el-na-austria\/#breadcrumb","itemListElement":[{"@type":"ListItem","position":1,"name":"Home","item":"https:\/\/blog.medel.com\/pt-br\/"},{"@type":"ListItem","position":2,"name":"Visita \u00e0 F\u00e1brica da MED-EL na \u00c1ustria"}]},{"@type":"WebSite","@id":"https:\/\/blog.medel.com\/nl\/#website","url":"https:\/\/blog.medel.com\/nl\/","name":"The MED-EL Blog","description":"","publisher":{"@id":"https:\/\/blog.medel.com\/nl\/#organization"},"potentialAction":[{"@type":"SearchAction","target":{"@type":"EntryPoint","urlTemplate":"https:\/\/blog.medel.com\/nl\/?s={search_term_string}"},"query-input":{"@type":"PropertyValueSpecification","valueRequired":true,"valueName":"search_term_string"}}],"inLanguage":"pt-BR"},{"@type":"Organization","@id":"https:\/\/blog.medel.com\/nl\/#organization","name":"The MED-EL Blog","url":"https:\/\/blog.medel.com\/nl\/","logo":{"@type":"ImageObject","inLanguage":"pt-BR","@id":"https:\/\/blog.medel.com\/nl\/#\/schema\/logo\/image\/","url":"https:\/\/blog.medel.com\/wp-content\/uploads\/2023\/02\/MED-EL_logo_L2.png","contentUrl":"https:\/\/blog.medel.com\/wp-content\/uploads\/2023\/02\/MED-EL_logo_L2.png","width":443,"height":200,"caption":"The MED-EL Blog"},"image":{"@id":"https:\/\/blog.medel.com\/nl\/#\/schema\/logo\/image\/"}},{"@type":"Person","@id":"https:\/\/blog.medel.com\/nl\/#\/schema\/person\/9f8dcfb27ec87796d874e021602c56e2","name":"MED-EL","sameAs":["https:\/\/www.medel.com"]}]}},"_links":{"self":[{"href":"https:\/\/blog.medel.com\/pt-br\/wp-json\/wp\/v2\/posts\/45901","targetHints":{"allow":["GET"]}}],"collection":[{"href":"https:\/\/blog.medel.com\/pt-br\/wp-json\/wp\/v2\/posts"}],"about":[{"href":"https:\/\/blog.medel.com\/pt-br\/wp-json\/wp\/v2\/types\/post"}],"author":[{"embeddable":true,"href":"https:\/\/blog.medel.com\/pt-br\/wp-json\/wp\/v2\/users\/8"}],"replies":[{"embeddable":true,"href":"https:\/\/blog.medel.com\/pt-br\/wp-json\/wp\/v2\/comments?post=45901"}],"version-history":[{"count":2,"href":"https:\/\/blog.medel.com\/pt-br\/wp-json\/wp\/v2\/posts\/45901\/revisions"}],"predecessor-version":[{"id":48434,"href":"https:\/\/blog.medel.com\/pt-br\/wp-json\/wp\/v2\/posts\/45901\/revisions\/48434"}],"wp:featuredmedia":[{"embeddable":true,"href":"https:\/\/blog.medel.com\/pt-br\/wp-json\/wp\/v2\/media\/28825"}],"wp:attachment":[{"href":"https:\/\/blog.medel.com\/pt-br\/wp-json\/wp\/v2\/media?parent=45901"}],"wp:term":[{"taxonomy":"category","embeddable":true,"href":"https:\/\/blog.medel.com\/pt-br\/wp-json\/wp\/v2\/categories?post=45901"},{"taxonomy":"post_tag","embeddable":true,"href":"https:\/\/blog.medel.com\/pt-br\/wp-json\/wp\/v2\/tags?post=45901"}],"curies":[{"name":"wp","href":"https:\/\/api.w.org\/{rel}","templated":true}]}}