{"id":78810,"date":"2023-10-18T08:00:01","date_gmt":"2023-10-18T06:00:01","guid":{"rendered":"https:\/\/blog.medel.com\/uncategorized-latam\/cochlear-implant-individualization-with-otoplan\/"},"modified":"2023-10-20T22:38:27","modified_gmt":"2023-10-20T20:38:27","slug":"cochlear-implant-individualization-with-otoplan","status":"publish","type":"post","link":"https:\/\/blog.medel.com\/latam\/tecnologia-latam\/cochlear-implant-individualization-with-otoplan\/","title":{"rendered":"Individualizaci\u00f3n de implantes cocleares con OTOPLAN"},"content":{"rendered":"","protected":false},"excerpt":{"rendered":"<p>Hay c\u00f3cleas de todas las formas y tama\u00f1os, y con el software OTOPLAN, su cirujano puede seleccionar la gu\u00eda de electrodos adecuada para su c\u00f3clea. De esta forma, su implante coclear le acercar\u00e1 a la audici\u00f3n natural. OTOPLAN, en combinaci\u00f3n con la amplia gama de gu\u00edas de electrodos de MED-EL, hace posible la individualizaci\u00f3n del implante coclear.<\/p>\n","protected":false},"author":11,"featured_media":78233,"comment_status":"open","ping_status":"closed","sticky":false,"template":"","format":"standard","meta":{"footnotes":""},"categories":[3362],"tags":[3798],"class_list":["post-78810","post","type-post","status-publish","format-standard","has-post-thumbnail","hentry","category-tecnologia-latam","tag-otoplan-latam"],"yoast_head":"<!-- This site is optimized with the Yoast SEO plugin v27.4 - https:\/\/yoast.com\/product\/yoast-seo-wordpress\/ -->\n<title>Individualizaci\u00f3n de implantes cocleares con OTOPLAN - The MED-EL Blog<\/title>\n<meta name=\"description\" content=\"Cada c\u00f3clea es \u00fanica, por lo que su implante coclear tambi\u00e9n debe serlo. Cuanto m\u00e1s se acerque la longitud de la gu\u00eda de electrodos de su implante coclear a la longitud de su c\u00f3clea individual, m\u00e1s cerca estar\u00e1 de una audici\u00f3n natural. MED-EL ofrece una amplia gama de gu\u00edas de electrodos, para que pueda tener el implante coclear adecuado para su c\u00f3clea \u00fanica.\" \/>\n<meta name=\"robots\" content=\"index, follow, max-snippet:-1, max-image-preview:large, max-video-preview:-1\" \/>\n<link rel=\"canonical\" href=\"https:\/\/blog.medel.com\/latam\/tecnologia-latam\/cochlear-implant-individualization-with-otoplan\/\" \/>\n<meta property=\"og:locale\" content=\"es_ES\" \/>\n<meta property=\"og:type\" content=\"article\" \/>\n<meta property=\"og:title\" content=\"Individualizaci\u00f3n de implantes cocleares con OTOPLAN - The MED-EL Blog\" \/>\n<meta property=\"og:description\" content=\"Cada c\u00f3clea es \u00fanica, por lo que su implante coclear tambi\u00e9n debe serlo. Cuanto m\u00e1s se acerque la longitud de la gu\u00eda de electrodos de su implante coclear a la longitud de su c\u00f3clea individual, m\u00e1s cerca estar\u00e1 de una audici\u00f3n natural. MED-EL ofrece una amplia gama de gu\u00edas de electrodos, para que pueda tener el implante coclear adecuado para su c\u00f3clea \u00fanica.\" \/>\n<meta property=\"og:url\" content=\"https:\/\/blog.medel.com\/latam\/tecnologia-latam\/cochlear-implant-individualization-with-otoplan\/\" \/>\n<meta property=\"og:site_name\" content=\"The MED-EL Blog\" \/>\n<meta property=\"article:published_time\" content=\"2023-10-18T06:00:01+00:00\" \/>\n<meta property=\"article:modified_time\" content=\"2023-10-20T20:38:27+00:00\" \/>\n<meta property=\"og:image\" content=\"https:\/\/blog.medel.com\/wp-content\/uploads\/2023\/09\/Electrode-Array.jpg\" \/>\n\t<meta property=\"og:image:width\" content=\"1600\" \/>\n\t<meta property=\"og:image:height\" content=\"1000\" \/>\n\t<meta property=\"og:image:type\" content=\"image\/jpeg\" \/>\n<meta name=\"author\" content=\"Malorie Ausserdorfer\" \/>\n<meta name=\"twitter:card\" content=\"summary_large_image\" \/>\n<meta name=\"twitter:label1\" content=\"Written by\" \/>\n\t<meta name=\"twitter:data1\" content=\"Malorie Ausserdorfer\" \/>\n<script type=\"application\/ld+json\" class=\"yoast-schema-graph\">{\"@context\":\"https:\\\/\\\/schema.org\",\"@graph\":[{\"@type\":\"Article\",\"@id\":\"https:\\\/\\\/blog.medel.com\\\/latam\\\/tecnologia-latam\\\/cochlear-implant-individualization-with-otoplan\\\/#article\",\"isPartOf\":{\"@id\":\"https:\\\/\\\/blog.medel.com\\\/latam\\\/tecnologia-latam\\\/cochlear-implant-individualization-with-otoplan\\\/\"},\"author\":{\"name\":\"Malorie Ausserdorfer\",\"@id\":\"https:\\\/\\\/blog.medel.com\\\/de\\\/#\\\/schema\\\/person\\\/6faf146249ac10031a0a990a156cf629\"},\"headline\":\"Individualizaci\u00f3n de implantes cocleares con OTOPLAN\",\"datePublished\":\"2023-10-18T06:00:01+00:00\",\"dateModified\":\"2023-10-20T20:38:27+00:00\",\"mainEntityOfPage\":{\"@id\":\"https:\\\/\\\/blog.medel.com\\\/latam\\\/tecnologia-latam\\\/cochlear-implant-individualization-with-otoplan\\\/\"},\"wordCount\":7,\"commentCount\":0,\"publisher\":{\"@id\":\"https:\\\/\\\/blog.medel.com\\\/de\\\/#organization\"},\"image\":{\"@id\":\"https:\\\/\\\/blog.medel.com\\\/latam\\\/tecnologia-latam\\\/cochlear-implant-individualization-with-otoplan\\\/#primaryimage\"},\"thumbnailUrl\":\"https:\\\/\\\/blog.medel.com\\\/wp-content\\\/uploads\\\/2023\\\/09\\\/Electrode-Array.jpg\",\"keywords\":[\"OTOPLAN\"],\"articleSection\":[\"TECNOLOG\u00cdA\"],\"inLanguage\":\"es\",\"potentialAction\":[{\"@type\":\"CommentAction\",\"name\":\"Comment\",\"target\":[\"https:\\\/\\\/blog.medel.com\\\/latam\\\/tecnologia-latam\\\/cochlear-implant-individualization-with-otoplan\\\/#respond\"]}]},{\"@type\":\"WebPage\",\"@id\":\"https:\\\/\\\/blog.medel.com\\\/latam\\\/tecnologia-latam\\\/cochlear-implant-individualization-with-otoplan\\\/\",\"url\":\"https:\\\/\\\/blog.medel.com\\\/latam\\\/tecnologia-latam\\\/cochlear-implant-individualization-with-otoplan\\\/\",\"name\":\"Individualizaci\u00f3n de implantes cocleares con OTOPLAN - The MED-EL Blog\",\"isPartOf\":{\"@id\":\"https:\\\/\\\/blog.medel.com\\\/de\\\/#website\"},\"primaryImageOfPage\":{\"@id\":\"https:\\\/\\\/blog.medel.com\\\/latam\\\/tecnologia-latam\\\/cochlear-implant-individualization-with-otoplan\\\/#primaryimage\"},\"image\":{\"@id\":\"https:\\\/\\\/blog.medel.com\\\/latam\\\/tecnologia-latam\\\/cochlear-implant-individualization-with-otoplan\\\/#primaryimage\"},\"thumbnailUrl\":\"https:\\\/\\\/blog.medel.com\\\/wp-content\\\/uploads\\\/2023\\\/09\\\/Electrode-Array.jpg\",\"datePublished\":\"2023-10-18T06:00:01+00:00\",\"dateModified\":\"2023-10-20T20:38:27+00:00\",\"description\":\"Cada c\u00f3clea es \u00fanica, por lo que su implante coclear tambi\u00e9n debe serlo. Cuanto m\u00e1s se acerque la longitud de la gu\u00eda de electrodos de su implante coclear a la longitud de su c\u00f3clea individual, m\u00e1s cerca estar\u00e1 de una audici\u00f3n natural. MED-EL ofrece una amplia gama de gu\u00edas de electrodos, para que pueda tener el implante coclear adecuado para su c\u00f3clea \u00fanica.\",\"breadcrumb\":{\"@id\":\"https:\\\/\\\/blog.medel.com\\\/latam\\\/tecnologia-latam\\\/cochlear-implant-individualization-with-otoplan\\\/#breadcrumb\"},\"inLanguage\":\"es\",\"potentialAction\":[{\"@type\":\"ReadAction\",\"target\":[\"https:\\\/\\\/blog.medel.com\\\/latam\\\/tecnologia-latam\\\/cochlear-implant-individualization-with-otoplan\\\/\"]}]},{\"@type\":\"ImageObject\",\"inLanguage\":\"es\",\"@id\":\"https:\\\/\\\/blog.medel.com\\\/latam\\\/tecnologia-latam\\\/cochlear-implant-individualization-with-otoplan\\\/#primaryimage\",\"url\":\"https:\\\/\\\/blog.medel.com\\\/wp-content\\\/uploads\\\/2023\\\/09\\\/Electrode-Array.jpg\",\"contentUrl\":\"https:\\\/\\\/blog.medel.com\\\/wp-content\\\/uploads\\\/2023\\\/09\\\/Electrode-Array.jpg\",\"width\":1600,\"height\":1000,\"caption\":\"Cada c\u00f3clea es \u00fanica, por lo que su implante coclear tambi\u00e9n debe serlo. Cuanto m\u00e1s se acerque la longitud de la gu\u00eda de electrodos de su implante coclear a la longitud de su c\u00f3clea individual, m\u00e1s cerca estar\u00e1 de una audici\u00f3n natural. MED-EL ofrece una amplia gama de gu\u00edas de electrodos, para que pueda tener el implante coclear adecuado para su c\u00f3clea \u00fanica.\"},{\"@type\":\"BreadcrumbList\",\"@id\":\"https:\\\/\\\/blog.medel.com\\\/latam\\\/tecnologia-latam\\\/cochlear-implant-individualization-with-otoplan\\\/#breadcrumb\",\"itemListElement\":[{\"@type\":\"ListItem\",\"position\":1,\"name\":\"Home\",\"item\":\"https:\\\/\\\/blog.medel.com\\\/latam\\\/\"},{\"@type\":\"ListItem\",\"position\":2,\"name\":\"Individualizaci\u00f3n de implantes cocleares con OTOPLAN\"}]},{\"@type\":\"WebSite\",\"@id\":\"https:\\\/\\\/blog.medel.com\\\/de\\\/#website\",\"url\":\"https:\\\/\\\/blog.medel.com\\\/de\\\/\",\"name\":\"The MED-EL Blog\",\"description\":\"\",\"publisher\":{\"@id\":\"https:\\\/\\\/blog.medel.com\\\/de\\\/#organization\"},\"potentialAction\":[{\"@type\":\"SearchAction\",\"target\":{\"@type\":\"EntryPoint\",\"urlTemplate\":\"https:\\\/\\\/blog.medel.com\\\/de\\\/?s={search_term_string}\"},\"query-input\":{\"@type\":\"PropertyValueSpecification\",\"valueRequired\":true,\"valueName\":\"search_term_string\"}}],\"inLanguage\":\"es\"},{\"@type\":\"Organization\",\"@id\":\"https:\\\/\\\/blog.medel.com\\\/de\\\/#organization\",\"name\":\"The MED-EL Blog\",\"url\":\"https:\\\/\\\/blog.medel.com\\\/de\\\/\",\"logo\":{\"@type\":\"ImageObject\",\"inLanguage\":\"es\",\"@id\":\"https:\\\/\\\/blog.medel.com\\\/de\\\/#\\\/schema\\\/logo\\\/image\\\/\",\"url\":\"https:\\\/\\\/blog.medel.com\\\/wp-content\\\/uploads\\\/2023\\\/02\\\/MED-EL_logo_L2.png\",\"contentUrl\":\"https:\\\/\\\/blog.medel.com\\\/wp-content\\\/uploads\\\/2023\\\/02\\\/MED-EL_logo_L2.png\",\"width\":443,\"height\":200,\"caption\":\"The MED-EL Blog\"},\"image\":{\"@id\":\"https:\\\/\\\/blog.medel.com\\\/de\\\/#\\\/schema\\\/logo\\\/image\\\/\"}},{\"@type\":\"Person\",\"@id\":\"https:\\\/\\\/blog.medel.com\\\/de\\\/#\\\/schema\\\/person\\\/6faf146249ac10031a0a990a156cf629\",\"name\":\"Malorie Ausserdorfer\"}]}<\/script>\n<!-- \/ Yoast SEO plugin. -->","yoast_head_json":{"title":"Individualizaci\u00f3n de implantes cocleares con OTOPLAN - The MED-EL Blog","description":"Cada c\u00f3clea es \u00fanica, por lo que su implante coclear tambi\u00e9n debe serlo. Cuanto m\u00e1s se acerque la longitud de la gu\u00eda de electrodos de su implante coclear a la longitud de su c\u00f3clea individual, m\u00e1s cerca estar\u00e1 de una audici\u00f3n natural. MED-EL ofrece una amplia gama de gu\u00edas de electrodos, para que pueda tener el implante coclear adecuado para su c\u00f3clea \u00fanica.","robots":{"index":"index","follow":"follow","max-snippet":"max-snippet:-1","max-image-preview":"max-image-preview:large","max-video-preview":"max-video-preview:-1"},"canonical":"https:\/\/blog.medel.com\/latam\/tecnologia-latam\/cochlear-implant-individualization-with-otoplan\/","og_locale":"es_ES","og_type":"article","og_title":"Individualizaci\u00f3n de implantes cocleares con OTOPLAN - The MED-EL Blog","og_description":"Cada c\u00f3clea es \u00fanica, por lo que su implante coclear tambi\u00e9n debe serlo. Cuanto m\u00e1s se acerque la longitud de la gu\u00eda de electrodos de su implante coclear a la longitud de su c\u00f3clea individual, m\u00e1s cerca estar\u00e1 de una audici\u00f3n natural. MED-EL ofrece una amplia gama de gu\u00edas de electrodos, para que pueda tener el implante coclear adecuado para su c\u00f3clea \u00fanica.","og_url":"https:\/\/blog.medel.com\/latam\/tecnologia-latam\/cochlear-implant-individualization-with-otoplan\/","og_site_name":"The MED-EL Blog","article_published_time":"2023-10-18T06:00:01+00:00","article_modified_time":"2023-10-20T20:38:27+00:00","og_image":[{"width":1600,"height":1000,"url":"https:\/\/blog.medel.com\/wp-content\/uploads\/2023\/09\/Electrode-Array.jpg","type":"image\/jpeg"}],"author":"Malorie Ausserdorfer","twitter_card":"summary_large_image","twitter_misc":{"Written by":"Malorie Ausserdorfer"},"schema":{"@context":"https:\/\/schema.org","@graph":[{"@type":"Article","@id":"https:\/\/blog.medel.com\/latam\/tecnologia-latam\/cochlear-implant-individualization-with-otoplan\/#article","isPartOf":{"@id":"https:\/\/blog.medel.com\/latam\/tecnologia-latam\/cochlear-implant-individualization-with-otoplan\/"},"author":{"name":"Malorie Ausserdorfer","@id":"https:\/\/blog.medel.com\/de\/#\/schema\/person\/6faf146249ac10031a0a990a156cf629"},"headline":"Individualizaci\u00f3n de implantes cocleares con OTOPLAN","datePublished":"2023-10-18T06:00:01+00:00","dateModified":"2023-10-20T20:38:27+00:00","mainEntityOfPage":{"@id":"https:\/\/blog.medel.com\/latam\/tecnologia-latam\/cochlear-implant-individualization-with-otoplan\/"},"wordCount":7,"commentCount":0,"publisher":{"@id":"https:\/\/blog.medel.com\/de\/#organization"},"image":{"@id":"https:\/\/blog.medel.com\/latam\/tecnologia-latam\/cochlear-implant-individualization-with-otoplan\/#primaryimage"},"thumbnailUrl":"https:\/\/blog.medel.com\/wp-content\/uploads\/2023\/09\/Electrode-Array.jpg","keywords":["OTOPLAN"],"articleSection":["TECNOLOG\u00cdA"],"inLanguage":"es","potentialAction":[{"@type":"CommentAction","name":"Comment","target":["https:\/\/blog.medel.com\/latam\/tecnologia-latam\/cochlear-implant-individualization-with-otoplan\/#respond"]}]},{"@type":"WebPage","@id":"https:\/\/blog.medel.com\/latam\/tecnologia-latam\/cochlear-implant-individualization-with-otoplan\/","url":"https:\/\/blog.medel.com\/latam\/tecnologia-latam\/cochlear-implant-individualization-with-otoplan\/","name":"Individualizaci\u00f3n de implantes cocleares con OTOPLAN - The MED-EL Blog","isPartOf":{"@id":"https:\/\/blog.medel.com\/de\/#website"},"primaryImageOfPage":{"@id":"https:\/\/blog.medel.com\/latam\/tecnologia-latam\/cochlear-implant-individualization-with-otoplan\/#primaryimage"},"image":{"@id":"https:\/\/blog.medel.com\/latam\/tecnologia-latam\/cochlear-implant-individualization-with-otoplan\/#primaryimage"},"thumbnailUrl":"https:\/\/blog.medel.com\/wp-content\/uploads\/2023\/09\/Electrode-Array.jpg","datePublished":"2023-10-18T06:00:01+00:00","dateModified":"2023-10-20T20:38:27+00:00","description":"Cada c\u00f3clea es \u00fanica, por lo que su implante coclear tambi\u00e9n debe serlo. Cuanto m\u00e1s se acerque la longitud de la gu\u00eda de electrodos de su implante coclear a la longitud de su c\u00f3clea individual, m\u00e1s cerca estar\u00e1 de una audici\u00f3n natural. MED-EL ofrece una amplia gama de gu\u00edas de electrodos, para que pueda tener el implante coclear adecuado para su c\u00f3clea \u00fanica.","breadcrumb":{"@id":"https:\/\/blog.medel.com\/latam\/tecnologia-latam\/cochlear-implant-individualization-with-otoplan\/#breadcrumb"},"inLanguage":"es","potentialAction":[{"@type":"ReadAction","target":["https:\/\/blog.medel.com\/latam\/tecnologia-latam\/cochlear-implant-individualization-with-otoplan\/"]}]},{"@type":"ImageObject","inLanguage":"es","@id":"https:\/\/blog.medel.com\/latam\/tecnologia-latam\/cochlear-implant-individualization-with-otoplan\/#primaryimage","url":"https:\/\/blog.medel.com\/wp-content\/uploads\/2023\/09\/Electrode-Array.jpg","contentUrl":"https:\/\/blog.medel.com\/wp-content\/uploads\/2023\/09\/Electrode-Array.jpg","width":1600,"height":1000,"caption":"Cada c\u00f3clea es \u00fanica, por lo que su implante coclear tambi\u00e9n debe serlo. Cuanto m\u00e1s se acerque la longitud de la gu\u00eda de electrodos de su implante coclear a la longitud de su c\u00f3clea individual, m\u00e1s cerca estar\u00e1 de una audici\u00f3n natural. MED-EL ofrece una amplia gama de gu\u00edas de electrodos, para que pueda tener el implante coclear adecuado para su c\u00f3clea \u00fanica."},{"@type":"BreadcrumbList","@id":"https:\/\/blog.medel.com\/latam\/tecnologia-latam\/cochlear-implant-individualization-with-otoplan\/#breadcrumb","itemListElement":[{"@type":"ListItem","position":1,"name":"Home","item":"https:\/\/blog.medel.com\/latam\/"},{"@type":"ListItem","position":2,"name":"Individualizaci\u00f3n de implantes cocleares con OTOPLAN"}]},{"@type":"WebSite","@id":"https:\/\/blog.medel.com\/de\/#website","url":"https:\/\/blog.medel.com\/de\/","name":"The MED-EL Blog","description":"","publisher":{"@id":"https:\/\/blog.medel.com\/de\/#organization"},"potentialAction":[{"@type":"SearchAction","target":{"@type":"EntryPoint","urlTemplate":"https:\/\/blog.medel.com\/de\/?s={search_term_string}"},"query-input":{"@type":"PropertyValueSpecification","valueRequired":true,"valueName":"search_term_string"}}],"inLanguage":"es"},{"@type":"Organization","@id":"https:\/\/blog.medel.com\/de\/#organization","name":"The MED-EL Blog","url":"https:\/\/blog.medel.com\/de\/","logo":{"@type":"ImageObject","inLanguage":"es","@id":"https:\/\/blog.medel.com\/de\/#\/schema\/logo\/image\/","url":"https:\/\/blog.medel.com\/wp-content\/uploads\/2023\/02\/MED-EL_logo_L2.png","contentUrl":"https:\/\/blog.medel.com\/wp-content\/uploads\/2023\/02\/MED-EL_logo_L2.png","width":443,"height":200,"caption":"The MED-EL Blog"},"image":{"@id":"https:\/\/blog.medel.com\/de\/#\/schema\/logo\/image\/"}},{"@type":"Person","@id":"https:\/\/blog.medel.com\/de\/#\/schema\/person\/6faf146249ac10031a0a990a156cf629","name":"Malorie Ausserdorfer"}]}},"_links":{"self":[{"href":"https:\/\/blog.medel.com\/latam\/wp-json\/wp\/v2\/posts\/78810","targetHints":{"allow":["GET"]}}],"collection":[{"href":"https:\/\/blog.medel.com\/latam\/wp-json\/wp\/v2\/posts"}],"about":[{"href":"https:\/\/blog.medel.com\/latam\/wp-json\/wp\/v2\/types\/post"}],"author":[{"embeddable":true,"href":"https:\/\/blog.medel.com\/latam\/wp-json\/wp\/v2\/users\/11"}],"replies":[{"embeddable":true,"href":"https:\/\/blog.medel.com\/latam\/wp-json\/wp\/v2\/comments?post=78810"}],"version-history":[{"count":3,"href":"https:\/\/blog.medel.com\/latam\/wp-json\/wp\/v2\/posts\/78810\/revisions"}],"predecessor-version":[{"id":78814,"href":"https:\/\/blog.medel.com\/latam\/wp-json\/wp\/v2\/posts\/78810\/revisions\/78814"}],"wp:featuredmedia":[{"embeddable":true,"href":"https:\/\/blog.medel.com\/latam\/wp-json\/wp\/v2\/media\/78233"}],"wp:attachment":[{"href":"https:\/\/blog.medel.com\/latam\/wp-json\/wp\/v2\/media?parent=78810"}],"wp:term":[{"taxonomy":"category","embeddable":true,"href":"https:\/\/blog.medel.com\/latam\/wp-json\/wp\/v2\/categories?post=78810"},{"taxonomy":"post_tag","embeddable":true,"href":"https:\/\/blog.medel.com\/latam\/wp-json\/wp\/v2\/tags?post=78810"}],"curies":[{"name":"wp","href":"https:\/\/api.w.org\/{rel}","templated":true}]}}