{"id":53663,"date":"2022-06-20T07:13:42","date_gmt":"2022-06-20T07:13:42","guid":{"rendered":"https:\/\/blog.medel.com\/uncategorized-latam\/participa-del-concurso-del-festival-de-musica-de-med-el-y-ganate-un-viaje-a-austria\/"},"modified":"2026-01-15T12:17:05","modified_gmt":"2026-01-15T10:17:05","slug":"participa-del-concurso-del-festival-de-musica-de-med-el-y-ganate-un-viaje-a-austria","status":"publish","type":"post","link":"https:\/\/blog.medel.com\/latam\/historias-de-usuarios-latam\/participa-del-concurso-del-festival-de-musica-de-med-el-y-ganate-un-viaje-a-austria\/","title":{"rendered":"PARTICIPA DEL CONCURSO DEL FESTIVAL DE M\u00daSICA DE MED-EL Y G\u00c1NATE UN VIAJE A AUSTRIA."},"content":{"rendered":"<p>EL Festival de M\u00fasica de MED-EL ser\u00e1 un evento que se desarrollar\u00e1 en septiembre y octubre, para resaltar la importancia de la m\u00fasica en la rehabilitaci\u00f3n y el proceso auditivo con un implante coclear. Por esta raz\u00f3n MED-EL Latinoam\u00e9rica y Espa\u00f1a, quieren invitar a todos los usuarios de soluciones auditivas de MED-EL a participar de un concurso y ganarse un viaje a Austria para asistir al concierto del Festival de M\u00fasica de MED-EL <em>\u201cSound Sensation\u201d.<\/em><\/p>\n<p>Se elegir\u00e1n tres semifinalistas, quienes grabar\u00e1n un video online con el productor musical Mayor Tom. De esos tres semifinalistas se seleccionar\u00e1 el ganador que viajar\u00e1 a Austria con un acompa\u00f1ante.<\/p>\n<p>Para participar el usuario de MED-EL deber\u00e1 enviar un video a las redes sociales de MED-EL Latinoam\u00e9rica y Espa\u00f1a, interpretando su canci\u00f3n favorita. Puede ser cantando, bailando o tocando alg\u00fan instrumento musical.<\/p>\n<p>Para la elecci\u00f3n del ganador se tendr\u00e1 en cuenta la calidad, la interpretaci\u00f3n y la t\u00e9cnica.<\/p>\n<p><strong>\u00bfCu\u00e1les son los canales de comunicaci\u00f3n para enviar el video y la informaci\u00f3n del concursante?<\/strong><\/p>\n<p><strong>Para Latinoam\u00e9rica:<\/strong><\/p>\n<p>Facebook: MED-EL Latinoam\u00e9rica (por mensaje directo).<\/p>\n<p>Instagram: @medel_latam (por mensaje directo).<\/p>\n<p>E-mail: <a href=\"mailto:contacto@medel.com\">contacto@medel.com<\/a><\/p>\n<p><strong>Para Espa\u00f1a:<\/strong><\/p>\n<p>Facebook: MED-EL Espa\u00f1a (por mensaje directo).<\/p>\n<p>E-mail: <a href=\"mailto:contacto@medel.com\">contacto@medel.com<\/a><\/p>\n<p>&nbsp;<\/p>\n<p><strong>\u00bfQu\u00e9 debes hacer para participar?<\/strong><\/p>\n<ol>\n<li>Env\u00edanos por mensaje directo a las redes mencionadas, un video grabado con c\u00e1mara o celular, interpretando tu canci\u00f3n favorita (puede ser cantando, bailando o tocando un instrumento musical).<\/li>\n<li>Escribe tu nombre completo y qu\u00e9 tipo de procesador tienes. Si eres menor de edad, tambi\u00e9n debes incluir una autorizaci\u00f3n escrita de tus padres o tutor aprobando tu participaci\u00f3n.<\/li>\n<li>Recuerda que el video debe tener una buena calidad de audio e imagen, sin ruidos ambientes.<\/li>\n<\/ol>\n<p>&nbsp;<\/p>\n<p><strong>Ten presente: <\/strong><\/p>\n<ol>\n<li>Solo puede participar una persona por video (no d\u00faos, ni bandas, etc.)<\/li>\n<li>La fecha l\u00edmite para enviarnos el video es el 30 de junio de 2022.<\/li>\n<li>Los semifinalistas ser\u00e1n anunciados en la segunda semana de Julio de 2022.<\/li>\n<li>El video con los semifinalistas se grabar\u00e1 v\u00eda online entre el 18 y 31 de julio de 2022.<\/li>\n<li>El ganador del viaje ser\u00e1 anunciado el 6 de agosto de 2022.<\/li>\n<li>Para elegir los semifinalistas premiaremos, creatividad, t\u00e9cnica y calidad de video.<\/li>\n<li>Para elegir el ganador se calificar\u00e1 calidad, interpretaci\u00f3n y t\u00e9cnica.<\/li>\n<li>El segundo y primer puesto podr\u00e1n ganar merchandising y accesorios designados por cada oficina local de MED-EL.<\/li>\n<\/ol>\n<p>Se desear participar, lee los t\u00e9rminos y condiciones antes de enviar la informaci\u00f3n a MED-EL.<\/p>\n<p><strong>T\u00c9RMINOS Y CONDICIONES<\/strong><\/p>\n<p>El concurso va dirigido a usuarios que usen Soluciones Auditivas de MED-EL. Los ni\u00f1os que deseen participar deben tener el consentimiento firmado de los padres y enviarlo con el video por mensaje directo a las plataformas de redes sociales que se indican en la comunicaci\u00f3n. Todos los videos presentados y enviados a los canales de comunicaci\u00f3n de MED-EL, se entender\u00e1n como aprobados por parte de sus autores y tutores, para su publicaci\u00f3n en redes sociales de MED-EL global y su respectiva difusi\u00f3n en la promoci\u00f3n de dicho evento u otras acciones de comunicaci\u00f3n o publicidad que la empresa considere. Si el usuario no desea que su video sea publicado en redes sociales u otros canales de difusi\u00f3n, deber\u00e1 manifestarlo por medio escrito a trav\u00e9s del correo electr\u00f3nico\u00a0<a href=\"mailto:contacto@medel.com\">contacto@medel.com<\/a><\/p>\n<p>Cada participante o tutor acepta que MED-EL haga p\u00fablica su identidad total o parcial (nombre, apellido, pa\u00eds, ciudad, foto y video) en formato impreso o digital, incluyendo todas las redes sociales de MED-EL Global. As\u00ed mismo, aclaramos que dicha publicaci\u00f3n de datos no incluye: tel\u00e9fonos, correos electr\u00f3nicos ni direcciones de domicilio.<\/p>\n<p>El plazo para participar del concurso ser\u00e1 hasta el 30 de junio de 2022. A la media noche del jueves se cerrar\u00e1n las convocatorias y no participar\u00e1n quienes hayan enviado el video posterior a esa fecha y horario. El objetivo del concurso ser\u00e1 grabar un video, interpretando una canci\u00f3n (canto, baile o tocando un instrumento) y enviarlo por mensaje directo a los canales digitales anunciados en la promoci\u00f3n del concurso. Un panel de Jueces de MED-EL decidir\u00e1 los semifinalistas y el ganador o la ganadora. Solo se premiar\u00e1 una persona en el video. MED-EL considera recibida las propuestas cuando la compa\u00f1\u00eda haya confirmado dicha recepci\u00f3n y no con la sola transmisi\u00f3n del mensaje a los canales de comunicaci\u00f3n.<\/p>\n<p>El premio ser\u00e1 un viaje a Viena, Austria, para asistir al concierto del Festival de M\u00fasica de MED-EL el 26 de septiembre. EL viaje cubre: Hospedaje y pasajes a\u00e9reos para el ganador o ganadora y su acompa\u00f1ante. El viaje es personal y no transferible a otras personas, sin posibilidad de reprogramaci\u00f3n. Si el ganador o ganadora no puede viajar o cancela el viaje, no se hace reprogramaci\u00f3n del pasaje y tampoco se entrega el equivalente en efectivo o transferencia bancaria. El evento puede ser cancelado por disposiciones de entidades p\u00fablicas en caso tal que generen restricciones de ingreso por COVID-19. MED-EL no se hace responsable de pagos de PCR o pruebas de ant\u00edgenos sea al ingreso a Europa o ingreso a sus pa\u00edses de origen. Es importante tener el esquema de vacunaci\u00f3n completo para poder realizar el viaje. Sin este requisito, no ser\u00e1 posible viajar.<\/p>\n<p>El o la ganadora deber\u00e1 contar con visa (en caso de requerirlo el pa\u00eds) y pasaporte para poder ingresar a Austria. MED-EL no se hace responsable de pagos ni tr\u00e1mites de documentos legales para el viaje del ganador o la ganadora. Qui\u00e9n sea premiado deber\u00e1 tener la documentaci\u00f3n vigente para el ingreso y salida a Austria.<\/p>\n<p>Para el segundo y tercer puesto, se destinar\u00e1 regalos promocionales (merchandising) de la compa\u00f1\u00eda y accesorios que la oficina local de MED-EL Considere.<\/p>\n","protected":false},"excerpt":{"rendered":"<p>EL Festival de M\u00fasica de MED-EL ser\u00e1 un evento que se desarrollar\u00e1 en septiembre y octubre, para resaltar la importancia de la m\u00fasica en la rehabilitaci\u00f3n y el proceso auditivo con un implante coclear. Por esta raz\u00f3n MED-EL Latinoam\u00e9rica y Espa\u00f1a, quieren invitar a todos los usuarios de soluciones auditivas de MED-EL a participar de [&hellip;]<\/p>\n","protected":false},"author":8,"featured_media":70993,"comment_status":"open","ping_status":"open","sticky":false,"template":"","format":"standard","meta":{"footnotes":""},"categories":[3361],"tags":[],"class_list":["post-53663","post","type-post","status-publish","format-standard","has-post-thumbnail","hentry","category-historias-de-usuarios-latam"],"yoast_head":"<!-- This site is optimized with the Yoast SEO plugin v27.5 - https:\/\/yoast.com\/product\/yoast-seo-wordpress\/ -->\n<title>PARTICIPA DEL CONCURSO DEL FESTIVAL DE M\u00daSICA DE MED-EL Y G\u00c1NATE UN VIAJE A AUSTRIA. - The MED-EL Blog<\/title>\n<meta name=\"robots\" content=\"index, follow, max-snippet:-1, max-image-preview:large, max-video-preview:-1\" \/>\n<link rel=\"canonical\" href=\"https:\/\/blog.medel.com\/latam\/historias-de-usuarios-latam\/participa-del-concurso-del-festival-de-musica-de-med-el-y-ganate-un-viaje-a-austria\/\" \/>\n<meta property=\"og:locale\" content=\"es_ES\" \/>\n<meta property=\"og:type\" content=\"article\" \/>\n<meta property=\"og:title\" content=\"PARTICIPA DEL CONCURSO DEL FESTIVAL DE M\u00daSICA DE MED-EL Y G\u00c1NATE UN VIAJE A AUSTRIA. - The MED-EL Blog\" \/>\n<meta property=\"og:description\" content=\"EL Festival de M\u00fasica de MED-EL ser\u00e1 un evento que se desarrollar\u00e1 en septiembre y octubre, para resaltar la importancia de la m\u00fasica en la rehabilitaci\u00f3n y el proceso auditivo con un implante coclear. Por esta raz\u00f3n MED-EL Latinoam\u00e9rica y Espa\u00f1a, quieren invitar a todos los usuarios de soluciones auditivas de MED-EL a participar de [&hellip;]\" \/>\n<meta property=\"og:url\" content=\"https:\/\/blog.medel.com\/latam\/historias-de-usuarios-latam\/participa-del-concurso-del-festival-de-musica-de-med-el-y-ganate-un-viaje-a-austria\/\" \/>\n<meta property=\"og:site_name\" content=\"The MED-EL Blog\" \/>\n<meta property=\"article:published_time\" content=\"2022-06-20T07:13:42+00:00\" \/>\n<meta property=\"article:modified_time\" content=\"2026-01-15T10:17:05+00:00\" \/>\n<meta property=\"og:image\" content=\"https:\/\/blog.medel.com\/wp-content\/uploads\/2023\/03\/blog.jpg\" \/>\n\t<meta property=\"og:image:width\" content=\"478\" \/>\n\t<meta property=\"og:image:height\" content=\"690\" \/>\n\t<meta property=\"og:image:type\" content=\"image\/jpeg\" \/>\n<meta name=\"author\" content=\"MED-EL\" \/>\n<meta name=\"twitter:card\" content=\"summary_large_image\" \/>\n<meta name=\"twitter:label1\" content=\"Written by\" \/>\n\t<meta name=\"twitter:data1\" content=\"MED-EL\" \/>\n\t<meta name=\"twitter:label2\" content=\"Est. reading time\" \/>\n\t<meta name=\"twitter:data2\" content=\"5 minutes\" \/>\n<script type=\"application\/ld+json\" class=\"yoast-schema-graph\">{\"@context\":\"https:\\\/\\\/schema.org\",\"@graph\":[{\"@type\":\"Article\",\"@id\":\"https:\\\/\\\/blog.medel.com\\\/latam\\\/historias-de-usuarios-latam\\\/participa-del-concurso-del-festival-de-musica-de-med-el-y-ganate-un-viaje-a-austria\\\/#article\",\"isPartOf\":{\"@id\":\"https:\\\/\\\/blog.medel.com\\\/latam\\\/historias-de-usuarios-latam\\\/participa-del-concurso-del-festival-de-musica-de-med-el-y-ganate-un-viaje-a-austria\\\/\"},\"author\":{\"name\":\"MED-EL\",\"@id\":\"https:\\\/\\\/blog.medel.com\\\/tr\\\/#\\\/schema\\\/person\\\/9f8dcfb27ec87796d874e021602c56e2\"},\"headline\":\"PARTICIPA DEL CONCURSO DEL FESTIVAL DE M\u00daSICA DE MED-EL Y G\u00c1NATE UN VIAJE A AUSTRIA.\",\"datePublished\":\"2022-06-20T07:13:42+00:00\",\"dateModified\":\"2026-01-15T10:17:05+00:00\",\"mainEntityOfPage\":{\"@id\":\"https:\\\/\\\/blog.medel.com\\\/latam\\\/historias-de-usuarios-latam\\\/participa-del-concurso-del-festival-de-musica-de-med-el-y-ganate-un-viaje-a-austria\\\/\"},\"wordCount\":1012,\"commentCount\":0,\"publisher\":{\"@id\":\"https:\\\/\\\/blog.medel.com\\\/tr\\\/#organization\"},\"image\":{\"@id\":\"https:\\\/\\\/blog.medel.com\\\/latam\\\/historias-de-usuarios-latam\\\/participa-del-concurso-del-festival-de-musica-de-med-el-y-ganate-un-viaje-a-austria\\\/#primaryimage\"},\"thumbnailUrl\":\"https:\\\/\\\/blog.medel.com\\\/wp-content\\\/uploads\\\/2023\\\/03\\\/blog.jpg\",\"articleSection\":[\"HISTORIAS DE USUARIOS\"],\"inLanguage\":\"es\",\"potentialAction\":[{\"@type\":\"CommentAction\",\"name\":\"Comment\",\"target\":[\"https:\\\/\\\/blog.medel.com\\\/latam\\\/historias-de-usuarios-latam\\\/participa-del-concurso-del-festival-de-musica-de-med-el-y-ganate-un-viaje-a-austria\\\/#respond\"]}]},{\"@type\":\"WebPage\",\"@id\":\"https:\\\/\\\/blog.medel.com\\\/latam\\\/historias-de-usuarios-latam\\\/participa-del-concurso-del-festival-de-musica-de-med-el-y-ganate-un-viaje-a-austria\\\/\",\"url\":\"https:\\\/\\\/blog.medel.com\\\/latam\\\/historias-de-usuarios-latam\\\/participa-del-concurso-del-festival-de-musica-de-med-el-y-ganate-un-viaje-a-austria\\\/\",\"name\":\"PARTICIPA DEL CONCURSO DEL FESTIVAL DE M\u00daSICA DE MED-EL Y G\u00c1NATE UN VIAJE A AUSTRIA. - The MED-EL Blog\",\"isPartOf\":{\"@id\":\"https:\\\/\\\/blog.medel.com\\\/tr\\\/#website\"},\"primaryImageOfPage\":{\"@id\":\"https:\\\/\\\/blog.medel.com\\\/latam\\\/historias-de-usuarios-latam\\\/participa-del-concurso-del-festival-de-musica-de-med-el-y-ganate-un-viaje-a-austria\\\/#primaryimage\"},\"image\":{\"@id\":\"https:\\\/\\\/blog.medel.com\\\/latam\\\/historias-de-usuarios-latam\\\/participa-del-concurso-del-festival-de-musica-de-med-el-y-ganate-un-viaje-a-austria\\\/#primaryimage\"},\"thumbnailUrl\":\"https:\\\/\\\/blog.medel.com\\\/wp-content\\\/uploads\\\/2023\\\/03\\\/blog.jpg\",\"datePublished\":\"2022-06-20T07:13:42+00:00\",\"dateModified\":\"2026-01-15T10:17:05+00:00\",\"breadcrumb\":{\"@id\":\"https:\\\/\\\/blog.medel.com\\\/latam\\\/historias-de-usuarios-latam\\\/participa-del-concurso-del-festival-de-musica-de-med-el-y-ganate-un-viaje-a-austria\\\/#breadcrumb\"},\"inLanguage\":\"es\",\"potentialAction\":[{\"@type\":\"ReadAction\",\"target\":[\"https:\\\/\\\/blog.medel.com\\\/latam\\\/historias-de-usuarios-latam\\\/participa-del-concurso-del-festival-de-musica-de-med-el-y-ganate-un-viaje-a-austria\\\/\"]}]},{\"@type\":\"ImageObject\",\"inLanguage\":\"es\",\"@id\":\"https:\\\/\\\/blog.medel.com\\\/latam\\\/historias-de-usuarios-latam\\\/participa-del-concurso-del-festival-de-musica-de-med-el-y-ganate-un-viaje-a-austria\\\/#primaryimage\",\"url\":\"https:\\\/\\\/blog.medel.com\\\/wp-content\\\/uploads\\\/2023\\\/03\\\/blog.jpg\",\"contentUrl\":\"https:\\\/\\\/blog.medel.com\\\/wp-content\\\/uploads\\\/2023\\\/03\\\/blog.jpg\",\"width\":478,\"height\":690},{\"@type\":\"BreadcrumbList\",\"@id\":\"https:\\\/\\\/blog.medel.com\\\/latam\\\/historias-de-usuarios-latam\\\/participa-del-concurso-del-festival-de-musica-de-med-el-y-ganate-un-viaje-a-austria\\\/#breadcrumb\",\"itemListElement\":[{\"@type\":\"ListItem\",\"position\":1,\"name\":\"Home\",\"item\":\"https:\\\/\\\/blog.medel.com\\\/latam\\\/\"},{\"@type\":\"ListItem\",\"position\":2,\"name\":\"PARTICIPA DEL CONCURSO DEL FESTIVAL DE M\u00daSICA DE MED-EL Y G\u00c1NATE UN VIAJE A AUSTRIA.\"}]},{\"@type\":\"WebSite\",\"@id\":\"https:\\\/\\\/blog.medel.com\\\/tr\\\/#website\",\"url\":\"https:\\\/\\\/blog.medel.com\\\/tr\\\/\",\"name\":\"The MED-EL Blog\",\"description\":\"\",\"publisher\":{\"@id\":\"https:\\\/\\\/blog.medel.com\\\/tr\\\/#organization\"},\"potentialAction\":[{\"@type\":\"SearchAction\",\"target\":{\"@type\":\"EntryPoint\",\"urlTemplate\":\"https:\\\/\\\/blog.medel.com\\\/tr\\\/?s={search_term_string}\"},\"query-input\":{\"@type\":\"PropertyValueSpecification\",\"valueRequired\":true,\"valueName\":\"search_term_string\"}}],\"inLanguage\":\"es\"},{\"@type\":\"Organization\",\"@id\":\"https:\\\/\\\/blog.medel.com\\\/tr\\\/#organization\",\"name\":\"The MED-EL Blog\",\"url\":\"https:\\\/\\\/blog.medel.com\\\/tr\\\/\",\"logo\":{\"@type\":\"ImageObject\",\"inLanguage\":\"es\",\"@id\":\"https:\\\/\\\/blog.medel.com\\\/tr\\\/#\\\/schema\\\/logo\\\/image\\\/\",\"url\":\"https:\\\/\\\/blog.medel.com\\\/wp-content\\\/uploads\\\/2023\\\/02\\\/MED-EL_logo_L2.png\",\"contentUrl\":\"https:\\\/\\\/blog.medel.com\\\/wp-content\\\/uploads\\\/2023\\\/02\\\/MED-EL_logo_L2.png\",\"width\":443,\"height\":200,\"caption\":\"The MED-EL Blog\"},\"image\":{\"@id\":\"https:\\\/\\\/blog.medel.com\\\/tr\\\/#\\\/schema\\\/logo\\\/image\\\/\"}},{\"@type\":\"Person\",\"@id\":\"https:\\\/\\\/blog.medel.com\\\/tr\\\/#\\\/schema\\\/person\\\/9f8dcfb27ec87796d874e021602c56e2\",\"name\":\"MED-EL\",\"sameAs\":[\"https:\\\/\\\/www.medel.com\"]}]}<\/script>\n<!-- \/ Yoast SEO plugin. -->","yoast_head_json":{"title":"PARTICIPA DEL CONCURSO DEL FESTIVAL DE M\u00daSICA DE MED-EL Y G\u00c1NATE UN VIAJE A AUSTRIA. - The MED-EL Blog","robots":{"index":"index","follow":"follow","max-snippet":"max-snippet:-1","max-image-preview":"max-image-preview:large","max-video-preview":"max-video-preview:-1"},"canonical":"https:\/\/blog.medel.com\/latam\/historias-de-usuarios-latam\/participa-del-concurso-del-festival-de-musica-de-med-el-y-ganate-un-viaje-a-austria\/","og_locale":"es_ES","og_type":"article","og_title":"PARTICIPA DEL CONCURSO DEL FESTIVAL DE M\u00daSICA DE MED-EL Y G\u00c1NATE UN VIAJE A AUSTRIA. - The MED-EL Blog","og_description":"EL Festival de M\u00fasica de MED-EL ser\u00e1 un evento que se desarrollar\u00e1 en septiembre y octubre, para resaltar la importancia de la m\u00fasica en la rehabilitaci\u00f3n y el proceso auditivo con un implante coclear. Por esta raz\u00f3n MED-EL Latinoam\u00e9rica y Espa\u00f1a, quieren invitar a todos los usuarios de soluciones auditivas de MED-EL a participar de [&hellip;]","og_url":"https:\/\/blog.medel.com\/latam\/historias-de-usuarios-latam\/participa-del-concurso-del-festival-de-musica-de-med-el-y-ganate-un-viaje-a-austria\/","og_site_name":"The MED-EL Blog","article_published_time":"2022-06-20T07:13:42+00:00","article_modified_time":"2026-01-15T10:17:05+00:00","og_image":[{"width":478,"height":690,"url":"https:\/\/blog.medel.com\/wp-content\/uploads\/2023\/03\/blog.jpg","type":"image\/jpeg"}],"author":"MED-EL","twitter_card":"summary_large_image","twitter_misc":{"Written by":"MED-EL","Est. reading time":"5 minutes"},"schema":{"@context":"https:\/\/schema.org","@graph":[{"@type":"Article","@id":"https:\/\/blog.medel.com\/latam\/historias-de-usuarios-latam\/participa-del-concurso-del-festival-de-musica-de-med-el-y-ganate-un-viaje-a-austria\/#article","isPartOf":{"@id":"https:\/\/blog.medel.com\/latam\/historias-de-usuarios-latam\/participa-del-concurso-del-festival-de-musica-de-med-el-y-ganate-un-viaje-a-austria\/"},"author":{"name":"MED-EL","@id":"https:\/\/blog.medel.com\/tr\/#\/schema\/person\/9f8dcfb27ec87796d874e021602c56e2"},"headline":"PARTICIPA DEL CONCURSO DEL FESTIVAL DE M\u00daSICA DE MED-EL Y G\u00c1NATE UN VIAJE A AUSTRIA.","datePublished":"2022-06-20T07:13:42+00:00","dateModified":"2026-01-15T10:17:05+00:00","mainEntityOfPage":{"@id":"https:\/\/blog.medel.com\/latam\/historias-de-usuarios-latam\/participa-del-concurso-del-festival-de-musica-de-med-el-y-ganate-un-viaje-a-austria\/"},"wordCount":1012,"commentCount":0,"publisher":{"@id":"https:\/\/blog.medel.com\/tr\/#organization"},"image":{"@id":"https:\/\/blog.medel.com\/latam\/historias-de-usuarios-latam\/participa-del-concurso-del-festival-de-musica-de-med-el-y-ganate-un-viaje-a-austria\/#primaryimage"},"thumbnailUrl":"https:\/\/blog.medel.com\/wp-content\/uploads\/2023\/03\/blog.jpg","articleSection":["HISTORIAS DE USUARIOS"],"inLanguage":"es","potentialAction":[{"@type":"CommentAction","name":"Comment","target":["https:\/\/blog.medel.com\/latam\/historias-de-usuarios-latam\/participa-del-concurso-del-festival-de-musica-de-med-el-y-ganate-un-viaje-a-austria\/#respond"]}]},{"@type":"WebPage","@id":"https:\/\/blog.medel.com\/latam\/historias-de-usuarios-latam\/participa-del-concurso-del-festival-de-musica-de-med-el-y-ganate-un-viaje-a-austria\/","url":"https:\/\/blog.medel.com\/latam\/historias-de-usuarios-latam\/participa-del-concurso-del-festival-de-musica-de-med-el-y-ganate-un-viaje-a-austria\/","name":"PARTICIPA DEL CONCURSO DEL FESTIVAL DE M\u00daSICA DE MED-EL Y G\u00c1NATE UN VIAJE A AUSTRIA. - The MED-EL Blog","isPartOf":{"@id":"https:\/\/blog.medel.com\/tr\/#website"},"primaryImageOfPage":{"@id":"https:\/\/blog.medel.com\/latam\/historias-de-usuarios-latam\/participa-del-concurso-del-festival-de-musica-de-med-el-y-ganate-un-viaje-a-austria\/#primaryimage"},"image":{"@id":"https:\/\/blog.medel.com\/latam\/historias-de-usuarios-latam\/participa-del-concurso-del-festival-de-musica-de-med-el-y-ganate-un-viaje-a-austria\/#primaryimage"},"thumbnailUrl":"https:\/\/blog.medel.com\/wp-content\/uploads\/2023\/03\/blog.jpg","datePublished":"2022-06-20T07:13:42+00:00","dateModified":"2026-01-15T10:17:05+00:00","breadcrumb":{"@id":"https:\/\/blog.medel.com\/latam\/historias-de-usuarios-latam\/participa-del-concurso-del-festival-de-musica-de-med-el-y-ganate-un-viaje-a-austria\/#breadcrumb"},"inLanguage":"es","potentialAction":[{"@type":"ReadAction","target":["https:\/\/blog.medel.com\/latam\/historias-de-usuarios-latam\/participa-del-concurso-del-festival-de-musica-de-med-el-y-ganate-un-viaje-a-austria\/"]}]},{"@type":"ImageObject","inLanguage":"es","@id":"https:\/\/blog.medel.com\/latam\/historias-de-usuarios-latam\/participa-del-concurso-del-festival-de-musica-de-med-el-y-ganate-un-viaje-a-austria\/#primaryimage","url":"https:\/\/blog.medel.com\/wp-content\/uploads\/2023\/03\/blog.jpg","contentUrl":"https:\/\/blog.medel.com\/wp-content\/uploads\/2023\/03\/blog.jpg","width":478,"height":690},{"@type":"BreadcrumbList","@id":"https:\/\/blog.medel.com\/latam\/historias-de-usuarios-latam\/participa-del-concurso-del-festival-de-musica-de-med-el-y-ganate-un-viaje-a-austria\/#breadcrumb","itemListElement":[{"@type":"ListItem","position":1,"name":"Home","item":"https:\/\/blog.medel.com\/latam\/"},{"@type":"ListItem","position":2,"name":"PARTICIPA DEL CONCURSO DEL FESTIVAL DE M\u00daSICA DE MED-EL Y G\u00c1NATE UN VIAJE A AUSTRIA."}]},{"@type":"WebSite","@id":"https:\/\/blog.medel.com\/tr\/#website","url":"https:\/\/blog.medel.com\/tr\/","name":"The MED-EL Blog","description":"","publisher":{"@id":"https:\/\/blog.medel.com\/tr\/#organization"},"potentialAction":[{"@type":"SearchAction","target":{"@type":"EntryPoint","urlTemplate":"https:\/\/blog.medel.com\/tr\/?s={search_term_string}"},"query-input":{"@type":"PropertyValueSpecification","valueRequired":true,"valueName":"search_term_string"}}],"inLanguage":"es"},{"@type":"Organization","@id":"https:\/\/blog.medel.com\/tr\/#organization","name":"The MED-EL Blog","url":"https:\/\/blog.medel.com\/tr\/","logo":{"@type":"ImageObject","inLanguage":"es","@id":"https:\/\/blog.medel.com\/tr\/#\/schema\/logo\/image\/","url":"https:\/\/blog.medel.com\/wp-content\/uploads\/2023\/02\/MED-EL_logo_L2.png","contentUrl":"https:\/\/blog.medel.com\/wp-content\/uploads\/2023\/02\/MED-EL_logo_L2.png","width":443,"height":200,"caption":"The MED-EL Blog"},"image":{"@id":"https:\/\/blog.medel.com\/tr\/#\/schema\/logo\/image\/"}},{"@type":"Person","@id":"https:\/\/blog.medel.com\/tr\/#\/schema\/person\/9f8dcfb27ec87796d874e021602c56e2","name":"MED-EL","sameAs":["https:\/\/www.medel.com"]}]}},"_links":{"self":[{"href":"https:\/\/blog.medel.com\/latam\/wp-json\/wp\/v2\/posts\/53663","targetHints":{"allow":["GET"]}}],"collection":[{"href":"https:\/\/blog.medel.com\/latam\/wp-json\/wp\/v2\/posts"}],"about":[{"href":"https:\/\/blog.medel.com\/latam\/wp-json\/wp\/v2\/types\/post"}],"author":[{"embeddable":true,"href":"https:\/\/blog.medel.com\/latam\/wp-json\/wp\/v2\/users\/8"}],"replies":[{"embeddable":true,"href":"https:\/\/blog.medel.com\/latam\/wp-json\/wp\/v2\/comments?post=53663"}],"version-history":[{"count":1,"href":"https:\/\/blog.medel.com\/latam\/wp-json\/wp\/v2\/posts\/53663\/revisions"}],"predecessor-version":[{"id":53664,"href":"https:\/\/blog.medel.com\/latam\/wp-json\/wp\/v2\/posts\/53663\/revisions\/53664"}],"wp:featuredmedia":[{"embeddable":true,"href":"https:\/\/blog.medel.com\/latam\/wp-json\/wp\/v2\/media\/70993"}],"wp:attachment":[{"href":"https:\/\/blog.medel.com\/latam\/wp-json\/wp\/v2\/media?parent=53663"}],"wp:term":[{"taxonomy":"category","embeddable":true,"href":"https:\/\/blog.medel.com\/latam\/wp-json\/wp\/v2\/categories?post=53663"},{"taxonomy":"post_tag","embeddable":true,"href":"https:\/\/blog.medel.com\/latam\/wp-json\/wp\/v2\/tags?post=53663"}],"curies":[{"name":"wp","href":"https:\/\/api.w.org\/{rel}","templated":true}]}}