{"id":53613,"date":"2020-07-21T13:59:31","date_gmt":"2020-07-21T13:59:31","guid":{"rendered":"https:\/\/blog.medel.com\/uncategorized-latam\/rehabilitacion-en-casa-que-es-expansion-y-extension\/"},"modified":"2023-12-04T16:13:55","modified_gmt":"2023-12-04T14:13:55","slug":"rehabilitacion-en-casa-que-es-expansion-y-extension","status":"publish","type":"post","link":"https:\/\/blog.medel.com\/latam\/consejos-y-recomendaciones-latam\/rehabilitacion-en-casa-latam\/rehabilitacion-en-casa-que-es-expansion-y-extension\/","title":{"rendered":"Rehabilitaci\u00f3n En Casa: \u00bfQu\u00e9 es expansi\u00f3n y extensi\u00f3n?"},"content":{"rendered":"<p>El art\u00edculo de Rehabilitaci\u00f3n en casa de hoy es acerca de \u201cexpansi\u00f3n y extensi\u00f3n.\u201d Esta es otra estrategia que puedes utilizar en tu casa con tu hijo para desarrollar su uso del lenguaje oral. Si tu hijo est\u00e1 utilizando palabras sueltas, frases u oraciones cortas, el uso de \u201cexpansi\u00f3n y extensi\u00f3n\u201d puede alentarlo a utilizar frases u oraciones m\u00e1s largas y vocabulario m\u00e1s complejo.<\/p>\n<hr \/>\n<h3><strong>\u00bfPor qu\u00e9 es importante \u201cexpansi\u00f3n y extensi\u00f3n\u201d?<\/strong><\/h3>\n<p>\u201cExpansi\u00f3n y extensi\u00f3n\u201d es una manera natural de desarrollar el vocabulario de tu hijo y de utilizar el lenguaje oral. Un ni\u00f1o que oye, \u00a0normalmente aprende muchas palabras con su \u00a0escucha incidental en \u00a0conversaciones m\u00e1s complejas que se dan a su alrededor. Los ni\u00f1os con p\u00e9rdida auditiva pueden perderse esta informaci\u00f3n. \u201cExpansi\u00f3n y extensi\u00f3n\u201d es una manera en la que puedes proporcionarle a tu hijo un lenguaje m\u00e1s complejo de una manera interesante y natural.<\/p>\n<p>&nbsp;<\/p>\n<h3><strong>\u00bfC\u00f3mo puedo utilizar \u201cExpansi\u00f3n y Extensi\u00f3n\u201d con mi hijo?<\/strong><\/h3>\n<p>Cuando juegues y hables con tu hijo, oye las palabras o frases que tu hijo utiliza. Luego<\/p>\n<p><strong>Expande<\/strong>\u00a0lo que ha dicho haciendo que su frase sea gramaticalmente correcta. Por ejemplo, si tu hijo dice \u201cgato come\u201d, puedes decir \u201cS\u00ed, el gato est\u00e1 comiendo\u201d. Has reconocido lo que tu hijo ha dicho y has proporcionado la oraci\u00f3n correcta gramaticalmente.<\/p>\n<p>O puedes<\/p>\n<p><strong>Extender<\/strong>\u00a0lo que tu hijo dijo haciendo que su frase sea gramaticalmente correcta y agregando m\u00e1s informaci\u00f3n. Por ejemplo, si tu hijo dice \u201cPapi va\u201d, puedes decir \u201cPapi est\u00e1 yendo a trabajar\u201d.<\/p>\n<p>Recuerda hacerlo en un tono de conversaci\u00f3n, en lugar de a modo de correcci\u00f3n esperando que repita tu frase.<\/p>\n<p>Expandiendo y extendiendo las frases de tu hijo de esta manera, puedes moldear las formas correctas de oraci\u00f3n y agregar palabras m\u00e1s complejas o lenguaje, mientras tu hijo est\u00e1 enfocado contigo en una actividad divertida.<\/p>\n<p>La mam\u00e1 de Matthew hace un gran trabajo expandiendo y extendiendo las frases de Matthew en este video. Ella repite sus frases con la gram\u00e1tica correcta, y luego agrega m\u00e1s informaci\u00f3n.<\/p>\n<p><iframe loading=\"lazy\" title=\"Rehab At Home: Expansion and Extension | MED-EL\" width=\"500\" height=\"281\" src=\"https:\/\/www.youtube.com\/embed\/iFLnYhMFkpw?feature=oembed\" frameborder=\"0\" allow=\"accelerometer; autoplay; clipboard-write; encrypted-media; gyroscope; picture-in-picture; web-share\" referrerpolicy=\"strict-origin-when-cross-origin\" allowfullscreen><\/iframe><\/p>\n<p>Aqu\u00ed hay algunas ideas para utilizar el \u201cExpansi\u00f3n y Extensi\u00f3n\u201d con tu hijo.<\/p>\n<p>&nbsp;<\/p>\n<h3><strong>\u00bfQu\u00e9 actividades podemos realizar con los ni\u00f1os m\u00e1s peque\u00f1os?<\/strong><\/h3>\n<ul>\n<li>En las comidas, alienta a tu hijo a solicitar lo que necesita. Si tu hijo dice \u201cbeber\u201d, puedes expandirlo diciendo \u201cquiero beber, por favor\u201d. O extenderlo diciendo \u201cquiero beber agua, por favor\u201d.<\/li>\n<li>Al vestirse, si tu hijo dice \u201cmedia\u201d, expande y extiende esto diciendo \u201cs\u00ed, ponte las medias\u201d.<\/li>\n<li>Piensa c\u00f3mo puedes extender las frases de tu hijo agregando informaci\u00f3n como\n<ul>\n<li>Palabras de acci\u00f3n ej.: poner, empujar, abrir<\/li>\n<li>Tama\u00f1o ej.: peque\u00f1o, enorme, gigante<\/li>\n<li>Preposiciones ej.: dentro, sobre, debajo<\/li>\n<li>Otros conceptos como temperatura (caliente\/frio) o negativos (ning\u00fan\/no)<\/li>\n<\/ul>\n<\/li>\n<\/ul>\n<h3><strong>\u00a0<\/strong><\/h3>\n<h3><strong>\u00bfQu\u00e9 actividades podemos realizar con los ni\u00f1os m\u00e1s grandes?<\/strong><\/h3>\n<ul>\n<li>Al hablar de su d\u00eda juntos, si tu hijo dice \u201cvoy parque\u201d, puedes expandirlo y extenderlo diciendo \u201cfuiste al parque con el abuelo\u201d.<\/li>\n<li>Cuando conduces el auto y hablan de lo que pueden ver, si tu hijo dice \u201ccami\u00f3n grande\u201d, puedes expandir y extender diciendo \u201cpuedo ver un cami\u00f3n grande. Tiene vacas en la parte de atr\u00e1s\u201d.<\/li>\n<li>Escucha con atenci\u00f3n las marcas gramaticales de las oraciones de tu hijo como \u201cun\u201d, \u201cel\u201d, \u201ces\u201d, \u201cson\u201d, la \u201cs\u201d del plural como en \u201cgato<u>s<\/u>\u201d, y las de tiempos verbales como en \u201csaltando\u201d o \u201csaltado\u201d. Si tu hijo a\u00fan no las est\u00e1 utilizando, expande sus oraciones de manera que pueda o\u00edr c\u00f3mo deber\u00edan ser utilizadas en una conversaci\u00f3n.<\/li>\n<li>Piensa c\u00f3mo puedes extender las frases de tu hijo agregando palabras m\u00e1s complejas como\n<ul>\n<li>Adverbios ej.: \u201ca trav\u00e9s\u201d, \u201cantes\u201d, \u201cdespu\u00e9s\u201d, \u201centonces\u201d<\/li>\n<li>Pensamientos ej.: \u201crecuerdo\u201d, \u201cespero\u201d, \u201cme pregunto\u201d<\/li>\n<li>Emociones ej.: \u201csorprendido\u201d, \u201cpreocupado\u201d, \u201cdesilusionado\u201d<\/li>\n<li>Conjunciones ej.: porque, si, pero<\/li>\n<\/ul>\n<\/li>\n<\/ul>\n<p>&nbsp;<\/p>\n<p>\u00bfQuieres conocer m\u00e1s actividades de Rehabilitaci\u00f3n en Casa? Mira todos los videos en nuestra p\u00e1gina de inicio de <a href=\"\/?page_id=8177\">Rehabilitaci\u00f3n en Casa<\/a>.<\/p>\n","protected":false},"excerpt":{"rendered":"<p>El art\u00edculo de Rehabilitaci\u00f3n en casa de hoy es acerca de \u201cexpansi\u00f3n y extensi\u00f3n.\u201d Esta es otra estrategia que puedes utilizar en tu casa con tu hijo para desarrollar su uso del lenguaje oral. Si tu hijo est\u00e1 utilizando palabras sueltas, frases u oraciones cortas, el uso de \u201cexpansi\u00f3n y extensi\u00f3n\u201d puede alentarlo a utilizar [&hellip;]<\/p>\n","protected":false},"author":8,"featured_media":70831,"comment_status":"open","ping_status":"open","sticky":false,"template":"","format":"standard","meta":{"footnotes":""},"categories":[3359],"tags":[3371,3378],"class_list":["post-53613","post","type-post","status-publish","format-standard","has-post-thumbnail","hentry","category-rehabilitacion-en-casa-latam","tag-casa-latam","tag-rehabilitacion-latam"],"yoast_head":"<!-- This site is optimized with the Yoast SEO plugin v27.4 - https:\/\/yoast.com\/product\/yoast-seo-wordpress\/ -->\n<title>Rehabilitaci\u00f3n En Casa: \u00bfQu\u00e9 es expansi\u00f3n y extensi\u00f3n? - Blog MED-EL<\/title>\n<meta name=\"robots\" content=\"index, follow, max-snippet:-1, max-image-preview:large, max-video-preview:-1\" \/>\n<link rel=\"canonical\" href=\"https:\/\/blog.medel.com\/latam\/consejos-y-recomendaciones-latam\/rehabilitacion-en-casa-latam\/rehabilitacion-en-casa-que-es-expansion-y-extension\/\" \/>\n<meta property=\"og:locale\" content=\"es_ES\" \/>\n<meta property=\"og:type\" content=\"article\" \/>\n<meta property=\"og:title\" content=\"Rehabilitaci\u00f3n En Casa: \u00bfQu\u00e9 es expansi\u00f3n y extensi\u00f3n? - Blog MED-EL\" \/>\n<meta property=\"og:description\" content=\"El art\u00edculo de Rehabilitaci\u00f3n en casa de hoy es acerca de \u201cexpansi\u00f3n y extensi\u00f3n.\u201d Esta es otra estrategia que puedes utilizar en tu casa con tu hijo para desarrollar su uso del lenguaje oral. Si tu hijo est\u00e1 utilizando palabras sueltas, frases u oraciones cortas, el uso de \u201cexpansi\u00f3n y extensi\u00f3n\u201d puede alentarlo a utilizar [&hellip;]\" \/>\n<meta property=\"og:url\" content=\"https:\/\/blog.medel.com\/latam\/consejos-y-recomendaciones-latam\/rehabilitacion-en-casa-latam\/rehabilitacion-en-casa-que-es-expansion-y-extension\/\" \/>\n<meta property=\"og:site_name\" content=\"The MED-EL Blog\" \/>\n<meta property=\"article:published_time\" content=\"2020-07-21T13:59:31+00:00\" \/>\n<meta property=\"article:modified_time\" content=\"2023-12-04T14:13:55+00:00\" \/>\n<meta property=\"og:image\" content=\"https:\/\/blog.medel.com\/wp-content\/uploads\/2023\/03\/rehabilitasi-di-rumah-pemnajangan-dan-perluasan-1.png\" \/>\n\t<meta property=\"og:image:width\" content=\"960\" \/>\n\t<meta property=\"og:image:height\" content=\"540\" \/>\n\t<meta property=\"og:image:type\" content=\"image\/png\" \/>\n<meta name=\"author\" content=\"MED-EL\" \/>\n<meta name=\"twitter:card\" content=\"summary_large_image\" \/>\n<meta name=\"twitter:label1\" content=\"Written by\" \/>\n\t<meta name=\"twitter:data1\" content=\"MED-EL\" \/>\n\t<meta name=\"twitter:label2\" content=\"Est. reading time\" \/>\n\t<meta name=\"twitter:data2\" content=\"3 minutes\" \/>\n<script type=\"application\/ld+json\" class=\"yoast-schema-graph\">{\"@context\":\"https:\\\/\\\/schema.org\",\"@graph\":[{\"@type\":\"Article\",\"@id\":\"https:\\\/\\\/blog.medel.com\\\/latam\\\/consejos-y-recomendaciones-latam\\\/rehabilitacion-en-casa-latam\\\/rehabilitacion-en-casa-que-es-expansion-y-extension\\\/#article\",\"isPartOf\":{\"@id\":\"https:\\\/\\\/blog.medel.com\\\/latam\\\/consejos-y-recomendaciones-latam\\\/rehabilitacion-en-casa-latam\\\/rehabilitacion-en-casa-que-es-expansion-y-extension\\\/\"},\"author\":{\"name\":\"MED-EL\",\"@id\":\"https:\\\/\\\/blog.medel.com\\\/tr\\\/#\\\/schema\\\/person\\\/9f8dcfb27ec87796d874e021602c56e2\"},\"headline\":\"Rehabilitaci\u00f3n En Casa: \u00bfQu\u00e9 es expansi\u00f3n y extensi\u00f3n?\",\"datePublished\":\"2020-07-21T13:59:31+00:00\",\"dateModified\":\"2023-12-04T14:13:55+00:00\",\"mainEntityOfPage\":{\"@id\":\"https:\\\/\\\/blog.medel.com\\\/latam\\\/consejos-y-recomendaciones-latam\\\/rehabilitacion-en-casa-latam\\\/rehabilitacion-en-casa-que-es-expansion-y-extension\\\/\"},\"wordCount\":710,\"commentCount\":0,\"publisher\":{\"@id\":\"https:\\\/\\\/blog.medel.com\\\/tr\\\/#organization\"},\"image\":{\"@id\":\"https:\\\/\\\/blog.medel.com\\\/latam\\\/consejos-y-recomendaciones-latam\\\/rehabilitacion-en-casa-latam\\\/rehabilitacion-en-casa-que-es-expansion-y-extension\\\/#primaryimage\"},\"thumbnailUrl\":\"https:\\\/\\\/blog.medel.com\\\/wp-content\\\/uploads\\\/2023\\\/03\\\/rehabilitasi-di-rumah-pemnajangan-dan-perluasan-1.png\",\"keywords\":[\"casa\",\"rehabilitacion\"],\"articleSection\":[\"Rehabilitaci\u00f3n En Casa\"],\"inLanguage\":\"es\",\"potentialAction\":[{\"@type\":\"CommentAction\",\"name\":\"Comment\",\"target\":[\"https:\\\/\\\/blog.medel.com\\\/latam\\\/consejos-y-recomendaciones-latam\\\/rehabilitacion-en-casa-latam\\\/rehabilitacion-en-casa-que-es-expansion-y-extension\\\/#respond\"]}]},{\"@type\":\"WebPage\",\"@id\":\"https:\\\/\\\/blog.medel.com\\\/latam\\\/consejos-y-recomendaciones-latam\\\/rehabilitacion-en-casa-latam\\\/rehabilitacion-en-casa-que-es-expansion-y-extension\\\/\",\"url\":\"https:\\\/\\\/blog.medel.com\\\/latam\\\/consejos-y-recomendaciones-latam\\\/rehabilitacion-en-casa-latam\\\/rehabilitacion-en-casa-que-es-expansion-y-extension\\\/\",\"name\":\"Rehabilitaci\u00f3n En Casa: \u00bfQu\u00e9 es expansi\u00f3n y extensi\u00f3n? - Blog MED-EL\",\"isPartOf\":{\"@id\":\"https:\\\/\\\/blog.medel.com\\\/tr\\\/#website\"},\"primaryImageOfPage\":{\"@id\":\"https:\\\/\\\/blog.medel.com\\\/latam\\\/consejos-y-recomendaciones-latam\\\/rehabilitacion-en-casa-latam\\\/rehabilitacion-en-casa-que-es-expansion-y-extension\\\/#primaryimage\"},\"image\":{\"@id\":\"https:\\\/\\\/blog.medel.com\\\/latam\\\/consejos-y-recomendaciones-latam\\\/rehabilitacion-en-casa-latam\\\/rehabilitacion-en-casa-que-es-expansion-y-extension\\\/#primaryimage\"},\"thumbnailUrl\":\"https:\\\/\\\/blog.medel.com\\\/wp-content\\\/uploads\\\/2023\\\/03\\\/rehabilitasi-di-rumah-pemnajangan-dan-perluasan-1.png\",\"datePublished\":\"2020-07-21T13:59:31+00:00\",\"dateModified\":\"2023-12-04T14:13:55+00:00\",\"breadcrumb\":{\"@id\":\"https:\\\/\\\/blog.medel.com\\\/latam\\\/consejos-y-recomendaciones-latam\\\/rehabilitacion-en-casa-latam\\\/rehabilitacion-en-casa-que-es-expansion-y-extension\\\/#breadcrumb\"},\"inLanguage\":\"es\",\"potentialAction\":[{\"@type\":\"ReadAction\",\"target\":[\"https:\\\/\\\/blog.medel.com\\\/latam\\\/consejos-y-recomendaciones-latam\\\/rehabilitacion-en-casa-latam\\\/rehabilitacion-en-casa-que-es-expansion-y-extension\\\/\"]}]},{\"@type\":\"ImageObject\",\"inLanguage\":\"es\",\"@id\":\"https:\\\/\\\/blog.medel.com\\\/latam\\\/consejos-y-recomendaciones-latam\\\/rehabilitacion-en-casa-latam\\\/rehabilitacion-en-casa-que-es-expansion-y-extension\\\/#primaryimage\",\"url\":\"https:\\\/\\\/blog.medel.com\\\/wp-content\\\/uploads\\\/2023\\\/03\\\/rehabilitasi-di-rumah-pemnajangan-dan-perluasan-1.png\",\"contentUrl\":\"https:\\\/\\\/blog.medel.com\\\/wp-content\\\/uploads\\\/2023\\\/03\\\/rehabilitasi-di-rumah-pemnajangan-dan-perluasan-1.png\",\"width\":960,\"height\":540},{\"@type\":\"BreadcrumbList\",\"@id\":\"https:\\\/\\\/blog.medel.com\\\/latam\\\/consejos-y-recomendaciones-latam\\\/rehabilitacion-en-casa-latam\\\/rehabilitacion-en-casa-que-es-expansion-y-extension\\\/#breadcrumb\",\"itemListElement\":[{\"@type\":\"ListItem\",\"position\":1,\"name\":\"Home\",\"item\":\"https:\\\/\\\/blog.medel.com\\\/latam\\\/\"},{\"@type\":\"ListItem\",\"position\":2,\"name\":\"Rehabilitaci\u00f3n En Casa: \u00bfQu\u00e9 es expansi\u00f3n y extensi\u00f3n?\"}]},{\"@type\":\"WebSite\",\"@id\":\"https:\\\/\\\/blog.medel.com\\\/tr\\\/#website\",\"url\":\"https:\\\/\\\/blog.medel.com\\\/tr\\\/\",\"name\":\"The MED-EL Blog\",\"description\":\"\",\"publisher\":{\"@id\":\"https:\\\/\\\/blog.medel.com\\\/tr\\\/#organization\"},\"potentialAction\":[{\"@type\":\"SearchAction\",\"target\":{\"@type\":\"EntryPoint\",\"urlTemplate\":\"https:\\\/\\\/blog.medel.com\\\/tr\\\/?s={search_term_string}\"},\"query-input\":{\"@type\":\"PropertyValueSpecification\",\"valueRequired\":true,\"valueName\":\"search_term_string\"}}],\"inLanguage\":\"es\"},{\"@type\":\"Organization\",\"@id\":\"https:\\\/\\\/blog.medel.com\\\/tr\\\/#organization\",\"name\":\"The MED-EL Blog\",\"url\":\"https:\\\/\\\/blog.medel.com\\\/tr\\\/\",\"logo\":{\"@type\":\"ImageObject\",\"inLanguage\":\"es\",\"@id\":\"https:\\\/\\\/blog.medel.com\\\/tr\\\/#\\\/schema\\\/logo\\\/image\\\/\",\"url\":\"https:\\\/\\\/blog.medel.com\\\/wp-content\\\/uploads\\\/2023\\\/02\\\/MED-EL_logo_L2.png\",\"contentUrl\":\"https:\\\/\\\/blog.medel.com\\\/wp-content\\\/uploads\\\/2023\\\/02\\\/MED-EL_logo_L2.png\",\"width\":443,\"height\":200,\"caption\":\"The MED-EL Blog\"},\"image\":{\"@id\":\"https:\\\/\\\/blog.medel.com\\\/tr\\\/#\\\/schema\\\/logo\\\/image\\\/\"}},{\"@type\":\"Person\",\"@id\":\"https:\\\/\\\/blog.medel.com\\\/tr\\\/#\\\/schema\\\/person\\\/9f8dcfb27ec87796d874e021602c56e2\",\"name\":\"MED-EL\",\"sameAs\":[\"https:\\\/\\\/www.medel.com\"]}]}<\/script>\n<!-- \/ Yoast SEO plugin. -->","yoast_head_json":{"title":"Rehabilitaci\u00f3n En Casa: \u00bfQu\u00e9 es expansi\u00f3n y extensi\u00f3n? - Blog MED-EL","robots":{"index":"index","follow":"follow","max-snippet":"max-snippet:-1","max-image-preview":"max-image-preview:large","max-video-preview":"max-video-preview:-1"},"canonical":"https:\/\/blog.medel.com\/latam\/consejos-y-recomendaciones-latam\/rehabilitacion-en-casa-latam\/rehabilitacion-en-casa-que-es-expansion-y-extension\/","og_locale":"es_ES","og_type":"article","og_title":"Rehabilitaci\u00f3n En Casa: \u00bfQu\u00e9 es expansi\u00f3n y extensi\u00f3n? - Blog MED-EL","og_description":"El art\u00edculo de Rehabilitaci\u00f3n en casa de hoy es acerca de \u201cexpansi\u00f3n y extensi\u00f3n.\u201d Esta es otra estrategia que puedes utilizar en tu casa con tu hijo para desarrollar su uso del lenguaje oral. Si tu hijo est\u00e1 utilizando palabras sueltas, frases u oraciones cortas, el uso de \u201cexpansi\u00f3n y extensi\u00f3n\u201d puede alentarlo a utilizar [&hellip;]","og_url":"https:\/\/blog.medel.com\/latam\/consejos-y-recomendaciones-latam\/rehabilitacion-en-casa-latam\/rehabilitacion-en-casa-que-es-expansion-y-extension\/","og_site_name":"The MED-EL Blog","article_published_time":"2020-07-21T13:59:31+00:00","article_modified_time":"2023-12-04T14:13:55+00:00","og_image":[{"width":960,"height":540,"url":"https:\/\/blog.medel.com\/wp-content\/uploads\/2023\/03\/rehabilitasi-di-rumah-pemnajangan-dan-perluasan-1.png","type":"image\/png"}],"author":"MED-EL","twitter_card":"summary_large_image","twitter_misc":{"Written by":"MED-EL","Est. reading time":"3 minutes"},"schema":{"@context":"https:\/\/schema.org","@graph":[{"@type":"Article","@id":"https:\/\/blog.medel.com\/latam\/consejos-y-recomendaciones-latam\/rehabilitacion-en-casa-latam\/rehabilitacion-en-casa-que-es-expansion-y-extension\/#article","isPartOf":{"@id":"https:\/\/blog.medel.com\/latam\/consejos-y-recomendaciones-latam\/rehabilitacion-en-casa-latam\/rehabilitacion-en-casa-que-es-expansion-y-extension\/"},"author":{"name":"MED-EL","@id":"https:\/\/blog.medel.com\/tr\/#\/schema\/person\/9f8dcfb27ec87796d874e021602c56e2"},"headline":"Rehabilitaci\u00f3n En Casa: \u00bfQu\u00e9 es expansi\u00f3n y extensi\u00f3n?","datePublished":"2020-07-21T13:59:31+00:00","dateModified":"2023-12-04T14:13:55+00:00","mainEntityOfPage":{"@id":"https:\/\/blog.medel.com\/latam\/consejos-y-recomendaciones-latam\/rehabilitacion-en-casa-latam\/rehabilitacion-en-casa-que-es-expansion-y-extension\/"},"wordCount":710,"commentCount":0,"publisher":{"@id":"https:\/\/blog.medel.com\/tr\/#organization"},"image":{"@id":"https:\/\/blog.medel.com\/latam\/consejos-y-recomendaciones-latam\/rehabilitacion-en-casa-latam\/rehabilitacion-en-casa-que-es-expansion-y-extension\/#primaryimage"},"thumbnailUrl":"https:\/\/blog.medel.com\/wp-content\/uploads\/2023\/03\/rehabilitasi-di-rumah-pemnajangan-dan-perluasan-1.png","keywords":["casa","rehabilitacion"],"articleSection":["Rehabilitaci\u00f3n En Casa"],"inLanguage":"es","potentialAction":[{"@type":"CommentAction","name":"Comment","target":["https:\/\/blog.medel.com\/latam\/consejos-y-recomendaciones-latam\/rehabilitacion-en-casa-latam\/rehabilitacion-en-casa-que-es-expansion-y-extension\/#respond"]}]},{"@type":"WebPage","@id":"https:\/\/blog.medel.com\/latam\/consejos-y-recomendaciones-latam\/rehabilitacion-en-casa-latam\/rehabilitacion-en-casa-que-es-expansion-y-extension\/","url":"https:\/\/blog.medel.com\/latam\/consejos-y-recomendaciones-latam\/rehabilitacion-en-casa-latam\/rehabilitacion-en-casa-que-es-expansion-y-extension\/","name":"Rehabilitaci\u00f3n En Casa: \u00bfQu\u00e9 es expansi\u00f3n y extensi\u00f3n? - Blog MED-EL","isPartOf":{"@id":"https:\/\/blog.medel.com\/tr\/#website"},"primaryImageOfPage":{"@id":"https:\/\/blog.medel.com\/latam\/consejos-y-recomendaciones-latam\/rehabilitacion-en-casa-latam\/rehabilitacion-en-casa-que-es-expansion-y-extension\/#primaryimage"},"image":{"@id":"https:\/\/blog.medel.com\/latam\/consejos-y-recomendaciones-latam\/rehabilitacion-en-casa-latam\/rehabilitacion-en-casa-que-es-expansion-y-extension\/#primaryimage"},"thumbnailUrl":"https:\/\/blog.medel.com\/wp-content\/uploads\/2023\/03\/rehabilitasi-di-rumah-pemnajangan-dan-perluasan-1.png","datePublished":"2020-07-21T13:59:31+00:00","dateModified":"2023-12-04T14:13:55+00:00","breadcrumb":{"@id":"https:\/\/blog.medel.com\/latam\/consejos-y-recomendaciones-latam\/rehabilitacion-en-casa-latam\/rehabilitacion-en-casa-que-es-expansion-y-extension\/#breadcrumb"},"inLanguage":"es","potentialAction":[{"@type":"ReadAction","target":["https:\/\/blog.medel.com\/latam\/consejos-y-recomendaciones-latam\/rehabilitacion-en-casa-latam\/rehabilitacion-en-casa-que-es-expansion-y-extension\/"]}]},{"@type":"ImageObject","inLanguage":"es","@id":"https:\/\/blog.medel.com\/latam\/consejos-y-recomendaciones-latam\/rehabilitacion-en-casa-latam\/rehabilitacion-en-casa-que-es-expansion-y-extension\/#primaryimage","url":"https:\/\/blog.medel.com\/wp-content\/uploads\/2023\/03\/rehabilitasi-di-rumah-pemnajangan-dan-perluasan-1.png","contentUrl":"https:\/\/blog.medel.com\/wp-content\/uploads\/2023\/03\/rehabilitasi-di-rumah-pemnajangan-dan-perluasan-1.png","width":960,"height":540},{"@type":"BreadcrumbList","@id":"https:\/\/blog.medel.com\/latam\/consejos-y-recomendaciones-latam\/rehabilitacion-en-casa-latam\/rehabilitacion-en-casa-que-es-expansion-y-extension\/#breadcrumb","itemListElement":[{"@type":"ListItem","position":1,"name":"Home","item":"https:\/\/blog.medel.com\/latam\/"},{"@type":"ListItem","position":2,"name":"Rehabilitaci\u00f3n En Casa: \u00bfQu\u00e9 es expansi\u00f3n y extensi\u00f3n?"}]},{"@type":"WebSite","@id":"https:\/\/blog.medel.com\/tr\/#website","url":"https:\/\/blog.medel.com\/tr\/","name":"The MED-EL Blog","description":"","publisher":{"@id":"https:\/\/blog.medel.com\/tr\/#organization"},"potentialAction":[{"@type":"SearchAction","target":{"@type":"EntryPoint","urlTemplate":"https:\/\/blog.medel.com\/tr\/?s={search_term_string}"},"query-input":{"@type":"PropertyValueSpecification","valueRequired":true,"valueName":"search_term_string"}}],"inLanguage":"es"},{"@type":"Organization","@id":"https:\/\/blog.medel.com\/tr\/#organization","name":"The MED-EL Blog","url":"https:\/\/blog.medel.com\/tr\/","logo":{"@type":"ImageObject","inLanguage":"es","@id":"https:\/\/blog.medel.com\/tr\/#\/schema\/logo\/image\/","url":"https:\/\/blog.medel.com\/wp-content\/uploads\/2023\/02\/MED-EL_logo_L2.png","contentUrl":"https:\/\/blog.medel.com\/wp-content\/uploads\/2023\/02\/MED-EL_logo_L2.png","width":443,"height":200,"caption":"The MED-EL Blog"},"image":{"@id":"https:\/\/blog.medel.com\/tr\/#\/schema\/logo\/image\/"}},{"@type":"Person","@id":"https:\/\/blog.medel.com\/tr\/#\/schema\/person\/9f8dcfb27ec87796d874e021602c56e2","name":"MED-EL","sameAs":["https:\/\/www.medel.com"]}]}},"_links":{"self":[{"href":"https:\/\/blog.medel.com\/latam\/wp-json\/wp\/v2\/posts\/53613","targetHints":{"allow":["GET"]}}],"collection":[{"href":"https:\/\/blog.medel.com\/latam\/wp-json\/wp\/v2\/posts"}],"about":[{"href":"https:\/\/blog.medel.com\/latam\/wp-json\/wp\/v2\/types\/post"}],"author":[{"embeddable":true,"href":"https:\/\/blog.medel.com\/latam\/wp-json\/wp\/v2\/users\/8"}],"replies":[{"embeddable":true,"href":"https:\/\/blog.medel.com\/latam\/wp-json\/wp\/v2\/comments?post=53613"}],"version-history":[{"count":1,"href":"https:\/\/blog.medel.com\/latam\/wp-json\/wp\/v2\/posts\/53613\/revisions"}],"predecessor-version":[{"id":53614,"href":"https:\/\/blog.medel.com\/latam\/wp-json\/wp\/v2\/posts\/53613\/revisions\/53614"}],"wp:featuredmedia":[{"embeddable":true,"href":"https:\/\/blog.medel.com\/latam\/wp-json\/wp\/v2\/media\/70831"}],"wp:attachment":[{"href":"https:\/\/blog.medel.com\/latam\/wp-json\/wp\/v2\/media?parent=53613"}],"wp:term":[{"taxonomy":"category","embeddable":true,"href":"https:\/\/blog.medel.com\/latam\/wp-json\/wp\/v2\/categories?post=53613"},{"taxonomy":"post_tag","embeddable":true,"href":"https:\/\/blog.medel.com\/latam\/wp-json\/wp\/v2\/tags?post=53613"}],"curies":[{"name":"wp","href":"https:\/\/api.w.org\/{rel}","templated":true}]}}