{"id":53611,"date":"2020-06-26T18:22:54","date_gmt":"2020-06-26T18:22:54","guid":{"rendered":"https:\/\/blog.medel.com\/uncategorized-latam\/conoce-de-cerca-al-procesador-de-audio-sonnet-2\/"},"modified":"2023-12-04T16:08:47","modified_gmt":"2023-12-04T14:08:47","slug":"conoce-de-cerca-al-procesador-de-audio-sonnet-2","status":"publish","type":"post","link":"https:\/\/blog.medel.com\/latam\/tecnologia-latam\/conoce-de-cerca-al-procesador-de-audio-sonnet-2\/","title":{"rendered":"Conoce de cerca al Procesador de audio SONNET 2"},"content":{"rendered":"<p>\u00bfYa has visto el nuevo Procesador de Audio SONNET 2? Con la m\u00e1s reciente tecnolog\u00eda de sonido, nuevas opciones de conectividad e incluso una aplicaci\u00f3n para tel\u00e9fonos celulares, fue creado para darte la mejor audici\u00f3n posible.<\/p>\n<p>Les pedimos a Daniela y a Peter, nuestros expertos internos, que nos brindaran un an\u00e1lisis m\u00e1s profundo.<\/p>\n<h3><strong>Mejor sonido, dondequiera que est\u00e9s<\/strong><\/h3>\n<p>\u00bfAlguna vez te fastidiaste con esos sonidos met\u00e1licos de la licuadora? \u00bfO te frustraste con el zumbido del ventilador de tu computadora? Es aqu\u00ed donde SONNET 2 entra en escena.<\/p>\n<p>SONNET 2 est\u00e1 dise\u00f1ado para ser el compa\u00f1ero perfecto dondequiera que te lleve la vida. Tiene una tecnolog\u00eda nueva especial, Gesti\u00f3n Autom\u00e1tica de Sonido 3.0, que adapta la configuraci\u00f3n de tu SONNET 2 a los ambientes.<\/p>\n<p><iframe loading=\"lazy\" title=\"Made for You: Introducing SONNET 2 and MAESTRO 8.0\" width=\"500\" height=\"281\" src=\"https:\/\/www.youtube.com\/embed\/i3Kkpl8wIW0?feature=oembed\" frameborder=\"0\" allow=\"accelerometer; autoplay; clipboard-write; encrypted-media; gyroscope; picture-in-picture; web-share\" referrerpolicy=\"strict-origin-when-cross-origin\" allowfullscreen><\/iframe><\/p>\n<p><em>*Recuerde activar los subt\u00edtulos en Espa\u00f1ol para ver este video<\/em><\/p>\n<p>Peter, que tiene m\u00e1s de 20 a\u00f1os de experiencia en el \u00e1rea de codificaci\u00f3n de la se\u00f1al en MED-EL, explica exactamente c\u00f3mo funciona esta gesti\u00f3n Autom\u00e1tica de Sonido. \u201cB\u00e1sicamente, detecta tu ambiente auditivo\u201d. Luego, autom\u00e1ticamente aplica el procesmiento frontal \u00f3ptimo para dicha situaci\u00f3n.<\/p>\n<p>\u201cEsto asegura que el procesador de audio procese la se\u00f1al m\u00e1s \u2018clara\u2019, lo que hace que sea m\u00e1s f\u00e1cil seguir una conversaci\u00f3n, especialmente en ambientes desafiantes\u201d.<\/p>\n<p>\u201cEsto tambi\u00e9n ayuda a recortar el sonido de ambiente molesto, como el ruido constante del ventilador o un sonido fuerte repentino\u201d, agrega Daniela.<\/p>\n<p>&nbsp;<\/p>\n<h3><strong>Transmite sonido directo de tu<\/strong><strong> tel\u00e9fono<\/strong><\/h3>\n<p>Transmite m\u00fasica directo de tu tablet. Realiza llamadas con manos libres. Disfruta el sonido inal\u00e1mbrico de tu televisor.<\/p>\n<p>No es solo SONNET 2 lo nuevo: Tambi\u00e9n hemos incorporado un dispositivo de conectividad universal llamado AudioLink.\u00a0 Utiliz\u00e1ndolo, puedes transmitir m\u00fasica y disfrutar llamadas con manos libres desde tu tel\u00e9fono, tablet o televisor hacia tu SONNET 2. Funciona con cualquier dispositivo que tenga Bluetooth o puerto para auriculares, desde el smartphone m\u00e1s reciente hasta tu reproductor de casetes retro.<\/p>\n<p><img loading=\"lazy\" decoding=\"async\" class=\"size-full wp-image-15756 aligncenter\" src=\"https:\/\/blog.medel.com\/wp-content\/uploads\/2019\/07\/audiolink-sonnet2.jpg\" alt=\"\" width=\"800\" height=\"400\" \/><\/p>\n<p>\u201cPero eso no es todo\u201d, agrega Daniela, \u201cAudioLink tiene un micr\u00f3fono incorporado, as\u00ed que puedes utilizarlo como un Micr\u00f3fono Remoto\u201d. Esto puede ser realmente \u00fatil en reuniones concurridas o para un sonido claro en el contexto de una clase.<\/p>\n<p>&nbsp;<\/p>\n<h3><strong>Modifica la configuraci\u00f3n con una aplicaci\u00f3n<\/strong><\/h3>\n<p>\u00bfAlguna vez perdiste el control remoto de tu procesador de audio detr\u00e1s del sill\u00f3n o lo dejaste en la mesita de luz cuando fuiste a trabajar? Sabemos lo molesto que esto puede ser, por eso SONNET 2 funciona con nuestra nueva aplicaci\u00f3n AudioKey. Con la aplicaci\u00f3n, puedes cambiar tu configuraci\u00f3n desde tu dispositivo iPhone o Android.<\/p>\n<p>La aplicaci\u00f3n tambi\u00e9n ofrece el Modo Guardi\u00e1n, de manera que puedas controlar f\u00e1cilmente m\u00faltiples procesadores de audio desde una aplicaci\u00f3n. \u201cPor ejemplo, como padre, puedo tener completo control del procesador de audio de mi hijo\u201d, dice Daniela.<\/p>\n<p><img loading=\"lazy\" decoding=\"async\" class=\"size-full wp-image-21874 aligncenter\" src=\"https:\/\/blog.medel.com\/wp-content\/uploads\/2020\/06\/made_for_you__introducing_sonnet_2_and_maestro_8.0.gif\" alt=\"Hecho para ti SONNET 2\" width=\"480\" height=\"270\" \/><\/p>\n<p>El modo \u201cObservador\u201d provee informaci\u00f3n sobre el estado auditivo del procesador. De manera que puedo manejar el procesador de dos ni\u00f1os con una aplicaci\u00f3n, o como docente, podr\u00eda tener un modo Observador para varios alumnos al mismo tiempo.<\/p>\n<p>\u201cO tambi\u00e9n podr\u00eda configurar controles simples para que el ni\u00f1o maneje su propio procesador de audio en la escuela o en el camino\u201d.<\/p>\n<p>En conjunto, esto significa mucha m\u00e1s flexibilidad y seguridad para los padres.<\/p>\n<p>&nbsp;<\/p>\n<h3><strong>Lleva registro de tu<\/strong><strong> audici\u00f3n (y de tu<\/strong><strong> procesador)<\/strong><\/h3>\n<p>Tambi\u00e9n puedes utilizar AudioKey para tener un panorama de c\u00f3mo utilizas SONNET 2, como por ejemplo los programas que usas y el tiempo de uso. Esto, junto con las poderosas capacidades de almacenamiento de SONNET 2, ayuda a tu audi\u00f3logo a ajustar tu procesador de audio correctamente.<\/p>\n<div id=\"attachment_15769\" style=\"width: 810px\" class=\"wp-caption aligncenter\"><img loading=\"lazy\" decoding=\"async\" aria-describedby=\"caption-attachment-15769\" class=\"size-full wp-image-15769\" src=\"https:\/\/blog.medel.com\/wp-content\/uploads\/2019\/07\/audiokey-audio-processor-app.jpg\" alt=\"\" width=\"800\" height=\"400\" \/><p id=\"caption-attachment-15769\" class=\"wp-caption-text\"><span style=\"font-size: 16px;\">Con la funci\u00f3n \u201cEncontrar mi Procesador\u201d, puedes rastrear la ubicaci\u00f3n de tu procesador de audio, lo que permite ver d\u00f3nde conectaste por \u00faltima vez tu SONNET 2 al tel\u00e9fono.<\/span><\/p><\/div>\n<h3><strong>Un procesador de audio ideal para ni\u00f1os<\/strong><\/h3>\n<p>No es solo AudioKey lo que hace a SONNET 2 ideal para los ni\u00f1os peque\u00f1os. El dise\u00f1o del procesador de audio en s\u00ed mismo ofrece altos niveles de seguridad para ni\u00f1os. \u201cEl cable durable de la bobina se inmoviliza en ambos lados. Y con el indicador de conexi\u00f3n de la Bobina DL, puedes confirmar inmediatamente si SONNET 2 est\u00e1 conectado al implante\u201d.<\/p>\n<p><img loading=\"lazy\" decoding=\"async\" class=\"size-full wp-image-15833 aligncenter\" src=\"https:\/\/blog.medel.com\/wp-content\/uploads\/2019\/07\/sonnet2-box.jpg\" alt=\"Caja SONNET 2\" width=\"800\" height=\"400\" \/><\/p>\n<p>Adem\u00e1s, puedes utilizar SONNET 2 con\u00a0<a href=\"https:\/\/www.medel.com\/hearing-solutions\/accessories\/wearing-options\">BabyWear<\/a>\u00a0para que el procesador pueda adherirse a la ropa de tu beb\u00e9 para mayor comodidad.<\/p>\n<p>&nbsp;<\/p>\n<h3><strong>Un procesador de audio hecho para ti<\/strong><\/h3>\n<p>\u00bfAlguna vez te preocup\u00f3 que tu procesador de audio se humedezca? \u00bfO tuviste que correr a tu casa para cambiar las bater\u00edas? No debiera tener que ajustar tu vida a tu procesador de audio. Por eso dise\u00f1amos SONNET 2 para que, por el contrario, este se ajuste a ti. Tiene un dise\u00f1o modular de manera que puedas cargarlo como quieras.<\/p>\n<p><img loading=\"lazy\" decoding=\"async\" class=\"size-full wp-image-15743 aligncenter\" src=\"https:\/\/blog.medel.com\/wp-content\/uploads\/2019\/07\/sonnet2-changing-covers.jpg\" alt=\"\" width=\"800\" height=\"400\" \/><\/p>\n<p>\u201cExisten bater\u00edas recargables livianas f\u00e1ciles de cambiar. O las desechables pueden durar hasta 4 d\u00edas\u201d, dice Daniela. Tambi\u00e9n puedes<a href=\"https:\/\/www.medel.com\/hearing-solutions\/accessories\/wearing-options\">\u00a0combinarlo con ActiveWear<\/a>, lo que lo convierte en la opci\u00f3n para detr\u00e1s de la oreja m\u00e1s liviana del mercado.<\/p>\n<p>Tiene un dise\u00f1o elegante, con una amplia variedad de combinaciones de colores para ajustarse a cualquier estado de \u00e1nimo o estilo. El dise\u00f1o actualizado \u201cno se abre\u201d, significa que puedes cambiar la cubierta del micr\u00f3fono en un instante.<\/p>\n<p><img loading=\"lazy\" decoding=\"async\" class=\"size-full wp-image-15788 aligncenter\" src=\"https:\/\/blog.medel.com\/wp-content\/uploads\/2019\/07\/waterwear-for-sonnet2-2.jpg\" alt=\"\" width=\"800\" height=\"400\" \/><\/p>\n<p>\u00bfTe encanta salir? SONNET 2 fue dise\u00f1ado para ajustarse a tu estilo de vida. \u201cCiertamente fue creado para la vida cotidiana, por lo tanto, est\u00e1 dise\u00f1ado para soportar la lluvia o el sudor\u201d, explica Daniela. Y\u00a0<a href=\"https:\/\/www.medel.com\/hearing-solutions\/accessories\/waterwear\">con WaterWear<\/a>, la cubierta reutilizable a prueba de agua, incluso puedes llevar el SONNET 2 contigo a la piscina o al mar.<\/p>\n<p>&nbsp;<\/p>\n","protected":false},"excerpt":{"rendered":"<p>\u00bfYa has visto el nuevo Procesador de Audio SONNET 2? Con la m\u00e1s reciente tecnolog\u00eda de sonido, nuevas opciones de conectividad e incluso una aplicaci\u00f3n para tel\u00e9fonos celulares, fue creado para darte la mejor audici\u00f3n posible. Les pedimos a Daniela y a Peter, nuestros expertos internos, que nos brindaran un an\u00e1lisis m\u00e1s profundo. Mejor sonido, [&hellip;]<\/p>\n","protected":false},"author":8,"featured_media":70822,"comment_status":"open","ping_status":"open","sticky":false,"template":"","format":"standard","meta":{"footnotes":""},"categories":[3362],"tags":[3422,3686],"class_list":["post-53611","post","type-post","status-publish","format-standard","has-post-thumbnail","hentry","category-tecnologia-latam","tag-procesador-latam","tag-sonnet-2-latam"],"yoast_head":"<!-- This site is optimized with the Yoast SEO plugin v27.4 - https:\/\/yoast.com\/product\/yoast-seo-wordpress\/ -->\n<title>Conoce de cerca al Procesador de audio SONNET 2 - Blog MED-EL<\/title>\n<meta name=\"description\" content=\"Conoce detalladamente las caracter\u00edsticas del Procesador de Audio para Implante Coclear SONNET 2. El \u00faltimo lanzamiento en Procesadores retroauriculares de MED-EL.\" \/>\n<meta name=\"robots\" content=\"index, follow, max-snippet:-1, max-image-preview:large, max-video-preview:-1\" \/>\n<link rel=\"canonical\" href=\"https:\/\/blog.medel.com\/latam\/tecnologia-latam\/conoce-de-cerca-al-procesador-de-audio-sonnet-2\/\" \/>\n<meta property=\"og:locale\" content=\"es_ES\" \/>\n<meta property=\"og:type\" content=\"article\" \/>\n<meta property=\"og:title\" content=\"Conoce de cerca al Procesador de audio SONNET 2 - Blog MED-EL\" \/>\n<meta property=\"og:description\" content=\"Conoce detalladamente las caracter\u00edsticas del Procesador de Audio para Implante Coclear SONNET 2. El \u00faltimo lanzamiento en Procesadores retroauriculares de MED-EL.\" \/>\n<meta property=\"og:url\" content=\"https:\/\/blog.medel.com\/latam\/tecnologia-latam\/conoce-de-cerca-al-procesador-de-audio-sonnet-2\/\" \/>\n<meta property=\"og:site_name\" content=\"The MED-EL Blog\" \/>\n<meta property=\"article:published_time\" content=\"2020-06-26T18:22:54+00:00\" \/>\n<meta property=\"article:modified_time\" content=\"2023-12-04T14:08:47+00:00\" \/>\n<meta property=\"og:image\" content=\"https:\/\/blog.medel.com\/wp-content\/uploads\/2023\/03\/sonnet2-audio-processor-1-3.jpg\" \/>\n\t<meta property=\"og:image:width\" content=\"800\" \/>\n\t<meta property=\"og:image:height\" content=\"400\" \/>\n\t<meta property=\"og:image:type\" content=\"image\/jpeg\" \/>\n<meta name=\"author\" content=\"MED-EL\" \/>\n<meta name=\"twitter:card\" content=\"summary_large_image\" \/>\n<meta name=\"twitter:label1\" content=\"Written by\" \/>\n\t<meta name=\"twitter:data1\" content=\"MED-EL\" \/>\n\t<meta name=\"twitter:label2\" content=\"Est. reading time\" \/>\n\t<meta name=\"twitter:data2\" content=\"6 minutes\" \/>\n<script type=\"application\/ld+json\" class=\"yoast-schema-graph\">{\"@context\":\"https:\\\/\\\/schema.org\",\"@graph\":[{\"@type\":\"Article\",\"@id\":\"https:\\\/\\\/blog.medel.com\\\/latam\\\/tecnologia-latam\\\/conoce-de-cerca-al-procesador-de-audio-sonnet-2\\\/#article\",\"isPartOf\":{\"@id\":\"https:\\\/\\\/blog.medel.com\\\/latam\\\/tecnologia-latam\\\/conoce-de-cerca-al-procesador-de-audio-sonnet-2\\\/\"},\"author\":{\"name\":\"MED-EL\",\"@id\":\"https:\\\/\\\/blog.medel.com\\\/nl\\\/#\\\/schema\\\/person\\\/9f8dcfb27ec87796d874e021602c56e2\"},\"headline\":\"Conoce de cerca al Procesador de audio SONNET 2\",\"datePublished\":\"2020-06-26T18:22:54+00:00\",\"dateModified\":\"2023-12-04T14:08:47+00:00\",\"mainEntityOfPage\":{\"@id\":\"https:\\\/\\\/blog.medel.com\\\/latam\\\/tecnologia-latam\\\/conoce-de-cerca-al-procesador-de-audio-sonnet-2\\\/\"},\"wordCount\":998,\"commentCount\":0,\"publisher\":{\"@id\":\"https:\\\/\\\/blog.medel.com\\\/nl\\\/#organization\"},\"image\":{\"@id\":\"https:\\\/\\\/blog.medel.com\\\/latam\\\/tecnologia-latam\\\/conoce-de-cerca-al-procesador-de-audio-sonnet-2\\\/#primaryimage\"},\"thumbnailUrl\":\"https:\\\/\\\/blog.medel.com\\\/wp-content\\\/uploads\\\/2023\\\/03\\\/sonnet2-audio-processor-1-3.jpg\",\"keywords\":[\"Procesador\",\"SONNET 2\"],\"articleSection\":[\"TECNOLOG\u00cdA\"],\"inLanguage\":\"es\",\"potentialAction\":[{\"@type\":\"CommentAction\",\"name\":\"Comment\",\"target\":[\"https:\\\/\\\/blog.medel.com\\\/latam\\\/tecnologia-latam\\\/conoce-de-cerca-al-procesador-de-audio-sonnet-2\\\/#respond\"]}]},{\"@type\":\"WebPage\",\"@id\":\"https:\\\/\\\/blog.medel.com\\\/latam\\\/tecnologia-latam\\\/conoce-de-cerca-al-procesador-de-audio-sonnet-2\\\/\",\"url\":\"https:\\\/\\\/blog.medel.com\\\/latam\\\/tecnologia-latam\\\/conoce-de-cerca-al-procesador-de-audio-sonnet-2\\\/\",\"name\":\"Conoce de cerca al Procesador de audio SONNET 2 - Blog MED-EL\",\"isPartOf\":{\"@id\":\"https:\\\/\\\/blog.medel.com\\\/nl\\\/#website\"},\"primaryImageOfPage\":{\"@id\":\"https:\\\/\\\/blog.medel.com\\\/latam\\\/tecnologia-latam\\\/conoce-de-cerca-al-procesador-de-audio-sonnet-2\\\/#primaryimage\"},\"image\":{\"@id\":\"https:\\\/\\\/blog.medel.com\\\/latam\\\/tecnologia-latam\\\/conoce-de-cerca-al-procesador-de-audio-sonnet-2\\\/#primaryimage\"},\"thumbnailUrl\":\"https:\\\/\\\/blog.medel.com\\\/wp-content\\\/uploads\\\/2023\\\/03\\\/sonnet2-audio-processor-1-3.jpg\",\"datePublished\":\"2020-06-26T18:22:54+00:00\",\"dateModified\":\"2023-12-04T14:08:47+00:00\",\"description\":\"Conoce detalladamente las caracter\u00edsticas del Procesador de Audio para Implante Coclear SONNET 2. El \u00faltimo lanzamiento en Procesadores retroauriculares de MED-EL.\",\"breadcrumb\":{\"@id\":\"https:\\\/\\\/blog.medel.com\\\/latam\\\/tecnologia-latam\\\/conoce-de-cerca-al-procesador-de-audio-sonnet-2\\\/#breadcrumb\"},\"inLanguage\":\"es\",\"potentialAction\":[{\"@type\":\"ReadAction\",\"target\":[\"https:\\\/\\\/blog.medel.com\\\/latam\\\/tecnologia-latam\\\/conoce-de-cerca-al-procesador-de-audio-sonnet-2\\\/\"]}]},{\"@type\":\"ImageObject\",\"inLanguage\":\"es\",\"@id\":\"https:\\\/\\\/blog.medel.com\\\/latam\\\/tecnologia-latam\\\/conoce-de-cerca-al-procesador-de-audio-sonnet-2\\\/#primaryimage\",\"url\":\"https:\\\/\\\/blog.medel.com\\\/wp-content\\\/uploads\\\/2023\\\/03\\\/sonnet2-audio-processor-1-3.jpg\",\"contentUrl\":\"https:\\\/\\\/blog.medel.com\\\/wp-content\\\/uploads\\\/2023\\\/03\\\/sonnet2-audio-processor-1-3.jpg\",\"width\":800,\"height\":400},{\"@type\":\"BreadcrumbList\",\"@id\":\"https:\\\/\\\/blog.medel.com\\\/latam\\\/tecnologia-latam\\\/conoce-de-cerca-al-procesador-de-audio-sonnet-2\\\/#breadcrumb\",\"itemListElement\":[{\"@type\":\"ListItem\",\"position\":1,\"name\":\"Home\",\"item\":\"https:\\\/\\\/blog.medel.com\\\/\"},{\"@type\":\"ListItem\",\"position\":2,\"name\":\"Conoce de cerca al Procesador de audio SONNET 2\"}]},{\"@type\":\"WebSite\",\"@id\":\"https:\\\/\\\/blog.medel.com\\\/nl\\\/#website\",\"url\":\"https:\\\/\\\/blog.medel.com\\\/nl\\\/\",\"name\":\"The MED-EL Blog\",\"description\":\"\",\"publisher\":{\"@id\":\"https:\\\/\\\/blog.medel.com\\\/nl\\\/#organization\"},\"potentialAction\":[{\"@type\":\"SearchAction\",\"target\":{\"@type\":\"EntryPoint\",\"urlTemplate\":\"https:\\\/\\\/blog.medel.com\\\/nl\\\/?s={search_term_string}\"},\"query-input\":{\"@type\":\"PropertyValueSpecification\",\"valueRequired\":true,\"valueName\":\"search_term_string\"}}],\"inLanguage\":\"es\"},{\"@type\":\"Organization\",\"@id\":\"https:\\\/\\\/blog.medel.com\\\/nl\\\/#organization\",\"name\":\"The MED-EL Blog\",\"url\":\"https:\\\/\\\/blog.medel.com\\\/nl\\\/\",\"logo\":{\"@type\":\"ImageObject\",\"inLanguage\":\"es\",\"@id\":\"https:\\\/\\\/blog.medel.com\\\/nl\\\/#\\\/schema\\\/logo\\\/image\\\/\",\"url\":\"https:\\\/\\\/blog.medel.com\\\/wp-content\\\/uploads\\\/2023\\\/02\\\/MED-EL_logo_L2.png\",\"contentUrl\":\"https:\\\/\\\/blog.medel.com\\\/wp-content\\\/uploads\\\/2023\\\/02\\\/MED-EL_logo_L2.png\",\"width\":443,\"height\":200,\"caption\":\"The MED-EL Blog\"},\"image\":{\"@id\":\"https:\\\/\\\/blog.medel.com\\\/nl\\\/#\\\/schema\\\/logo\\\/image\\\/\"}},{\"@type\":\"Person\",\"@id\":\"https:\\\/\\\/blog.medel.com\\\/nl\\\/#\\\/schema\\\/person\\\/9f8dcfb27ec87796d874e021602c56e2\",\"name\":\"MED-EL\",\"sameAs\":[\"https:\\\/\\\/www.medel.com\"]}]}<\/script>\n<!-- \/ Yoast SEO plugin. -->","yoast_head_json":{"title":"Conoce de cerca al Procesador de audio SONNET 2 - Blog MED-EL","description":"Conoce detalladamente las caracter\u00edsticas del Procesador de Audio para Implante Coclear SONNET 2. El \u00faltimo lanzamiento en Procesadores retroauriculares de MED-EL.","robots":{"index":"index","follow":"follow","max-snippet":"max-snippet:-1","max-image-preview":"max-image-preview:large","max-video-preview":"max-video-preview:-1"},"canonical":"https:\/\/blog.medel.com\/latam\/tecnologia-latam\/conoce-de-cerca-al-procesador-de-audio-sonnet-2\/","og_locale":"es_ES","og_type":"article","og_title":"Conoce de cerca al Procesador de audio SONNET 2 - Blog MED-EL","og_description":"Conoce detalladamente las caracter\u00edsticas del Procesador de Audio para Implante Coclear SONNET 2. El \u00faltimo lanzamiento en Procesadores retroauriculares de MED-EL.","og_url":"https:\/\/blog.medel.com\/latam\/tecnologia-latam\/conoce-de-cerca-al-procesador-de-audio-sonnet-2\/","og_site_name":"The MED-EL Blog","article_published_time":"2020-06-26T18:22:54+00:00","article_modified_time":"2023-12-04T14:08:47+00:00","og_image":[{"width":800,"height":400,"url":"https:\/\/blog.medel.com\/wp-content\/uploads\/2023\/03\/sonnet2-audio-processor-1-3.jpg","type":"image\/jpeg"}],"author":"MED-EL","twitter_card":"summary_large_image","twitter_misc":{"Written by":"MED-EL","Est. reading time":"6 minutes"},"schema":{"@context":"https:\/\/schema.org","@graph":[{"@type":"Article","@id":"https:\/\/blog.medel.com\/latam\/tecnologia-latam\/conoce-de-cerca-al-procesador-de-audio-sonnet-2\/#article","isPartOf":{"@id":"https:\/\/blog.medel.com\/latam\/tecnologia-latam\/conoce-de-cerca-al-procesador-de-audio-sonnet-2\/"},"author":{"name":"MED-EL","@id":"https:\/\/blog.medel.com\/nl\/#\/schema\/person\/9f8dcfb27ec87796d874e021602c56e2"},"headline":"Conoce de cerca al Procesador de audio SONNET 2","datePublished":"2020-06-26T18:22:54+00:00","dateModified":"2023-12-04T14:08:47+00:00","mainEntityOfPage":{"@id":"https:\/\/blog.medel.com\/latam\/tecnologia-latam\/conoce-de-cerca-al-procesador-de-audio-sonnet-2\/"},"wordCount":998,"commentCount":0,"publisher":{"@id":"https:\/\/blog.medel.com\/nl\/#organization"},"image":{"@id":"https:\/\/blog.medel.com\/latam\/tecnologia-latam\/conoce-de-cerca-al-procesador-de-audio-sonnet-2\/#primaryimage"},"thumbnailUrl":"https:\/\/blog.medel.com\/wp-content\/uploads\/2023\/03\/sonnet2-audio-processor-1-3.jpg","keywords":["Procesador","SONNET 2"],"articleSection":["TECNOLOG\u00cdA"],"inLanguage":"es","potentialAction":[{"@type":"CommentAction","name":"Comment","target":["https:\/\/blog.medel.com\/latam\/tecnologia-latam\/conoce-de-cerca-al-procesador-de-audio-sonnet-2\/#respond"]}]},{"@type":"WebPage","@id":"https:\/\/blog.medel.com\/latam\/tecnologia-latam\/conoce-de-cerca-al-procesador-de-audio-sonnet-2\/","url":"https:\/\/blog.medel.com\/latam\/tecnologia-latam\/conoce-de-cerca-al-procesador-de-audio-sonnet-2\/","name":"Conoce de cerca al Procesador de audio SONNET 2 - Blog MED-EL","isPartOf":{"@id":"https:\/\/blog.medel.com\/nl\/#website"},"primaryImageOfPage":{"@id":"https:\/\/blog.medel.com\/latam\/tecnologia-latam\/conoce-de-cerca-al-procesador-de-audio-sonnet-2\/#primaryimage"},"image":{"@id":"https:\/\/blog.medel.com\/latam\/tecnologia-latam\/conoce-de-cerca-al-procesador-de-audio-sonnet-2\/#primaryimage"},"thumbnailUrl":"https:\/\/blog.medel.com\/wp-content\/uploads\/2023\/03\/sonnet2-audio-processor-1-3.jpg","datePublished":"2020-06-26T18:22:54+00:00","dateModified":"2023-12-04T14:08:47+00:00","description":"Conoce detalladamente las caracter\u00edsticas del Procesador de Audio para Implante Coclear SONNET 2. El \u00faltimo lanzamiento en Procesadores retroauriculares de MED-EL.","breadcrumb":{"@id":"https:\/\/blog.medel.com\/latam\/tecnologia-latam\/conoce-de-cerca-al-procesador-de-audio-sonnet-2\/#breadcrumb"},"inLanguage":"es","potentialAction":[{"@type":"ReadAction","target":["https:\/\/blog.medel.com\/latam\/tecnologia-latam\/conoce-de-cerca-al-procesador-de-audio-sonnet-2\/"]}]},{"@type":"ImageObject","inLanguage":"es","@id":"https:\/\/blog.medel.com\/latam\/tecnologia-latam\/conoce-de-cerca-al-procesador-de-audio-sonnet-2\/#primaryimage","url":"https:\/\/blog.medel.com\/wp-content\/uploads\/2023\/03\/sonnet2-audio-processor-1-3.jpg","contentUrl":"https:\/\/blog.medel.com\/wp-content\/uploads\/2023\/03\/sonnet2-audio-processor-1-3.jpg","width":800,"height":400},{"@type":"BreadcrumbList","@id":"https:\/\/blog.medel.com\/latam\/tecnologia-latam\/conoce-de-cerca-al-procesador-de-audio-sonnet-2\/#breadcrumb","itemListElement":[{"@type":"ListItem","position":1,"name":"Home","item":"https:\/\/blog.medel.com\/"},{"@type":"ListItem","position":2,"name":"Conoce de cerca al Procesador de audio SONNET 2"}]},{"@type":"WebSite","@id":"https:\/\/blog.medel.com\/nl\/#website","url":"https:\/\/blog.medel.com\/nl\/","name":"The MED-EL Blog","description":"","publisher":{"@id":"https:\/\/blog.medel.com\/nl\/#organization"},"potentialAction":[{"@type":"SearchAction","target":{"@type":"EntryPoint","urlTemplate":"https:\/\/blog.medel.com\/nl\/?s={search_term_string}"},"query-input":{"@type":"PropertyValueSpecification","valueRequired":true,"valueName":"search_term_string"}}],"inLanguage":"es"},{"@type":"Organization","@id":"https:\/\/blog.medel.com\/nl\/#organization","name":"The MED-EL Blog","url":"https:\/\/blog.medel.com\/nl\/","logo":{"@type":"ImageObject","inLanguage":"es","@id":"https:\/\/blog.medel.com\/nl\/#\/schema\/logo\/image\/","url":"https:\/\/blog.medel.com\/wp-content\/uploads\/2023\/02\/MED-EL_logo_L2.png","contentUrl":"https:\/\/blog.medel.com\/wp-content\/uploads\/2023\/02\/MED-EL_logo_L2.png","width":443,"height":200,"caption":"The MED-EL Blog"},"image":{"@id":"https:\/\/blog.medel.com\/nl\/#\/schema\/logo\/image\/"}},{"@type":"Person","@id":"https:\/\/blog.medel.com\/nl\/#\/schema\/person\/9f8dcfb27ec87796d874e021602c56e2","name":"MED-EL","sameAs":["https:\/\/www.medel.com"]}]}},"_links":{"self":[{"href":"https:\/\/blog.medel.com\/latam\/wp-json\/wp\/v2\/posts\/53611","targetHints":{"allow":["GET"]}}],"collection":[{"href":"https:\/\/blog.medel.com\/latam\/wp-json\/wp\/v2\/posts"}],"about":[{"href":"https:\/\/blog.medel.com\/latam\/wp-json\/wp\/v2\/types\/post"}],"author":[{"embeddable":true,"href":"https:\/\/blog.medel.com\/latam\/wp-json\/wp\/v2\/users\/8"}],"replies":[{"embeddable":true,"href":"https:\/\/blog.medel.com\/latam\/wp-json\/wp\/v2\/comments?post=53611"}],"version-history":[{"count":1,"href":"https:\/\/blog.medel.com\/latam\/wp-json\/wp\/v2\/posts\/53611\/revisions"}],"predecessor-version":[{"id":53612,"href":"https:\/\/blog.medel.com\/latam\/wp-json\/wp\/v2\/posts\/53611\/revisions\/53612"}],"wp:featuredmedia":[{"embeddable":true,"href":"https:\/\/blog.medel.com\/latam\/wp-json\/wp\/v2\/media\/70822"}],"wp:attachment":[{"href":"https:\/\/blog.medel.com\/latam\/wp-json\/wp\/v2\/media?parent=53611"}],"wp:term":[{"taxonomy":"category","embeddable":true,"href":"https:\/\/blog.medel.com\/latam\/wp-json\/wp\/v2\/categories?post=53611"},{"taxonomy":"post_tag","embeddable":true,"href":"https:\/\/blog.medel.com\/latam\/wp-json\/wp\/v2\/tags?post=53611"}],"curies":[{"name":"wp","href":"https:\/\/api.w.org\/{rel}","templated":true}]}}