{"id":53537,"date":"2019-07-31T21:24:10","date_gmt":"2019-07-31T21:24:10","guid":{"rendered":"https:\/\/blog.medel.com\/uncategorized-latam\/videos-de-activaciones-de-implante-coclear\/"},"modified":"2023-12-04T16:13:01","modified_gmt":"2023-12-04T14:13:01","slug":"videos-de-activaciones-de-implante-coclear","status":"publish","type":"post","link":"https:\/\/blog.medel.com\/latam\/historias-de-usuarios-latam\/videos-de-activaciones-de-implante-coclear\/","title":{"rendered":"Activaciones de Implante Coclear"},"content":{"rendered":"<p>La activaci\u00f3n de un <a href=\"https:\/\/www.medel.com\/esl\/cochlear-implants\" target=\"_blank\" rel=\"noopener noreferrer\">Implante Coclear<\/a> puede ser uno de los momentos m\u00e1s sorprendentes o emocionales en el camino hacia la audici\u00f3n. Por supuesto, las activaciones son diferentes para todos, y eso tambi\u00e9n es lo que las hace tan especiales: todos reaccionan de una manera \u00fanica. Nos encanta escuchar las historias de activaci\u00f3n de nuestros destinatarios, y ver v\u00eddeos de activaci\u00f3n de implantes cocleares es una excelente manera de ver el comienzo del viaje auditivo de cada persona. Por lo tanto, hemos reunido esta colecci\u00f3n de algunos de nuestros v\u00eddeos favoritos enviados por nuestros usuarios en el d\u00eda de su activaci\u00f3n.<\/p>\n<h3>Activaci\u00f3n de Julieta<\/h3>\n<p><iframe loading=\"lazy\" title=\"Activaci\u00f3n Julieta\" width=\"500\" height=\"375\" src=\"https:\/\/www.youtube.com\/embed\/Lw2grzmZpQw?feature=oembed\" frameborder=\"0\" allow=\"accelerometer; autoplay; clipboard-write; encrypted-media; gyroscope; picture-in-picture; web-share\" referrerpolicy=\"strict-origin-when-cross-origin\" allowfullscreen><\/iframe><\/p>\n<p>&nbsp;<\/p>\n<h3>Activaci\u00f3n de Tiziano<\/h3>\n<p><iframe loading=\"lazy\" title=\"Activacion Tiziano\" width=\"500\" height=\"281\" src=\"https:\/\/www.youtube.com\/embed\/K5DInpYSVu8?feature=oembed\" frameborder=\"0\" allow=\"accelerometer; autoplay; clipboard-write; encrypted-media; gyroscope; picture-in-picture; web-share\" referrerpolicy=\"strict-origin-when-cross-origin\" allowfullscreen><\/iframe><\/p>\n<p>&nbsp;<\/p>\n<h3>Activaci\u00f3n de Mateo<\/h3>\n<p><iframe loading=\"lazy\" title=\"Activaci\u00f3n de Mateo\" width=\"500\" height=\"375\" src=\"https:\/\/www.youtube.com\/embed\/IoYvLPzhDtQ?feature=oembed\" frameborder=\"0\" allow=\"accelerometer; autoplay; clipboard-write; encrypted-media; gyroscope; picture-in-picture; web-share\" referrerpolicy=\"strict-origin-when-cross-origin\" allowfullscreen><\/iframe><\/p>\n<h3>Activaci\u00f3n de Ayel\u00e9n<\/h3>\n<p><iframe loading=\"lazy\" title=\"Activaci\u00f3n Ayelen\" width=\"500\" height=\"281\" src=\"https:\/\/www.youtube.com\/embed\/hdakTbsCnso?feature=oembed\" frameborder=\"0\" allow=\"accelerometer; autoplay; clipboard-write; encrypted-media; gyroscope; picture-in-picture; web-share\" referrerpolicy=\"strict-origin-when-cross-origin\" allowfullscreen><\/iframe><\/p>\n<p>&nbsp;<\/p>\n<p id=\"tw-target-text\" class=\"tw-data-text tw-ta tw-text-small\" dir=\"ltr\" data-placeholder=\"Traducci\u00f3n\"><span lang=\"es\" tabindex=\"0\">Si est\u00e1s esperando la activaci\u00f3n de tu Implante Auditivo o ADHEAR, \u00bfhas pensado en filmarlo? O si ya has sido activado, \u00bftienes un v\u00eddeo de activaci\u00f3n para compartir? <\/span><span lang=\"es\" tabindex=\"0\">\u00a1Nos encantar\u00eda verlos!<\/span><\/p>\n<p dir=\"ltr\" data-placeholder=\"Traducci\u00f3n\"><em><a href=\"\/?page_id=8189\">\u00a1Suscr\u00edbete al blog de MED-EL!<\/a><\/em><\/p>\n","protected":false},"excerpt":{"rendered":"<p>La activaci\u00f3n de un Implante Coclear puede ser uno de los momentos m\u00e1s sorprendentes o emocionales en el camino hacia la audici\u00f3n. Por supuesto, las activaciones son diferentes para todos, y eso tambi\u00e9n es lo que las hace tan especiales: todos reaccionan de una manera \u00fanica. Nos encanta escuchar las historias de activaci\u00f3n de nuestros [&hellip;]<\/p>\n","protected":false},"author":8,"featured_media":70498,"comment_status":"open","ping_status":"open","sticky":false,"template":"","format":"standard","meta":{"footnotes":""},"categories":[3361,3362],"tags":[3880,3881,3443,3367],"class_list":["post-53537","post","type-post","status-publish","format-standard","has-post-thumbnail","hentry","category-historias-de-usuarios-latam","category-tecnologia-latam","tag-activaciones-latam","tag-calibracion-latam","tag-med-el-latam","tag-ninos-latam"],"yoast_head":"<!-- This site is optimized with the Yoast SEO plugin v27.5 - https:\/\/yoast.com\/product\/yoast-seo-wordpress\/ -->\n<title>Activaciones de Implante Coclear - Blog MED-EL<\/title>\n<meta name=\"robots\" content=\"index, follow, max-snippet:-1, max-image-preview:large, max-video-preview:-1\" \/>\n<link rel=\"canonical\" href=\"https:\/\/blog.medel.com\/latam\/historias-de-usuarios-latam\/videos-de-activaciones-de-implante-coclear\/\" \/>\n<meta property=\"og:locale\" content=\"es_ES\" \/>\n<meta property=\"og:type\" content=\"article\" \/>\n<meta property=\"og:title\" content=\"Activaciones de Implante Coclear - Blog MED-EL\" \/>\n<meta property=\"og:description\" content=\"La activaci\u00f3n de un Implante Coclear puede ser uno de los momentos m\u00e1s sorprendentes o emocionales en el camino hacia la audici\u00f3n. Por supuesto, las activaciones son diferentes para todos, y eso tambi\u00e9n es lo que las hace tan especiales: todos reaccionan de una manera \u00fanica. Nos encanta escuchar las historias de activaci\u00f3n de nuestros [&hellip;]\" \/>\n<meta property=\"og:url\" content=\"https:\/\/blog.medel.com\/latam\/historias-de-usuarios-latam\/videos-de-activaciones-de-implante-coclear\/\" \/>\n<meta property=\"og:site_name\" content=\"The MED-EL Blog\" \/>\n<meta property=\"article:published_time\" content=\"2019-07-31T21:24:10+00:00\" \/>\n<meta property=\"article:modified_time\" content=\"2023-12-04T14:13:01+00:00\" \/>\n<meta property=\"og:image\" content=\"https:\/\/blog.medel.com\/wp-content\/uploads\/2023\/03\/blog_post_activation-3.jpg\" \/>\n\t<meta property=\"og:image:width\" content=\"1200\" \/>\n\t<meta property=\"og:image:height\" content=\"797\" \/>\n\t<meta property=\"og:image:type\" content=\"image\/jpeg\" \/>\n<meta name=\"author\" content=\"MED-EL\" \/>\n<meta name=\"twitter:card\" content=\"summary_large_image\" \/>\n<meta name=\"twitter:label1\" content=\"Written by\" \/>\n\t<meta name=\"twitter:data1\" content=\"MED-EL\" \/>\n\t<meta name=\"twitter:label2\" content=\"Est. reading time\" \/>\n\t<meta name=\"twitter:data2\" content=\"1 minute\" \/>\n<script type=\"application\/ld+json\" class=\"yoast-schema-graph\">{\"@context\":\"https:\\\/\\\/schema.org\",\"@graph\":[{\"@type\":\"Article\",\"@id\":\"https:\\\/\\\/blog.medel.com\\\/latam\\\/historias-de-usuarios-latam\\\/videos-de-activaciones-de-implante-coclear\\\/#article\",\"isPartOf\":{\"@id\":\"https:\\\/\\\/blog.medel.com\\\/latam\\\/historias-de-usuarios-latam\\\/videos-de-activaciones-de-implante-coclear\\\/\"},\"author\":{\"name\":\"MED-EL\",\"@id\":\"https:\\\/\\\/blog.medel.com\\\/tr\\\/#\\\/schema\\\/person\\\/9f8dcfb27ec87796d874e021602c56e2\"},\"headline\":\"Activaciones de Implante Coclear\",\"datePublished\":\"2019-07-31T21:24:10+00:00\",\"dateModified\":\"2023-12-04T14:13:01+00:00\",\"mainEntityOfPage\":{\"@id\":\"https:\\\/\\\/blog.medel.com\\\/latam\\\/historias-de-usuarios-latam\\\/videos-de-activaciones-de-implante-coclear\\\/\"},\"wordCount\":198,\"commentCount\":0,\"publisher\":{\"@id\":\"https:\\\/\\\/blog.medel.com\\\/tr\\\/#organization\"},\"image\":{\"@id\":\"https:\\\/\\\/blog.medel.com\\\/latam\\\/historias-de-usuarios-latam\\\/videos-de-activaciones-de-implante-coclear\\\/#primaryimage\"},\"thumbnailUrl\":\"https:\\\/\\\/blog.medel.com\\\/wp-content\\\/uploads\\\/2023\\\/03\\\/blog_post_activation-3.jpg\",\"keywords\":[\"Activaciones\",\"Calibraci\u00f3n\",\"MED-EL\",\"ni\u00f1os\"],\"articleSection\":[\"HISTORIAS DE USUARIOS\",\"TECNOLOG\u00cdA\"],\"inLanguage\":\"es\",\"potentialAction\":[{\"@type\":\"CommentAction\",\"name\":\"Comment\",\"target\":[\"https:\\\/\\\/blog.medel.com\\\/latam\\\/historias-de-usuarios-latam\\\/videos-de-activaciones-de-implante-coclear\\\/#respond\"]}]},{\"@type\":\"WebPage\",\"@id\":\"https:\\\/\\\/blog.medel.com\\\/latam\\\/historias-de-usuarios-latam\\\/videos-de-activaciones-de-implante-coclear\\\/\",\"url\":\"https:\\\/\\\/blog.medel.com\\\/latam\\\/historias-de-usuarios-latam\\\/videos-de-activaciones-de-implante-coclear\\\/\",\"name\":\"Activaciones de Implante Coclear - Blog MED-EL\",\"isPartOf\":{\"@id\":\"https:\\\/\\\/blog.medel.com\\\/tr\\\/#website\"},\"primaryImageOfPage\":{\"@id\":\"https:\\\/\\\/blog.medel.com\\\/latam\\\/historias-de-usuarios-latam\\\/videos-de-activaciones-de-implante-coclear\\\/#primaryimage\"},\"image\":{\"@id\":\"https:\\\/\\\/blog.medel.com\\\/latam\\\/historias-de-usuarios-latam\\\/videos-de-activaciones-de-implante-coclear\\\/#primaryimage\"},\"thumbnailUrl\":\"https:\\\/\\\/blog.medel.com\\\/wp-content\\\/uploads\\\/2023\\\/03\\\/blog_post_activation-3.jpg\",\"datePublished\":\"2019-07-31T21:24:10+00:00\",\"dateModified\":\"2023-12-04T14:13:01+00:00\",\"breadcrumb\":{\"@id\":\"https:\\\/\\\/blog.medel.com\\\/latam\\\/historias-de-usuarios-latam\\\/videos-de-activaciones-de-implante-coclear\\\/#breadcrumb\"},\"inLanguage\":\"es\",\"potentialAction\":[{\"@type\":\"ReadAction\",\"target\":[\"https:\\\/\\\/blog.medel.com\\\/latam\\\/historias-de-usuarios-latam\\\/videos-de-activaciones-de-implante-coclear\\\/\"]}]},{\"@type\":\"ImageObject\",\"inLanguage\":\"es\",\"@id\":\"https:\\\/\\\/blog.medel.com\\\/latam\\\/historias-de-usuarios-latam\\\/videos-de-activaciones-de-implante-coclear\\\/#primaryimage\",\"url\":\"https:\\\/\\\/blog.medel.com\\\/wp-content\\\/uploads\\\/2023\\\/03\\\/blog_post_activation-3.jpg\",\"contentUrl\":\"https:\\\/\\\/blog.medel.com\\\/wp-content\\\/uploads\\\/2023\\\/03\\\/blog_post_activation-3.jpg\",\"width\":1200,\"height\":797},{\"@type\":\"BreadcrumbList\",\"@id\":\"https:\\\/\\\/blog.medel.com\\\/latam\\\/historias-de-usuarios-latam\\\/videos-de-activaciones-de-implante-coclear\\\/#breadcrumb\",\"itemListElement\":[{\"@type\":\"ListItem\",\"position\":1,\"name\":\"Home\",\"item\":\"https:\\\/\\\/blog.medel.com\\\/latam\\\/\"},{\"@type\":\"ListItem\",\"position\":2,\"name\":\"Activaciones de Implante Coclear\"}]},{\"@type\":\"WebSite\",\"@id\":\"https:\\\/\\\/blog.medel.com\\\/tr\\\/#website\",\"url\":\"https:\\\/\\\/blog.medel.com\\\/tr\\\/\",\"name\":\"The MED-EL Blog\",\"description\":\"\",\"publisher\":{\"@id\":\"https:\\\/\\\/blog.medel.com\\\/tr\\\/#organization\"},\"potentialAction\":[{\"@type\":\"SearchAction\",\"target\":{\"@type\":\"EntryPoint\",\"urlTemplate\":\"https:\\\/\\\/blog.medel.com\\\/tr\\\/?s={search_term_string}\"},\"query-input\":{\"@type\":\"PropertyValueSpecification\",\"valueRequired\":true,\"valueName\":\"search_term_string\"}}],\"inLanguage\":\"es\"},{\"@type\":\"Organization\",\"@id\":\"https:\\\/\\\/blog.medel.com\\\/tr\\\/#organization\",\"name\":\"The MED-EL Blog\",\"url\":\"https:\\\/\\\/blog.medel.com\\\/tr\\\/\",\"logo\":{\"@type\":\"ImageObject\",\"inLanguage\":\"es\",\"@id\":\"https:\\\/\\\/blog.medel.com\\\/tr\\\/#\\\/schema\\\/logo\\\/image\\\/\",\"url\":\"https:\\\/\\\/blog.medel.com\\\/wp-content\\\/uploads\\\/2023\\\/02\\\/MED-EL_logo_L2.png\",\"contentUrl\":\"https:\\\/\\\/blog.medel.com\\\/wp-content\\\/uploads\\\/2023\\\/02\\\/MED-EL_logo_L2.png\",\"width\":443,\"height\":200,\"caption\":\"The MED-EL Blog\"},\"image\":{\"@id\":\"https:\\\/\\\/blog.medel.com\\\/tr\\\/#\\\/schema\\\/logo\\\/image\\\/\"}},{\"@type\":\"Person\",\"@id\":\"https:\\\/\\\/blog.medel.com\\\/tr\\\/#\\\/schema\\\/person\\\/9f8dcfb27ec87796d874e021602c56e2\",\"name\":\"MED-EL\",\"sameAs\":[\"https:\\\/\\\/www.medel.com\"]}]}<\/script>\n<!-- \/ Yoast SEO plugin. -->","yoast_head_json":{"title":"Activaciones de Implante Coclear - Blog MED-EL","robots":{"index":"index","follow":"follow","max-snippet":"max-snippet:-1","max-image-preview":"max-image-preview:large","max-video-preview":"max-video-preview:-1"},"canonical":"https:\/\/blog.medel.com\/latam\/historias-de-usuarios-latam\/videos-de-activaciones-de-implante-coclear\/","og_locale":"es_ES","og_type":"article","og_title":"Activaciones de Implante Coclear - Blog MED-EL","og_description":"La activaci\u00f3n de un Implante Coclear puede ser uno de los momentos m\u00e1s sorprendentes o emocionales en el camino hacia la audici\u00f3n. Por supuesto, las activaciones son diferentes para todos, y eso tambi\u00e9n es lo que las hace tan especiales: todos reaccionan de una manera \u00fanica. Nos encanta escuchar las historias de activaci\u00f3n de nuestros [&hellip;]","og_url":"https:\/\/blog.medel.com\/latam\/historias-de-usuarios-latam\/videos-de-activaciones-de-implante-coclear\/","og_site_name":"The MED-EL Blog","article_published_time":"2019-07-31T21:24:10+00:00","article_modified_time":"2023-12-04T14:13:01+00:00","og_image":[{"width":1200,"height":797,"url":"https:\/\/blog.medel.com\/wp-content\/uploads\/2023\/03\/blog_post_activation-3.jpg","type":"image\/jpeg"}],"author":"MED-EL","twitter_card":"summary_large_image","twitter_misc":{"Written by":"MED-EL","Est. reading time":"1 minute"},"schema":{"@context":"https:\/\/schema.org","@graph":[{"@type":"Article","@id":"https:\/\/blog.medel.com\/latam\/historias-de-usuarios-latam\/videos-de-activaciones-de-implante-coclear\/#article","isPartOf":{"@id":"https:\/\/blog.medel.com\/latam\/historias-de-usuarios-latam\/videos-de-activaciones-de-implante-coclear\/"},"author":{"name":"MED-EL","@id":"https:\/\/blog.medel.com\/tr\/#\/schema\/person\/9f8dcfb27ec87796d874e021602c56e2"},"headline":"Activaciones de Implante Coclear","datePublished":"2019-07-31T21:24:10+00:00","dateModified":"2023-12-04T14:13:01+00:00","mainEntityOfPage":{"@id":"https:\/\/blog.medel.com\/latam\/historias-de-usuarios-latam\/videos-de-activaciones-de-implante-coclear\/"},"wordCount":198,"commentCount":0,"publisher":{"@id":"https:\/\/blog.medel.com\/tr\/#organization"},"image":{"@id":"https:\/\/blog.medel.com\/latam\/historias-de-usuarios-latam\/videos-de-activaciones-de-implante-coclear\/#primaryimage"},"thumbnailUrl":"https:\/\/blog.medel.com\/wp-content\/uploads\/2023\/03\/blog_post_activation-3.jpg","keywords":["Activaciones","Calibraci\u00f3n","MED-EL","ni\u00f1os"],"articleSection":["HISTORIAS DE USUARIOS","TECNOLOG\u00cdA"],"inLanguage":"es","potentialAction":[{"@type":"CommentAction","name":"Comment","target":["https:\/\/blog.medel.com\/latam\/historias-de-usuarios-latam\/videos-de-activaciones-de-implante-coclear\/#respond"]}]},{"@type":"WebPage","@id":"https:\/\/blog.medel.com\/latam\/historias-de-usuarios-latam\/videos-de-activaciones-de-implante-coclear\/","url":"https:\/\/blog.medel.com\/latam\/historias-de-usuarios-latam\/videos-de-activaciones-de-implante-coclear\/","name":"Activaciones de Implante Coclear - Blog MED-EL","isPartOf":{"@id":"https:\/\/blog.medel.com\/tr\/#website"},"primaryImageOfPage":{"@id":"https:\/\/blog.medel.com\/latam\/historias-de-usuarios-latam\/videos-de-activaciones-de-implante-coclear\/#primaryimage"},"image":{"@id":"https:\/\/blog.medel.com\/latam\/historias-de-usuarios-latam\/videos-de-activaciones-de-implante-coclear\/#primaryimage"},"thumbnailUrl":"https:\/\/blog.medel.com\/wp-content\/uploads\/2023\/03\/blog_post_activation-3.jpg","datePublished":"2019-07-31T21:24:10+00:00","dateModified":"2023-12-04T14:13:01+00:00","breadcrumb":{"@id":"https:\/\/blog.medel.com\/latam\/historias-de-usuarios-latam\/videos-de-activaciones-de-implante-coclear\/#breadcrumb"},"inLanguage":"es","potentialAction":[{"@type":"ReadAction","target":["https:\/\/blog.medel.com\/latam\/historias-de-usuarios-latam\/videos-de-activaciones-de-implante-coclear\/"]}]},{"@type":"ImageObject","inLanguage":"es","@id":"https:\/\/blog.medel.com\/latam\/historias-de-usuarios-latam\/videos-de-activaciones-de-implante-coclear\/#primaryimage","url":"https:\/\/blog.medel.com\/wp-content\/uploads\/2023\/03\/blog_post_activation-3.jpg","contentUrl":"https:\/\/blog.medel.com\/wp-content\/uploads\/2023\/03\/blog_post_activation-3.jpg","width":1200,"height":797},{"@type":"BreadcrumbList","@id":"https:\/\/blog.medel.com\/latam\/historias-de-usuarios-latam\/videos-de-activaciones-de-implante-coclear\/#breadcrumb","itemListElement":[{"@type":"ListItem","position":1,"name":"Home","item":"https:\/\/blog.medel.com\/latam\/"},{"@type":"ListItem","position":2,"name":"Activaciones de Implante Coclear"}]},{"@type":"WebSite","@id":"https:\/\/blog.medel.com\/tr\/#website","url":"https:\/\/blog.medel.com\/tr\/","name":"The MED-EL Blog","description":"","publisher":{"@id":"https:\/\/blog.medel.com\/tr\/#organization"},"potentialAction":[{"@type":"SearchAction","target":{"@type":"EntryPoint","urlTemplate":"https:\/\/blog.medel.com\/tr\/?s={search_term_string}"},"query-input":{"@type":"PropertyValueSpecification","valueRequired":true,"valueName":"search_term_string"}}],"inLanguage":"es"},{"@type":"Organization","@id":"https:\/\/blog.medel.com\/tr\/#organization","name":"The MED-EL Blog","url":"https:\/\/blog.medel.com\/tr\/","logo":{"@type":"ImageObject","inLanguage":"es","@id":"https:\/\/blog.medel.com\/tr\/#\/schema\/logo\/image\/","url":"https:\/\/blog.medel.com\/wp-content\/uploads\/2023\/02\/MED-EL_logo_L2.png","contentUrl":"https:\/\/blog.medel.com\/wp-content\/uploads\/2023\/02\/MED-EL_logo_L2.png","width":443,"height":200,"caption":"The MED-EL Blog"},"image":{"@id":"https:\/\/blog.medel.com\/tr\/#\/schema\/logo\/image\/"}},{"@type":"Person","@id":"https:\/\/blog.medel.com\/tr\/#\/schema\/person\/9f8dcfb27ec87796d874e021602c56e2","name":"MED-EL","sameAs":["https:\/\/www.medel.com"]}]}},"_links":{"self":[{"href":"https:\/\/blog.medel.com\/latam\/wp-json\/wp\/v2\/posts\/53537","targetHints":{"allow":["GET"]}}],"collection":[{"href":"https:\/\/blog.medel.com\/latam\/wp-json\/wp\/v2\/posts"}],"about":[{"href":"https:\/\/blog.medel.com\/latam\/wp-json\/wp\/v2\/types\/post"}],"author":[{"embeddable":true,"href":"https:\/\/blog.medel.com\/latam\/wp-json\/wp\/v2\/users\/8"}],"replies":[{"embeddable":true,"href":"https:\/\/blog.medel.com\/latam\/wp-json\/wp\/v2\/comments?post=53537"}],"version-history":[{"count":2,"href":"https:\/\/blog.medel.com\/latam\/wp-json\/wp\/v2\/posts\/53537\/revisions"}],"predecessor-version":[{"id":80122,"href":"https:\/\/blog.medel.com\/latam\/wp-json\/wp\/v2\/posts\/53537\/revisions\/80122"}],"wp:featuredmedia":[{"embeddable":true,"href":"https:\/\/blog.medel.com\/latam\/wp-json\/wp\/v2\/media\/70498"}],"wp:attachment":[{"href":"https:\/\/blog.medel.com\/latam\/wp-json\/wp\/v2\/media?parent=53537"}],"wp:term":[{"taxonomy":"category","embeddable":true,"href":"https:\/\/blog.medel.com\/latam\/wp-json\/wp\/v2\/categories?post=53537"},{"taxonomy":"post_tag","embeddable":true,"href":"https:\/\/blog.medel.com\/latam\/wp-json\/wp\/v2\/tags?post=53537"}],"curies":[{"name":"wp","href":"https:\/\/api.w.org\/{rel}","templated":true}]}}