{"id":53485,"date":"2019-01-23T22:01:41","date_gmt":"2019-01-23T22:01:41","guid":{"rendered":"https:\/\/blog.medel.com\/uncategorized-latam\/consejos-para-proteger-tu-audicion-segun-la-organizacion-mundial-de-la-salud\/"},"modified":"2023-03-13T13:52:45","modified_gmt":"2023-03-13T13:52:45","slug":"consejos-para-proteger-tu-audicion-segun-la-organizacion-mundial-de-la-salud","status":"publish","type":"post","link":"https:\/\/blog.medel.com\/latam\/consejos-y-recomendaciones-latam\/para-adultos-latam\/consejos-para-proteger-tu-audicion-segun-la-organizacion-mundial-de-la-salud\/","title":{"rendered":"Consejos para proteger tu audici\u00f3n seg\u00fan la Organizaci\u00f3n Mundial de la Salud"},"content":{"rendered":"<p>Sin lugar a dudas nuestro estilo de vida tiene una influencia clave en nuestra salud. El caso de la salud auditiva no es una excepci\u00f3n. El estilo de vida de los j\u00f3venes hoy en d\u00eda genera un estr\u00e9s significativo sobre los \u00f3rganos que posibilitan la escucha causando patolog\u00edas del o\u00eddo en los j\u00f3venes y los obliga a buscar soluciones auditivas a edades tempranas.<\/p>\n<p>Seg\u00fan la <a href=\"https:\/\/www.who.int\/topics\/deafness\/safe-listening\/es\/\">Organizaci\u00f3n Mundial de la Salud<\/a>, \u201c<strong>1100 millones de j\u00f3venes <\/strong>de todo el mundo podr\u00edan estar en riesgo de sufrir p\u00e9rdida de audici\u00f3n debido a pr\u00e1cticas auditivas perjudiciales\u201d. La OMS se\u00f1ala que principalmente esto se debe al <strong>uso irresponsable de dispositivos<\/strong> con auriculares y <strong>los altos vol\u00famenes en discotecas y bares<\/strong> a los que se someten los j\u00f3venes.<\/p>\n<p>Desgraciadamente, la audici\u00f3n es una facultad que se da por supuesta y solamente hasta que se pierde se echa en falta. La cultura en la que vivimos tiene una fascinaci\u00f3n por el ruido que asumimos como normal; sin embargo, los estudios de la OMS y diversos especialistas demuestran que nuestros o\u00eddos se encuentran expuestos a la p\u00e9rdida auditiva si no realizan cambiamos en su modo de vivir.<\/p>\n<p>Si bien hoy en d\u00eda existe un gran inter\u00e9s por tener una dieta sana y balanceada, <strong>poco se piensa en lo que consume el o\u00eddo<\/strong>. Es muy importante hacer consciente a la juventud de que una exposici\u00f3n prolongada e intensa al ruido puede causarnos la p\u00e9rdida parcial o total de la audici\u00f3n oblig\u00e1ndolos a recurrir a alg\u00fan aparato auditivo o un implante coclear.<\/p>\n<p>Una persona con d\u00e9ficit de audici\u00f3n tiene problemas para comunicarse, esto representa un gran impedimento para obtener un trabajo y llevar una vida promedio e incluso<em> puede llevar a la depresi\u00f3n a algunas personas (incluir link al art\u00edculo sobre la depresi\u00f3n en adultos mayores)<\/em>. En el caso de una persona que pod\u00eda escuchar y perdi\u00f3 su audici\u00f3n la adaptaci\u00f3n social es m\u00e1s dif\u00edcil pues est\u00e1 acostumbrado a comunicarse verbalmente y debe aprender a hacerlo a trav\u00e9s de otras v\u00edas mientras encuentra una <a href=\"https:\/\/www.medel.com\/esl\/implantsolutions2013\" target=\"_blank\" rel=\"noopener\"><strong>soluci\u00f3n auditiva. <\/strong><\/a><\/p>\n<h3><strong>Medidas de prevenci\u00f3n<\/strong><\/h3>\n<p>Ante los riesgos a los cuales est\u00e1 expuesta la audici\u00f3n de la juventud, la OMS recomienda las siguientes acciones preventivas:<\/p>\n<p><strong>Reduce el volumen. <\/strong>Cuando escuches m\u00fasica en casa, no la escuches al volumen m\u00e1ximo. Es recomendable escuchar m\u00fasica sin superar el 60% del nivel de volumen.<\/p>\n<p><strong>Invierte en unos buenos aud\u00edfonos.<\/strong> Los aud\u00edfonos que cancelan el ruido exterior permiten disfrutar de cualquier tipo de m\u00fasica sin la necesidad de escucharla a vol\u00famenes altos ya que no compiten con ruidos externos.<\/p>\n<p>Limita el tiempo de uso de tus aparatos de audio personales. Es importante transformar la costumbre de estar todo el d\u00eda conectado al dispositivo de audio personal. Los \u00f3rganos necesitan un descanso y una exposici\u00f3n continua termina por da\u00f1arlos. Puedes comenzar poco a poco a disminuir su uso hasta llegar a usarlos menos de una hora al d\u00eda (tal y c\u00f3mo lo recomienda la OMS).<\/p>\n<p>Cuando vayas a discotecas o bares, <strong>lleva unos tapones<\/strong>. Puede parecer raro, pero la mayor\u00eda de los establecimientos operan con decibeles superiores al rango saludable para el o\u00eddo humano. Cuando vayas a disfrutar de alg\u00fan concierto, vayas a bailar o simplemente a tomar una copa, procura llevar entre tus cosas un par de tapones para los o\u00eddos para disminuir el da\u00f1o a tus o\u00eddos. Puedes <strong>utilizar tu Smartphone<\/strong> para detectar a trav\u00e9s de una app si los niveles a los que te est\u00e1s exponiendo son peligrosos.<\/p>\n<h3><strong>Soluciones a la hipoacusia.<\/strong><\/h3>\n<p>Busca ayuda de un profesional si comienzas a experimentar dificultades para escuchar. Si detectas que no escuchas sonidos agudos como el timbre, el tel\u00e9fono o el despertador, tienes dificultades para comprender lo que te dicen por tel\u00e9fono o en conversaciones en ambientes ruidosos, es posible que tengas un d\u00e9ficit auditivo.<\/p>\n<p>Aunque la prevenci\u00f3n es la principal y mejor manera de preservar la salud, hoy en d\u00eda existen numerosas <a href=\"https:\/\/www.medel.com\/esl\/implantsolutions2013\">soluciones auditivas<\/a> que te permitir\u00e1n restablecer tu audici\u00f3n. En MED EL contamos con una extensa gama de soluciones para combatir la hipoacusia para los diferentes tipos y grados de hipoacusia. Consulta a tu m\u00e9dico de confianza para que te recomiende la soluci\u00f3n que mejor se adapta a tus necesidades.<\/p>\n<p><strong>\u00a0\u00a1<a href=\"\/?page_id=8189\" target=\"_blank\" rel=\"noopener\">SUBSCR\u00cdBETE<\/a>\u00a0al blog de MED-EL\u00a0para recibir informaci\u00f3n sobre hipoacusia todas las semanas, directamente en tu bandeja de entrada!<\/strong><\/p>\n<p>&nbsp;<\/p>\n","protected":false},"excerpt":{"rendered":"<p>Sin lugar a dudas nuestro estilo de vida tiene una influencia clave en nuestra salud. El caso de la salud auditiva no es una excepci\u00f3n. El estilo de vida de los j\u00f3venes hoy en d\u00eda genera un estr\u00e9s significativo sobre los \u00f3rganos que posibilitan la escucha causando patolog\u00edas del o\u00eddo en los j\u00f3venes y los [&hellip;]<\/p>\n","protected":false},"author":8,"featured_media":70282,"comment_status":"open","ping_status":"open","sticky":false,"template":"","format":"standard","meta":{"footnotes":""},"categories":[3356],"tags":[3391,3373,3424],"class_list":["post-53485","post","type-post","status-publish","format-standard","has-post-thumbnail","hentry","category-para-adultos-latam","tag-consejos-latam","tag-hipoacusia-latam","tag-prevencion-latam"],"yoast_head":"<!-- This site is optimized with the Yoast SEO plugin v27.5 - https:\/\/yoast.com\/product\/yoast-seo-wordpress\/ -->\n<title>Consejos para proteger tu audici\u00f3n seg\u00fan la Organizaci\u00f3n Mundial de la Salud - The MED-EL Blog<\/title>\n<meta name=\"robots\" content=\"index, follow, max-snippet:-1, max-image-preview:large, max-video-preview:-1\" \/>\n<link rel=\"canonical\" href=\"https:\/\/blog.medel.com\/latam\/consejos-y-recomendaciones-latam\/para-adultos-latam\/consejos-para-proteger-tu-audicion-segun-la-organizacion-mundial-de-la-salud\/\" \/>\n<meta property=\"og:locale\" content=\"es_ES\" \/>\n<meta property=\"og:type\" content=\"article\" \/>\n<meta property=\"og:title\" content=\"Consejos para proteger tu audici\u00f3n seg\u00fan la Organizaci\u00f3n Mundial de la Salud - The MED-EL Blog\" \/>\n<meta property=\"og:description\" content=\"Sin lugar a dudas nuestro estilo de vida tiene una influencia clave en nuestra salud. El caso de la salud auditiva no es una excepci\u00f3n. El estilo de vida de los j\u00f3venes hoy en d\u00eda genera un estr\u00e9s significativo sobre los \u00f3rganos que posibilitan la escucha causando patolog\u00edas del o\u00eddo en los j\u00f3venes y los [&hellip;]\" \/>\n<meta property=\"og:url\" content=\"https:\/\/blog.medel.com\/latam\/consejos-y-recomendaciones-latam\/para-adultos-latam\/consejos-para-proteger-tu-audicion-segun-la-organizacion-mundial-de-la-salud\/\" \/>\n<meta property=\"og:site_name\" content=\"The MED-EL Blog\" \/>\n<meta property=\"article:published_time\" content=\"2019-01-23T22:01:41+00:00\" \/>\n<meta property=\"article:modified_time\" content=\"2023-03-13T13:52:45+00:00\" \/>\n<meta property=\"og:image\" content=\"https:\/\/blog.medel.com\/wp-content\/uploads\/2023\/03\/513a3817.jpg\" \/>\n\t<meta property=\"og:image:width\" content=\"1280\" \/>\n\t<meta property=\"og:image:height\" content=\"853\" \/>\n\t<meta property=\"og:image:type\" content=\"image\/jpeg\" \/>\n<meta name=\"author\" content=\"MED-EL\" \/>\n<meta name=\"twitter:card\" content=\"summary_large_image\" \/>\n<meta name=\"twitter:label1\" content=\"Written by\" \/>\n\t<meta name=\"twitter:data1\" content=\"MED-EL\" \/>\n\t<meta name=\"twitter:label2\" content=\"Est. reading time\" \/>\n\t<meta name=\"twitter:data2\" content=\"4 minutes\" \/>\n<script type=\"application\/ld+json\" class=\"yoast-schema-graph\">{\"@context\":\"https:\\\/\\\/schema.org\",\"@graph\":[{\"@type\":\"Article\",\"@id\":\"https:\\\/\\\/blog.medel.com\\\/latam\\\/consejos-y-recomendaciones-latam\\\/para-adultos-latam\\\/consejos-para-proteger-tu-audicion-segun-la-organizacion-mundial-de-la-salud\\\/#article\",\"isPartOf\":{\"@id\":\"https:\\\/\\\/blog.medel.com\\\/latam\\\/consejos-y-recomendaciones-latam\\\/para-adultos-latam\\\/consejos-para-proteger-tu-audicion-segun-la-organizacion-mundial-de-la-salud\\\/\"},\"author\":{\"name\":\"MED-EL\",\"@id\":\"https:\\\/\\\/blog.medel.com\\\/#\\\/schema\\\/person\\\/9f8dcfb27ec87796d874e021602c56e2\"},\"headline\":\"Consejos para proteger tu audici\u00f3n seg\u00fan la Organizaci\u00f3n Mundial de la Salud\",\"datePublished\":\"2019-01-23T22:01:41+00:00\",\"dateModified\":\"2023-03-13T13:52:45+00:00\",\"mainEntityOfPage\":{\"@id\":\"https:\\\/\\\/blog.medel.com\\\/latam\\\/consejos-y-recomendaciones-latam\\\/para-adultos-latam\\\/consejos-para-proteger-tu-audicion-segun-la-organizacion-mundial-de-la-salud\\\/\"},\"wordCount\":799,\"commentCount\":0,\"publisher\":{\"@id\":\"https:\\\/\\\/blog.medel.com\\\/#organization\"},\"image\":{\"@id\":\"https:\\\/\\\/blog.medel.com\\\/latam\\\/consejos-y-recomendaciones-latam\\\/para-adultos-latam\\\/consejos-para-proteger-tu-audicion-segun-la-organizacion-mundial-de-la-salud\\\/#primaryimage\"},\"thumbnailUrl\":\"https:\\\/\\\/blog.medel.com\\\/wp-content\\\/uploads\\\/2023\\\/03\\\/513a3817.jpg\",\"keywords\":[\"consejos\",\"Hipoacusia\",\"Prevenci\u00f3n\"],\"articleSection\":[\"Para Adultos\"],\"inLanguage\":\"es\",\"potentialAction\":[{\"@type\":\"CommentAction\",\"name\":\"Comment\",\"target\":[\"https:\\\/\\\/blog.medel.com\\\/latam\\\/consejos-y-recomendaciones-latam\\\/para-adultos-latam\\\/consejos-para-proteger-tu-audicion-segun-la-organizacion-mundial-de-la-salud\\\/#respond\"]}]},{\"@type\":\"WebPage\",\"@id\":\"https:\\\/\\\/blog.medel.com\\\/latam\\\/consejos-y-recomendaciones-latam\\\/para-adultos-latam\\\/consejos-para-proteger-tu-audicion-segun-la-organizacion-mundial-de-la-salud\\\/\",\"url\":\"https:\\\/\\\/blog.medel.com\\\/latam\\\/consejos-y-recomendaciones-latam\\\/para-adultos-latam\\\/consejos-para-proteger-tu-audicion-segun-la-organizacion-mundial-de-la-salud\\\/\",\"name\":\"Consejos para proteger tu audici\u00f3n seg\u00fan la Organizaci\u00f3n Mundial de la Salud - The MED-EL Blog\",\"isPartOf\":{\"@id\":\"https:\\\/\\\/blog.medel.com\\\/#website\"},\"primaryImageOfPage\":{\"@id\":\"https:\\\/\\\/blog.medel.com\\\/latam\\\/consejos-y-recomendaciones-latam\\\/para-adultos-latam\\\/consejos-para-proteger-tu-audicion-segun-la-organizacion-mundial-de-la-salud\\\/#primaryimage\"},\"image\":{\"@id\":\"https:\\\/\\\/blog.medel.com\\\/latam\\\/consejos-y-recomendaciones-latam\\\/para-adultos-latam\\\/consejos-para-proteger-tu-audicion-segun-la-organizacion-mundial-de-la-salud\\\/#primaryimage\"},\"thumbnailUrl\":\"https:\\\/\\\/blog.medel.com\\\/wp-content\\\/uploads\\\/2023\\\/03\\\/513a3817.jpg\",\"datePublished\":\"2019-01-23T22:01:41+00:00\",\"dateModified\":\"2023-03-13T13:52:45+00:00\",\"breadcrumb\":{\"@id\":\"https:\\\/\\\/blog.medel.com\\\/latam\\\/consejos-y-recomendaciones-latam\\\/para-adultos-latam\\\/consejos-para-proteger-tu-audicion-segun-la-organizacion-mundial-de-la-salud\\\/#breadcrumb\"},\"inLanguage\":\"es\",\"potentialAction\":[{\"@type\":\"ReadAction\",\"target\":[\"https:\\\/\\\/blog.medel.com\\\/latam\\\/consejos-y-recomendaciones-latam\\\/para-adultos-latam\\\/consejos-para-proteger-tu-audicion-segun-la-organizacion-mundial-de-la-salud\\\/\"]}]},{\"@type\":\"ImageObject\",\"inLanguage\":\"es\",\"@id\":\"https:\\\/\\\/blog.medel.com\\\/latam\\\/consejos-y-recomendaciones-latam\\\/para-adultos-latam\\\/consejos-para-proteger-tu-audicion-segun-la-organizacion-mundial-de-la-salud\\\/#primaryimage\",\"url\":\"https:\\\/\\\/blog.medel.com\\\/wp-content\\\/uploads\\\/2023\\\/03\\\/513a3817.jpg\",\"contentUrl\":\"https:\\\/\\\/blog.medel.com\\\/wp-content\\\/uploads\\\/2023\\\/03\\\/513a3817.jpg\",\"width\":1280,\"height\":853},{\"@type\":\"BreadcrumbList\",\"@id\":\"https:\\\/\\\/blog.medel.com\\\/latam\\\/consejos-y-recomendaciones-latam\\\/para-adultos-latam\\\/consejos-para-proteger-tu-audicion-segun-la-organizacion-mundial-de-la-salud\\\/#breadcrumb\",\"itemListElement\":[{\"@type\":\"ListItem\",\"position\":1,\"name\":\"Home\",\"item\":\"https:\\\/\\\/blog.medel.com\\\/latam\\\/\"},{\"@type\":\"ListItem\",\"position\":2,\"name\":\"Consejos para proteger tu audici\u00f3n seg\u00fan la Organizaci\u00f3n Mundial de la Salud\"}]},{\"@type\":\"WebSite\",\"@id\":\"https:\\\/\\\/blog.medel.com\\\/#website\",\"url\":\"https:\\\/\\\/blog.medel.com\\\/\",\"name\":\"The MED-EL Blog\",\"description\":\"\",\"publisher\":{\"@id\":\"https:\\\/\\\/blog.medel.com\\\/#organization\"},\"potentialAction\":[{\"@type\":\"SearchAction\",\"target\":{\"@type\":\"EntryPoint\",\"urlTemplate\":\"https:\\\/\\\/blog.medel.com\\\/?s={search_term_string}\"},\"query-input\":{\"@type\":\"PropertyValueSpecification\",\"valueRequired\":true,\"valueName\":\"search_term_string\"}}],\"inLanguage\":\"es\"},{\"@type\":\"Organization\",\"@id\":\"https:\\\/\\\/blog.medel.com\\\/#organization\",\"name\":\"The MED-EL Blog\",\"url\":\"https:\\\/\\\/blog.medel.com\\\/\",\"logo\":{\"@type\":\"ImageObject\",\"inLanguage\":\"es\",\"@id\":\"https:\\\/\\\/blog.medel.com\\\/#\\\/schema\\\/logo\\\/image\\\/\",\"url\":\"https:\\\/\\\/blog.medel.com\\\/wp-content\\\/uploads\\\/2023\\\/02\\\/MED-EL_logo_L2.png\",\"contentUrl\":\"https:\\\/\\\/blog.medel.com\\\/wp-content\\\/uploads\\\/2023\\\/02\\\/MED-EL_logo_L2.png\",\"width\":443,\"height\":200,\"caption\":\"The MED-EL Blog\"},\"image\":{\"@id\":\"https:\\\/\\\/blog.medel.com\\\/#\\\/schema\\\/logo\\\/image\\\/\"}},{\"@type\":\"Person\",\"@id\":\"https:\\\/\\\/blog.medel.com\\\/#\\\/schema\\\/person\\\/9f8dcfb27ec87796d874e021602c56e2\",\"name\":\"MED-EL\",\"sameAs\":[\"https:\\\/\\\/www.medel.com\"]}]}<\/script>\n<!-- \/ Yoast SEO plugin. -->","yoast_head_json":{"title":"Consejos para proteger tu audici\u00f3n seg\u00fan la Organizaci\u00f3n Mundial de la Salud - The MED-EL Blog","robots":{"index":"index","follow":"follow","max-snippet":"max-snippet:-1","max-image-preview":"max-image-preview:large","max-video-preview":"max-video-preview:-1"},"canonical":"https:\/\/blog.medel.com\/latam\/consejos-y-recomendaciones-latam\/para-adultos-latam\/consejos-para-proteger-tu-audicion-segun-la-organizacion-mundial-de-la-salud\/","og_locale":"es_ES","og_type":"article","og_title":"Consejos para proteger tu audici\u00f3n seg\u00fan la Organizaci\u00f3n Mundial de la Salud - The MED-EL Blog","og_description":"Sin lugar a dudas nuestro estilo de vida tiene una influencia clave en nuestra salud. El caso de la salud auditiva no es una excepci\u00f3n. El estilo de vida de los j\u00f3venes hoy en d\u00eda genera un estr\u00e9s significativo sobre los \u00f3rganos que posibilitan la escucha causando patolog\u00edas del o\u00eddo en los j\u00f3venes y los [&hellip;]","og_url":"https:\/\/blog.medel.com\/latam\/consejos-y-recomendaciones-latam\/para-adultos-latam\/consejos-para-proteger-tu-audicion-segun-la-organizacion-mundial-de-la-salud\/","og_site_name":"The MED-EL Blog","article_published_time":"2019-01-23T22:01:41+00:00","article_modified_time":"2023-03-13T13:52:45+00:00","og_image":[{"width":1280,"height":853,"url":"https:\/\/blog.medel.com\/wp-content\/uploads\/2023\/03\/513a3817.jpg","type":"image\/jpeg"}],"author":"MED-EL","twitter_card":"summary_large_image","twitter_misc":{"Written by":"MED-EL","Est. reading time":"4 minutes"},"schema":{"@context":"https:\/\/schema.org","@graph":[{"@type":"Article","@id":"https:\/\/blog.medel.com\/latam\/consejos-y-recomendaciones-latam\/para-adultos-latam\/consejos-para-proteger-tu-audicion-segun-la-organizacion-mundial-de-la-salud\/#article","isPartOf":{"@id":"https:\/\/blog.medel.com\/latam\/consejos-y-recomendaciones-latam\/para-adultos-latam\/consejos-para-proteger-tu-audicion-segun-la-organizacion-mundial-de-la-salud\/"},"author":{"name":"MED-EL","@id":"https:\/\/blog.medel.com\/#\/schema\/person\/9f8dcfb27ec87796d874e021602c56e2"},"headline":"Consejos para proteger tu audici\u00f3n seg\u00fan la Organizaci\u00f3n Mundial de la Salud","datePublished":"2019-01-23T22:01:41+00:00","dateModified":"2023-03-13T13:52:45+00:00","mainEntityOfPage":{"@id":"https:\/\/blog.medel.com\/latam\/consejos-y-recomendaciones-latam\/para-adultos-latam\/consejos-para-proteger-tu-audicion-segun-la-organizacion-mundial-de-la-salud\/"},"wordCount":799,"commentCount":0,"publisher":{"@id":"https:\/\/blog.medel.com\/#organization"},"image":{"@id":"https:\/\/blog.medel.com\/latam\/consejos-y-recomendaciones-latam\/para-adultos-latam\/consejos-para-proteger-tu-audicion-segun-la-organizacion-mundial-de-la-salud\/#primaryimage"},"thumbnailUrl":"https:\/\/blog.medel.com\/wp-content\/uploads\/2023\/03\/513a3817.jpg","keywords":["consejos","Hipoacusia","Prevenci\u00f3n"],"articleSection":["Para Adultos"],"inLanguage":"es","potentialAction":[{"@type":"CommentAction","name":"Comment","target":["https:\/\/blog.medel.com\/latam\/consejos-y-recomendaciones-latam\/para-adultos-latam\/consejos-para-proteger-tu-audicion-segun-la-organizacion-mundial-de-la-salud\/#respond"]}]},{"@type":"WebPage","@id":"https:\/\/blog.medel.com\/latam\/consejos-y-recomendaciones-latam\/para-adultos-latam\/consejos-para-proteger-tu-audicion-segun-la-organizacion-mundial-de-la-salud\/","url":"https:\/\/blog.medel.com\/latam\/consejos-y-recomendaciones-latam\/para-adultos-latam\/consejos-para-proteger-tu-audicion-segun-la-organizacion-mundial-de-la-salud\/","name":"Consejos para proteger tu audici\u00f3n seg\u00fan la Organizaci\u00f3n Mundial de la Salud - The MED-EL Blog","isPartOf":{"@id":"https:\/\/blog.medel.com\/#website"},"primaryImageOfPage":{"@id":"https:\/\/blog.medel.com\/latam\/consejos-y-recomendaciones-latam\/para-adultos-latam\/consejos-para-proteger-tu-audicion-segun-la-organizacion-mundial-de-la-salud\/#primaryimage"},"image":{"@id":"https:\/\/blog.medel.com\/latam\/consejos-y-recomendaciones-latam\/para-adultos-latam\/consejos-para-proteger-tu-audicion-segun-la-organizacion-mundial-de-la-salud\/#primaryimage"},"thumbnailUrl":"https:\/\/blog.medel.com\/wp-content\/uploads\/2023\/03\/513a3817.jpg","datePublished":"2019-01-23T22:01:41+00:00","dateModified":"2023-03-13T13:52:45+00:00","breadcrumb":{"@id":"https:\/\/blog.medel.com\/latam\/consejos-y-recomendaciones-latam\/para-adultos-latam\/consejos-para-proteger-tu-audicion-segun-la-organizacion-mundial-de-la-salud\/#breadcrumb"},"inLanguage":"es","potentialAction":[{"@type":"ReadAction","target":["https:\/\/blog.medel.com\/latam\/consejos-y-recomendaciones-latam\/para-adultos-latam\/consejos-para-proteger-tu-audicion-segun-la-organizacion-mundial-de-la-salud\/"]}]},{"@type":"ImageObject","inLanguage":"es","@id":"https:\/\/blog.medel.com\/latam\/consejos-y-recomendaciones-latam\/para-adultos-latam\/consejos-para-proteger-tu-audicion-segun-la-organizacion-mundial-de-la-salud\/#primaryimage","url":"https:\/\/blog.medel.com\/wp-content\/uploads\/2023\/03\/513a3817.jpg","contentUrl":"https:\/\/blog.medel.com\/wp-content\/uploads\/2023\/03\/513a3817.jpg","width":1280,"height":853},{"@type":"BreadcrumbList","@id":"https:\/\/blog.medel.com\/latam\/consejos-y-recomendaciones-latam\/para-adultos-latam\/consejos-para-proteger-tu-audicion-segun-la-organizacion-mundial-de-la-salud\/#breadcrumb","itemListElement":[{"@type":"ListItem","position":1,"name":"Home","item":"https:\/\/blog.medel.com\/latam\/"},{"@type":"ListItem","position":2,"name":"Consejos para proteger tu audici\u00f3n seg\u00fan la Organizaci\u00f3n Mundial de la Salud"}]},{"@type":"WebSite","@id":"https:\/\/blog.medel.com\/#website","url":"https:\/\/blog.medel.com\/","name":"The MED-EL Blog","description":"","publisher":{"@id":"https:\/\/blog.medel.com\/#organization"},"potentialAction":[{"@type":"SearchAction","target":{"@type":"EntryPoint","urlTemplate":"https:\/\/blog.medel.com\/?s={search_term_string}"},"query-input":{"@type":"PropertyValueSpecification","valueRequired":true,"valueName":"search_term_string"}}],"inLanguage":"es"},{"@type":"Organization","@id":"https:\/\/blog.medel.com\/#organization","name":"The MED-EL Blog","url":"https:\/\/blog.medel.com\/","logo":{"@type":"ImageObject","inLanguage":"es","@id":"https:\/\/blog.medel.com\/#\/schema\/logo\/image\/","url":"https:\/\/blog.medel.com\/wp-content\/uploads\/2023\/02\/MED-EL_logo_L2.png","contentUrl":"https:\/\/blog.medel.com\/wp-content\/uploads\/2023\/02\/MED-EL_logo_L2.png","width":443,"height":200,"caption":"The MED-EL Blog"},"image":{"@id":"https:\/\/blog.medel.com\/#\/schema\/logo\/image\/"}},{"@type":"Person","@id":"https:\/\/blog.medel.com\/#\/schema\/person\/9f8dcfb27ec87796d874e021602c56e2","name":"MED-EL","sameAs":["https:\/\/www.medel.com"]}]}},"_links":{"self":[{"href":"https:\/\/blog.medel.com\/latam\/wp-json\/wp\/v2\/posts\/53485","targetHints":{"allow":["GET"]}}],"collection":[{"href":"https:\/\/blog.medel.com\/latam\/wp-json\/wp\/v2\/posts"}],"about":[{"href":"https:\/\/blog.medel.com\/latam\/wp-json\/wp\/v2\/types\/post"}],"author":[{"embeddable":true,"href":"https:\/\/blog.medel.com\/latam\/wp-json\/wp\/v2\/users\/8"}],"replies":[{"embeddable":true,"href":"https:\/\/blog.medel.com\/latam\/wp-json\/wp\/v2\/comments?post=53485"}],"version-history":[{"count":1,"href":"https:\/\/blog.medel.com\/latam\/wp-json\/wp\/v2\/posts\/53485\/revisions"}],"predecessor-version":[{"id":53486,"href":"https:\/\/blog.medel.com\/latam\/wp-json\/wp\/v2\/posts\/53485\/revisions\/53486"}],"wp:featuredmedia":[{"embeddable":true,"href":"https:\/\/blog.medel.com\/latam\/wp-json\/wp\/v2\/media\/70282"}],"wp:attachment":[{"href":"https:\/\/blog.medel.com\/latam\/wp-json\/wp\/v2\/media?parent=53485"}],"wp:term":[{"taxonomy":"category","embeddable":true,"href":"https:\/\/blog.medel.com\/latam\/wp-json\/wp\/v2\/categories?post=53485"},{"taxonomy":"post_tag","embeddable":true,"href":"https:\/\/blog.medel.com\/latam\/wp-json\/wp\/v2\/tags?post=53485"}],"curies":[{"name":"wp","href":"https:\/\/api.w.org\/{rel}","templated":true}]}}