{"id":53479,"date":"2019-01-08T17:27:49","date_gmt":"2019-01-08T17:27:49","guid":{"rendered":"https:\/\/blog.medel.com\/uncategorized-latam\/ninos-inventores-por-un-futuro-mejor\/"},"modified":"2023-03-13T13:52:27","modified_gmt":"2023-03-13T13:52:27","slug":"ninos-inventores-por-un-futuro-mejor","status":"publish","type":"post","link":"https:\/\/blog.medel.com\/latam\/tecnologia-latam\/ninos-inventores-por-un-futuro-mejor\/","title":{"rendered":"Ni\u00f1os inventores por un futuro mejor"},"content":{"rendered":"<h2><strong><em>\u00bfYa te enteraste del concurso\u00a0<a href=\"http:\/\/www.ideasparaescuchar.org\" target=\"_blank\" rel=\"noopener noreferrer\">Ideas Para Escuchar<\/a>?<\/em><\/strong><\/h2>\n<p><strong><em> Gracias a esta iniciativa de MED-EL, ni\u00f1os de 6 a 12 a\u00f1os ponen a trabajar su creatividad para proponer soluciones que mejoren la calidad de vida de las personas con p\u00e9rdida auditiva.<\/em><\/strong><\/p>\n<p>En 2016, Gino Tubaro, un inventor argentino con tan s\u00f3lo 20 a\u00f1os de edad, se hizo popular cuando Barack Obama lo calific\u00f3 como &#8220;un ejemplo a seguir&#8221; por inventar pr\u00f3tesis con impresoras 3D. Ahora, a trav\u00e9s de nuevas iniciativas, <strong>los ni\u00f1os tambi\u00e9n pueden utilizar su creatividad para mejorar la vida de otras personas.<\/strong><\/p>\n<p><a href=\"http:\/\/www.ideasparaescuchar.org\">Ideas Para Escuchar\u00a0<\/a>es un proyecto de MED-EL que invita a los m\u00e1s j\u00f3venes a proponer inventos que mejoren la calidad de vida de personas con problemas auditivos. Pa\u00edses de todo el mundo participar\u00e1n en este concurso que tiene como objetivo sensibilizar al p\u00fablico sobre la p\u00e9rdida auditiva. <em>&#8220;Los ni\u00f1os a menudo tienen un enfoque completamente diferente de las cosas, aportando aspectos muy novedosos a una idea&#8221;<\/em>, coment\u00f3 Geoffrey Ball, Director T\u00e9cnico de MED-EL e inventor de <a href=\"https:\/\/www.medel.com\/esl\/vibrant-soundbridge\" target=\"_blank\" rel=\"noopener noreferrer\">Vibrant Soundbridge<\/a>, un exclusivo sistema de implante de o\u00eddo medio.<\/p>\n<h3><strong><img loading=\"lazy\" decoding=\"async\" class=\"aligncenter size-full wp-image-13035\" src=\"https:\/\/blog.medel.com\/wp-content\/uploads\/2019\/01\/ideas4ears3.jpg\" alt=\"\" width=\"1200\" height=\"628\" \/><\/strong><\/h3>\n<p>Los participantes podr\u00e1n dar a conocer sus inventos en distintos formatos como obras de arte, dibujos, v\u00eddeos, esculturas o similares, y <strong>enviarlos a trav\u00e9s de <\/strong><a href=\"https:\/\/www.ideas4ears.org\/concurso-para-jovenes-inventores\/\"><strong>ideasparaescuchar.org<\/strong><\/a><strong> antes del 17 de enero de 2019.<\/strong><\/p>\n<p>El 31 de enero de 2019 ser\u00e1n anunciados los ganadores y su premio ser\u00e1 un viaje a la sede de MED-EL en Innsbruck, Austria acompa\u00f1ados por su padre, madre o tutor. All\u00ed recorrer\u00e1n las instalaciones de la compa\u00f1\u00eda y se reunir\u00e1n con los inventores de MED-EL.<\/p>\n<h4><a href=\"https:\/\/www.ideas4ears.org\/concurso-para-jovenes-inventores\/\" target=\"_blank\" rel=\"noopener noreferrer\">Para enviar tu idea y participar en el concurso haz clic aqu\u00ed<\/a><\/h4>\n<p>&nbsp;<\/p>\n<h3><strong>Innovaci\u00f3n \u2013 la base para el progreso<\/strong><\/h3>\n<p><strong>Las innovaciones son vitales para mejorar la vida de las personas con p\u00e9rdida auditiva.<\/strong> El concurso <a href=\"http:\/\/www.ideas4ears.org\" target=\"_blank\" rel=\"noopener noreferrer\">Ideas4Ears<\/a> demuestra que todav\u00eda hay mucho que investigar y descubrir para facilitar la vida a las personas con discapacidad auditiva. El jurado MED-EL todos los a\u00f1os se muestra encantado por el hecho de que <strong>los ni\u00f1os no consideran la p\u00e9rdida de audici\u00f3n como un problema aislado de los individuos, pero lo miran desde un punto de vista m\u00e1s complejo, consider\u00e1ndolo como un problema social.<\/strong><\/p>\n<h3><strong>Ganadores del 2017<\/strong><\/h3>\n<p><iframe loading=\"lazy\" title=\"Ideas For Ears Alexandre\" width=\"500\" height=\"281\" src=\"https:\/\/www.youtube.com\/embed\/uADTRBpQ2x8?feature=oembed\" frameborder=\"0\" allow=\"accelerometer; autoplay; clipboard-write; encrypted-media; gyroscope; picture-in-picture; web-share\" referrerpolicy=\"strict-origin-when-cross-origin\" allowfullscreen><\/iframe><\/p>\n<p>El a\u00f1o pasado, Alexandre, un usuario de implante coclear bilateral de Brasil de 11 a\u00f1os, desarroll\u00f3 diversas aplicaciones innovadoras para mejorar y facilitar la vida de las personas con p\u00e9rdida auditiva y gan\u00f3 el viaje a Austria. Durante su estancia en Innsbruck tambi\u00e9n se reuni\u00f3 con el profesor Rudolf H\u00e4usler, el cirujano que le hab\u00eda implantado hace 10 a\u00f1os.<\/p>\n<p><em>\u201cCada implante coclear MED-EL tiene su n\u00famero de serie individual asociado al miembro del personal que los fabric\u00f3. Por lo tanto, para aquellos ganadores que eran usuarios de un implante coclear, tuvieron la oportunidad de conocer a las personas que hicieron sus implantes y tambi\u00e9n a sus cirujanos\u201d<\/em> explic\u00f3 Ball.<\/p>\n<h4><a href=\"https:\/\/www.ideas4ears.org\/es-la\/los-ganadores-viajan-con-sus-mejores-ideas\/\" target=\"_blank\" rel=\"noopener noreferrer\">Para conocer m\u00e1s sobre los ganadores de las versiones anteriores ingrese aqu\u00ed.<\/a><\/h4>\n<h3><\/h3>\n","protected":false},"excerpt":{"rendered":"<p>\u00bfYa te enteraste del concurso\u00a0Ideas Para Escuchar? Gracias a esta iniciativa de MED-EL, ni\u00f1os de 6 a 12 a\u00f1os ponen a trabajar su creatividad para proponer soluciones que mejoren la calidad de vida de las personas con p\u00e9rdida auditiva. En 2016, Gino Tubaro, un inventor argentino con tan s\u00f3lo 20 a\u00f1os de edad, se hizo [&hellip;]<\/p>\n","protected":false},"author":8,"featured_media":70255,"comment_status":"open","ping_status":"open","sticky":false,"template":"","format":"standard","meta":{"footnotes":""},"categories":[3362],"tags":[3428,3366,3415,3373,3429,3430,3431,3432,3367,3383,3368,3433],"class_list":["post-53479","post","type-post","status-publish","format-standard","has-post-thumbnail","hentry","category-tecnologia-latam","tag-austria-latam","tag-concurso-latam","tag-hijos-latam","tag-hipoacusia-latam","tag-ideas-latam","tag-ideas4ears-latam","tag-inventores-latam","tag-jovenes-latam","tag-ninos-latam","tag-perdida-auditiva-latam","tag-soluciones-auditivas-latam","tag-viaje-latam"],"yoast_head":"<!-- This site is optimized with the Yoast SEO plugin v27.4 - https:\/\/yoast.com\/product\/yoast-seo-wordpress\/ -->\n<title>Ni\u00f1os inventores por un futuro mejor - Blog MED-EL<\/title>\n<meta name=\"description\" content=\"Conoce m\u00e1s sobre el Concurso Ideas Para Escuchar que organiza MED-EL cada a\u00f1o para ni\u00f1os de 6 a 12 a\u00f1os alrededor del mundo.\" \/>\n<meta name=\"robots\" content=\"index, follow, max-snippet:-1, max-image-preview:large, max-video-preview:-1\" \/>\n<link rel=\"canonical\" href=\"https:\/\/blog.medel.com\/latam\/tecnologia-latam\/ninos-inventores-por-un-futuro-mejor\/\" \/>\n<meta property=\"og:locale\" content=\"es_ES\" \/>\n<meta property=\"og:type\" content=\"article\" \/>\n<meta property=\"og:title\" content=\"Ni\u00f1os inventores por un futuro mejor - Blog MED-EL\" \/>\n<meta property=\"og:description\" content=\"Conoce m\u00e1s sobre el Concurso Ideas Para Escuchar que organiza MED-EL cada a\u00f1o para ni\u00f1os de 6 a 12 a\u00f1os alrededor del mundo.\" \/>\n<meta property=\"og:url\" content=\"https:\/\/blog.medel.com\/latam\/tecnologia-latam\/ninos-inventores-por-un-futuro-mejor\/\" \/>\n<meta property=\"og:site_name\" content=\"The MED-EL Blog\" \/>\n<meta property=\"article:published_time\" content=\"2019-01-08T17:27:49+00:00\" \/>\n<meta property=\"article:modified_time\" content=\"2023-03-13T13:52:27+00:00\" \/>\n<meta property=\"og:image\" content=\"https:\/\/blog.medel.com\/wp-content\/uploads\/2023\/03\/ideasparaescuchar-post-redes-sociales.jpg\" \/>\n\t<meta property=\"og:image:width\" content=\"596\" \/>\n\t<meta property=\"og:image:height\" content=\"420\" \/>\n\t<meta property=\"og:image:type\" content=\"image\/jpeg\" \/>\n<meta name=\"author\" content=\"MED-EL\" \/>\n<meta name=\"twitter:card\" content=\"summary_large_image\" \/>\n<meta name=\"twitter:label1\" content=\"Written by\" \/>\n\t<meta name=\"twitter:data1\" content=\"MED-EL\" \/>\n\t<meta name=\"twitter:label2\" content=\"Est. reading time\" \/>\n\t<meta name=\"twitter:data2\" content=\"3 minutes\" \/>\n<script type=\"application\/ld+json\" class=\"yoast-schema-graph\">{\"@context\":\"https:\\\/\\\/schema.org\",\"@graph\":[{\"@type\":\"Article\",\"@id\":\"https:\\\/\\\/blog.medel.com\\\/latam\\\/tecnologia-latam\\\/ninos-inventores-por-un-futuro-mejor\\\/#article\",\"isPartOf\":{\"@id\":\"https:\\\/\\\/blog.medel.com\\\/latam\\\/tecnologia-latam\\\/ninos-inventores-por-un-futuro-mejor\\\/\"},\"author\":{\"name\":\"MED-EL\",\"@id\":\"https:\\\/\\\/blog.medel.com\\\/de\\\/#\\\/schema\\\/person\\\/9f8dcfb27ec87796d874e021602c56e2\"},\"headline\":\"Ni\u00f1os inventores por un futuro mejor\",\"datePublished\":\"2019-01-08T17:27:49+00:00\",\"dateModified\":\"2023-03-13T13:52:27+00:00\",\"mainEntityOfPage\":{\"@id\":\"https:\\\/\\\/blog.medel.com\\\/latam\\\/tecnologia-latam\\\/ninos-inventores-por-un-futuro-mejor\\\/\"},\"wordCount\":532,\"commentCount\":0,\"publisher\":{\"@id\":\"https:\\\/\\\/blog.medel.com\\\/de\\\/#organization\"},\"image\":{\"@id\":\"https:\\\/\\\/blog.medel.com\\\/latam\\\/tecnologia-latam\\\/ninos-inventores-por-un-futuro-mejor\\\/#primaryimage\"},\"thumbnailUrl\":\"https:\\\/\\\/blog.medel.com\\\/wp-content\\\/uploads\\\/2023\\\/03\\\/ideasparaescuchar-post-redes-sociales.jpg\",\"keywords\":[\"Austria\",\"concurso\",\"hijos\",\"Hipoacusia\",\"ideas\",\"ideas4ears\",\"inventores\",\"jovenes\",\"ni\u00f1os\",\"P\u00e9rdida Auditiva\",\"Soluciones Auditivas\",\"viaje\"],\"articleSection\":[\"TECNOLOG\u00cdA\"],\"inLanguage\":\"es\",\"potentialAction\":[{\"@type\":\"CommentAction\",\"name\":\"Comment\",\"target\":[\"https:\\\/\\\/blog.medel.com\\\/latam\\\/tecnologia-latam\\\/ninos-inventores-por-un-futuro-mejor\\\/#respond\"]}]},{\"@type\":\"WebPage\",\"@id\":\"https:\\\/\\\/blog.medel.com\\\/latam\\\/tecnologia-latam\\\/ninos-inventores-por-un-futuro-mejor\\\/\",\"url\":\"https:\\\/\\\/blog.medel.com\\\/latam\\\/tecnologia-latam\\\/ninos-inventores-por-un-futuro-mejor\\\/\",\"name\":\"Ni\u00f1os inventores por un futuro mejor - Blog MED-EL\",\"isPartOf\":{\"@id\":\"https:\\\/\\\/blog.medel.com\\\/de\\\/#website\"},\"primaryImageOfPage\":{\"@id\":\"https:\\\/\\\/blog.medel.com\\\/latam\\\/tecnologia-latam\\\/ninos-inventores-por-un-futuro-mejor\\\/#primaryimage\"},\"image\":{\"@id\":\"https:\\\/\\\/blog.medel.com\\\/latam\\\/tecnologia-latam\\\/ninos-inventores-por-un-futuro-mejor\\\/#primaryimage\"},\"thumbnailUrl\":\"https:\\\/\\\/blog.medel.com\\\/wp-content\\\/uploads\\\/2023\\\/03\\\/ideasparaescuchar-post-redes-sociales.jpg\",\"datePublished\":\"2019-01-08T17:27:49+00:00\",\"dateModified\":\"2023-03-13T13:52:27+00:00\",\"description\":\"Conoce m\u00e1s sobre el Concurso Ideas Para Escuchar que organiza MED-EL cada a\u00f1o para ni\u00f1os de 6 a 12 a\u00f1os alrededor del mundo.\",\"breadcrumb\":{\"@id\":\"https:\\\/\\\/blog.medel.com\\\/latam\\\/tecnologia-latam\\\/ninos-inventores-por-un-futuro-mejor\\\/#breadcrumb\"},\"inLanguage\":\"es\",\"potentialAction\":[{\"@type\":\"ReadAction\",\"target\":[\"https:\\\/\\\/blog.medel.com\\\/latam\\\/tecnologia-latam\\\/ninos-inventores-por-un-futuro-mejor\\\/\"]}]},{\"@type\":\"ImageObject\",\"inLanguage\":\"es\",\"@id\":\"https:\\\/\\\/blog.medel.com\\\/latam\\\/tecnologia-latam\\\/ninos-inventores-por-un-futuro-mejor\\\/#primaryimage\",\"url\":\"https:\\\/\\\/blog.medel.com\\\/wp-content\\\/uploads\\\/2023\\\/03\\\/ideasparaescuchar-post-redes-sociales.jpg\",\"contentUrl\":\"https:\\\/\\\/blog.medel.com\\\/wp-content\\\/uploads\\\/2023\\\/03\\\/ideasparaescuchar-post-redes-sociales.jpg\",\"width\":596,\"height\":420},{\"@type\":\"BreadcrumbList\",\"@id\":\"https:\\\/\\\/blog.medel.com\\\/latam\\\/tecnologia-latam\\\/ninos-inventores-por-un-futuro-mejor\\\/#breadcrumb\",\"itemListElement\":[{\"@type\":\"ListItem\",\"position\":1,\"name\":\"Home\",\"item\":\"https:\\\/\\\/blog.medel.com\\\/latam\\\/\"},{\"@type\":\"ListItem\",\"position\":2,\"name\":\"Ni\u00f1os inventores por un futuro mejor\"}]},{\"@type\":\"WebSite\",\"@id\":\"https:\\\/\\\/blog.medel.com\\\/de\\\/#website\",\"url\":\"https:\\\/\\\/blog.medel.com\\\/de\\\/\",\"name\":\"The MED-EL Blog\",\"description\":\"\",\"publisher\":{\"@id\":\"https:\\\/\\\/blog.medel.com\\\/de\\\/#organization\"},\"potentialAction\":[{\"@type\":\"SearchAction\",\"target\":{\"@type\":\"EntryPoint\",\"urlTemplate\":\"https:\\\/\\\/blog.medel.com\\\/de\\\/?s={search_term_string}\"},\"query-input\":{\"@type\":\"PropertyValueSpecification\",\"valueRequired\":true,\"valueName\":\"search_term_string\"}}],\"inLanguage\":\"es\"},{\"@type\":\"Organization\",\"@id\":\"https:\\\/\\\/blog.medel.com\\\/de\\\/#organization\",\"name\":\"The MED-EL Blog\",\"url\":\"https:\\\/\\\/blog.medel.com\\\/de\\\/\",\"logo\":{\"@type\":\"ImageObject\",\"inLanguage\":\"es\",\"@id\":\"https:\\\/\\\/blog.medel.com\\\/de\\\/#\\\/schema\\\/logo\\\/image\\\/\",\"url\":\"https:\\\/\\\/blog.medel.com\\\/wp-content\\\/uploads\\\/2023\\\/02\\\/MED-EL_logo_L2.png\",\"contentUrl\":\"https:\\\/\\\/blog.medel.com\\\/wp-content\\\/uploads\\\/2023\\\/02\\\/MED-EL_logo_L2.png\",\"width\":443,\"height\":200,\"caption\":\"The MED-EL Blog\"},\"image\":{\"@id\":\"https:\\\/\\\/blog.medel.com\\\/de\\\/#\\\/schema\\\/logo\\\/image\\\/\"}},{\"@type\":\"Person\",\"@id\":\"https:\\\/\\\/blog.medel.com\\\/de\\\/#\\\/schema\\\/person\\\/9f8dcfb27ec87796d874e021602c56e2\",\"name\":\"MED-EL\",\"sameAs\":[\"https:\\\/\\\/www.medel.com\"]}]}<\/script>\n<!-- \/ Yoast SEO plugin. -->","yoast_head_json":{"title":"Ni\u00f1os inventores por un futuro mejor - Blog MED-EL","description":"Conoce m\u00e1s sobre el Concurso Ideas Para Escuchar que organiza MED-EL cada a\u00f1o para ni\u00f1os de 6 a 12 a\u00f1os alrededor del mundo.","robots":{"index":"index","follow":"follow","max-snippet":"max-snippet:-1","max-image-preview":"max-image-preview:large","max-video-preview":"max-video-preview:-1"},"canonical":"https:\/\/blog.medel.com\/latam\/tecnologia-latam\/ninos-inventores-por-un-futuro-mejor\/","og_locale":"es_ES","og_type":"article","og_title":"Ni\u00f1os inventores por un futuro mejor - Blog MED-EL","og_description":"Conoce m\u00e1s sobre el Concurso Ideas Para Escuchar que organiza MED-EL cada a\u00f1o para ni\u00f1os de 6 a 12 a\u00f1os alrededor del mundo.","og_url":"https:\/\/blog.medel.com\/latam\/tecnologia-latam\/ninos-inventores-por-un-futuro-mejor\/","og_site_name":"The MED-EL Blog","article_published_time":"2019-01-08T17:27:49+00:00","article_modified_time":"2023-03-13T13:52:27+00:00","og_image":[{"width":596,"height":420,"url":"https:\/\/blog.medel.com\/wp-content\/uploads\/2023\/03\/ideasparaescuchar-post-redes-sociales.jpg","type":"image\/jpeg"}],"author":"MED-EL","twitter_card":"summary_large_image","twitter_misc":{"Written by":"MED-EL","Est. reading time":"3 minutes"},"schema":{"@context":"https:\/\/schema.org","@graph":[{"@type":"Article","@id":"https:\/\/blog.medel.com\/latam\/tecnologia-latam\/ninos-inventores-por-un-futuro-mejor\/#article","isPartOf":{"@id":"https:\/\/blog.medel.com\/latam\/tecnologia-latam\/ninos-inventores-por-un-futuro-mejor\/"},"author":{"name":"MED-EL","@id":"https:\/\/blog.medel.com\/de\/#\/schema\/person\/9f8dcfb27ec87796d874e021602c56e2"},"headline":"Ni\u00f1os inventores por un futuro mejor","datePublished":"2019-01-08T17:27:49+00:00","dateModified":"2023-03-13T13:52:27+00:00","mainEntityOfPage":{"@id":"https:\/\/blog.medel.com\/latam\/tecnologia-latam\/ninos-inventores-por-un-futuro-mejor\/"},"wordCount":532,"commentCount":0,"publisher":{"@id":"https:\/\/blog.medel.com\/de\/#organization"},"image":{"@id":"https:\/\/blog.medel.com\/latam\/tecnologia-latam\/ninos-inventores-por-un-futuro-mejor\/#primaryimage"},"thumbnailUrl":"https:\/\/blog.medel.com\/wp-content\/uploads\/2023\/03\/ideasparaescuchar-post-redes-sociales.jpg","keywords":["Austria","concurso","hijos","Hipoacusia","ideas","ideas4ears","inventores","jovenes","ni\u00f1os","P\u00e9rdida Auditiva","Soluciones Auditivas","viaje"],"articleSection":["TECNOLOG\u00cdA"],"inLanguage":"es","potentialAction":[{"@type":"CommentAction","name":"Comment","target":["https:\/\/blog.medel.com\/latam\/tecnologia-latam\/ninos-inventores-por-un-futuro-mejor\/#respond"]}]},{"@type":"WebPage","@id":"https:\/\/blog.medel.com\/latam\/tecnologia-latam\/ninos-inventores-por-un-futuro-mejor\/","url":"https:\/\/blog.medel.com\/latam\/tecnologia-latam\/ninos-inventores-por-un-futuro-mejor\/","name":"Ni\u00f1os inventores por un futuro mejor - Blog MED-EL","isPartOf":{"@id":"https:\/\/blog.medel.com\/de\/#website"},"primaryImageOfPage":{"@id":"https:\/\/blog.medel.com\/latam\/tecnologia-latam\/ninos-inventores-por-un-futuro-mejor\/#primaryimage"},"image":{"@id":"https:\/\/blog.medel.com\/latam\/tecnologia-latam\/ninos-inventores-por-un-futuro-mejor\/#primaryimage"},"thumbnailUrl":"https:\/\/blog.medel.com\/wp-content\/uploads\/2023\/03\/ideasparaescuchar-post-redes-sociales.jpg","datePublished":"2019-01-08T17:27:49+00:00","dateModified":"2023-03-13T13:52:27+00:00","description":"Conoce m\u00e1s sobre el Concurso Ideas Para Escuchar que organiza MED-EL cada a\u00f1o para ni\u00f1os de 6 a 12 a\u00f1os alrededor del mundo.","breadcrumb":{"@id":"https:\/\/blog.medel.com\/latam\/tecnologia-latam\/ninos-inventores-por-un-futuro-mejor\/#breadcrumb"},"inLanguage":"es","potentialAction":[{"@type":"ReadAction","target":["https:\/\/blog.medel.com\/latam\/tecnologia-latam\/ninos-inventores-por-un-futuro-mejor\/"]}]},{"@type":"ImageObject","inLanguage":"es","@id":"https:\/\/blog.medel.com\/latam\/tecnologia-latam\/ninos-inventores-por-un-futuro-mejor\/#primaryimage","url":"https:\/\/blog.medel.com\/wp-content\/uploads\/2023\/03\/ideasparaescuchar-post-redes-sociales.jpg","contentUrl":"https:\/\/blog.medel.com\/wp-content\/uploads\/2023\/03\/ideasparaescuchar-post-redes-sociales.jpg","width":596,"height":420},{"@type":"BreadcrumbList","@id":"https:\/\/blog.medel.com\/latam\/tecnologia-latam\/ninos-inventores-por-un-futuro-mejor\/#breadcrumb","itemListElement":[{"@type":"ListItem","position":1,"name":"Home","item":"https:\/\/blog.medel.com\/latam\/"},{"@type":"ListItem","position":2,"name":"Ni\u00f1os inventores por un futuro mejor"}]},{"@type":"WebSite","@id":"https:\/\/blog.medel.com\/de\/#website","url":"https:\/\/blog.medel.com\/de\/","name":"The MED-EL Blog","description":"","publisher":{"@id":"https:\/\/blog.medel.com\/de\/#organization"},"potentialAction":[{"@type":"SearchAction","target":{"@type":"EntryPoint","urlTemplate":"https:\/\/blog.medel.com\/de\/?s={search_term_string}"},"query-input":{"@type":"PropertyValueSpecification","valueRequired":true,"valueName":"search_term_string"}}],"inLanguage":"es"},{"@type":"Organization","@id":"https:\/\/blog.medel.com\/de\/#organization","name":"The MED-EL Blog","url":"https:\/\/blog.medel.com\/de\/","logo":{"@type":"ImageObject","inLanguage":"es","@id":"https:\/\/blog.medel.com\/de\/#\/schema\/logo\/image\/","url":"https:\/\/blog.medel.com\/wp-content\/uploads\/2023\/02\/MED-EL_logo_L2.png","contentUrl":"https:\/\/blog.medel.com\/wp-content\/uploads\/2023\/02\/MED-EL_logo_L2.png","width":443,"height":200,"caption":"The MED-EL Blog"},"image":{"@id":"https:\/\/blog.medel.com\/de\/#\/schema\/logo\/image\/"}},{"@type":"Person","@id":"https:\/\/blog.medel.com\/de\/#\/schema\/person\/9f8dcfb27ec87796d874e021602c56e2","name":"MED-EL","sameAs":["https:\/\/www.medel.com"]}]}},"_links":{"self":[{"href":"https:\/\/blog.medel.com\/latam\/wp-json\/wp\/v2\/posts\/53479","targetHints":{"allow":["GET"]}}],"collection":[{"href":"https:\/\/blog.medel.com\/latam\/wp-json\/wp\/v2\/posts"}],"about":[{"href":"https:\/\/blog.medel.com\/latam\/wp-json\/wp\/v2\/types\/post"}],"author":[{"embeddable":true,"href":"https:\/\/blog.medel.com\/latam\/wp-json\/wp\/v2\/users\/8"}],"replies":[{"embeddable":true,"href":"https:\/\/blog.medel.com\/latam\/wp-json\/wp\/v2\/comments?post=53479"}],"version-history":[{"count":1,"href":"https:\/\/blog.medel.com\/latam\/wp-json\/wp\/v2\/posts\/53479\/revisions"}],"predecessor-version":[{"id":53480,"href":"https:\/\/blog.medel.com\/latam\/wp-json\/wp\/v2\/posts\/53479\/revisions\/53480"}],"wp:featuredmedia":[{"embeddable":true,"href":"https:\/\/blog.medel.com\/latam\/wp-json\/wp\/v2\/media\/70255"}],"wp:attachment":[{"href":"https:\/\/blog.medel.com\/latam\/wp-json\/wp\/v2\/media?parent=53479"}],"wp:term":[{"taxonomy":"category","embeddable":true,"href":"https:\/\/blog.medel.com\/latam\/wp-json\/wp\/v2\/categories?post=53479"},{"taxonomy":"post_tag","embeddable":true,"href":"https:\/\/blog.medel.com\/latam\/wp-json\/wp\/v2\/tags?post=53479"}],"curies":[{"name":"wp","href":"https:\/\/api.w.org\/{rel}","templated":true}]}}