{"id":53457,"date":"2018-11-06T14:04:55","date_gmt":"2018-11-06T14:04:55","guid":{"rendered":"https:\/\/blog.medel.com\/uncategorized-latam\/tener-exito-en-el-trabajo-con-perdida-de-la-audicion\/"},"modified":"2023-03-13T13:49:33","modified_gmt":"2023-03-13T13:49:33","slug":"tener-exito-en-el-trabajo-con-perdida-de-la-audicion","status":"publish","type":"post","link":"https:\/\/blog.medel.com\/latam\/consejos-y-recomendaciones-latam\/para-adultos-latam\/tener-exito-en-el-trabajo-con-perdida-de-la-audicion\/","title":{"rendered":"Tener \u00e9xito en el trabajo con p\u00e9rdida de la audici\u00f3n"},"content":{"rendered":"<p>La p\u00e9rdida auditiva puede interferir con la vida de muchas formas distintas, sobre todo en el \u00e1mbito profesional. As\u00ed que, ya sea que hayas recibido un implante auditivo recientemente, o que est\u00e9s comenzando un trabajo nuevo, estos consejos pueden ayudarte a alcanzar el \u00e9xito en tu lugar de trabajo:<\/p>\n<h3><strong>Habla sobre tu audici\u00f3n<\/strong><\/h3>\n<p>Muchas personas no saben sobre los implantes auditivos. Algunas personas creen que estar\u00e1s listo para o\u00edr al d\u00eda siguiente de tu implantaci\u00f3n. Otros pueden no entender que si te sacas el procesador de audio, todav\u00eda tendr\u00e1s la p\u00e9rdida auditiva. Por esto, la forma m\u00e1s f\u00e1cil de superar estos malos entendidos es explicarle a la gente sobre tu audici\u00f3n.<\/p>\n<ul>\n<li>\n<h4><strong>Expl\u00edcales que aprender a o\u00edr con un implante auditivo es un proceso:<\/strong><\/h4>\n<ul>\n<li>Algunas personas pueden pensar que si adquieres el implante el jueves, estar\u00e1s oyendo al 100% el viernes. D\u00e9jales saber que necesitar\u00e1s tiempo para aprender a o\u00edr con el implante.<\/li>\n<li>Cu\u00e9ntales sobre las sesiones de calibraci\u00f3n y los ejercicios de rehabilitaci\u00f3n que debes hacer, as\u00ed como tus objetivos para estas sesiones, para que puedan seguir tu progreso y darte apoyo cuando sea posible.<\/li>\n<\/ul>\n<\/li>\n<li>\n<h4><strong>Expl\u00edcale a tus compa\u00f1eros c\u00f3mo funciona tu implante y lo que haces para o\u00edr mejor. Aqu\u00ed tienes algunos consejos:<\/strong><\/h4>\n<ul>\n<li>Explica c\u00f3mo percibes el sonido. Cuando tienes un implante coclear, algunas personas pueden pensar que tu audici\u00f3n es como la natural, y no se dan cuenta que no puedes o\u00edr igual que ellos.<\/li>\n<li>Cu\u00e9ntale a tus compa\u00f1eros sobre situaciones espec\u00edficas en las que tienes dificultad para o\u00edr.<\/li>\n<li>Dales consejos sobre las mejores formas de comunicarse contigo: hablar con claridad, no gritar, sentarse cerca de ti y evitar situaciones con demasiado ruido ambiente.<\/li>\n<li>Si tienes una p\u00e9rdida auditiva significativa en ambos o\u00eddos, pero un implante en un solo o\u00eddo, cu\u00e9ntales que dependes completamente de tu o\u00eddo implantado.<\/li>\n<\/ul>\n<\/li>\n<\/ul>\n<p><em>\u201cCuando mi audici\u00f3n disminuy\u00f3 al 5% en ambos o\u00eddos, me fatigaba mucho, no de trabajar, sino de esforzarme leyendo labios o tratando de entender conversaciones. Sab\u00eda que ten\u00eda que jubilarme, pero quer\u00eda mucho a la gente, adoraba mi trabajo y a mi empresa&#8230; Desde que recib\u00ed mis dos IC, mi audici\u00f3n se restaur\u00f3 del 5% al 85%\u201d. \u2013 Linda C., usuaria bilateral de implante coclear MED-EL<\/em><\/p>\n<h3><strong>Un lugar de trabajo amigable con la p\u00e9rdida de la audici\u00f3n<\/strong><\/h3>\n<p>Tambi\u00e9n puedes asegurarte que tu lugar de trabajo est\u00e9 adaptado para que sea un ambiente apto para la escucha:<\/p>\n<ul>\n<li><strong>Presta atenci\u00f3n a la ac\u00fastica del cuarto:<\/strong> utiliza alfombras, tapetes o cortinas si es posible. Esto reduce el eco de las superficies duras, como los pisos, las ventanas y las paredes. Estas superficies duras hacen que los sonidos reboten y hagan m\u00e1s dif\u00edcil entender lo que dice la gente.<\/li>\n<li><strong>Trabaja en un lugar bien iluminado:<\/strong> Esto puede lograrse con una l\u00e1mpara en tu escritorio, sent\u00e1ndote cerca de una ventana, o encendiendo m\u00e1s luces. Como gran parte de la comunicaci\u00f3n es no verbal, la dificultad para ver a alguien puede afectar tu capacidad para entenderle.<\/li>\n<li><strong>Utiliza un\u00a0tel\u00e9fono dise\u00f1ado para implantes auditivos:<\/strong>\n<ul>\n<li>Todos los tel\u00e9fonos fijos y la mayor\u00eda de los celulares pueden usarse con la telebobina de tu procesador de audio.<\/li>\n<li>Esto significa que el tel\u00e9fono enviar\u00e1 se\u00f1ales al procesador de audio, evitando los micr\u00f3fonos por completo, para que puedas o\u00edr a la otra persona con m\u00e1s claridad.<\/li>\n<li>Para utilizar la telebobina, solo presiona el bot\u00f3n &#8220;T&#8221; o &#8220;M\/T&#8221; en tu control remoto, y luego sost\u00e9n el tel\u00e9fono cerca de tu o\u00eddo normalmente.<\/li>\n<\/ul>\n<\/li>\n<li><strong>Aseg\u00farate de estar sentado o de trabajar donde puedas o\u00edr bien:<\/strong>\n<ul>\n<li>Si tienes implantes auditivos bilaterales, lo mejor puede ser sentarte en el centro de la habitaci\u00f3n, as\u00ed podr\u00e1s o\u00edr bien los sonidos provenientes de todas las direcciones.<\/li>\n<li>Si\u00e9ntate de manera que los\u00a0ruidos del ambiente, o los sonidos indeseados queden a tus espaldas y no frente a ti.<\/li>\n<li>Si tienes solo un implante auditivo o sordera unilateral, si\u00e9ntate de manera que tu procesador de audio quede del mismo lado de la gente que est\u00e1 hablando. Por ejemplo, si tu implante est\u00e1 en tu o\u00eddo derecho, intenta sentarte a la izquierda de la habitaci\u00f3n.<\/li>\n<\/ul>\n<\/li>\n<li><strong>Utiliza\u00a0dispositivos de ayuda auditiva<\/strong> (ALD, por su sigla en ingl\u00e9s) en lugares como salas de conferencia. Las tecnolog\u00edas de ayuda auditiva te pueden ayudar a o\u00edr mejor porque env\u00edan los sonidos de manera inal\u00e1mbrica y directamente a tu procesador de audio.\n<ul>\n<li>Los sistemas FM son similares a los aros magn\u00e9ticos, env\u00edan el sonido desde un transmisor directamente al receptor que est\u00e1 conectado a tu procesador de audio.<\/li>\n<li>Algunos collares de inducci\u00f3n, como el\u00a0<a href=\"https:\/\/clearsounds.com\/product\/quattro-4-0-adaptive-bluetooth-system\">ClearSounds Quattro 4.0<\/a>, incluyen un micr\u00f3fono remoto. Al colocar el micr\u00f3fono en el centro de una mesa, captar\u00e1 los sonidos de todas las direcciones y los enviar\u00e1 directamente al procesador de audio.<\/li>\n<li>Incluso podr\u00edas preguntarle a tu empleador si es posible instalar un\u00a0aro magn\u00e9tico. Los aros magn\u00e9ticos son comunes en muchos lugares p\u00fablicos, y te permiten o\u00edr lo que se est\u00e1 diciendo a un micr\u00f3fono o lo que se reproduce en un sistema de sonido. Para conectarte, lo \u00fanico que necesitas es encender la bobina de tu procesador de audio: presiona el bot\u00f3n &#8220;T&#8221; o &#8220;T\/M&#8221; en tu control remoto.<\/li>\n<\/ul>\n<\/li>\n<li>Puedes sentir que o\u00edr todo el d\u00eda con tu implante es cansador. Toma algunas pausas para darte tiempo de recargar despu\u00e9s del esfuerzo que hiciste escuchando. Por ejemplo, puedes retirarte a trabajar en una habitaci\u00f3n m\u00e1s silenciosa o tomar un descanso para un caf\u00e9 en un lugar silencioso.<\/li>\n<\/ul>\n<p><em>\u00bfTe gust\u00f3 esta publicaci\u00f3n sobre Consejos y recomendaciones para personas con p\u00e9rdida auditiva ? Tambi\u00e9n te puede interesar\u00a0<\/em><a href=\"\/?p=10783\" target=\"_blank\" rel=\"noopener\">C\u00f3mo manejar las preguntas sobre tu implante auditivo<\/a><\/p>\n<h5>\u00a1<a href=\"\/?page_id=8189\" target=\"_blank\" rel=\"noopener\">Subscr\u00edbete<\/a> al blog de MED-EL para recibir m\u00e1s consejos pr\u00e1cticos directamente en tu correo electr\u00f3nico todas las semanas!<\/h5>\n","protected":false},"excerpt":{"rendered":"<p>La p\u00e9rdida auditiva puede interferir con la vida de muchas formas distintas, sobre todo en el \u00e1mbito profesional. As\u00ed que, ya sea que hayas recibido un implante auditivo recientemente, o que est\u00e9s comenzando un trabajo nuevo, estos consejos pueden ayudarte a alcanzar el \u00e9xito en tu lugar de trabajo: Habla sobre tu audici\u00f3n Muchas personas [&hellip;]<\/p>\n","protected":false},"author":8,"featured_media":70147,"comment_status":"open","ping_status":"open","sticky":false,"template":"","format":"standard","meta":{"footnotes":""},"categories":[3356],"tags":[],"class_list":["post-53457","post","type-post","status-publish","format-standard","has-post-thumbnail","hentry","category-para-adultos-latam"],"yoast_head":"<!-- This site is optimized with the Yoast SEO plugin v27.5 - https:\/\/yoast.com\/product\/yoast-seo-wordpress\/ -->\n<title>Tener \u00e9xito en el trabajo con p\u00e9rdida de la audici\u00f3n - The MED-EL Blog<\/title>\n<meta name=\"robots\" content=\"index, follow, max-snippet:-1, max-image-preview:large, max-video-preview:-1\" \/>\n<link rel=\"canonical\" href=\"https:\/\/blog.medel.com\/latam\/consejos-y-recomendaciones-latam\/para-adultos-latam\/tener-exito-en-el-trabajo-con-perdida-de-la-audicion\/\" \/>\n<meta property=\"og:locale\" content=\"es_ES\" \/>\n<meta property=\"og:type\" content=\"article\" \/>\n<meta property=\"og:title\" content=\"Tener \u00e9xito en el trabajo con p\u00e9rdida de la audici\u00f3n - The MED-EL Blog\" \/>\n<meta property=\"og:description\" content=\"La p\u00e9rdida auditiva puede interferir con la vida de muchas formas distintas, sobre todo en el \u00e1mbito profesional. As\u00ed que, ya sea que hayas recibido un implante auditivo recientemente, o que est\u00e9s comenzando un trabajo nuevo, estos consejos pueden ayudarte a alcanzar el \u00e9xito en tu lugar de trabajo: Habla sobre tu audici\u00f3n Muchas personas [&hellip;]\" \/>\n<meta property=\"og:url\" content=\"https:\/\/blog.medel.com\/latam\/consejos-y-recomendaciones-latam\/para-adultos-latam\/tener-exito-en-el-trabajo-con-perdida-de-la-audicion\/\" \/>\n<meta property=\"og:site_name\" content=\"The MED-EL Blog\" \/>\n<meta property=\"article:published_time\" content=\"2018-11-06T14:04:55+00:00\" \/>\n<meta property=\"article:modified_time\" content=\"2023-03-13T13:49:33+00:00\" \/>\n<meta property=\"og:image\" content=\"https:\/\/blog.medel.com\/wp-content\/uploads\/2023\/03\/nov-conseguir-el-xito-en-el-trabajo-con-prdida-de-la-audicin-1.jpg\" \/>\n\t<meta property=\"og:image:width\" content=\"1800\" \/>\n\t<meta property=\"og:image:height\" content=\"1200\" \/>\n\t<meta property=\"og:image:type\" content=\"image\/jpeg\" \/>\n<meta name=\"author\" content=\"MED-EL\" \/>\n<meta name=\"twitter:card\" content=\"summary_large_image\" \/>\n<meta name=\"twitter:label1\" content=\"Written by\" \/>\n\t<meta name=\"twitter:data1\" content=\"MED-EL\" \/>\n\t<meta name=\"twitter:label2\" content=\"Est. reading time\" \/>\n\t<meta name=\"twitter:data2\" content=\"5 minutes\" \/>\n<script type=\"application\/ld+json\" class=\"yoast-schema-graph\">{\"@context\":\"https:\\\/\\\/schema.org\",\"@graph\":[{\"@type\":\"Article\",\"@id\":\"https:\\\/\\\/blog.medel.com\\\/latam\\\/consejos-y-recomendaciones-latam\\\/para-adultos-latam\\\/tener-exito-en-el-trabajo-con-perdida-de-la-audicion\\\/#article\",\"isPartOf\":{\"@id\":\"https:\\\/\\\/blog.medel.com\\\/latam\\\/consejos-y-recomendaciones-latam\\\/para-adultos-latam\\\/tener-exito-en-el-trabajo-con-perdida-de-la-audicion\\\/\"},\"author\":{\"name\":\"MED-EL\",\"@id\":\"https:\\\/\\\/blog.medel.com\\\/tr\\\/#\\\/schema\\\/person\\\/9f8dcfb27ec87796d874e021602c56e2\"},\"headline\":\"Tener \u00e9xito en el trabajo con p\u00e9rdida de la audici\u00f3n\",\"datePublished\":\"2018-11-06T14:04:55+00:00\",\"dateModified\":\"2023-03-13T13:49:33+00:00\",\"mainEntityOfPage\":{\"@id\":\"https:\\\/\\\/blog.medel.com\\\/latam\\\/consejos-y-recomendaciones-latam\\\/para-adultos-latam\\\/tener-exito-en-el-trabajo-con-perdida-de-la-audicion\\\/\"},\"wordCount\":1054,\"commentCount\":0,\"publisher\":{\"@id\":\"https:\\\/\\\/blog.medel.com\\\/tr\\\/#organization\"},\"image\":{\"@id\":\"https:\\\/\\\/blog.medel.com\\\/latam\\\/consejos-y-recomendaciones-latam\\\/para-adultos-latam\\\/tener-exito-en-el-trabajo-con-perdida-de-la-audicion\\\/#primaryimage\"},\"thumbnailUrl\":\"https:\\\/\\\/blog.medel.com\\\/wp-content\\\/uploads\\\/2023\\\/03\\\/nov-conseguir-el-xito-en-el-trabajo-con-prdida-de-la-audicin-1.jpg\",\"articleSection\":[\"Para Adultos\"],\"inLanguage\":\"es\",\"potentialAction\":[{\"@type\":\"CommentAction\",\"name\":\"Comment\",\"target\":[\"https:\\\/\\\/blog.medel.com\\\/latam\\\/consejos-y-recomendaciones-latam\\\/para-adultos-latam\\\/tener-exito-en-el-trabajo-con-perdida-de-la-audicion\\\/#respond\"]}]},{\"@type\":\"WebPage\",\"@id\":\"https:\\\/\\\/blog.medel.com\\\/latam\\\/consejos-y-recomendaciones-latam\\\/para-adultos-latam\\\/tener-exito-en-el-trabajo-con-perdida-de-la-audicion\\\/\",\"url\":\"https:\\\/\\\/blog.medel.com\\\/latam\\\/consejos-y-recomendaciones-latam\\\/para-adultos-latam\\\/tener-exito-en-el-trabajo-con-perdida-de-la-audicion\\\/\",\"name\":\"Tener \u00e9xito en el trabajo con p\u00e9rdida de la audici\u00f3n - The MED-EL Blog\",\"isPartOf\":{\"@id\":\"https:\\\/\\\/blog.medel.com\\\/tr\\\/#website\"},\"primaryImageOfPage\":{\"@id\":\"https:\\\/\\\/blog.medel.com\\\/latam\\\/consejos-y-recomendaciones-latam\\\/para-adultos-latam\\\/tener-exito-en-el-trabajo-con-perdida-de-la-audicion\\\/#primaryimage\"},\"image\":{\"@id\":\"https:\\\/\\\/blog.medel.com\\\/latam\\\/consejos-y-recomendaciones-latam\\\/para-adultos-latam\\\/tener-exito-en-el-trabajo-con-perdida-de-la-audicion\\\/#primaryimage\"},\"thumbnailUrl\":\"https:\\\/\\\/blog.medel.com\\\/wp-content\\\/uploads\\\/2023\\\/03\\\/nov-conseguir-el-xito-en-el-trabajo-con-prdida-de-la-audicin-1.jpg\",\"datePublished\":\"2018-11-06T14:04:55+00:00\",\"dateModified\":\"2023-03-13T13:49:33+00:00\",\"breadcrumb\":{\"@id\":\"https:\\\/\\\/blog.medel.com\\\/latam\\\/consejos-y-recomendaciones-latam\\\/para-adultos-latam\\\/tener-exito-en-el-trabajo-con-perdida-de-la-audicion\\\/#breadcrumb\"},\"inLanguage\":\"es\",\"potentialAction\":[{\"@type\":\"ReadAction\",\"target\":[\"https:\\\/\\\/blog.medel.com\\\/latam\\\/consejos-y-recomendaciones-latam\\\/para-adultos-latam\\\/tener-exito-en-el-trabajo-con-perdida-de-la-audicion\\\/\"]}]},{\"@type\":\"ImageObject\",\"inLanguage\":\"es\",\"@id\":\"https:\\\/\\\/blog.medel.com\\\/latam\\\/consejos-y-recomendaciones-latam\\\/para-adultos-latam\\\/tener-exito-en-el-trabajo-con-perdida-de-la-audicion\\\/#primaryimage\",\"url\":\"https:\\\/\\\/blog.medel.com\\\/wp-content\\\/uploads\\\/2023\\\/03\\\/nov-conseguir-el-xito-en-el-trabajo-con-prdida-de-la-audicin-1.jpg\",\"contentUrl\":\"https:\\\/\\\/blog.medel.com\\\/wp-content\\\/uploads\\\/2023\\\/03\\\/nov-conseguir-el-xito-en-el-trabajo-con-prdida-de-la-audicin-1.jpg\",\"width\":1800,\"height\":1200},{\"@type\":\"BreadcrumbList\",\"@id\":\"https:\\\/\\\/blog.medel.com\\\/latam\\\/consejos-y-recomendaciones-latam\\\/para-adultos-latam\\\/tener-exito-en-el-trabajo-con-perdida-de-la-audicion\\\/#breadcrumb\",\"itemListElement\":[{\"@type\":\"ListItem\",\"position\":1,\"name\":\"Home\",\"item\":\"https:\\\/\\\/blog.medel.com\\\/latam\\\/\"},{\"@type\":\"ListItem\",\"position\":2,\"name\":\"Tener \u00e9xito en el trabajo con p\u00e9rdida de la audici\u00f3n\"}]},{\"@type\":\"WebSite\",\"@id\":\"https:\\\/\\\/blog.medel.com\\\/tr\\\/#website\",\"url\":\"https:\\\/\\\/blog.medel.com\\\/tr\\\/\",\"name\":\"The MED-EL Blog\",\"description\":\"\",\"publisher\":{\"@id\":\"https:\\\/\\\/blog.medel.com\\\/tr\\\/#organization\"},\"potentialAction\":[{\"@type\":\"SearchAction\",\"target\":{\"@type\":\"EntryPoint\",\"urlTemplate\":\"https:\\\/\\\/blog.medel.com\\\/tr\\\/?s={search_term_string}\"},\"query-input\":{\"@type\":\"PropertyValueSpecification\",\"valueRequired\":true,\"valueName\":\"search_term_string\"}}],\"inLanguage\":\"es\"},{\"@type\":\"Organization\",\"@id\":\"https:\\\/\\\/blog.medel.com\\\/tr\\\/#organization\",\"name\":\"The MED-EL Blog\",\"url\":\"https:\\\/\\\/blog.medel.com\\\/tr\\\/\",\"logo\":{\"@type\":\"ImageObject\",\"inLanguage\":\"es\",\"@id\":\"https:\\\/\\\/blog.medel.com\\\/tr\\\/#\\\/schema\\\/logo\\\/image\\\/\",\"url\":\"https:\\\/\\\/blog.medel.com\\\/wp-content\\\/uploads\\\/2023\\\/02\\\/MED-EL_logo_L2.png\",\"contentUrl\":\"https:\\\/\\\/blog.medel.com\\\/wp-content\\\/uploads\\\/2023\\\/02\\\/MED-EL_logo_L2.png\",\"width\":443,\"height\":200,\"caption\":\"The MED-EL Blog\"},\"image\":{\"@id\":\"https:\\\/\\\/blog.medel.com\\\/tr\\\/#\\\/schema\\\/logo\\\/image\\\/\"}},{\"@type\":\"Person\",\"@id\":\"https:\\\/\\\/blog.medel.com\\\/tr\\\/#\\\/schema\\\/person\\\/9f8dcfb27ec87796d874e021602c56e2\",\"name\":\"MED-EL\",\"sameAs\":[\"https:\\\/\\\/www.medel.com\"]}]}<\/script>\n<!-- \/ Yoast SEO plugin. -->","yoast_head_json":{"title":"Tener \u00e9xito en el trabajo con p\u00e9rdida de la audici\u00f3n - The MED-EL Blog","robots":{"index":"index","follow":"follow","max-snippet":"max-snippet:-1","max-image-preview":"max-image-preview:large","max-video-preview":"max-video-preview:-1"},"canonical":"https:\/\/blog.medel.com\/latam\/consejos-y-recomendaciones-latam\/para-adultos-latam\/tener-exito-en-el-trabajo-con-perdida-de-la-audicion\/","og_locale":"es_ES","og_type":"article","og_title":"Tener \u00e9xito en el trabajo con p\u00e9rdida de la audici\u00f3n - The MED-EL Blog","og_description":"La p\u00e9rdida auditiva puede interferir con la vida de muchas formas distintas, sobre todo en el \u00e1mbito profesional. As\u00ed que, ya sea que hayas recibido un implante auditivo recientemente, o que est\u00e9s comenzando un trabajo nuevo, estos consejos pueden ayudarte a alcanzar el \u00e9xito en tu lugar de trabajo: Habla sobre tu audici\u00f3n Muchas personas [&hellip;]","og_url":"https:\/\/blog.medel.com\/latam\/consejos-y-recomendaciones-latam\/para-adultos-latam\/tener-exito-en-el-trabajo-con-perdida-de-la-audicion\/","og_site_name":"The MED-EL Blog","article_published_time":"2018-11-06T14:04:55+00:00","article_modified_time":"2023-03-13T13:49:33+00:00","og_image":[{"width":1800,"height":1200,"url":"https:\/\/blog.medel.com\/wp-content\/uploads\/2023\/03\/nov-conseguir-el-xito-en-el-trabajo-con-prdida-de-la-audicin-1.jpg","type":"image\/jpeg"}],"author":"MED-EL","twitter_card":"summary_large_image","twitter_misc":{"Written by":"MED-EL","Est. reading time":"5 minutes"},"schema":{"@context":"https:\/\/schema.org","@graph":[{"@type":"Article","@id":"https:\/\/blog.medel.com\/latam\/consejos-y-recomendaciones-latam\/para-adultos-latam\/tener-exito-en-el-trabajo-con-perdida-de-la-audicion\/#article","isPartOf":{"@id":"https:\/\/blog.medel.com\/latam\/consejos-y-recomendaciones-latam\/para-adultos-latam\/tener-exito-en-el-trabajo-con-perdida-de-la-audicion\/"},"author":{"name":"MED-EL","@id":"https:\/\/blog.medel.com\/tr\/#\/schema\/person\/9f8dcfb27ec87796d874e021602c56e2"},"headline":"Tener \u00e9xito en el trabajo con p\u00e9rdida de la audici\u00f3n","datePublished":"2018-11-06T14:04:55+00:00","dateModified":"2023-03-13T13:49:33+00:00","mainEntityOfPage":{"@id":"https:\/\/blog.medel.com\/latam\/consejos-y-recomendaciones-latam\/para-adultos-latam\/tener-exito-en-el-trabajo-con-perdida-de-la-audicion\/"},"wordCount":1054,"commentCount":0,"publisher":{"@id":"https:\/\/blog.medel.com\/tr\/#organization"},"image":{"@id":"https:\/\/blog.medel.com\/latam\/consejos-y-recomendaciones-latam\/para-adultos-latam\/tener-exito-en-el-trabajo-con-perdida-de-la-audicion\/#primaryimage"},"thumbnailUrl":"https:\/\/blog.medel.com\/wp-content\/uploads\/2023\/03\/nov-conseguir-el-xito-en-el-trabajo-con-prdida-de-la-audicin-1.jpg","articleSection":["Para Adultos"],"inLanguage":"es","potentialAction":[{"@type":"CommentAction","name":"Comment","target":["https:\/\/blog.medel.com\/latam\/consejos-y-recomendaciones-latam\/para-adultos-latam\/tener-exito-en-el-trabajo-con-perdida-de-la-audicion\/#respond"]}]},{"@type":"WebPage","@id":"https:\/\/blog.medel.com\/latam\/consejos-y-recomendaciones-latam\/para-adultos-latam\/tener-exito-en-el-trabajo-con-perdida-de-la-audicion\/","url":"https:\/\/blog.medel.com\/latam\/consejos-y-recomendaciones-latam\/para-adultos-latam\/tener-exito-en-el-trabajo-con-perdida-de-la-audicion\/","name":"Tener \u00e9xito en el trabajo con p\u00e9rdida de la audici\u00f3n - The MED-EL Blog","isPartOf":{"@id":"https:\/\/blog.medel.com\/tr\/#website"},"primaryImageOfPage":{"@id":"https:\/\/blog.medel.com\/latam\/consejos-y-recomendaciones-latam\/para-adultos-latam\/tener-exito-en-el-trabajo-con-perdida-de-la-audicion\/#primaryimage"},"image":{"@id":"https:\/\/blog.medel.com\/latam\/consejos-y-recomendaciones-latam\/para-adultos-latam\/tener-exito-en-el-trabajo-con-perdida-de-la-audicion\/#primaryimage"},"thumbnailUrl":"https:\/\/blog.medel.com\/wp-content\/uploads\/2023\/03\/nov-conseguir-el-xito-en-el-trabajo-con-prdida-de-la-audicin-1.jpg","datePublished":"2018-11-06T14:04:55+00:00","dateModified":"2023-03-13T13:49:33+00:00","breadcrumb":{"@id":"https:\/\/blog.medel.com\/latam\/consejos-y-recomendaciones-latam\/para-adultos-latam\/tener-exito-en-el-trabajo-con-perdida-de-la-audicion\/#breadcrumb"},"inLanguage":"es","potentialAction":[{"@type":"ReadAction","target":["https:\/\/blog.medel.com\/latam\/consejos-y-recomendaciones-latam\/para-adultos-latam\/tener-exito-en-el-trabajo-con-perdida-de-la-audicion\/"]}]},{"@type":"ImageObject","inLanguage":"es","@id":"https:\/\/blog.medel.com\/latam\/consejos-y-recomendaciones-latam\/para-adultos-latam\/tener-exito-en-el-trabajo-con-perdida-de-la-audicion\/#primaryimage","url":"https:\/\/blog.medel.com\/wp-content\/uploads\/2023\/03\/nov-conseguir-el-xito-en-el-trabajo-con-prdida-de-la-audicin-1.jpg","contentUrl":"https:\/\/blog.medel.com\/wp-content\/uploads\/2023\/03\/nov-conseguir-el-xito-en-el-trabajo-con-prdida-de-la-audicin-1.jpg","width":1800,"height":1200},{"@type":"BreadcrumbList","@id":"https:\/\/blog.medel.com\/latam\/consejos-y-recomendaciones-latam\/para-adultos-latam\/tener-exito-en-el-trabajo-con-perdida-de-la-audicion\/#breadcrumb","itemListElement":[{"@type":"ListItem","position":1,"name":"Home","item":"https:\/\/blog.medel.com\/latam\/"},{"@type":"ListItem","position":2,"name":"Tener \u00e9xito en el trabajo con p\u00e9rdida de la audici\u00f3n"}]},{"@type":"WebSite","@id":"https:\/\/blog.medel.com\/tr\/#website","url":"https:\/\/blog.medel.com\/tr\/","name":"The MED-EL Blog","description":"","publisher":{"@id":"https:\/\/blog.medel.com\/tr\/#organization"},"potentialAction":[{"@type":"SearchAction","target":{"@type":"EntryPoint","urlTemplate":"https:\/\/blog.medel.com\/tr\/?s={search_term_string}"},"query-input":{"@type":"PropertyValueSpecification","valueRequired":true,"valueName":"search_term_string"}}],"inLanguage":"es"},{"@type":"Organization","@id":"https:\/\/blog.medel.com\/tr\/#organization","name":"The MED-EL Blog","url":"https:\/\/blog.medel.com\/tr\/","logo":{"@type":"ImageObject","inLanguage":"es","@id":"https:\/\/blog.medel.com\/tr\/#\/schema\/logo\/image\/","url":"https:\/\/blog.medel.com\/wp-content\/uploads\/2023\/02\/MED-EL_logo_L2.png","contentUrl":"https:\/\/blog.medel.com\/wp-content\/uploads\/2023\/02\/MED-EL_logo_L2.png","width":443,"height":200,"caption":"The MED-EL Blog"},"image":{"@id":"https:\/\/blog.medel.com\/tr\/#\/schema\/logo\/image\/"}},{"@type":"Person","@id":"https:\/\/blog.medel.com\/tr\/#\/schema\/person\/9f8dcfb27ec87796d874e021602c56e2","name":"MED-EL","sameAs":["https:\/\/www.medel.com"]}]}},"_links":{"self":[{"href":"https:\/\/blog.medel.com\/latam\/wp-json\/wp\/v2\/posts\/53457","targetHints":{"allow":["GET"]}}],"collection":[{"href":"https:\/\/blog.medel.com\/latam\/wp-json\/wp\/v2\/posts"}],"about":[{"href":"https:\/\/blog.medel.com\/latam\/wp-json\/wp\/v2\/types\/post"}],"author":[{"embeddable":true,"href":"https:\/\/blog.medel.com\/latam\/wp-json\/wp\/v2\/users\/8"}],"replies":[{"embeddable":true,"href":"https:\/\/blog.medel.com\/latam\/wp-json\/wp\/v2\/comments?post=53457"}],"version-history":[{"count":1,"href":"https:\/\/blog.medel.com\/latam\/wp-json\/wp\/v2\/posts\/53457\/revisions"}],"predecessor-version":[{"id":53458,"href":"https:\/\/blog.medel.com\/latam\/wp-json\/wp\/v2\/posts\/53457\/revisions\/53458"}],"wp:featuredmedia":[{"embeddable":true,"href":"https:\/\/blog.medel.com\/latam\/wp-json\/wp\/v2\/media\/70147"}],"wp:attachment":[{"href":"https:\/\/blog.medel.com\/latam\/wp-json\/wp\/v2\/media?parent=53457"}],"wp:term":[{"taxonomy":"category","embeddable":true,"href":"https:\/\/blog.medel.com\/latam\/wp-json\/wp\/v2\/categories?post=53457"},{"taxonomy":"post_tag","embeddable":true,"href":"https:\/\/blog.medel.com\/latam\/wp-json\/wp\/v2\/tags?post=53457"}],"curies":[{"name":"wp","href":"https:\/\/api.w.org\/{rel}","templated":true}]}}