{"id":53411,"date":"2018-07-30T14:37:00","date_gmt":"2018-07-30T14:37:00","guid":{"rendered":"https:\/\/blog.medel.com\/uncategorized-latam\/una-historia-de-superacion\/"},"modified":"2023-03-13T13:47:15","modified_gmt":"2023-03-13T13:47:15","slug":"una-historia-de-superacion","status":"publish","type":"post","link":"https:\/\/blog.medel.com\/latam\/historias-de-usuarios-latam\/una-historia-de-superacion\/","title":{"rendered":"Una historia de superaci\u00f3n"},"content":{"rendered":"<p>A Laurita, el hecho de haberse colocado un implante coclear le cambi\u00f3 la vida: <strong><em>\u201cNos hemos dado cuenta que sonidos que a\u00fan nosotros no caemos en cuenta de que est\u00e1n en el ambiente, ella los nota. Entonces a veces escucha incluso mejor que nosotros\u201d<\/em><\/strong>, dice su mam\u00e1.<\/p>\n<p>Espont\u00e1nea, creativa, fuerte, valiente, a Laurita se le detect\u00f3 p\u00e9rdida auditiva luego de una meningitis que la tuvo hospitalizada durante un mes.<\/p>\n<p>Ya <em><strong>recuperada y con su audici\u00f3n restituida<\/strong><\/em>, disfruta de los paseos con sus abuelos por la ciclov\u00eda de Bogot\u00e1, de darle de comer a las palomas y de estar rodeada de cualquier tipo de animales.<\/p>\n<p>Esta es su historia:<\/p>\n<p><iframe loading=\"lazy\" src=\"https:\/\/www.youtube.com\/embed\/6CXcBddDSbM\" width=\"560\" height=\"315\" frameborder=\"0\" allowfullscreen=\"allowfullscreen\"><\/iframe><\/p>\n<p><em>Subscr\u00edbete al blog de <a href=\"\/?page_id=8189\">MED-EL Latinoam\u00e9rica<\/a> para recibir m\u00e1s publicaciones como esta, que exploran el amplio mundo del sonido.<\/em><\/p>\n","protected":false},"excerpt":{"rendered":"<p>A Laurita, el hecho de haberse colocado un implante coclear le cambi\u00f3 la vida: \u201cNos hemos dado cuenta que sonidos que a\u00fan nosotros no caemos en cuenta de que est\u00e1n en el ambiente, ella los nota. Entonces a veces escucha incluso mejor que nosotros\u201d, dice su mam\u00e1. Espont\u00e1nea, creativa, fuerte, valiente, a Laurita se le [&hellip;]<\/p>\n","protected":false},"author":8,"featured_media":69886,"comment_status":"open","ping_status":"open","sticky":false,"template":"","format":"standard","meta":{"footnotes":""},"categories":[3361],"tags":[3382,3443,3404,3383,3368],"class_list":["post-53411","post","type-post","status-publish","format-standard","has-post-thumbnail","hentry","category-historias-de-usuarios-latam","tag-historias-de-vida-latam","tag-med-el-latam","tag-med-el-latinoamerica-latam","tag-perdida-auditiva-latam","tag-soluciones-auditivas-latam"],"yoast_head":"<!-- This site is optimized with the Yoast SEO plugin v27.4 - https:\/\/yoast.com\/product\/yoast-seo-wordpress\/ -->\n<title>Una historia de superaci\u00f3n - The MED-EL Blog<\/title>\n<meta name=\"description\" content=\"A Laurita, el hecho de haberse puesto un implante coclear le cambi\u00f3 la vida: \u201cNos hemos dado cuenta que sonidos que a\u00fan nosotros no caemos en cuenta de que est\u00e1n en el ambiente, ella los nota. Entonces a veces escucha incluso mejor que nosotros\u201d, dice su mam\u00e1.\" \/>\n<meta name=\"robots\" content=\"index, follow, max-snippet:-1, max-image-preview:large, max-video-preview:-1\" \/>\n<link rel=\"canonical\" href=\"https:\/\/blog.medel.com\/latam\/historias-de-usuarios-latam\/una-historia-de-superacion\/\" \/>\n<meta property=\"og:locale\" content=\"es_ES\" \/>\n<meta property=\"og:type\" content=\"article\" \/>\n<meta property=\"og:title\" content=\"Una historia de superaci\u00f3n - The MED-EL Blog\" \/>\n<meta property=\"og:description\" content=\"A Laurita, el hecho de haberse puesto un implante coclear le cambi\u00f3 la vida: \u201cNos hemos dado cuenta que sonidos que a\u00fan nosotros no caemos en cuenta de que est\u00e1n en el ambiente, ella los nota. Entonces a veces escucha incluso mejor que nosotros\u201d, dice su mam\u00e1.\" \/>\n<meta property=\"og:url\" content=\"https:\/\/blog.medel.com\/latam\/historias-de-usuarios-latam\/una-historia-de-superacion\/\" \/>\n<meta property=\"og:site_name\" content=\"The MED-EL Blog\" \/>\n<meta property=\"article:published_time\" content=\"2018-07-30T14:37:00+00:00\" \/>\n<meta property=\"article:modified_time\" content=\"2023-03-13T13:47:15+00:00\" \/>\n<meta property=\"og:image\" content=\"https:\/\/blog.medel.com\/wp-content\/uploads\/2023\/03\/laurita.jpg\" \/>\n\t<meta property=\"og:image:width\" content=\"893\" \/>\n\t<meta property=\"og:image:height\" content=\"457\" \/>\n\t<meta property=\"og:image:type\" content=\"image\/jpeg\" \/>\n<meta name=\"author\" content=\"MED-EL\" \/>\n<meta name=\"twitter:card\" content=\"summary_large_image\" \/>\n<meta name=\"twitter:label1\" content=\"Written by\" \/>\n\t<meta name=\"twitter:data1\" content=\"MED-EL\" \/>\n\t<meta name=\"twitter:label2\" content=\"Est. reading time\" \/>\n\t<meta name=\"twitter:data2\" content=\"1 minute\" \/>\n<script type=\"application\/ld+json\" class=\"yoast-schema-graph\">{\"@context\":\"https:\\\/\\\/schema.org\",\"@graph\":[{\"@type\":\"Article\",\"@id\":\"https:\\\/\\\/blog.medel.com\\\/latam\\\/historias-de-usuarios-latam\\\/una-historia-de-superacion\\\/#article\",\"isPartOf\":{\"@id\":\"https:\\\/\\\/blog.medel.com\\\/latam\\\/historias-de-usuarios-latam\\\/una-historia-de-superacion\\\/\"},\"author\":{\"name\":\"MED-EL\",\"@id\":\"https:\\\/\\\/blog.medel.com\\\/de\\\/#\\\/schema\\\/person\\\/9f8dcfb27ec87796d874e021602c56e2\"},\"headline\":\"Una historia de superaci\u00f3n\",\"datePublished\":\"2018-07-30T14:37:00+00:00\",\"dateModified\":\"2023-03-13T13:47:15+00:00\",\"mainEntityOfPage\":{\"@id\":\"https:\\\/\\\/blog.medel.com\\\/latam\\\/historias-de-usuarios-latam\\\/una-historia-de-superacion\\\/\"},\"wordCount\":141,\"commentCount\":0,\"publisher\":{\"@id\":\"https:\\\/\\\/blog.medel.com\\\/de\\\/#organization\"},\"image\":{\"@id\":\"https:\\\/\\\/blog.medel.com\\\/latam\\\/historias-de-usuarios-latam\\\/una-historia-de-superacion\\\/#primaryimage\"},\"thumbnailUrl\":\"https:\\\/\\\/blog.medel.com\\\/wp-content\\\/uploads\\\/2023\\\/03\\\/laurita.jpg\",\"keywords\":[\"Historias de Vida\",\"MED-EL\",\"MED-EL Latinoam\u00e9rica\",\"P\u00e9rdida Auditiva\",\"Soluciones Auditivas\"],\"articleSection\":[\"HISTORIAS DE USUARIOS\"],\"inLanguage\":\"es\",\"potentialAction\":[{\"@type\":\"CommentAction\",\"name\":\"Comment\",\"target\":[\"https:\\\/\\\/blog.medel.com\\\/latam\\\/historias-de-usuarios-latam\\\/una-historia-de-superacion\\\/#respond\"]}]},{\"@type\":\"WebPage\",\"@id\":\"https:\\\/\\\/blog.medel.com\\\/latam\\\/historias-de-usuarios-latam\\\/una-historia-de-superacion\\\/\",\"url\":\"https:\\\/\\\/blog.medel.com\\\/latam\\\/historias-de-usuarios-latam\\\/una-historia-de-superacion\\\/\",\"name\":\"Una historia de superaci\u00f3n - The MED-EL Blog\",\"isPartOf\":{\"@id\":\"https:\\\/\\\/blog.medel.com\\\/de\\\/#website\"},\"primaryImageOfPage\":{\"@id\":\"https:\\\/\\\/blog.medel.com\\\/latam\\\/historias-de-usuarios-latam\\\/una-historia-de-superacion\\\/#primaryimage\"},\"image\":{\"@id\":\"https:\\\/\\\/blog.medel.com\\\/latam\\\/historias-de-usuarios-latam\\\/una-historia-de-superacion\\\/#primaryimage\"},\"thumbnailUrl\":\"https:\\\/\\\/blog.medel.com\\\/wp-content\\\/uploads\\\/2023\\\/03\\\/laurita.jpg\",\"datePublished\":\"2018-07-30T14:37:00+00:00\",\"dateModified\":\"2023-03-13T13:47:15+00:00\",\"description\":\"A Laurita, el hecho de haberse puesto un implante coclear le cambi\u00f3 la vida: \u201cNos hemos dado cuenta que sonidos que a\u00fan nosotros no caemos en cuenta de que est\u00e1n en el ambiente, ella los nota. Entonces a veces escucha incluso mejor que nosotros\u201d, dice su mam\u00e1.\",\"breadcrumb\":{\"@id\":\"https:\\\/\\\/blog.medel.com\\\/latam\\\/historias-de-usuarios-latam\\\/una-historia-de-superacion\\\/#breadcrumb\"},\"inLanguage\":\"es\",\"potentialAction\":[{\"@type\":\"ReadAction\",\"target\":[\"https:\\\/\\\/blog.medel.com\\\/latam\\\/historias-de-usuarios-latam\\\/una-historia-de-superacion\\\/\"]}]},{\"@type\":\"ImageObject\",\"inLanguage\":\"es\",\"@id\":\"https:\\\/\\\/blog.medel.com\\\/latam\\\/historias-de-usuarios-latam\\\/una-historia-de-superacion\\\/#primaryimage\",\"url\":\"https:\\\/\\\/blog.medel.com\\\/wp-content\\\/uploads\\\/2023\\\/03\\\/laurita.jpg\",\"contentUrl\":\"https:\\\/\\\/blog.medel.com\\\/wp-content\\\/uploads\\\/2023\\\/03\\\/laurita.jpg\",\"width\":893,\"height\":457},{\"@type\":\"BreadcrumbList\",\"@id\":\"https:\\\/\\\/blog.medel.com\\\/latam\\\/historias-de-usuarios-latam\\\/una-historia-de-superacion\\\/#breadcrumb\",\"itemListElement\":[{\"@type\":\"ListItem\",\"position\":1,\"name\":\"Home\",\"item\":\"https:\\\/\\\/blog.medel.com\\\/latam\\\/\"},{\"@type\":\"ListItem\",\"position\":2,\"name\":\"Una historia de superaci\u00f3n\"}]},{\"@type\":\"WebSite\",\"@id\":\"https:\\\/\\\/blog.medel.com\\\/de\\\/#website\",\"url\":\"https:\\\/\\\/blog.medel.com\\\/de\\\/\",\"name\":\"The MED-EL Blog\",\"description\":\"\",\"publisher\":{\"@id\":\"https:\\\/\\\/blog.medel.com\\\/de\\\/#organization\"},\"potentialAction\":[{\"@type\":\"SearchAction\",\"target\":{\"@type\":\"EntryPoint\",\"urlTemplate\":\"https:\\\/\\\/blog.medel.com\\\/de\\\/?s={search_term_string}\"},\"query-input\":{\"@type\":\"PropertyValueSpecification\",\"valueRequired\":true,\"valueName\":\"search_term_string\"}}],\"inLanguage\":\"es\"},{\"@type\":\"Organization\",\"@id\":\"https:\\\/\\\/blog.medel.com\\\/de\\\/#organization\",\"name\":\"The MED-EL Blog\",\"url\":\"https:\\\/\\\/blog.medel.com\\\/de\\\/\",\"logo\":{\"@type\":\"ImageObject\",\"inLanguage\":\"es\",\"@id\":\"https:\\\/\\\/blog.medel.com\\\/de\\\/#\\\/schema\\\/logo\\\/image\\\/\",\"url\":\"https:\\\/\\\/blog.medel.com\\\/wp-content\\\/uploads\\\/2023\\\/02\\\/MED-EL_logo_L2.png\",\"contentUrl\":\"https:\\\/\\\/blog.medel.com\\\/wp-content\\\/uploads\\\/2023\\\/02\\\/MED-EL_logo_L2.png\",\"width\":443,\"height\":200,\"caption\":\"The MED-EL Blog\"},\"image\":{\"@id\":\"https:\\\/\\\/blog.medel.com\\\/de\\\/#\\\/schema\\\/logo\\\/image\\\/\"}},{\"@type\":\"Person\",\"@id\":\"https:\\\/\\\/blog.medel.com\\\/de\\\/#\\\/schema\\\/person\\\/9f8dcfb27ec87796d874e021602c56e2\",\"name\":\"MED-EL\",\"sameAs\":[\"https:\\\/\\\/www.medel.com\"]}]}<\/script>\n<!-- \/ Yoast SEO plugin. -->","yoast_head_json":{"title":"Una historia de superaci\u00f3n - The MED-EL Blog","description":"A Laurita, el hecho de haberse puesto un implante coclear le cambi\u00f3 la vida: \u201cNos hemos dado cuenta que sonidos que a\u00fan nosotros no caemos en cuenta de que est\u00e1n en el ambiente, ella los nota. Entonces a veces escucha incluso mejor que nosotros\u201d, dice su mam\u00e1.","robots":{"index":"index","follow":"follow","max-snippet":"max-snippet:-1","max-image-preview":"max-image-preview:large","max-video-preview":"max-video-preview:-1"},"canonical":"https:\/\/blog.medel.com\/latam\/historias-de-usuarios-latam\/una-historia-de-superacion\/","og_locale":"es_ES","og_type":"article","og_title":"Una historia de superaci\u00f3n - The MED-EL Blog","og_description":"A Laurita, el hecho de haberse puesto un implante coclear le cambi\u00f3 la vida: \u201cNos hemos dado cuenta que sonidos que a\u00fan nosotros no caemos en cuenta de que est\u00e1n en el ambiente, ella los nota. Entonces a veces escucha incluso mejor que nosotros\u201d, dice su mam\u00e1.","og_url":"https:\/\/blog.medel.com\/latam\/historias-de-usuarios-latam\/una-historia-de-superacion\/","og_site_name":"The MED-EL Blog","article_published_time":"2018-07-30T14:37:00+00:00","article_modified_time":"2023-03-13T13:47:15+00:00","og_image":[{"width":893,"height":457,"url":"https:\/\/blog.medel.com\/wp-content\/uploads\/2023\/03\/laurita.jpg","type":"image\/jpeg"}],"author":"MED-EL","twitter_card":"summary_large_image","twitter_misc":{"Written by":"MED-EL","Est. reading time":"1 minute"},"schema":{"@context":"https:\/\/schema.org","@graph":[{"@type":"Article","@id":"https:\/\/blog.medel.com\/latam\/historias-de-usuarios-latam\/una-historia-de-superacion\/#article","isPartOf":{"@id":"https:\/\/blog.medel.com\/latam\/historias-de-usuarios-latam\/una-historia-de-superacion\/"},"author":{"name":"MED-EL","@id":"https:\/\/blog.medel.com\/de\/#\/schema\/person\/9f8dcfb27ec87796d874e021602c56e2"},"headline":"Una historia de superaci\u00f3n","datePublished":"2018-07-30T14:37:00+00:00","dateModified":"2023-03-13T13:47:15+00:00","mainEntityOfPage":{"@id":"https:\/\/blog.medel.com\/latam\/historias-de-usuarios-latam\/una-historia-de-superacion\/"},"wordCount":141,"commentCount":0,"publisher":{"@id":"https:\/\/blog.medel.com\/de\/#organization"},"image":{"@id":"https:\/\/blog.medel.com\/latam\/historias-de-usuarios-latam\/una-historia-de-superacion\/#primaryimage"},"thumbnailUrl":"https:\/\/blog.medel.com\/wp-content\/uploads\/2023\/03\/laurita.jpg","keywords":["Historias de Vida","MED-EL","MED-EL Latinoam\u00e9rica","P\u00e9rdida Auditiva","Soluciones Auditivas"],"articleSection":["HISTORIAS DE USUARIOS"],"inLanguage":"es","potentialAction":[{"@type":"CommentAction","name":"Comment","target":["https:\/\/blog.medel.com\/latam\/historias-de-usuarios-latam\/una-historia-de-superacion\/#respond"]}]},{"@type":"WebPage","@id":"https:\/\/blog.medel.com\/latam\/historias-de-usuarios-latam\/una-historia-de-superacion\/","url":"https:\/\/blog.medel.com\/latam\/historias-de-usuarios-latam\/una-historia-de-superacion\/","name":"Una historia de superaci\u00f3n - The MED-EL Blog","isPartOf":{"@id":"https:\/\/blog.medel.com\/de\/#website"},"primaryImageOfPage":{"@id":"https:\/\/blog.medel.com\/latam\/historias-de-usuarios-latam\/una-historia-de-superacion\/#primaryimage"},"image":{"@id":"https:\/\/blog.medel.com\/latam\/historias-de-usuarios-latam\/una-historia-de-superacion\/#primaryimage"},"thumbnailUrl":"https:\/\/blog.medel.com\/wp-content\/uploads\/2023\/03\/laurita.jpg","datePublished":"2018-07-30T14:37:00+00:00","dateModified":"2023-03-13T13:47:15+00:00","description":"A Laurita, el hecho de haberse puesto un implante coclear le cambi\u00f3 la vida: \u201cNos hemos dado cuenta que sonidos que a\u00fan nosotros no caemos en cuenta de que est\u00e1n en el ambiente, ella los nota. Entonces a veces escucha incluso mejor que nosotros\u201d, dice su mam\u00e1.","breadcrumb":{"@id":"https:\/\/blog.medel.com\/latam\/historias-de-usuarios-latam\/una-historia-de-superacion\/#breadcrumb"},"inLanguage":"es","potentialAction":[{"@type":"ReadAction","target":["https:\/\/blog.medel.com\/latam\/historias-de-usuarios-latam\/una-historia-de-superacion\/"]}]},{"@type":"ImageObject","inLanguage":"es","@id":"https:\/\/blog.medel.com\/latam\/historias-de-usuarios-latam\/una-historia-de-superacion\/#primaryimage","url":"https:\/\/blog.medel.com\/wp-content\/uploads\/2023\/03\/laurita.jpg","contentUrl":"https:\/\/blog.medel.com\/wp-content\/uploads\/2023\/03\/laurita.jpg","width":893,"height":457},{"@type":"BreadcrumbList","@id":"https:\/\/blog.medel.com\/latam\/historias-de-usuarios-latam\/una-historia-de-superacion\/#breadcrumb","itemListElement":[{"@type":"ListItem","position":1,"name":"Home","item":"https:\/\/blog.medel.com\/latam\/"},{"@type":"ListItem","position":2,"name":"Una historia de superaci\u00f3n"}]},{"@type":"WebSite","@id":"https:\/\/blog.medel.com\/de\/#website","url":"https:\/\/blog.medel.com\/de\/","name":"The MED-EL Blog","description":"","publisher":{"@id":"https:\/\/blog.medel.com\/de\/#organization"},"potentialAction":[{"@type":"SearchAction","target":{"@type":"EntryPoint","urlTemplate":"https:\/\/blog.medel.com\/de\/?s={search_term_string}"},"query-input":{"@type":"PropertyValueSpecification","valueRequired":true,"valueName":"search_term_string"}}],"inLanguage":"es"},{"@type":"Organization","@id":"https:\/\/blog.medel.com\/de\/#organization","name":"The MED-EL Blog","url":"https:\/\/blog.medel.com\/de\/","logo":{"@type":"ImageObject","inLanguage":"es","@id":"https:\/\/blog.medel.com\/de\/#\/schema\/logo\/image\/","url":"https:\/\/blog.medel.com\/wp-content\/uploads\/2023\/02\/MED-EL_logo_L2.png","contentUrl":"https:\/\/blog.medel.com\/wp-content\/uploads\/2023\/02\/MED-EL_logo_L2.png","width":443,"height":200,"caption":"The MED-EL Blog"},"image":{"@id":"https:\/\/blog.medel.com\/de\/#\/schema\/logo\/image\/"}},{"@type":"Person","@id":"https:\/\/blog.medel.com\/de\/#\/schema\/person\/9f8dcfb27ec87796d874e021602c56e2","name":"MED-EL","sameAs":["https:\/\/www.medel.com"]}]}},"_links":{"self":[{"href":"https:\/\/blog.medel.com\/latam\/wp-json\/wp\/v2\/posts\/53411","targetHints":{"allow":["GET"]}}],"collection":[{"href":"https:\/\/blog.medel.com\/latam\/wp-json\/wp\/v2\/posts"}],"about":[{"href":"https:\/\/blog.medel.com\/latam\/wp-json\/wp\/v2\/types\/post"}],"author":[{"embeddable":true,"href":"https:\/\/blog.medel.com\/latam\/wp-json\/wp\/v2\/users\/8"}],"replies":[{"embeddable":true,"href":"https:\/\/blog.medel.com\/latam\/wp-json\/wp\/v2\/comments?post=53411"}],"version-history":[{"count":1,"href":"https:\/\/blog.medel.com\/latam\/wp-json\/wp\/v2\/posts\/53411\/revisions"}],"predecessor-version":[{"id":53412,"href":"https:\/\/blog.medel.com\/latam\/wp-json\/wp\/v2\/posts\/53411\/revisions\/53412"}],"wp:featuredmedia":[{"embeddable":true,"href":"https:\/\/blog.medel.com\/latam\/wp-json\/wp\/v2\/media\/69886"}],"wp:attachment":[{"href":"https:\/\/blog.medel.com\/latam\/wp-json\/wp\/v2\/media?parent=53411"}],"wp:term":[{"taxonomy":"category","embeddable":true,"href":"https:\/\/blog.medel.com\/latam\/wp-json\/wp\/v2\/categories?post=53411"},{"taxonomy":"post_tag","embeddable":true,"href":"https:\/\/blog.medel.com\/latam\/wp-json\/wp\/v2\/tags?post=53411"}],"curies":[{"name":"wp","href":"https:\/\/api.w.org\/{rel}","templated":true}]}}