{"id":53363,"date":"2018-01-30T07:40:04","date_gmt":"2018-01-30T07:40:04","guid":{"rendered":"https:\/\/blog.medel.com\/uncategorized-latam\/que-es-la-perdida-de-audicion-neurosensorial\/"},"modified":"2023-03-13T13:46:02","modified_gmt":"2023-03-13T13:46:02","slug":"que-es-la-perdida-de-audicion-neurosensorial","status":"publish","type":"post","link":"https:\/\/blog.medel.com\/latam\/tecnologia-latam\/que-es-la-perdida-de-audicion-neurosensorial\/","title":{"rendered":"\u00bfQu\u00e9 es la p\u00e9rdida auditiva neurosensorial?"},"content":{"rendered":"<p>[vc_row][vc_column][vc_column_text css=&#8221;.vc_custom_1517858361388{margin-bottom: 0px !important;}&#8221;]\u00bfAlguna vez te has preguntado &#8220;Qu\u00e9 es la p\u00e9rdida de audici\u00f3n neurosensorial? Ya sea que te hayan diagnosticado con este tipo de p\u00e9rdida de la audici\u00f3n o que est\u00e9s averiguando si alguien que conoces la tiene, esta publicaci\u00f3n es para ti.<\/p>\n<p>Hay tres tipos principales de p\u00e9rdida de la audici\u00f3n: neurosensorial, conductiva, y mixta, la cual es una combinaci\u00f3n de las dos primeras. En <a href=\"http:\/\/www.medel.com\/esl\/hearing-loss?utm_source=ESL_Blog-Regular&amp;utm_medium=Regular-Blog_Link&amp;utm_campaign=Regular-Blog\">nuestra p\u00e1gina web<\/a>, podr\u00e1s conocer los detalles de estos tipos de p\u00e9rdida de la audici\u00f3n. Vamos a desentramar el proceso que ocurre en tu o\u00eddo cuando tienes una p\u00e9rdida de la audici\u00f3n, algunas de las causas y los tratamientos disponibles.<\/p>\n<p>Antes de comenzar a aprender sobre la hipoacusia neurosensorial, tambi\u00e9n puede ser de ayuda tener un panorama de lo <a href=\"http:\/\/www.medel.com\/esl\/anatomy-of-the-ear?utm_source=ESL_Blog-Regular&amp;utm_medium=Regular-Blog_Link&amp;utm_campaign=Regular-Blog\">que es el sonido<\/a> y de <a href=\"http:\/\/www.medel.com\/esl\/how-hearing-works?utm_source=ESL_Blog-Regular&amp;utm_medium=Regular-Blog_Link&amp;utm_campaign=Regular-Blog\">c\u00f3mo funciona la audici\u00f3n<\/a>.<br \/>\n\u00a1Comencemos!<\/p>\n<h3>\u00bfQu\u00e9 es la p\u00e9rdida auditiva neurosensorial?<\/h3>\n<p>De acuerdo con la <a href=\"http:\/\/www.who.int\/mediacentre\/factsheets\/fs300\/en\/\">Organizaci\u00f3n Mundial de la Salud<\/a>, 360 millones de personas en el mundo tienen una p\u00e9rdida de la audici\u00f3n incapacitante. <a href=\"https:\/\/www.youtube.com\/watch?v=c67Mms9v_5o\">La p\u00e9rdida de audici\u00f3n neurosensorial<\/a> (o SNHL, por su sigla en ingl\u00e9s) es la forma m\u00e1s com\u00fan de hipoacusia. Este tipo de p\u00e9rdida de la audici\u00f3n ocurre en el o\u00eddo interno y generalmente es permanente. El nivel de hipoacusia puede variar desde muy poca audici\u00f3n, por ejemplo, no poder o\u00edr conversaciones normales, hasta sordera completa, no poder o\u00edr la bocina de un auto a menos de un metro. La p\u00e9rdida de la audici\u00f3n puede afectar a una persona negativamente en diferentes formas: en sus relaciones, en el trabajo y en su estilo de vida.<\/p>\n<h3><strong>\u00bfQu\u00e9 es lo que realmente ocurre en el o\u00eddo con la p\u00e9rdida auditiva neurosensorial?<\/strong><\/h3>\n<p>\u201cNeurosensorial\u201d significa que la p\u00e9rdida de la audici\u00f3n est\u00e1 relacionada con las decenas de miles de c\u00e9lulas ciliadas microsc\u00f3picas super-importantes que est\u00e1n ubicadas dentro de la c\u00f3clea. Estas c\u00e9lulas ciliadas producen se\u00f1ales nerviosas el\u00e9ctricas que el cerebro usa para interpretar el sonido.<\/p>\n<p>Si alguien tiene hipoacusia neurosensorial, significa que algunas de estas c\u00e9lulas ciliadas est\u00e1n da\u00f1adas o no est\u00e1n, y solo algunos o ning\u00fan sonido est\u00e1 llegando al cerebro. La magnitud de la p\u00e9rdida de la audici\u00f3n depende de cu\u00e1ntas de estas c\u00e9lulas no est\u00e9n funcionando.<\/p>\n<h3>\u00bfCu\u00e1les son las causas de la p\u00e9rdida auditiva neurosensorial?<\/h3>\n<p>Hay muchas razones para la p\u00e9rdida de audici\u00f3n neurosensorial. La p\u00e9rdida de la audici\u00f3n relacionada con la edad y la sobreexposici\u00f3n al ruido son algunas de las razones m\u00e1s comunes, as\u00ed como las razones hereditarias: algunas personas nacen con hipoacusia. La sobreexposici\u00f3n puede deberse al trabajo durante un per\u00edodo largo en un ambiente ruidoso, o a escuchar m\u00fasica con auriculares con el volumen muy alto.<\/p>\n<p>Tambi\u00e9n puede deberse a una lesi\u00f3n por un ruido breve pero extremadamente potente, como una explosi\u00f3n. Otras causas de p\u00e9rdida de audici\u00f3n neurosensorial pueden ser fumar, una enfermedad o tomar ciertas medicaciones que son otot\u00f3xicas (pueden ser necesarias para una persona pero t\u00f3xicas para el o\u00eddo).<\/p>\n<p>Por eso, siempre es importante estar atento a tu entorno auditivo, y cuidar de tus delicados o\u00eddos, de la misma forma que lo har\u00edas con otras partes del cuerpo. Incluso m\u00e1s. Las c\u00e9lulas ciliadas no pueden &#8220;repararse&#8221; como los huesos rotos, \u00a1el da\u00f1o es permanente e irreversible!<\/p>\n<h3>\u00bfC\u00f3mo se escucha con p\u00e9rdida auditiva?<\/h3>\n<p>La hipoacusia neurosensorial generalmente dificulta o\u00edr sonidos leves, como voces bajas o el crujido de las hojas. Puede hacer que otros sonidos se sientan m\u00e1s leves, amortiguados, poco claros o vagos. Sin embargo, la p\u00e9rdida de audici\u00f3n neurosensorial puede afectar todas las frecuencias de sonido o solo algunas.<\/p>\n<p>Se puede desarrollar lentamente en el tiempo, lo cual puede dificultar la percepci\u00f3n del cambio. La p\u00e9rdida de audici\u00f3n neurosensorial tambi\u00e9n puede ocurrir de manera repentina en un per\u00edodo de tiempo corto, y algunos incluso experimentan sordera de la noche a la ma\u00f1ana.<\/p>\n<h3>S\u00edntomas<\/h3>\n<p>En ocasiones, puede ser dif\u00edcil detectar si t\u00fa o alguien m\u00e1s tiene p\u00e9rdida de audici\u00f3n neurosensorial, sobre todo si es una p\u00e9rdida de audici\u00f3n de frecuencias altas. Esto es cuando no puedes o\u00edr sonidos agudos, como la voz de un ni\u00f1o o una mujer. Es posible darse cuenta si alguien tiene p\u00e9rdida de audici\u00f3n neurosensorial si les cuesta entender conversaciones en entornos ruidosos, como un restaurante muy concurrido.<\/p>\n<p>Tambi\u00e9n puede tener dificultad para o\u00edr en el tel\u00e9fono, o para determinar de qu\u00e9 direcci\u00f3n vienen los sonidos. Adem\u00e1s, algunas personas con p\u00e9rdida de audici\u00f3n neurosensorial tambi\u00e9n experimentan tinnitus, v\u00e9rtigo o mareos.<\/p>\n<p>Incluso si hay una ligera tendencia que indique una p\u00e9rdida de la audici\u00f3n, siempre es mejor que un profesional lo examine. Generalmente es un audi\u00f3logo quien se encarga de realizar el examen auditivo y crear un <a href=\"http:\/\/www.medel.com\/esl\/audiogram?utm_source=ESL_Blog-Regular&amp;utm_medium=Regular-Blog_Link&amp;utm_campaign=Regular-Blog\">audiograma<\/a>, que es un gr\u00e1fico que muestra tu capacidad auditiva. Si tienes una p\u00e9rdida auditiva, el audi\u00f3logo te explicar\u00e1 tus opciones, una de las cuales podr\u00eda ser un implante coclear (IC).<\/p>\n<h3>\u00bfQu\u00e9 puede hacer un Implante Coclear?<\/h3>\n<p>Aunque no hay una cura real para quienes padecen p\u00e9rdida de la audici\u00f3n parcial o sordera profunda, ya que las c\u00e9lulas ciliadas no pueden remplazarse, el uso de dispositivos auditivos como aud\u00edfonos o implantes cocleares puede aumentar el volumen y mejorar la calidad del sonido. En ocasiones, las c\u00e9lulas ciliadas est\u00e1n muy da\u00f1adas o son muy pocas para detectar sonidos con un aud\u00edfono. Aqu\u00ed yace el beneficio del sistema con implantes cocleares.<\/p>\n<p>Un <a href=\"http:\/\/www.medel.com\/esl\/cochlear-implants?utm_source=ESL_Blog-Regular&amp;utm_medium=Regular-Blog_Link&amp;utm_campaign=Regular-Blog\">implante coclear<\/a> puede permitirle al destinatario acceder a una audici\u00f3n mejorada, ya que remplaza el trabajo de las c\u00e9lulas ciliadas da\u00f1adas o faltantes. Una vez que el IC se enciende, el procesador de audio detecta los sonidos cercanos y los convierte en se\u00f1ales el\u00e9ctricas. Entonces, las se\u00f1ales son enviadas al implante coclear, que se coloca quir\u00fargicamente dentro de la cabeza.<\/p>\n<p>El implante coclear tiene una gu\u00eda de electrodos que se inserta en la c\u00f3clea y usa peque\u00f1as se\u00f1ales el\u00e9ctricas para imitar a las c\u00e9lulas ciliadas. Luego, estas se\u00f1ales el\u00e9ctricas viajan por el nervio auditivo para llegar al cerebro. El cerebro interpreta estas se\u00f1ales como sonido: \u00a1esto es o\u00edr con un IC!<br \/>\nPor supuesto, la rehabilitaci\u00f3n es esencial para darle sentido a estos sonidos y o\u00edr mejor con tu nuevo dispositivo.<\/p>\n<h3>D\u00f3nde encontrar m\u00e1s informaci\u00f3n<\/h3>\n<p>Recuerda, es importante que un profesional examine tu audici\u00f3n. Si t\u00fa o un ser querido experimentan p\u00e9rdida de la audici\u00f3n, tu <a href=\"https:\/\/www.medel.com\/esl\/distribuidores\/\">representante local de MED-EL<\/a> puede ayudarte a encontrar una soluci\u00f3n y a ponerte en contacto con un profesional de la audici\u00f3n.<\/p>\n<p>Ingresa a <a href=\"https:\/\/www.volveraescuchar.com\/\">Volver a Escuchar<\/a>, una p\u00e1gina informativa donde encontrar\u00e1s testimonios de usuarios y expertos, adem\u00e1s de informaci\u00f3n general sobre la p\u00e9rdida auditiva y sus soluciones.<\/p>\n<p><iframe loading=\"lazy\" src=\"https:\/\/www.youtube.com\/embed\/c67Mms9v_5o\" width=\"560\" height=\"315\" frameborder=\"0\" allowfullscreen=\"allowfullscreen\"><\/iframe><\/p>\n","protected":false},"excerpt":{"rendered":"<p>[vc_row][vc_column][vc_column_text css=&#8221;.vc_custom_1517858361388{margin-bottom: 0px !important;}&#8221;]\u00bfAlguna vez te has preguntado &#8220;Qu\u00e9 es la p\u00e9rdida de audici\u00f3n neurosensorial? Ya sea que te hayan diagnosticado con este tipo de p\u00e9rdida de la audici\u00f3n o que est\u00e9s averiguando si alguien que conoces la tiene, esta publicaci\u00f3n es para ti. Hay tres tipos principales de p\u00e9rdida de la audici\u00f3n: neurosensorial, conductiva, [&hellip;]<\/p>\n","protected":false},"author":8,"featured_media":69670,"comment_status":"open","ping_status":"open","sticky":false,"template":"","format":"standard","meta":{"footnotes":""},"categories":[3362],"tags":[3373,3443,3404,3383,3470,3368],"class_list":["post-53363","post","type-post","status-publish","format-standard","has-post-thumbnail","hentry","category-tecnologia-latam","tag-hipoacusia-latam","tag-med-el-latam","tag-med-el-latinoamerica-latam","tag-perdida-auditiva-latam","tag-perdida-auditiva-neurosensorial-latam","tag-soluciones-auditivas-latam"],"yoast_head":"<!-- This site is optimized with the Yoast SEO plugin v27.4 - https:\/\/yoast.com\/product\/yoast-seo-wordpress\/ -->\n<title>\u00bfQu\u00e9 es la p\u00e9rdida auditiva neurosensorial? - Blog MED-EL<\/title>\n<meta name=\"description\" content=\"Hay tres tipos principales de p\u00e9rdida de la audici\u00f3n: neurosensorial, conductiva, y mixta, la cual es una combinaci\u00f3n de las dos primeras.\" \/>\n<meta name=\"robots\" content=\"index, follow, max-snippet:-1, max-image-preview:large, max-video-preview:-1\" \/>\n<link rel=\"canonical\" href=\"https:\/\/blog.medel.com\/latam\/tecnologia-latam\/que-es-la-perdida-de-audicion-neurosensorial\/\" \/>\n<meta property=\"og:locale\" content=\"es_ES\" \/>\n<meta property=\"og:type\" content=\"article\" \/>\n<meta property=\"og:title\" content=\"\u00bfQu\u00e9 es la p\u00e9rdida auditiva neurosensorial? - Blog MED-EL\" \/>\n<meta property=\"og:description\" content=\"Hay tres tipos principales de p\u00e9rdida de la audici\u00f3n: neurosensorial, conductiva, y mixta, la cual es una combinaci\u00f3n de las dos primeras.\" \/>\n<meta property=\"og:url\" content=\"https:\/\/blog.medel.com\/latam\/tecnologia-latam\/que-es-la-perdida-de-audicion-neurosensorial\/\" \/>\n<meta property=\"og:site_name\" content=\"The MED-EL Blog\" \/>\n<meta property=\"article:published_time\" content=\"2018-01-30T07:40:04+00:00\" \/>\n<meta property=\"article:modified_time\" content=\"2023-03-13T13:46:02+00:00\" \/>\n<meta property=\"og:image\" content=\"https:\/\/blog.medel.com\/wp-content\/uploads\/2023\/03\/earanatomy_sensorineuralmix-hl.jpg\" \/>\n\t<meta property=\"og:image:width\" content=\"1080\" \/>\n\t<meta property=\"og:image:height\" content=\"867\" \/>\n\t<meta property=\"og:image:type\" content=\"image\/jpeg\" \/>\n<meta name=\"author\" content=\"MED-EL\" \/>\n<meta name=\"twitter:card\" content=\"summary_large_image\" \/>\n<meta name=\"twitter:label1\" content=\"Written by\" \/>\n\t<meta name=\"twitter:data1\" content=\"MED-EL\" \/>\n\t<meta name=\"twitter:label2\" content=\"Est. reading time\" \/>\n\t<meta name=\"twitter:data2\" content=\"6 minutes\" \/>\n<script type=\"application\/ld+json\" class=\"yoast-schema-graph\">{\"@context\":\"https:\\\/\\\/schema.org\",\"@graph\":[{\"@type\":\"Article\",\"@id\":\"https:\\\/\\\/blog.medel.com\\\/latam\\\/tecnologia-latam\\\/que-es-la-perdida-de-audicion-neurosensorial\\\/#article\",\"isPartOf\":{\"@id\":\"https:\\\/\\\/blog.medel.com\\\/latam\\\/tecnologia-latam\\\/que-es-la-perdida-de-audicion-neurosensorial\\\/\"},\"author\":{\"name\":\"MED-EL\",\"@id\":\"https:\\\/\\\/blog.medel.com\\\/nl\\\/#\\\/schema\\\/person\\\/9f8dcfb27ec87796d874e021602c56e2\"},\"headline\":\"\u00bfQu\u00e9 es la p\u00e9rdida auditiva neurosensorial?\",\"datePublished\":\"2018-01-30T07:40:04+00:00\",\"dateModified\":\"2023-03-13T13:46:02+00:00\",\"mainEntityOfPage\":{\"@id\":\"https:\\\/\\\/blog.medel.com\\\/latam\\\/tecnologia-latam\\\/que-es-la-perdida-de-audicion-neurosensorial\\\/\"},\"wordCount\":1249,\"commentCount\":0,\"publisher\":{\"@id\":\"https:\\\/\\\/blog.medel.com\\\/nl\\\/#organization\"},\"image\":{\"@id\":\"https:\\\/\\\/blog.medel.com\\\/latam\\\/tecnologia-latam\\\/que-es-la-perdida-de-audicion-neurosensorial\\\/#primaryimage\"},\"thumbnailUrl\":\"https:\\\/\\\/blog.medel.com\\\/wp-content\\\/uploads\\\/2023\\\/03\\\/earanatomy_sensorineuralmix-hl.jpg\",\"keywords\":[\"Hipoacusia\",\"MED-EL\",\"MED-EL Latinoam\u00e9rica\",\"P\u00e9rdida Auditiva\",\"P\u00e9rdida Auditiva Neurosensorial\",\"Soluciones Auditivas\"],\"articleSection\":[\"TECNOLOG\u00cdA\"],\"inLanguage\":\"es\",\"potentialAction\":[{\"@type\":\"CommentAction\",\"name\":\"Comment\",\"target\":[\"https:\\\/\\\/blog.medel.com\\\/latam\\\/tecnologia-latam\\\/que-es-la-perdida-de-audicion-neurosensorial\\\/#respond\"]}]},{\"@type\":\"WebPage\",\"@id\":\"https:\\\/\\\/blog.medel.com\\\/latam\\\/tecnologia-latam\\\/que-es-la-perdida-de-audicion-neurosensorial\\\/\",\"url\":\"https:\\\/\\\/blog.medel.com\\\/latam\\\/tecnologia-latam\\\/que-es-la-perdida-de-audicion-neurosensorial\\\/\",\"name\":\"\u00bfQu\u00e9 es la p\u00e9rdida auditiva neurosensorial? - Blog MED-EL\",\"isPartOf\":{\"@id\":\"https:\\\/\\\/blog.medel.com\\\/nl\\\/#website\"},\"primaryImageOfPage\":{\"@id\":\"https:\\\/\\\/blog.medel.com\\\/latam\\\/tecnologia-latam\\\/que-es-la-perdida-de-audicion-neurosensorial\\\/#primaryimage\"},\"image\":{\"@id\":\"https:\\\/\\\/blog.medel.com\\\/latam\\\/tecnologia-latam\\\/que-es-la-perdida-de-audicion-neurosensorial\\\/#primaryimage\"},\"thumbnailUrl\":\"https:\\\/\\\/blog.medel.com\\\/wp-content\\\/uploads\\\/2023\\\/03\\\/earanatomy_sensorineuralmix-hl.jpg\",\"datePublished\":\"2018-01-30T07:40:04+00:00\",\"dateModified\":\"2023-03-13T13:46:02+00:00\",\"description\":\"Hay tres tipos principales de p\u00e9rdida de la audici\u00f3n: neurosensorial, conductiva, y mixta, la cual es una combinaci\u00f3n de las dos primeras.\",\"breadcrumb\":{\"@id\":\"https:\\\/\\\/blog.medel.com\\\/latam\\\/tecnologia-latam\\\/que-es-la-perdida-de-audicion-neurosensorial\\\/#breadcrumb\"},\"inLanguage\":\"es\",\"potentialAction\":[{\"@type\":\"ReadAction\",\"target\":[\"https:\\\/\\\/blog.medel.com\\\/latam\\\/tecnologia-latam\\\/que-es-la-perdida-de-audicion-neurosensorial\\\/\"]}]},{\"@type\":\"ImageObject\",\"inLanguage\":\"es\",\"@id\":\"https:\\\/\\\/blog.medel.com\\\/latam\\\/tecnologia-latam\\\/que-es-la-perdida-de-audicion-neurosensorial\\\/#primaryimage\",\"url\":\"https:\\\/\\\/blog.medel.com\\\/wp-content\\\/uploads\\\/2023\\\/03\\\/earanatomy_sensorineuralmix-hl.jpg\",\"contentUrl\":\"https:\\\/\\\/blog.medel.com\\\/wp-content\\\/uploads\\\/2023\\\/03\\\/earanatomy_sensorineuralmix-hl.jpg\",\"width\":1080,\"height\":867},{\"@type\":\"BreadcrumbList\",\"@id\":\"https:\\\/\\\/blog.medel.com\\\/latam\\\/tecnologia-latam\\\/que-es-la-perdida-de-audicion-neurosensorial\\\/#breadcrumb\",\"itemListElement\":[{\"@type\":\"ListItem\",\"position\":1,\"name\":\"Home\",\"item\":\"https:\\\/\\\/blog.medel.com\\\/\"},{\"@type\":\"ListItem\",\"position\":2,\"name\":\"\u00bfQu\u00e9 es la p\u00e9rdida auditiva neurosensorial?\"}]},{\"@type\":\"WebSite\",\"@id\":\"https:\\\/\\\/blog.medel.com\\\/nl\\\/#website\",\"url\":\"https:\\\/\\\/blog.medel.com\\\/nl\\\/\",\"name\":\"The MED-EL Blog\",\"description\":\"\",\"publisher\":{\"@id\":\"https:\\\/\\\/blog.medel.com\\\/nl\\\/#organization\"},\"potentialAction\":[{\"@type\":\"SearchAction\",\"target\":{\"@type\":\"EntryPoint\",\"urlTemplate\":\"https:\\\/\\\/blog.medel.com\\\/nl\\\/?s={search_term_string}\"},\"query-input\":{\"@type\":\"PropertyValueSpecification\",\"valueRequired\":true,\"valueName\":\"search_term_string\"}}],\"inLanguage\":\"es\"},{\"@type\":\"Organization\",\"@id\":\"https:\\\/\\\/blog.medel.com\\\/nl\\\/#organization\",\"name\":\"The MED-EL Blog\",\"url\":\"https:\\\/\\\/blog.medel.com\\\/nl\\\/\",\"logo\":{\"@type\":\"ImageObject\",\"inLanguage\":\"es\",\"@id\":\"https:\\\/\\\/blog.medel.com\\\/nl\\\/#\\\/schema\\\/logo\\\/image\\\/\",\"url\":\"https:\\\/\\\/blog.medel.com\\\/wp-content\\\/uploads\\\/2023\\\/02\\\/MED-EL_logo_L2.png\",\"contentUrl\":\"https:\\\/\\\/blog.medel.com\\\/wp-content\\\/uploads\\\/2023\\\/02\\\/MED-EL_logo_L2.png\",\"width\":443,\"height\":200,\"caption\":\"The MED-EL Blog\"},\"image\":{\"@id\":\"https:\\\/\\\/blog.medel.com\\\/nl\\\/#\\\/schema\\\/logo\\\/image\\\/\"}},{\"@type\":\"Person\",\"@id\":\"https:\\\/\\\/blog.medel.com\\\/nl\\\/#\\\/schema\\\/person\\\/9f8dcfb27ec87796d874e021602c56e2\",\"name\":\"MED-EL\",\"sameAs\":[\"https:\\\/\\\/www.medel.com\"]}]}<\/script>\n<!-- \/ Yoast SEO plugin. -->","yoast_head_json":{"title":"\u00bfQu\u00e9 es la p\u00e9rdida auditiva neurosensorial? - Blog MED-EL","description":"Hay tres tipos principales de p\u00e9rdida de la audici\u00f3n: neurosensorial, conductiva, y mixta, la cual es una combinaci\u00f3n de las dos primeras.","robots":{"index":"index","follow":"follow","max-snippet":"max-snippet:-1","max-image-preview":"max-image-preview:large","max-video-preview":"max-video-preview:-1"},"canonical":"https:\/\/blog.medel.com\/latam\/tecnologia-latam\/que-es-la-perdida-de-audicion-neurosensorial\/","og_locale":"es_ES","og_type":"article","og_title":"\u00bfQu\u00e9 es la p\u00e9rdida auditiva neurosensorial? - Blog MED-EL","og_description":"Hay tres tipos principales de p\u00e9rdida de la audici\u00f3n: neurosensorial, conductiva, y mixta, la cual es una combinaci\u00f3n de las dos primeras.","og_url":"https:\/\/blog.medel.com\/latam\/tecnologia-latam\/que-es-la-perdida-de-audicion-neurosensorial\/","og_site_name":"The MED-EL Blog","article_published_time":"2018-01-30T07:40:04+00:00","article_modified_time":"2023-03-13T13:46:02+00:00","og_image":[{"width":1080,"height":867,"url":"https:\/\/blog.medel.com\/wp-content\/uploads\/2023\/03\/earanatomy_sensorineuralmix-hl.jpg","type":"image\/jpeg"}],"author":"MED-EL","twitter_card":"summary_large_image","twitter_misc":{"Written by":"MED-EL","Est. reading time":"6 minutes"},"schema":{"@context":"https:\/\/schema.org","@graph":[{"@type":"Article","@id":"https:\/\/blog.medel.com\/latam\/tecnologia-latam\/que-es-la-perdida-de-audicion-neurosensorial\/#article","isPartOf":{"@id":"https:\/\/blog.medel.com\/latam\/tecnologia-latam\/que-es-la-perdida-de-audicion-neurosensorial\/"},"author":{"name":"MED-EL","@id":"https:\/\/blog.medel.com\/nl\/#\/schema\/person\/9f8dcfb27ec87796d874e021602c56e2"},"headline":"\u00bfQu\u00e9 es la p\u00e9rdida auditiva neurosensorial?","datePublished":"2018-01-30T07:40:04+00:00","dateModified":"2023-03-13T13:46:02+00:00","mainEntityOfPage":{"@id":"https:\/\/blog.medel.com\/latam\/tecnologia-latam\/que-es-la-perdida-de-audicion-neurosensorial\/"},"wordCount":1249,"commentCount":0,"publisher":{"@id":"https:\/\/blog.medel.com\/nl\/#organization"},"image":{"@id":"https:\/\/blog.medel.com\/latam\/tecnologia-latam\/que-es-la-perdida-de-audicion-neurosensorial\/#primaryimage"},"thumbnailUrl":"https:\/\/blog.medel.com\/wp-content\/uploads\/2023\/03\/earanatomy_sensorineuralmix-hl.jpg","keywords":["Hipoacusia","MED-EL","MED-EL Latinoam\u00e9rica","P\u00e9rdida Auditiva","P\u00e9rdida Auditiva Neurosensorial","Soluciones Auditivas"],"articleSection":["TECNOLOG\u00cdA"],"inLanguage":"es","potentialAction":[{"@type":"CommentAction","name":"Comment","target":["https:\/\/blog.medel.com\/latam\/tecnologia-latam\/que-es-la-perdida-de-audicion-neurosensorial\/#respond"]}]},{"@type":"WebPage","@id":"https:\/\/blog.medel.com\/latam\/tecnologia-latam\/que-es-la-perdida-de-audicion-neurosensorial\/","url":"https:\/\/blog.medel.com\/latam\/tecnologia-latam\/que-es-la-perdida-de-audicion-neurosensorial\/","name":"\u00bfQu\u00e9 es la p\u00e9rdida auditiva neurosensorial? - Blog MED-EL","isPartOf":{"@id":"https:\/\/blog.medel.com\/nl\/#website"},"primaryImageOfPage":{"@id":"https:\/\/blog.medel.com\/latam\/tecnologia-latam\/que-es-la-perdida-de-audicion-neurosensorial\/#primaryimage"},"image":{"@id":"https:\/\/blog.medel.com\/latam\/tecnologia-latam\/que-es-la-perdida-de-audicion-neurosensorial\/#primaryimage"},"thumbnailUrl":"https:\/\/blog.medel.com\/wp-content\/uploads\/2023\/03\/earanatomy_sensorineuralmix-hl.jpg","datePublished":"2018-01-30T07:40:04+00:00","dateModified":"2023-03-13T13:46:02+00:00","description":"Hay tres tipos principales de p\u00e9rdida de la audici\u00f3n: neurosensorial, conductiva, y mixta, la cual es una combinaci\u00f3n de las dos primeras.","breadcrumb":{"@id":"https:\/\/blog.medel.com\/latam\/tecnologia-latam\/que-es-la-perdida-de-audicion-neurosensorial\/#breadcrumb"},"inLanguage":"es","potentialAction":[{"@type":"ReadAction","target":["https:\/\/blog.medel.com\/latam\/tecnologia-latam\/que-es-la-perdida-de-audicion-neurosensorial\/"]}]},{"@type":"ImageObject","inLanguage":"es","@id":"https:\/\/blog.medel.com\/latam\/tecnologia-latam\/que-es-la-perdida-de-audicion-neurosensorial\/#primaryimage","url":"https:\/\/blog.medel.com\/wp-content\/uploads\/2023\/03\/earanatomy_sensorineuralmix-hl.jpg","contentUrl":"https:\/\/blog.medel.com\/wp-content\/uploads\/2023\/03\/earanatomy_sensorineuralmix-hl.jpg","width":1080,"height":867},{"@type":"BreadcrumbList","@id":"https:\/\/blog.medel.com\/latam\/tecnologia-latam\/que-es-la-perdida-de-audicion-neurosensorial\/#breadcrumb","itemListElement":[{"@type":"ListItem","position":1,"name":"Home","item":"https:\/\/blog.medel.com\/"},{"@type":"ListItem","position":2,"name":"\u00bfQu\u00e9 es la p\u00e9rdida auditiva neurosensorial?"}]},{"@type":"WebSite","@id":"https:\/\/blog.medel.com\/nl\/#website","url":"https:\/\/blog.medel.com\/nl\/","name":"The MED-EL Blog","description":"","publisher":{"@id":"https:\/\/blog.medel.com\/nl\/#organization"},"potentialAction":[{"@type":"SearchAction","target":{"@type":"EntryPoint","urlTemplate":"https:\/\/blog.medel.com\/nl\/?s={search_term_string}"},"query-input":{"@type":"PropertyValueSpecification","valueRequired":true,"valueName":"search_term_string"}}],"inLanguage":"es"},{"@type":"Organization","@id":"https:\/\/blog.medel.com\/nl\/#organization","name":"The MED-EL Blog","url":"https:\/\/blog.medel.com\/nl\/","logo":{"@type":"ImageObject","inLanguage":"es","@id":"https:\/\/blog.medel.com\/nl\/#\/schema\/logo\/image\/","url":"https:\/\/blog.medel.com\/wp-content\/uploads\/2023\/02\/MED-EL_logo_L2.png","contentUrl":"https:\/\/blog.medel.com\/wp-content\/uploads\/2023\/02\/MED-EL_logo_L2.png","width":443,"height":200,"caption":"The MED-EL Blog"},"image":{"@id":"https:\/\/blog.medel.com\/nl\/#\/schema\/logo\/image\/"}},{"@type":"Person","@id":"https:\/\/blog.medel.com\/nl\/#\/schema\/person\/9f8dcfb27ec87796d874e021602c56e2","name":"MED-EL","sameAs":["https:\/\/www.medel.com"]}]}},"_links":{"self":[{"href":"https:\/\/blog.medel.com\/latam\/wp-json\/wp\/v2\/posts\/53363","targetHints":{"allow":["GET"]}}],"collection":[{"href":"https:\/\/blog.medel.com\/latam\/wp-json\/wp\/v2\/posts"}],"about":[{"href":"https:\/\/blog.medel.com\/latam\/wp-json\/wp\/v2\/types\/post"}],"author":[{"embeddable":true,"href":"https:\/\/blog.medel.com\/latam\/wp-json\/wp\/v2\/users\/8"}],"replies":[{"embeddable":true,"href":"https:\/\/blog.medel.com\/latam\/wp-json\/wp\/v2\/comments?post=53363"}],"version-history":[{"count":1,"href":"https:\/\/blog.medel.com\/latam\/wp-json\/wp\/v2\/posts\/53363\/revisions"}],"predecessor-version":[{"id":53364,"href":"https:\/\/blog.medel.com\/latam\/wp-json\/wp\/v2\/posts\/53363\/revisions\/53364"}],"wp:featuredmedia":[{"embeddable":true,"href":"https:\/\/blog.medel.com\/latam\/wp-json\/wp\/v2\/media\/69670"}],"wp:attachment":[{"href":"https:\/\/blog.medel.com\/latam\/wp-json\/wp\/v2\/media?parent=53363"}],"wp:term":[{"taxonomy":"category","embeddable":true,"href":"https:\/\/blog.medel.com\/latam\/wp-json\/wp\/v2\/categories?post=53363"},{"taxonomy":"post_tag","embeddable":true,"href":"https:\/\/blog.medel.com\/latam\/wp-json\/wp\/v2\/tags?post=53363"}],"curies":[{"name":"wp","href":"https:\/\/api.w.org\/{rel}","templated":true}]}}