{"id":46955,"date":"2021-12-13T09:51:02","date_gmt":"2021-12-13T09:51:02","guid":{"rendered":"https:\/\/blog.medel.com\/unkategorisiert\/die-volle-schoenheit-klassischer-musik-neuer-hoergenuss-mit-dem-rondo-3\/"},"modified":"2023-07-04T11:16:04","modified_gmt":"2023-07-04T09:16:04","slug":"die-volle-schoenheit-klassischer-musik-neuer-hoergenuss-mit-dem-rondo-3","status":"publish","type":"post","link":"https:\/\/blog.medel.com\/de\/schaufenster-news\/die-volle-schoenheit-klassischer-musik-neuer-hoergenuss-mit-dem-rondo-3\/","title":{"rendered":"&#8222;Die volle Sch\u00f6nheit klassischer Musik&#8220; &#8211; Neuer H\u00f6rgenuss mit dem RONDO 3"},"content":{"rendered":"<p><span style=\"font-size: 14pt;\">Oper, Theater, Konzertbesuche:<\/span><\/p>\n<p><span style=\"font-size: 14pt;\">Purer Kulturgenuss mit den RONDO 3 Audioprozessoren<\/span><\/p>\n<p>Vor mittlerweile sechs Jahren unterzog ich mich im Abstand von f\u00fcnf Monaten zwei Operationen im Alaska Regional Hospital, um mit MED-EL CIs versorgt zu werden.<br \/>\nDaraufhin erhielt ich zuerst rechts und dann links meine ersten RONDO Audioprozessoren. Mit diesen neuen kleinen Freunden eroberte ich mir die Welt des H\u00f6rens Schritt f\u00fcr Schritt zur\u00fcck.\u00a0 Obwohl es wundersch\u00f6n war, wieder gut h\u00f6ren zu k\u00f6nnen, gab es doch Hindernisse auf diesem langen Weg. Aber im Lauf von Monaten und Jahren konnte ich diese \u00fcberwinden.<br \/>\nSo lernte ich zum Beispiel wieder neue Sprachen. Seit der Schule sind Sprachen, insbesondere Deutsch und dessen Dialekte, meine gro\u00dfe Leidenschaft.<\/p>\n<p>Am 11. August 2021 erhielt ich dann die neuen MED-EL RONDO 3 Audioprozessoren, gerade noch rechtzeitig vor der Abreise in die Ferien am 26. August. Ich flog von Anchorage in Alaska \u00fcber Seattle in den USA nach Frankfurt am Main. Auf dieser Reise stellte ich mit Staunen fest, viel besser als fr\u00fcher zu h\u00f6ren. Und nicht nur das H\u00f6ren allgemein wurde sch\u00e4rfer und klarer, vor allem die volle Sch\u00f6nheit klassischer Musik erlebte ich wie einst in meiner Jugend. Auch ganz hohe Stimmen und leises Fl\u00fcstern konnte ich wieder wahrnehmen.<\/p>\n<p>Die <em>\u201eProbe auf\u2019s Exempel\u201c<\/em> erfolgte dann in Berlin, wo ich in den Genuss verschiedener Konzerte kam:<br \/>\nIn der Berliner Philharmonie stand einmal Bruckners vierte Sinfonie mit Solist und Knabenchor auf dem Programm; \u00a0das andere Mal vier St\u00fccke von Strawinsky, gespielt vom franz\u00f6sischen Symphonieorchester \u201eLes Si\u00e8cles\u201c mit dem Rundfunkchor Berlin.<br \/>\nGeigen, Piccolos, Fl\u00f6ten, und Klarinetten h\u00f6rte ich nicht nur gut, sondern sogar sehr gut. In der Staatsoper Unter den Linden besuchte ich meine Lieblingsoper Fidelio von L. v. Beethoven und h\u00f6rte alle Stimmen vom Sopran bis zum Bass gut. Und auch das Theater kam mit der \u201eBlechtrommel\u201c von G\u00fcnther Grass im Berliner Ensemble zu seinem Recht.<\/p>\n<p><img loading=\"lazy\" decoding=\"async\" class=\"alignnone wp-image-37303\" src=\"https:\/\/blog.medel.com\/wp-content\/uploads\/2021\/12\/philharmonie1-1-225x300.jpg\" alt=\"\" width=\"237\" height=\"316\" \/><\/p>\n<p>Nach drei Wochen flog ich schweren Herzens zur\u00fcck nach Alaska, wo ich mich nach 24 Stunden Ruhe mit dem MED-EL AudioLink besch\u00e4ftigte. Auch hier erwarteten mich positive \u00dcberraschungen (siehe weiter unten). Eine Woche sp\u00e4ter schickte ich meiner Audiologin Dr. Jess Voigt von Northern Hearing Services eine e-mail \u00fcber meine Erfahrungen:<br \/>\nIch schrieb ihr, dass ich nun ohne Weiteres mit dem MED-EL AudioLink Programme und Konzerte von Alaska Public Television streamen kann und mir dabei manchmal Tr\u00e4nen in die Augen treten, wenn ich Werke meiner Lieblingskomponisten h\u00f6re. Und dass ich zum ersten Mal seit drei\u00dfig Jahren bei Nachrichten, Dokumentarfilmen und Naturkundeprogrammen keine Untertitel mehr einblende.\u00a0 Sogar beim H\u00f6ren eines russischen Knabenchors auf YouTube nehme ich die engelsgleiche Stimme eines Soprans deutlich wahr.<br \/>\nUnd inzwischen kann ich kaum aufh\u00f6ren, vor dem Bildschirm zu sitzen, zu schauen und zuzuh\u00f6ren. Seit meiner R\u00fcckkehr aus Deutschland komme ich fast immer erst am fr\u00fchen Morgen ins Bett.<\/p>\n<p>Perfekt ist mit den RONDO 3 Audioprozessoren nat\u00fcrlich noch nicht alles: \u00a0Viel Hintergrundl\u00e4rm erschwert manchmal das Verst\u00e4ndnis. Und bei klassischer Musik ist heute wahrscheinlich nicht alles so gut wie vor dem Einsetzen meines H\u00f6rverlustes vor vierzig Jahren, aber darauf kommt es nicht an, denn:<\/p>\n<p><strong>Die Jugend war damals. Heute ist heute.<br \/>\n<\/strong><br \/>\nSo gilt auch 2021, was ich bereits im Jahre 2018 schrieb: Danke, MED-EL! Sie haben mir mein Leben zur\u00fcckgeben.<\/p>\n<p>Liebe Gr\u00fc\u00dfe von Kristian aus Alaska!<\/p>\n","protected":false},"excerpt":{"rendered":"<p>Neues von unserem polyglotten und vielreisenden CI-Nutzer Kristian aus Alaska: mit seinen RONDO 3 Audioprozessoren besucht er Oper, Theater und Konzerte in der dynamischen deutschen Hauptstadt Berlin&#8230;<\/p>\n","protected":false},"author":8,"featured_media":65835,"comment_status":"open","ping_status":"open","sticky":false,"template":"","format":"standard","meta":{"footnotes":""},"categories":[2877],"tags":[2721,2769,3476],"class_list":["post-46955","post","type-post","status-publish","format-standard","has-post-thumbnail","hentry","category-schaufenster-news","tag-cochlea-implantat","tag-musik","tag-rondo-3-de"],"yoast_head":"<!-- This site is optimized with the Yoast SEO plugin v27.4 - https:\/\/yoast.com\/product\/yoast-seo-wordpress\/ -->\n<title>&quot;Die volle Sch\u00f6nheit klassischer Musik&quot; - Neuer H\u00f6rgenuss mit dem RONDO 3 - The MED-EL Blog<\/title>\n<meta name=\"robots\" content=\"index, follow, max-snippet:-1, max-image-preview:large, max-video-preview:-1\" \/>\n<link rel=\"canonical\" href=\"https:\/\/blog.medel.com\/de\/schaufenster-news\/die-volle-schoenheit-klassischer-musik-neuer-hoergenuss-mit-dem-rondo-3\/\" \/>\n<meta property=\"og:locale\" content=\"de_DE\" \/>\n<meta property=\"og:type\" content=\"article\" \/>\n<meta property=\"og:title\" content=\"&quot;Die volle Sch\u00f6nheit klassischer Musik&quot; - Neuer H\u00f6rgenuss mit dem RONDO 3 - The MED-EL Blog\" \/>\n<meta property=\"og:description\" content=\"Neues von unserem polyglotten und vielreisenden CI-Nutzer Kristian aus Alaska: mit seinen RONDO 3 Audioprozessoren besucht er Oper, Theater und Konzerte in der dynamischen deutschen Hauptstadt Berlin...\" \/>\n<meta property=\"og:url\" content=\"https:\/\/blog.medel.com\/de\/schaufenster-news\/die-volle-schoenheit-klassischer-musik-neuer-hoergenuss-mit-dem-rondo-3\/\" \/>\n<meta property=\"og:site_name\" content=\"The MED-EL Blog\" \/>\n<meta property=\"article:published_time\" content=\"2021-12-13T09:51:02+00:00\" \/>\n<meta property=\"article:modified_time\" content=\"2023-07-04T09:16:04+00:00\" \/>\n<meta property=\"og:image\" content=\"https:\/\/blog.medel.com\/wp-content\/uploads\/2023\/03\/philharmonielandingpage-scaled-1.jpg\" \/>\n\t<meta property=\"og:image:width\" content=\"2560\" \/>\n\t<meta property=\"og:image:height\" content=\"1920\" \/>\n\t<meta property=\"og:image:type\" content=\"image\/jpeg\" \/>\n<meta name=\"author\" content=\"MED-EL\" \/>\n<meta name=\"twitter:card\" content=\"summary_large_image\" \/>\n<meta name=\"twitter:label1\" content=\"Verfasst von\" \/>\n\t<meta name=\"twitter:data1\" content=\"MED-EL\" \/>\n\t<meta name=\"twitter:label2\" content=\"Gesch\u00e4tzte Lesezeit\" \/>\n\t<meta name=\"twitter:data2\" content=\"3 Minuten\" \/>\n<script type=\"application\/ld+json\" class=\"yoast-schema-graph\">{\"@context\":\"https:\\\/\\\/schema.org\",\"@graph\":[{\"@type\":\"Article\",\"@id\":\"https:\\\/\\\/blog.medel.com\\\/de\\\/schaufenster-news\\\/die-volle-schoenheit-klassischer-musik-neuer-hoergenuss-mit-dem-rondo-3\\\/#article\",\"isPartOf\":{\"@id\":\"https:\\\/\\\/blog.medel.com\\\/de\\\/schaufenster-news\\\/die-volle-schoenheit-klassischer-musik-neuer-hoergenuss-mit-dem-rondo-3\\\/\"},\"author\":{\"name\":\"MED-EL\",\"@id\":\"https:\\\/\\\/blog.medel.com\\\/nl\\\/#\\\/schema\\\/person\\\/9f8dcfb27ec87796d874e021602c56e2\"},\"headline\":\"&#8222;Die volle Sch\u00f6nheit klassischer Musik&#8220; &#8211; Neuer H\u00f6rgenuss mit dem RONDO 3\",\"datePublished\":\"2021-12-13T09:51:02+00:00\",\"dateModified\":\"2023-07-04T09:16:04+00:00\",\"mainEntityOfPage\":{\"@id\":\"https:\\\/\\\/blog.medel.com\\\/de\\\/schaufenster-news\\\/die-volle-schoenheit-klassischer-musik-neuer-hoergenuss-mit-dem-rondo-3\\\/\"},\"wordCount\":576,\"commentCount\":0,\"publisher\":{\"@id\":\"https:\\\/\\\/blog.medel.com\\\/nl\\\/#organization\"},\"image\":{\"@id\":\"https:\\\/\\\/blog.medel.com\\\/de\\\/schaufenster-news\\\/die-volle-schoenheit-klassischer-musik-neuer-hoergenuss-mit-dem-rondo-3\\\/#primaryimage\"},\"thumbnailUrl\":\"https:\\\/\\\/blog.medel.com\\\/wp-content\\\/uploads\\\/2023\\\/03\\\/philharmonielandingpage-scaled-1.jpg\",\"keywords\":[\"Cochlea-Implantat\",\"Musik\",\"RONDO 3\"],\"articleSection\":[\"Schaufenster\"],\"inLanguage\":\"de-DE\",\"potentialAction\":[{\"@type\":\"CommentAction\",\"name\":\"Comment\",\"target\":[\"https:\\\/\\\/blog.medel.com\\\/de\\\/schaufenster-news\\\/die-volle-schoenheit-klassischer-musik-neuer-hoergenuss-mit-dem-rondo-3\\\/#respond\"]}]},{\"@type\":\"WebPage\",\"@id\":\"https:\\\/\\\/blog.medel.com\\\/de\\\/schaufenster-news\\\/die-volle-schoenheit-klassischer-musik-neuer-hoergenuss-mit-dem-rondo-3\\\/\",\"url\":\"https:\\\/\\\/blog.medel.com\\\/de\\\/schaufenster-news\\\/die-volle-schoenheit-klassischer-musik-neuer-hoergenuss-mit-dem-rondo-3\\\/\",\"name\":\"\\\"Die volle Sch\u00f6nheit klassischer Musik\\\" - Neuer H\u00f6rgenuss mit dem RONDO 3 - The MED-EL Blog\",\"isPartOf\":{\"@id\":\"https:\\\/\\\/blog.medel.com\\\/nl\\\/#website\"},\"primaryImageOfPage\":{\"@id\":\"https:\\\/\\\/blog.medel.com\\\/de\\\/schaufenster-news\\\/die-volle-schoenheit-klassischer-musik-neuer-hoergenuss-mit-dem-rondo-3\\\/#primaryimage\"},\"image\":{\"@id\":\"https:\\\/\\\/blog.medel.com\\\/de\\\/schaufenster-news\\\/die-volle-schoenheit-klassischer-musik-neuer-hoergenuss-mit-dem-rondo-3\\\/#primaryimage\"},\"thumbnailUrl\":\"https:\\\/\\\/blog.medel.com\\\/wp-content\\\/uploads\\\/2023\\\/03\\\/philharmonielandingpage-scaled-1.jpg\",\"datePublished\":\"2021-12-13T09:51:02+00:00\",\"dateModified\":\"2023-07-04T09:16:04+00:00\",\"breadcrumb\":{\"@id\":\"https:\\\/\\\/blog.medel.com\\\/de\\\/schaufenster-news\\\/die-volle-schoenheit-klassischer-musik-neuer-hoergenuss-mit-dem-rondo-3\\\/#breadcrumb\"},\"inLanguage\":\"de-DE\",\"potentialAction\":[{\"@type\":\"ReadAction\",\"target\":[\"https:\\\/\\\/blog.medel.com\\\/de\\\/schaufenster-news\\\/die-volle-schoenheit-klassischer-musik-neuer-hoergenuss-mit-dem-rondo-3\\\/\"]}]},{\"@type\":\"ImageObject\",\"inLanguage\":\"de-DE\",\"@id\":\"https:\\\/\\\/blog.medel.com\\\/de\\\/schaufenster-news\\\/die-volle-schoenheit-klassischer-musik-neuer-hoergenuss-mit-dem-rondo-3\\\/#primaryimage\",\"url\":\"https:\\\/\\\/blog.medel.com\\\/wp-content\\\/uploads\\\/2023\\\/03\\\/philharmonielandingpage-scaled-1.jpg\",\"contentUrl\":\"https:\\\/\\\/blog.medel.com\\\/wp-content\\\/uploads\\\/2023\\\/03\\\/philharmonielandingpage-scaled-1.jpg\",\"width\":2560,\"height\":1920},{\"@type\":\"BreadcrumbList\",\"@id\":\"https:\\\/\\\/blog.medel.com\\\/de\\\/schaufenster-news\\\/die-volle-schoenheit-klassischer-musik-neuer-hoergenuss-mit-dem-rondo-3\\\/#breadcrumb\",\"itemListElement\":[{\"@type\":\"ListItem\",\"position\":1,\"name\":\"Home\",\"item\":\"https:\\\/\\\/blog.medel.com\\\/de\\\/\"},{\"@type\":\"ListItem\",\"position\":2,\"name\":\"&#8222;Die volle Sch\u00f6nheit klassischer Musik&#8220; &#8211; Neuer H\u00f6rgenuss mit dem RONDO 3\"}]},{\"@type\":\"WebSite\",\"@id\":\"https:\\\/\\\/blog.medel.com\\\/nl\\\/#website\",\"url\":\"https:\\\/\\\/blog.medel.com\\\/nl\\\/\",\"name\":\"The MED-EL Blog\",\"description\":\"\",\"publisher\":{\"@id\":\"https:\\\/\\\/blog.medel.com\\\/nl\\\/#organization\"},\"potentialAction\":[{\"@type\":\"SearchAction\",\"target\":{\"@type\":\"EntryPoint\",\"urlTemplate\":\"https:\\\/\\\/blog.medel.com\\\/nl\\\/?s={search_term_string}\"},\"query-input\":{\"@type\":\"PropertyValueSpecification\",\"valueRequired\":true,\"valueName\":\"search_term_string\"}}],\"inLanguage\":\"de-DE\"},{\"@type\":\"Organization\",\"@id\":\"https:\\\/\\\/blog.medel.com\\\/nl\\\/#organization\",\"name\":\"The MED-EL Blog\",\"url\":\"https:\\\/\\\/blog.medel.com\\\/nl\\\/\",\"logo\":{\"@type\":\"ImageObject\",\"inLanguage\":\"de-DE\",\"@id\":\"https:\\\/\\\/blog.medel.com\\\/nl\\\/#\\\/schema\\\/logo\\\/image\\\/\",\"url\":\"https:\\\/\\\/blog.medel.com\\\/wp-content\\\/uploads\\\/2023\\\/02\\\/MED-EL_logo_L2.png\",\"contentUrl\":\"https:\\\/\\\/blog.medel.com\\\/wp-content\\\/uploads\\\/2023\\\/02\\\/MED-EL_logo_L2.png\",\"width\":443,\"height\":200,\"caption\":\"The MED-EL Blog\"},\"image\":{\"@id\":\"https:\\\/\\\/blog.medel.com\\\/nl\\\/#\\\/schema\\\/logo\\\/image\\\/\"}},{\"@type\":\"Person\",\"@id\":\"https:\\\/\\\/blog.medel.com\\\/nl\\\/#\\\/schema\\\/person\\\/9f8dcfb27ec87796d874e021602c56e2\",\"name\":\"MED-EL\",\"sameAs\":[\"https:\\\/\\\/www.medel.com\"]}]}<\/script>\n<!-- \/ Yoast SEO plugin. -->","yoast_head_json":{"title":"\"Die volle Sch\u00f6nheit klassischer Musik\" - Neuer H\u00f6rgenuss mit dem RONDO 3 - The MED-EL Blog","robots":{"index":"index","follow":"follow","max-snippet":"max-snippet:-1","max-image-preview":"max-image-preview:large","max-video-preview":"max-video-preview:-1"},"canonical":"https:\/\/blog.medel.com\/de\/schaufenster-news\/die-volle-schoenheit-klassischer-musik-neuer-hoergenuss-mit-dem-rondo-3\/","og_locale":"de_DE","og_type":"article","og_title":"\"Die volle Sch\u00f6nheit klassischer Musik\" - Neuer H\u00f6rgenuss mit dem RONDO 3 - The MED-EL Blog","og_description":"Neues von unserem polyglotten und vielreisenden CI-Nutzer Kristian aus Alaska: mit seinen RONDO 3 Audioprozessoren besucht er Oper, Theater und Konzerte in der dynamischen deutschen Hauptstadt Berlin...","og_url":"https:\/\/blog.medel.com\/de\/schaufenster-news\/die-volle-schoenheit-klassischer-musik-neuer-hoergenuss-mit-dem-rondo-3\/","og_site_name":"The MED-EL Blog","article_published_time":"2021-12-13T09:51:02+00:00","article_modified_time":"2023-07-04T09:16:04+00:00","og_image":[{"width":2560,"height":1920,"url":"https:\/\/blog.medel.com\/wp-content\/uploads\/2023\/03\/philharmonielandingpage-scaled-1.jpg","type":"image\/jpeg"}],"author":"MED-EL","twitter_card":"summary_large_image","twitter_misc":{"Verfasst von":"MED-EL","Gesch\u00e4tzte Lesezeit":"3 Minuten"},"schema":{"@context":"https:\/\/schema.org","@graph":[{"@type":"Article","@id":"https:\/\/blog.medel.com\/de\/schaufenster-news\/die-volle-schoenheit-klassischer-musik-neuer-hoergenuss-mit-dem-rondo-3\/#article","isPartOf":{"@id":"https:\/\/blog.medel.com\/de\/schaufenster-news\/die-volle-schoenheit-klassischer-musik-neuer-hoergenuss-mit-dem-rondo-3\/"},"author":{"name":"MED-EL","@id":"https:\/\/blog.medel.com\/nl\/#\/schema\/person\/9f8dcfb27ec87796d874e021602c56e2"},"headline":"&#8222;Die volle Sch\u00f6nheit klassischer Musik&#8220; &#8211; Neuer H\u00f6rgenuss mit dem RONDO 3","datePublished":"2021-12-13T09:51:02+00:00","dateModified":"2023-07-04T09:16:04+00:00","mainEntityOfPage":{"@id":"https:\/\/blog.medel.com\/de\/schaufenster-news\/die-volle-schoenheit-klassischer-musik-neuer-hoergenuss-mit-dem-rondo-3\/"},"wordCount":576,"commentCount":0,"publisher":{"@id":"https:\/\/blog.medel.com\/nl\/#organization"},"image":{"@id":"https:\/\/blog.medel.com\/de\/schaufenster-news\/die-volle-schoenheit-klassischer-musik-neuer-hoergenuss-mit-dem-rondo-3\/#primaryimage"},"thumbnailUrl":"https:\/\/blog.medel.com\/wp-content\/uploads\/2023\/03\/philharmonielandingpage-scaled-1.jpg","keywords":["Cochlea-Implantat","Musik","RONDO 3"],"articleSection":["Schaufenster"],"inLanguage":"de-DE","potentialAction":[{"@type":"CommentAction","name":"Comment","target":["https:\/\/blog.medel.com\/de\/schaufenster-news\/die-volle-schoenheit-klassischer-musik-neuer-hoergenuss-mit-dem-rondo-3\/#respond"]}]},{"@type":"WebPage","@id":"https:\/\/blog.medel.com\/de\/schaufenster-news\/die-volle-schoenheit-klassischer-musik-neuer-hoergenuss-mit-dem-rondo-3\/","url":"https:\/\/blog.medel.com\/de\/schaufenster-news\/die-volle-schoenheit-klassischer-musik-neuer-hoergenuss-mit-dem-rondo-3\/","name":"\"Die volle Sch\u00f6nheit klassischer Musik\" - Neuer H\u00f6rgenuss mit dem RONDO 3 - The MED-EL Blog","isPartOf":{"@id":"https:\/\/blog.medel.com\/nl\/#website"},"primaryImageOfPage":{"@id":"https:\/\/blog.medel.com\/de\/schaufenster-news\/die-volle-schoenheit-klassischer-musik-neuer-hoergenuss-mit-dem-rondo-3\/#primaryimage"},"image":{"@id":"https:\/\/blog.medel.com\/de\/schaufenster-news\/die-volle-schoenheit-klassischer-musik-neuer-hoergenuss-mit-dem-rondo-3\/#primaryimage"},"thumbnailUrl":"https:\/\/blog.medel.com\/wp-content\/uploads\/2023\/03\/philharmonielandingpage-scaled-1.jpg","datePublished":"2021-12-13T09:51:02+00:00","dateModified":"2023-07-04T09:16:04+00:00","breadcrumb":{"@id":"https:\/\/blog.medel.com\/de\/schaufenster-news\/die-volle-schoenheit-klassischer-musik-neuer-hoergenuss-mit-dem-rondo-3\/#breadcrumb"},"inLanguage":"de-DE","potentialAction":[{"@type":"ReadAction","target":["https:\/\/blog.medel.com\/de\/schaufenster-news\/die-volle-schoenheit-klassischer-musik-neuer-hoergenuss-mit-dem-rondo-3\/"]}]},{"@type":"ImageObject","inLanguage":"de-DE","@id":"https:\/\/blog.medel.com\/de\/schaufenster-news\/die-volle-schoenheit-klassischer-musik-neuer-hoergenuss-mit-dem-rondo-3\/#primaryimage","url":"https:\/\/blog.medel.com\/wp-content\/uploads\/2023\/03\/philharmonielandingpage-scaled-1.jpg","contentUrl":"https:\/\/blog.medel.com\/wp-content\/uploads\/2023\/03\/philharmonielandingpage-scaled-1.jpg","width":2560,"height":1920},{"@type":"BreadcrumbList","@id":"https:\/\/blog.medel.com\/de\/schaufenster-news\/die-volle-schoenheit-klassischer-musik-neuer-hoergenuss-mit-dem-rondo-3\/#breadcrumb","itemListElement":[{"@type":"ListItem","position":1,"name":"Home","item":"https:\/\/blog.medel.com\/de\/"},{"@type":"ListItem","position":2,"name":"&#8222;Die volle Sch\u00f6nheit klassischer Musik&#8220; &#8211; Neuer H\u00f6rgenuss mit dem RONDO 3"}]},{"@type":"WebSite","@id":"https:\/\/blog.medel.com\/nl\/#website","url":"https:\/\/blog.medel.com\/nl\/","name":"The MED-EL Blog","description":"","publisher":{"@id":"https:\/\/blog.medel.com\/nl\/#organization"},"potentialAction":[{"@type":"SearchAction","target":{"@type":"EntryPoint","urlTemplate":"https:\/\/blog.medel.com\/nl\/?s={search_term_string}"},"query-input":{"@type":"PropertyValueSpecification","valueRequired":true,"valueName":"search_term_string"}}],"inLanguage":"de-DE"},{"@type":"Organization","@id":"https:\/\/blog.medel.com\/nl\/#organization","name":"The MED-EL Blog","url":"https:\/\/blog.medel.com\/nl\/","logo":{"@type":"ImageObject","inLanguage":"de-DE","@id":"https:\/\/blog.medel.com\/nl\/#\/schema\/logo\/image\/","url":"https:\/\/blog.medel.com\/wp-content\/uploads\/2023\/02\/MED-EL_logo_L2.png","contentUrl":"https:\/\/blog.medel.com\/wp-content\/uploads\/2023\/02\/MED-EL_logo_L2.png","width":443,"height":200,"caption":"The MED-EL Blog"},"image":{"@id":"https:\/\/blog.medel.com\/nl\/#\/schema\/logo\/image\/"}},{"@type":"Person","@id":"https:\/\/blog.medel.com\/nl\/#\/schema\/person\/9f8dcfb27ec87796d874e021602c56e2","name":"MED-EL","sameAs":["https:\/\/www.medel.com"]}]}},"_links":{"self":[{"href":"https:\/\/blog.medel.com\/de\/wp-json\/wp\/v2\/posts\/46955","targetHints":{"allow":["GET"]}}],"collection":[{"href":"https:\/\/blog.medel.com\/de\/wp-json\/wp\/v2\/posts"}],"about":[{"href":"https:\/\/blog.medel.com\/de\/wp-json\/wp\/v2\/types\/post"}],"author":[{"embeddable":true,"href":"https:\/\/blog.medel.com\/de\/wp-json\/wp\/v2\/users\/8"}],"replies":[{"embeddable":true,"href":"https:\/\/blog.medel.com\/de\/wp-json\/wp\/v2\/comments?post=46955"}],"version-history":[{"count":3,"href":"https:\/\/blog.medel.com\/de\/wp-json\/wp\/v2\/posts\/46955\/revisions"}],"predecessor-version":[{"id":75507,"href":"https:\/\/blog.medel.com\/de\/wp-json\/wp\/v2\/posts\/46955\/revisions\/75507"}],"wp:featuredmedia":[{"embeddable":true,"href":"https:\/\/blog.medel.com\/de\/wp-json\/wp\/v2\/media\/65835"}],"wp:attachment":[{"href":"https:\/\/blog.medel.com\/de\/wp-json\/wp\/v2\/media?parent=46955"}],"wp:term":[{"taxonomy":"category","embeddable":true,"href":"https:\/\/blog.medel.com\/de\/wp-json\/wp\/v2\/categories?post=46955"},{"taxonomy":"post_tag","embeddable":true,"href":"https:\/\/blog.medel.com\/de\/wp-json\/wp\/v2\/tags?post=46955"}],"curies":[{"name":"wp","href":"https:\/\/api.w.org\/{rel}","templated":true}]}}