{"id":46937,"date":"2021-04-21T06:32:03","date_gmt":"2021-04-21T06:32:03","guid":{"rendered":"https:\/\/blog.medel.com\/unkategorisiert\/aller-guten-dinge-sind-drei-mein-weg-zurueck-ins-hoeren-vom-rondo-1-zum-rondo-3\/"},"modified":"2023-07-04T11:12:06","modified_gmt":"2023-07-04T09:12:06","slug":"aller-guten-dinge-sind-drei-mein-weg-zurueck-ins-hoeren-vom-rondo-1-zum-rondo-3","status":"publish","type":"post","link":"https:\/\/blog.medel.com\/de\/schaufenster-news\/aller-guten-dinge-sind-drei-mein-weg-zurueck-ins-hoeren-vom-rondo-1-zum-rondo-3\/","title":{"rendered":"Aller guten Dinge sind drei &#8211; mein Weg zur\u00fcck ins H\u00f6ren vom Rondo 1 zum Rondo 3"},"content":{"rendered":"<p><span style=\"font-size: 14pt;\"><strong>Aller guten Dinge sind drei \u2013 <\/strong><\/span><\/p>\n<p><span style=\"font-size: 14pt;\"><strong>Mein Weg zur\u00fcck ins H\u00f6ren vom Rondo 1 zum Rondo 3<\/strong><\/span><\/p>\n<p>Mein Vater war schwerh\u00f6rig. Als Kind habe ich ihn immer beneidet, denn, wollte er etwas nicht h\u00f6ren, schaltete er einfach seine H\u00f6rger\u00e4te aus. Das wollte ich auch, zum Beispiel, wenn meine Mutter mich geschimpft hat.<\/p>\n<p>Jetzt habe ich diesen zweifelhaften \u201eLuxus\u201c: nach einem kompletten H\u00f6rverlust 2017 und einem halben Jahr Geh\u00f6rlosigkeit kann ich meine Audioprozessoren einfach abnehmen, wenn ich Ruhe brauche. Ich h\u00e4tte mir niemals vorstellen k\u00f6nnen, dass so etwas passieren kann, aber es ist passiert. Wie kam es dazu?<\/p>\n<p><img loading=\"lazy\" decoding=\"async\" class=\"alignnone size-medium wp-image-33197\" src=\"https:\/\/blog.medel.com\/wp-content\/uploads\/2021\/04\/2010-gitarre-chin.-lied-1-300x226.jpg\" alt=\"\" width=\"300\" height=\"226\" \/><\/p>\n<p><span style=\"font-size: 10pt;\">An der Gitarre \u2013 noch vor meinem H\u00f6rverlust<\/span><\/p>\n<p>&nbsp;<\/p>\n<p><strong>Von der Erstdiagnose bis zum kompletten H\u00f6rverlust<\/strong><\/p>\n<p>Im Jahr 2012 erhielt ich die Diagnose <em>Mantelzell-Lymphom<\/em> im Endstadium, f\u00fchrte jedoch noch bis 2015 ein relativ normales Leben ohne Chemotherapie.<\/p>\n<p>Ende 2015 eskalierte dann meine gesundheitliche Situation: nach unz\u00e4hligen Chemotherapien war meine letzte Rettung eine Stammzellentransplantation Ende 2016.<\/p>\n<p>Mitte 2017 begann eine Mittelohreiterung, die zu viel f\u00fcr mein Immunsystem war: \u00a0Nach einem Monat ambulanter HNO-Betreuung erhielt ich in der Klinik Antibiotika und Cortison, was aber nichts half. Man riet mir zu einer OP, aber mein Immunsystem war noch zu schwach daf\u00fcr. Die Eiterung wurde immer st\u00e4rker, Knochenleitungs-H\u00f6rger\u00e4te halfen immer weniger, mein Kiefer verschob sich immer mehr &#8211; der Eiter griff auch den Knochen an &#8211; und Ende Oktober 2017 konnte nur noch eine Not \u2013 OP mein Leben retten.<\/p>\n<p>Mein Geh\u00f6r und mein Gleichgewichtsorgan konnten jedoch nicht mehr gerettet werden, und so verbrachte ich die n\u00e4chsten Monate im Krankenhaus und sp\u00e4ter zuhause komplett taub.<br \/>\nIch kommunizierte mithilfe von Schreibbl\u00f6cken und sp\u00e4ter mit einer Smartphone-App, die Gesprochenes in Schrift \u00fcbertr\u00e4gt.<\/p>\n<p>Allerdings bestand die Hoffnung, dass meine H\u00f6rschnecken noch nicht angegriffen waren, und so implantierte man mir zun\u00e4chst rechts, einige Wochen sp\u00e4ter dann auch links sog. Dummy \u2013 Elektroden, damit sie nicht verkn\u00f6chern. Und mein Gehirn lernt seitdem langsam, den Verlust des Gleichgewichtsorgans auszugleichen.<\/p>\n<p><img loading=\"lazy\" decoding=\"async\" class=\"alignnone wp-image-33205\" src=\"https:\/\/blog.medel.com\/wp-content\/uploads\/2021\/04\/dummy-elektrode--192x300.jpg\" alt=\"\" width=\"200\" height=\"313\" \/><\/p>\n<p><span style=\"font-size: 10pt;\">Mit Dummy-Elektroden<\/span><\/p>\n<p>&nbsp;<\/p>\n<p><strong>Der RONDO 1 \u2013 <\/strong><\/p>\n<p><strong>Das erste Wunder des neuen H\u00f6rens oder <em>\u201ewarum Amseln einen manchmal auf den Holzweg f\u00fchren\u201c<\/em><\/strong><\/p>\n<p>Im M\u00e4rz 2018 wurde mein erstes CI rechts implantiert. Die gute Nachricht war, dass die H\u00f6rschnecke noch voll intakt war! Einen Monat sp\u00e4ter war alles gut verheilt und mein Arzt entschied spontan, dass ich meinen ersten Prozessor schon jetzt bekommen sollte. Er rief bei MED-EL an und bereits zwei Stunden sp\u00e4ter hielt ich meinen ersten Rondo 1 in H\u00e4nden!<\/p>\n<p>Es war wie ein Wunder: ich konnte die Stimme meines Mannes wieder h\u00f6ren, so wie ich sie in Erinnerung hatte. Auch mein Arzt konnte kaum glauben, dass ich mich schon wieder ganz normal mit ihm unterhalten konnte!<br \/>\nAls mein Mann und ich anschlie\u00dfend zur Feier des Tages Essen gingen, wollte ich unbedingt wissen, ob dieses <em>\u201eSich unterhalten k\u00f6nnen<\/em>\u201c auch au\u00dferhalb der Klinik funktioniert. Absichtlich setzten wir uns zu einer fremden Dame, und ich traute mich, sie anzusprechen. Ein unglaublicher Moment: eine erste Unterhaltung ohne Block, Stift oder Handy!<\/p>\n<p>Bei den Umweltger\u00e4uschen jedoch spielte mein Gehirn anfangs verr\u00fcckt: Ich meinte, st\u00e4ndig eine Stimme zu h\u00f6ren, die <em>\u201eH\u00f6rst Du mich\u201c<\/em> fragte. Und ich konnte nicht definieren, woher bzw. von wem diese Stimme kam. Ich fing an aufzuschreiben, wann ich sie besonders stark h\u00f6rte und machte auch die MED EL Techniker verr\u00fcckt damit, da ich einfach nicht glauben wollte, dass mir mein Gehirn einen Streich spielt. Am Ende stellte sich heraus, dass es der Gesang einer Amsel war, der die Techniker und mich fast in den Wahnsinn getrieben h\u00e4tte. Seitdem sind Amseln meine \u201eH\u00f6rst Du mich\u201c \u2013 V\u00f6gel!<\/p>\n<p>Also: nicht durcheinanderbringen lassen \u2013 man muss Geduld haben mit neuen H\u00f6reindr\u00fccken!<\/p>\n<p><img loading=\"lazy\" decoding=\"async\" class=\"alignnone size-medium wp-image-33213\" src=\"https:\/\/blog.medel.com\/wp-content\/uploads\/2021\/04\/faehre-4-300x200.jpg\" alt=\"\" width=\"300\" height=\"200\" \/><\/p>\n<p><span style=\"font-size: 10pt;\">Auf der F\u00e4hre\u2026 noch mit meinem Rondo 1<\/span><\/p>\n<p>&nbsp;<\/p>\n<p><strong>Der RONDO 2 &#8211; endlich Stereo h\u00f6ren<\/strong><\/p>\n<p>Im Juni 2018 folgte die zweite Implantation auf der linken Seite. Um Anfang September bei einer Hochzeit noch besser h\u00f6ren zu k\u00f6nnen, bekam ich einige Tage davor meine neuen \u201eOhren\u201c, ein Paar funkelnagelneue Rondo 2 Prozessoren.<\/p>\n<p>Damit konnte ich tats\u00e4chlich \u201eStereo h\u00f6ren\u201c \u2013 ein enormer Schritt in die richtige Richtung!<\/p>\n<p>Rechts h\u00f6rte ich mindestens genauso gut wie vorher mit dem Rondo 1, die H\u00f6reindr\u00fccke auf der linken, schw\u00e4cheren Seite waren noch anders &#8211; alles klang sehr leise, auch bei lauter Einstellung, und es klang eher wie eine Computerstimme<em>.<\/em> Nat\u00fcrlich hatte ich die Hoffnung, dass es mit der Zeit und viel \u00dcbung lauter und nat\u00fcrlicher werden w\u00fcrde. Dem war aber nicht so. Ein sp\u00e4ter durchgef\u00fchrtes MRT zeigte schlie\u00dflich, dass etwas am H\u00f6rnerv nicht stimmt und sich deshalb wohl keine Verbesserung mehr einstellen, ich also auf der linken Seite nicht mehr lauter und nat\u00fcrlicher h\u00f6ren w\u00fcrde. Trotzdem h\u00e4tte mir ohne dieses \u201eStereo-Ohr\u201c etwas am Gesamth\u00f6reindruck gefehlt. Stereo ist eben doch etwas Anderes als Mono.<br \/>\nUnd wieder h\u00f6ren zu k\u00f6nnen \u2013 ein Geschenk!<\/p>\n<p>&nbsp;<\/p>\n<p><strong>Musik, Sprache, Fernsehen \u2013 erste akustische Erfahrungen mit meinen \u201eRONDO 2 Ohren\u201c<\/strong><\/p>\n<p>Nat\u00fcrlich ist das H\u00f6ren mit CI anders, weniger filigran und \u201esubtil\u201c als mit nat\u00fcrlichem Geh\u00f6r.<br \/>\nMusik war immer ein wichtiger Teil meines Lebens, ich h\u00f6rte vor meiner Ertaubung leidenschaftlich gern Musik und musizierte auch selbst, spielte Gitarre und Querfl\u00f6te. All dies ging nat\u00fcrlich auch mit meinen Rondo 2 Prozessoren, auch wenn es f\u00fcr mich \u201eschr\u00e4g\u201c klang.<br \/>\nZwischenzeitlich begann ich sogar, mir anhand von YouTube Videos das Klavierspielen beizubringen, sozusagen als H\u00f6rtraining. Aber ich h\u00f6rte keine Fehler, weil die T\u00f6ne nicht die von fr\u00fcher gewohnten Abst\u00e4nde zueinander hatten. Mit der Querfl\u00f6te und der Gitarre war es \u00e4hnlich &#8211; man musste sich darauf verlassen, dass die Griffe auf dem Instrument richtig sitzen.<\/p>\n<p>Sprache jedoch k\u00f6nnen die Rondo 2 Prozessoren sehr gut abbilden.<br \/>\nMittlerweile hatte ich mich an den konstanten Hintergrundhall gew\u00f6hnt \u2013 vor allem bei meiner eigenen Stimme. Das Gehirn konnte das meistens ausblenden. Wenn ich m\u00fcde wurde, gelang es allerdings weniger gut, vieles h\u00f6rte sich \u201everwaschen\u201c und undeutlich an und ich musste oft nachfragen.<\/p>\n<p>Die individuelle Einstellung der Audioprozessoren ist sehr wichtig: Die Frequenzen sind so eingestellt, dass man das Meiste gut versteht und es auch einigerma\u00dfen nat\u00fcrlich klingt. Tiefere Stimmen waren leichter als h\u00f6here Stimmen. \u00a0Bei starken Nebenger\u00e4uschen oder in hohen gro\u00dfen R\u00e4umen wurde es mit den Rondo 2 Prozessoren schon schwieriger. Eine Espressomaschine oder ein Wasserkocher im Einsatz erschwerten eine Unterhaltung gewaltig. Im Supermarkt oder in unserem hohen Altbau-Treppenhaus stie\u00df ich an meine Grenzen.<\/p>\n<p>Sobald Menschen durcheinanderredeten, ging kaum mehr etwas, mehr als drei Personen auf einmal waren eine echte Herausforderung.<\/p>\n<p>Fernsehen funktionierte mit Untertiteln recht gut \u2013 ohne Untertitel verstand ich ca. 50% der Dialoge. Und mit auf h\u00f6chste Lautst\u00e4rke eingestelltem Telefonlautsprecher bew\u00e4ltigte ich auch kurze Telefonate mit fremden Personen.<\/p>\n<p>&nbsp;<\/p>\n<p><strong>Der RONDO 3 im Test \u2013 weitere erstaunliche H\u00f6rfortschritte!<\/strong><\/p>\n<p>Die n\u00e4chste Stufe auf meiner <em>\u201eR\u00fcckkehr ins h\u00f6rende Leben\u201c<\/em> waren dann die RONDO 3 Prozessoren, die ich testen durfte. Mit ihnen wurde so manches leichter bzw. sogar erstmals m\u00f6glich:<\/p>\n<p>Ich konnte wieder entspannt telefonieren, und das auch l\u00e4nger und in einer hervorragenden Sprachqualit\u00e4t. Gerade in Corona-Zeiten ist das Telefon ein sehr wichtiges Kommunikationsmittel, um mit Familie und Freunden Kontakt zu halten.<br \/>\nIch konnte wieder fernsehen und mich gleichzeitig mit meinem Mann unterhalten, ohne den Fernsehton vorher auszuschalten. Und ich musste nicht mehr st\u00e4ndig auf die Untertitel schauen, um einer Sendung folgen zu k\u00f6nnen. Auch meine Stereoanlage konnte ich wieder nutzen und meine alten Musical-CDs h\u00f6ren; mein Lieblingslied klang schon beim ersten Anlauf so, wie ich es in Erinnerung hatte.<br \/>\nDiese Musik, f\u00fcr die ich sogar eine B\u00fchnenausbildung in London absolviert hatte, wurde pl\u00f6tzlich wieder ein Teil meiner Welt!<\/p>\n<p>Auch das aktive Musizieren \u2013 zumindest am Klavier und an der Gitarre \u2013 h\u00f6rte sich besser an. Ich hatte den Eindruck, dass die Tonabst\u00e4nde eher so sind, wie sie sein sollten.<\/p>\n<p>Mit dem OMNI Programm, welches durch die zwei Hochleistungsmikrophone pro Prozessor ein \u201eRundumh\u00f6ren\u201c erm\u00f6glicht, f\u00fchlte ich mich au\u00dferhalb meiner vier W\u00e4nde wieder viel sicherer.<\/p>\n<p>Die automatische Rausch- und St\u00f6rschallunterdr\u00fcckung erleichterte die Kommunikation im Supermarkt, im Treppenhaus konnte ich mich wieder mit den Nachbarn unterhalten, im Auto mit meinem Mann reden, etc., etc., &#8211; der Rondo 3 ist eine gro\u00dfartige Weiterentwicklung und der nat\u00fcrliche Klang l\u00e4sst manchmal fast vergessen, dass man eigentlich geh\u00f6rlos ist.<\/p>\n<p>Fazit: Es ist einfach toll, was der Rondo 3 alles kann!<\/p>\n<p><img loading=\"lazy\" decoding=\"async\" class=\"alignnone wp-image-33221\" src=\"https:\/\/blog.medel.com\/wp-content\/uploads\/2021\/04\/mai-2019-bergisel-1-225x300.jpg\" alt=\"\" width=\"239\" height=\"319\" \/><\/p>\n<p><span style=\"font-size: 10pt;\">Mitten im Leben: am Bergisel in Innsbruck<\/span><\/p>\n<p>&nbsp;<\/p>\n<p><strong>Christiana Stifter<\/strong><\/p>\n<p>&nbsp;<\/p>\n<p>&nbsp;<\/p>\n","protected":false},"excerpt":{"rendered":"<p>Aller guten Dinge sind drei &#8211; begleiten Sie unsere Nutzerin Christiana Stifter auf ihrer erlebnisreichen &#8222;H\u00f6rreise&#8220; vom Rondo 1 zum Rondo 3&#8230;<\/p>\n","protected":false},"author":8,"featured_media":65682,"comment_status":"open","ping_status":"open","sticky":false,"template":"","format":"standard","meta":{"footnotes":""},"categories":[2877],"tags":[2776,2721,2722,3476],"class_list":["post-46937","post","type-post","status-publish","format-standard","has-post-thumbnail","hentry","category-schaufenster-news","tag-audioprozessor","tag-cochlea-implantat","tag-horverlust","tag-rondo-3-de"],"yoast_head":"<!-- This site is optimized with the Yoast SEO plugin v27.4 - https:\/\/yoast.com\/product\/yoast-seo-wordpress\/ -->\n<title>Aller guten Dinge sind drei - mein Weg zur\u00fcck ins H\u00f6ren vom Rondo 1 zum Rondo 3 - The MED-EL Blog<\/title>\n<meta name=\"robots\" content=\"index, follow, max-snippet:-1, max-image-preview:large, max-video-preview:-1\" \/>\n<link rel=\"canonical\" href=\"https:\/\/blog.medel.com\/de\/schaufenster-news\/aller-guten-dinge-sind-drei-mein-weg-zurueck-ins-hoeren-vom-rondo-1-zum-rondo-3\/\" \/>\n<meta property=\"og:locale\" content=\"de_DE\" \/>\n<meta property=\"og:type\" content=\"article\" \/>\n<meta property=\"og:title\" content=\"Aller guten Dinge sind drei - mein Weg zur\u00fcck ins H\u00f6ren vom Rondo 1 zum Rondo 3 - The MED-EL Blog\" \/>\n<meta property=\"og:description\" content=\"Aller guten Dinge sind drei - begleiten Sie unsere Nutzerin Christiana Stifter auf ihrer erlebnisreichen &quot;H\u00f6rreise&quot; vom Rondo 1 zum Rondo 3...\" \/>\n<meta property=\"og:url\" content=\"https:\/\/blog.medel.com\/de\/schaufenster-news\/aller-guten-dinge-sind-drei-mein-weg-zurueck-ins-hoeren-vom-rondo-1-zum-rondo-3\/\" \/>\n<meta property=\"og:site_name\" content=\"The MED-EL Blog\" \/>\n<meta property=\"article:published_time\" content=\"2021-04-21T06:32:03+00:00\" \/>\n<meta property=\"article:modified_time\" content=\"2023-07-04T09:12:06+00:00\" \/>\n<meta property=\"og:image\" content=\"https:\/\/blog.medel.com\/wp-content\/uploads\/2023\/03\/startseite-sonnen-kaeppi.jpg\" \/>\n\t<meta property=\"og:image:width\" content=\"800\" \/>\n\t<meta property=\"og:image:height\" content=\"400\" \/>\n\t<meta property=\"og:image:type\" content=\"image\/jpeg\" \/>\n<meta name=\"author\" content=\"MED-EL\" \/>\n<meta name=\"twitter:card\" content=\"summary_large_image\" \/>\n<meta name=\"twitter:label1\" content=\"Verfasst von\" \/>\n\t<meta name=\"twitter:data1\" content=\"MED-EL\" \/>\n\t<meta name=\"twitter:label2\" content=\"Gesch\u00e4tzte Lesezeit\" \/>\n\t<meta name=\"twitter:data2\" content=\"7 Minuten\" \/>\n<script type=\"application\/ld+json\" class=\"yoast-schema-graph\">{\"@context\":\"https:\\\/\\\/schema.org\",\"@graph\":[{\"@type\":\"Article\",\"@id\":\"https:\\\/\\\/blog.medel.com\\\/de\\\/schaufenster-news\\\/aller-guten-dinge-sind-drei-mein-weg-zurueck-ins-hoeren-vom-rondo-1-zum-rondo-3\\\/#article\",\"isPartOf\":{\"@id\":\"https:\\\/\\\/blog.medel.com\\\/de\\\/schaufenster-news\\\/aller-guten-dinge-sind-drei-mein-weg-zurueck-ins-hoeren-vom-rondo-1-zum-rondo-3\\\/\"},\"author\":{\"name\":\"MED-EL\",\"@id\":\"https:\\\/\\\/blog.medel.com\\\/nl\\\/#\\\/schema\\\/person\\\/9f8dcfb27ec87796d874e021602c56e2\"},\"headline\":\"Aller guten Dinge sind drei &#8211; mein Weg zur\u00fcck ins H\u00f6ren vom Rondo 1 zum Rondo 3\",\"datePublished\":\"2021-04-21T06:32:03+00:00\",\"dateModified\":\"2023-07-04T09:12:06+00:00\",\"mainEntityOfPage\":{\"@id\":\"https:\\\/\\\/blog.medel.com\\\/de\\\/schaufenster-news\\\/aller-guten-dinge-sind-drei-mein-weg-zurueck-ins-hoeren-vom-rondo-1-zum-rondo-3\\\/\"},\"wordCount\":1456,\"commentCount\":0,\"publisher\":{\"@id\":\"https:\\\/\\\/blog.medel.com\\\/nl\\\/#organization\"},\"image\":{\"@id\":\"https:\\\/\\\/blog.medel.com\\\/de\\\/schaufenster-news\\\/aller-guten-dinge-sind-drei-mein-weg-zurueck-ins-hoeren-vom-rondo-1-zum-rondo-3\\\/#primaryimage\"},\"thumbnailUrl\":\"https:\\\/\\\/blog.medel.com\\\/wp-content\\\/uploads\\\/2023\\\/03\\\/startseite-sonnen-kaeppi.jpg\",\"keywords\":[\"Audioprozessor\",\"Cochlea-Implantat\",\"H\u00f6rverlust\",\"RONDO 3\"],\"articleSection\":[\"Schaufenster\"],\"inLanguage\":\"de-DE\",\"potentialAction\":[{\"@type\":\"CommentAction\",\"name\":\"Comment\",\"target\":[\"https:\\\/\\\/blog.medel.com\\\/de\\\/schaufenster-news\\\/aller-guten-dinge-sind-drei-mein-weg-zurueck-ins-hoeren-vom-rondo-1-zum-rondo-3\\\/#respond\"]}]},{\"@type\":\"WebPage\",\"@id\":\"https:\\\/\\\/blog.medel.com\\\/de\\\/schaufenster-news\\\/aller-guten-dinge-sind-drei-mein-weg-zurueck-ins-hoeren-vom-rondo-1-zum-rondo-3\\\/\",\"url\":\"https:\\\/\\\/blog.medel.com\\\/de\\\/schaufenster-news\\\/aller-guten-dinge-sind-drei-mein-weg-zurueck-ins-hoeren-vom-rondo-1-zum-rondo-3\\\/\",\"name\":\"Aller guten Dinge sind drei - mein Weg zur\u00fcck ins H\u00f6ren vom Rondo 1 zum Rondo 3 - The MED-EL Blog\",\"isPartOf\":{\"@id\":\"https:\\\/\\\/blog.medel.com\\\/nl\\\/#website\"},\"primaryImageOfPage\":{\"@id\":\"https:\\\/\\\/blog.medel.com\\\/de\\\/schaufenster-news\\\/aller-guten-dinge-sind-drei-mein-weg-zurueck-ins-hoeren-vom-rondo-1-zum-rondo-3\\\/#primaryimage\"},\"image\":{\"@id\":\"https:\\\/\\\/blog.medel.com\\\/de\\\/schaufenster-news\\\/aller-guten-dinge-sind-drei-mein-weg-zurueck-ins-hoeren-vom-rondo-1-zum-rondo-3\\\/#primaryimage\"},\"thumbnailUrl\":\"https:\\\/\\\/blog.medel.com\\\/wp-content\\\/uploads\\\/2023\\\/03\\\/startseite-sonnen-kaeppi.jpg\",\"datePublished\":\"2021-04-21T06:32:03+00:00\",\"dateModified\":\"2023-07-04T09:12:06+00:00\",\"breadcrumb\":{\"@id\":\"https:\\\/\\\/blog.medel.com\\\/de\\\/schaufenster-news\\\/aller-guten-dinge-sind-drei-mein-weg-zurueck-ins-hoeren-vom-rondo-1-zum-rondo-3\\\/#breadcrumb\"},\"inLanguage\":\"de-DE\",\"potentialAction\":[{\"@type\":\"ReadAction\",\"target\":[\"https:\\\/\\\/blog.medel.com\\\/de\\\/schaufenster-news\\\/aller-guten-dinge-sind-drei-mein-weg-zurueck-ins-hoeren-vom-rondo-1-zum-rondo-3\\\/\"]}]},{\"@type\":\"ImageObject\",\"inLanguage\":\"de-DE\",\"@id\":\"https:\\\/\\\/blog.medel.com\\\/de\\\/schaufenster-news\\\/aller-guten-dinge-sind-drei-mein-weg-zurueck-ins-hoeren-vom-rondo-1-zum-rondo-3\\\/#primaryimage\",\"url\":\"https:\\\/\\\/blog.medel.com\\\/wp-content\\\/uploads\\\/2023\\\/03\\\/startseite-sonnen-kaeppi.jpg\",\"contentUrl\":\"https:\\\/\\\/blog.medel.com\\\/wp-content\\\/uploads\\\/2023\\\/03\\\/startseite-sonnen-kaeppi.jpg\",\"width\":800,\"height\":400},{\"@type\":\"BreadcrumbList\",\"@id\":\"https:\\\/\\\/blog.medel.com\\\/de\\\/schaufenster-news\\\/aller-guten-dinge-sind-drei-mein-weg-zurueck-ins-hoeren-vom-rondo-1-zum-rondo-3\\\/#breadcrumb\",\"itemListElement\":[{\"@type\":\"ListItem\",\"position\":1,\"name\":\"Home\",\"item\":\"https:\\\/\\\/blog.medel.com\\\/de\\\/\"},{\"@type\":\"ListItem\",\"position\":2,\"name\":\"Aller guten Dinge sind drei &#8211; mein Weg zur\u00fcck ins H\u00f6ren vom Rondo 1 zum Rondo 3\"}]},{\"@type\":\"WebSite\",\"@id\":\"https:\\\/\\\/blog.medel.com\\\/nl\\\/#website\",\"url\":\"https:\\\/\\\/blog.medel.com\\\/nl\\\/\",\"name\":\"The MED-EL Blog\",\"description\":\"\",\"publisher\":{\"@id\":\"https:\\\/\\\/blog.medel.com\\\/nl\\\/#organization\"},\"potentialAction\":[{\"@type\":\"SearchAction\",\"target\":{\"@type\":\"EntryPoint\",\"urlTemplate\":\"https:\\\/\\\/blog.medel.com\\\/nl\\\/?s={search_term_string}\"},\"query-input\":{\"@type\":\"PropertyValueSpecification\",\"valueRequired\":true,\"valueName\":\"search_term_string\"}}],\"inLanguage\":\"de-DE\"},{\"@type\":\"Organization\",\"@id\":\"https:\\\/\\\/blog.medel.com\\\/nl\\\/#organization\",\"name\":\"The MED-EL Blog\",\"url\":\"https:\\\/\\\/blog.medel.com\\\/nl\\\/\",\"logo\":{\"@type\":\"ImageObject\",\"inLanguage\":\"de-DE\",\"@id\":\"https:\\\/\\\/blog.medel.com\\\/nl\\\/#\\\/schema\\\/logo\\\/image\\\/\",\"url\":\"https:\\\/\\\/blog.medel.com\\\/wp-content\\\/uploads\\\/2023\\\/02\\\/MED-EL_logo_L2.png\",\"contentUrl\":\"https:\\\/\\\/blog.medel.com\\\/wp-content\\\/uploads\\\/2023\\\/02\\\/MED-EL_logo_L2.png\",\"width\":443,\"height\":200,\"caption\":\"The MED-EL Blog\"},\"image\":{\"@id\":\"https:\\\/\\\/blog.medel.com\\\/nl\\\/#\\\/schema\\\/logo\\\/image\\\/\"}},{\"@type\":\"Person\",\"@id\":\"https:\\\/\\\/blog.medel.com\\\/nl\\\/#\\\/schema\\\/person\\\/9f8dcfb27ec87796d874e021602c56e2\",\"name\":\"MED-EL\",\"sameAs\":[\"https:\\\/\\\/www.medel.com\"]}]}<\/script>\n<!-- \/ Yoast SEO plugin. -->","yoast_head_json":{"title":"Aller guten Dinge sind drei - mein Weg zur\u00fcck ins H\u00f6ren vom Rondo 1 zum Rondo 3 - The MED-EL Blog","robots":{"index":"index","follow":"follow","max-snippet":"max-snippet:-1","max-image-preview":"max-image-preview:large","max-video-preview":"max-video-preview:-1"},"canonical":"https:\/\/blog.medel.com\/de\/schaufenster-news\/aller-guten-dinge-sind-drei-mein-weg-zurueck-ins-hoeren-vom-rondo-1-zum-rondo-3\/","og_locale":"de_DE","og_type":"article","og_title":"Aller guten Dinge sind drei - mein Weg zur\u00fcck ins H\u00f6ren vom Rondo 1 zum Rondo 3 - The MED-EL Blog","og_description":"Aller guten Dinge sind drei - begleiten Sie unsere Nutzerin Christiana Stifter auf ihrer erlebnisreichen \"H\u00f6rreise\" vom Rondo 1 zum Rondo 3...","og_url":"https:\/\/blog.medel.com\/de\/schaufenster-news\/aller-guten-dinge-sind-drei-mein-weg-zurueck-ins-hoeren-vom-rondo-1-zum-rondo-3\/","og_site_name":"The MED-EL Blog","article_published_time":"2021-04-21T06:32:03+00:00","article_modified_time":"2023-07-04T09:12:06+00:00","og_image":[{"width":800,"height":400,"url":"https:\/\/blog.medel.com\/wp-content\/uploads\/2023\/03\/startseite-sonnen-kaeppi.jpg","type":"image\/jpeg"}],"author":"MED-EL","twitter_card":"summary_large_image","twitter_misc":{"Verfasst von":"MED-EL","Gesch\u00e4tzte Lesezeit":"7 Minuten"},"schema":{"@context":"https:\/\/schema.org","@graph":[{"@type":"Article","@id":"https:\/\/blog.medel.com\/de\/schaufenster-news\/aller-guten-dinge-sind-drei-mein-weg-zurueck-ins-hoeren-vom-rondo-1-zum-rondo-3\/#article","isPartOf":{"@id":"https:\/\/blog.medel.com\/de\/schaufenster-news\/aller-guten-dinge-sind-drei-mein-weg-zurueck-ins-hoeren-vom-rondo-1-zum-rondo-3\/"},"author":{"name":"MED-EL","@id":"https:\/\/blog.medel.com\/nl\/#\/schema\/person\/9f8dcfb27ec87796d874e021602c56e2"},"headline":"Aller guten Dinge sind drei &#8211; mein Weg zur\u00fcck ins H\u00f6ren vom Rondo 1 zum Rondo 3","datePublished":"2021-04-21T06:32:03+00:00","dateModified":"2023-07-04T09:12:06+00:00","mainEntityOfPage":{"@id":"https:\/\/blog.medel.com\/de\/schaufenster-news\/aller-guten-dinge-sind-drei-mein-weg-zurueck-ins-hoeren-vom-rondo-1-zum-rondo-3\/"},"wordCount":1456,"commentCount":0,"publisher":{"@id":"https:\/\/blog.medel.com\/nl\/#organization"},"image":{"@id":"https:\/\/blog.medel.com\/de\/schaufenster-news\/aller-guten-dinge-sind-drei-mein-weg-zurueck-ins-hoeren-vom-rondo-1-zum-rondo-3\/#primaryimage"},"thumbnailUrl":"https:\/\/blog.medel.com\/wp-content\/uploads\/2023\/03\/startseite-sonnen-kaeppi.jpg","keywords":["Audioprozessor","Cochlea-Implantat","H\u00f6rverlust","RONDO 3"],"articleSection":["Schaufenster"],"inLanguage":"de-DE","potentialAction":[{"@type":"CommentAction","name":"Comment","target":["https:\/\/blog.medel.com\/de\/schaufenster-news\/aller-guten-dinge-sind-drei-mein-weg-zurueck-ins-hoeren-vom-rondo-1-zum-rondo-3\/#respond"]}]},{"@type":"WebPage","@id":"https:\/\/blog.medel.com\/de\/schaufenster-news\/aller-guten-dinge-sind-drei-mein-weg-zurueck-ins-hoeren-vom-rondo-1-zum-rondo-3\/","url":"https:\/\/blog.medel.com\/de\/schaufenster-news\/aller-guten-dinge-sind-drei-mein-weg-zurueck-ins-hoeren-vom-rondo-1-zum-rondo-3\/","name":"Aller guten Dinge sind drei - mein Weg zur\u00fcck ins H\u00f6ren vom Rondo 1 zum Rondo 3 - The MED-EL Blog","isPartOf":{"@id":"https:\/\/blog.medel.com\/nl\/#website"},"primaryImageOfPage":{"@id":"https:\/\/blog.medel.com\/de\/schaufenster-news\/aller-guten-dinge-sind-drei-mein-weg-zurueck-ins-hoeren-vom-rondo-1-zum-rondo-3\/#primaryimage"},"image":{"@id":"https:\/\/blog.medel.com\/de\/schaufenster-news\/aller-guten-dinge-sind-drei-mein-weg-zurueck-ins-hoeren-vom-rondo-1-zum-rondo-3\/#primaryimage"},"thumbnailUrl":"https:\/\/blog.medel.com\/wp-content\/uploads\/2023\/03\/startseite-sonnen-kaeppi.jpg","datePublished":"2021-04-21T06:32:03+00:00","dateModified":"2023-07-04T09:12:06+00:00","breadcrumb":{"@id":"https:\/\/blog.medel.com\/de\/schaufenster-news\/aller-guten-dinge-sind-drei-mein-weg-zurueck-ins-hoeren-vom-rondo-1-zum-rondo-3\/#breadcrumb"},"inLanguage":"de-DE","potentialAction":[{"@type":"ReadAction","target":["https:\/\/blog.medel.com\/de\/schaufenster-news\/aller-guten-dinge-sind-drei-mein-weg-zurueck-ins-hoeren-vom-rondo-1-zum-rondo-3\/"]}]},{"@type":"ImageObject","inLanguage":"de-DE","@id":"https:\/\/blog.medel.com\/de\/schaufenster-news\/aller-guten-dinge-sind-drei-mein-weg-zurueck-ins-hoeren-vom-rondo-1-zum-rondo-3\/#primaryimage","url":"https:\/\/blog.medel.com\/wp-content\/uploads\/2023\/03\/startseite-sonnen-kaeppi.jpg","contentUrl":"https:\/\/blog.medel.com\/wp-content\/uploads\/2023\/03\/startseite-sonnen-kaeppi.jpg","width":800,"height":400},{"@type":"BreadcrumbList","@id":"https:\/\/blog.medel.com\/de\/schaufenster-news\/aller-guten-dinge-sind-drei-mein-weg-zurueck-ins-hoeren-vom-rondo-1-zum-rondo-3\/#breadcrumb","itemListElement":[{"@type":"ListItem","position":1,"name":"Home","item":"https:\/\/blog.medel.com\/de\/"},{"@type":"ListItem","position":2,"name":"Aller guten Dinge sind drei &#8211; mein Weg zur\u00fcck ins H\u00f6ren vom Rondo 1 zum Rondo 3"}]},{"@type":"WebSite","@id":"https:\/\/blog.medel.com\/nl\/#website","url":"https:\/\/blog.medel.com\/nl\/","name":"The MED-EL Blog","description":"","publisher":{"@id":"https:\/\/blog.medel.com\/nl\/#organization"},"potentialAction":[{"@type":"SearchAction","target":{"@type":"EntryPoint","urlTemplate":"https:\/\/blog.medel.com\/nl\/?s={search_term_string}"},"query-input":{"@type":"PropertyValueSpecification","valueRequired":true,"valueName":"search_term_string"}}],"inLanguage":"de-DE"},{"@type":"Organization","@id":"https:\/\/blog.medel.com\/nl\/#organization","name":"The MED-EL Blog","url":"https:\/\/blog.medel.com\/nl\/","logo":{"@type":"ImageObject","inLanguage":"de-DE","@id":"https:\/\/blog.medel.com\/nl\/#\/schema\/logo\/image\/","url":"https:\/\/blog.medel.com\/wp-content\/uploads\/2023\/02\/MED-EL_logo_L2.png","contentUrl":"https:\/\/blog.medel.com\/wp-content\/uploads\/2023\/02\/MED-EL_logo_L2.png","width":443,"height":200,"caption":"The MED-EL Blog"},"image":{"@id":"https:\/\/blog.medel.com\/nl\/#\/schema\/logo\/image\/"}},{"@type":"Person","@id":"https:\/\/blog.medel.com\/nl\/#\/schema\/person\/9f8dcfb27ec87796d874e021602c56e2","name":"MED-EL","sameAs":["https:\/\/www.medel.com"]}]}},"_links":{"self":[{"href":"https:\/\/blog.medel.com\/de\/wp-json\/wp\/v2\/posts\/46937","targetHints":{"allow":["GET"]}}],"collection":[{"href":"https:\/\/blog.medel.com\/de\/wp-json\/wp\/v2\/posts"}],"about":[{"href":"https:\/\/blog.medel.com\/de\/wp-json\/wp\/v2\/types\/post"}],"author":[{"embeddable":true,"href":"https:\/\/blog.medel.com\/de\/wp-json\/wp\/v2\/users\/8"}],"replies":[{"embeddable":true,"href":"https:\/\/blog.medel.com\/de\/wp-json\/wp\/v2\/comments?post=46937"}],"version-history":[{"count":3,"href":"https:\/\/blog.medel.com\/de\/wp-json\/wp\/v2\/posts\/46937\/revisions"}],"predecessor-version":[{"id":75490,"href":"https:\/\/blog.medel.com\/de\/wp-json\/wp\/v2\/posts\/46937\/revisions\/75490"}],"wp:featuredmedia":[{"embeddable":true,"href":"https:\/\/blog.medel.com\/de\/wp-json\/wp\/v2\/media\/65682"}],"wp:attachment":[{"href":"https:\/\/blog.medel.com\/de\/wp-json\/wp\/v2\/media?parent=46937"}],"wp:term":[{"taxonomy":"category","embeddable":true,"href":"https:\/\/blog.medel.com\/de\/wp-json\/wp\/v2\/categories?post=46937"},{"taxonomy":"post_tag","embeddable":true,"href":"https:\/\/blog.medel.com\/de\/wp-json\/wp\/v2\/tags?post=46937"}],"curies":[{"name":"wp","href":"https:\/\/api.w.org\/{rel}","templated":true}]}}