{"id":46922,"date":"2020-10-07T07:48:02","date_gmt":"2020-10-07T07:48:02","guid":{"rendered":"https:\/\/blog.medel.com\/unkategorisiert\/rondo-3-der-neueste-med-el-cochlea-implantat-audioprozessor\/"},"modified":"2024-02-13T17:47:23","modified_gmt":"2024-02-13T15:47:23","slug":"rondo-3-der-neueste-med-el-cochlea-implantat-audioprozessor","status":"publish","type":"post","link":"https:\/\/blog.medel.com\/de\/technologie\/rondo-3-der-neueste-med-el-cochlea-implantat-audioprozessor\/","title":{"rendered":"RONDO 3, der neueste MED-EL Cochlea-Implantat-Audioprozessor"},"content":{"rendered":"<p>[vc_row][vc_column][vc_column_text css=&#8220;.vc_custom_1600764197012{margin-bottom: 0px !important;}&#8220;]D\u00fcrfen wir vorstellen: RONDO 3, unser neuester Audioprozessor f\u00fcr MED-EL Cochlea-Implantate.[\/vc_column_text][\/vc_column][\/vc_row][vc_row css=&#8220;.vc_custom_1602741573089{padding-top: 10px !important;}&#8220;][vc_column][vc_video link=&#8220;https:\/\/www.youtube.com\/watch?v=zJ1ChJ39G4g&amp;feature=youtu.be&#8220;][\/vc_column][\/vc_row][vc_row css=&#8220;.vc_custom_1602741595926{padding-top: 10px !important;}&#8220;][vc_column][vc_column_text css=&#8220;.vc_custom_1600764233817{margin-bottom: 0px !important;}&#8220;]Au\u00dfen ein schlankes Design, innen gro\u00dfartige H\u00f6rtechnologie: Der RONDO 3 erm\u00f6glicht Ihnen in jeder H\u00f6rsituation Ihr bestes H\u00f6ren. Warum Sie RONDO 3 lieben werden? Finden Sie es jetzt heraus![\/vc_column_text][\/vc_column][\/vc_row][vc_row css=&#8220;.vc_custom_1600773050198{padding-top: 20px !important;}&#8220;][vc_column][vc_column_text css=&#8220;.vc_custom_1600764257384{margin-bottom: 0px !important;}&#8220;]<\/p>\n<h3><strong>Herausragende H\u00f6rqualit\u00e4t in jeder Umgebung\u00a0 <\/strong><\/h3>\n<p>[\/vc_column_text][\/vc_column][\/vc_row][vc_row][vc_column][vc_column_text css=&#8220;.vc_custom_1600929540275{margin-bottom: 0px !important;}&#8220;]Besonders einfach, einfach besonders: RONDO 3 erm\u00f6glicht Ihnen Ihr bestes H\u00f6ren &#8211; wo auch immer Sie sind und ohne Einstellungen anpassen zu m\u00fcssen. Dank <a href=\"https:\/\/www.medel.com\/de\/hearing-solutions\/cochlear-implants\/rondo3#sectionOne\" target=\"_blank\" rel=\"noopener noreferrer\">Automatic Sound Management 3.0 und automatischer Anpassung<\/a>\u00a0stimmt der Audioprozessor Einstellungen ganz von selbst auf Ihre Umgebung ab. Manuelle \u00c4nderungen sind daher kaum noch n\u00f6tig.<\/p>\n<p>Und mit der verbesserten Ger\u00e4uschunterdr\u00fcckung des RONDO 3 m\u00fcssen Sie sich keine Gedanken mehr \u00fcber nervige Hintergrundger\u00e4usche oder St\u00f6rl\u00e4rm machen. Ob Geschirrklappern, das Summen der Klimaanlage oder Windrauschen: Hintergrundger\u00e4usche werden vom RONDO 3 automatisch reduziert. Zwei Mikrofone erlauben besseres Richtungsh\u00f6ren und einfacheres Sprachverstehen in lauter Umgebung.[\/vc_column_text][\/vc_column][\/vc_row][vc_row css=&#8220;.vc_custom_1600773059581{padding-top: 20px !important;}&#8220;][vc_column][vc_column_text css=&#8220;.vc_custom_1600764438663{margin-bottom: 0px !important;}&#8220;]<\/p>\n<h3><strong>Einfach streamen und Einstellungen anpassen<\/strong><\/h3>\n<p>[\/vc_column_text][\/vc_column][\/vc_row][vc_row][vc_column][vc_column_text css=&#8220;.vc_custom_1600929580111{margin-bottom: 0px !important;}&#8220;]Der RONDO 3 bietet <a href=\"https:\/\/www.medel.com\/de\/hearing-solutions\/cochlear-implants\/rondo3#sectionThree\" target=\"_blank\" rel=\"noopener noreferrer\">neue Verbindungsm\u00f6glichkeiten<\/a>: So k\u00f6nnen Sie etwa <a href=\"https:\/\/www.medel.com\/de\/hearing-solutions\/accessories\/connectivity\/audiolink\" target=\"_blank\" rel=\"noopener noreferrer\">AudioLink<\/a>, das beliebte universelle MED-EL Verbindungsger\u00e4t, mit dem RONDO 3 verwenden. AudioLink \u00fcbertr\u00e4gt Sprache oder Musik in h\u00f6chster Klangqualit\u00e4t kabellos von Smartphones, Fernsehern und vielen weiteren Ger\u00e4ten auf Ihren RONDO 3. Au\u00dferdem kann AudioLink als externes Mikrofon verwendet werden und erm\u00f6glicht Telefonate, ohne das Telefon in der Hand zu halten.[\/vc_column_text][\/vc_column][\/vc_row][vc_row][vc_column][vc_single_image image=&#8220;17640&#8243; img_size=&#8220;full&#8220;][\/vc_column][\/vc_row][vc_row][vc_column][vc_column_text css=&#8220;.vc_custom_1600929622488{margin-bottom: 0px !important;}&#8220;]Die klassische Fernbedienung verwenden oder Einstellungen mit einem Wisch anpassen? Mit dem RONDO 3 haben Sie die Wahl! W\u00e4hlen Sie zwischen der FineTuner Echo Fernbedienung und der <a href=\"https:\/\/www.medel.com\/de\/hearing-solutions\/accessories\/remote-controls\/audiokey2\" target=\"_blank\" rel=\"noopener noreferrer\">AudioKey 2 Smartphone App<\/a>. Die App erm\u00f6glicht Ihnen aber weit mehr, als einfach nur Einstellungen anzupassen. Sie zeigt den exakten Akkustand an und liefert interessante H\u00f6rstatistiken &#8211; zu Ihrem eigenen RONDO 3 oder zu jenem Ihres Kindes. Und sollte der RONDO 3 einmal abhanden gekommen sein, hilft Ihnen die AudioKey 2 App dabei, ihn wiederzufinden.[\/vc_column_text][\/vc_column][\/vc_row][vc_row css=&#8220;.vc_custom_1600773071243{padding-top: 20px !important;}&#8220;][vc_column][vc_column_text css=&#8220;.vc_custom_1601450736251{margin-bottom: 0px !important;}&#8220;]<\/p>\n<h3><strong>Nachts laden, tags\u00fcber h\u00f6ren<\/strong><\/h3>\n<p>[\/vc_column_text][\/vc_column][\/vc_row][vc_row][vc_column][vc_column_text css=&#8220;.vc_custom_1601450800128{margin-bottom: 0px !important;}&#8220;]Leicht, flach und abseits des Ohrs getragen &#8211; der RONDO 3 bietet Cochlea-Implantat-Nutzern hohen Tragekomfort und einfache Handhabung. Mit dem integrierten Akku des RONDO 3 geh\u00f6rt Batteriewechseln der Vergangenheit an. Das spart nicht nur Geld und schont die Umwelt, sondern liefert auch Energie f\u00fcr\u00a0einen Tag voller H\u00f6reindr\u00fccke. Legen Sie den Audioprozessor einfach auf die <a href=\"https:\/\/www.medel.com\/hearing-solutions\/cochlear-implants\/rondo3#sectionTwo\" target=\"_blank\" rel=\"noopener noreferrer\">Ladestation<\/a>, w\u00e4hrend Sie schlafen, und starten Sie voller H\u00f6renergie in den Tag.[\/vc_column_text][\/vc_column][\/vc_row][vc_row][vc_column][vc_single_image image=&#8220;17650&#8243; img_size=&#8220;full&#8220;][\/vc_column][\/vc_row][vc_row][vc_column][vc_column_text css=&#8220;.vc_custom_1600768856576{margin-bottom: 0px !important;}&#8220;]Aufladen \u00fcber Nacht vergessen? Kein Problem! Sie k\u00f6nnen den RONDO 3 auch unterwegs mithilfe einer Powerbank laden &#8211; w\u00e4hrend Sie ihn zum H\u00f6ren verwenden. So verpassen Sie keinen kostbaren H\u00f6rmoment. Wenn Sie nicht sicher sind, wie viel Energie der RONDO 3 noch hat, k\u00f6nnen Sie den Akkustand in der AudioKey 2 App auf Ihrem Smartphone sehen oder ganz einfach per Knopfdruck direkt am Audioprozessor \u00fcberpr\u00fcfen.[\/vc_column_text][\/vc_column][\/vc_row][vc_row css=&#8220;.vc_custom_1600773086288{padding-top: 20px !important;}&#8220;][vc_column][vc_column_text css=&#8220;.vc_custom_1600768904349{margin-bottom: 0px !important;}&#8220;]<\/p>\n<h3><strong>Abtauchen mit dem RONDO 3<\/strong><\/h3>\n<p>[\/vc_column_text][\/vc_column][\/vc_row][vc_row][vc_column][vc_column_text css=&#8220;.vc_custom_1601886134209{margin-bottom: 0px !important;}&#8220;]Regen, Schwei\u00df, Staub oder Spritzwasser &#8211; der RONDO 3 h\u00e4lt all dem m\u00fchelos stand! Dank <a href=\"https:\/\/www.medel.com\/de\/hearing-solutions\/cochlear-implants\/rondo3#sectionFour\" target=\"_blank\" rel=\"noopener noreferrer\">IP68-Standard<\/a> kommen Sie sorgenfrei durch den Tag, was auch immer er f\u00fcr Sie bereith\u00e4lt.<\/p>\n<p>Und wenn Sie schwimmen oder ein gem\u00fctliches Bad nehmen, dann halten<a href=\"https:\/\/www.medel.com\/de\/hearing-solutions\/accessories\/waterwear\" target=\"_blank\" rel=\"noopener noreferrer\"> die wiederverwendbaren und komplett wasserdichten WaterWear Schutzh\u00fcllen <\/a>Ihren Audioprozessor trocken. Ob in S\u00fc\u00df-, Salz- oder chlorhaltigem Wasser, tauchen Sie ab und h\u00f6ren Sie weiter.[\/vc_column_text][\/vc_column][\/vc_row][vc_row css=&#8220;.vc_custom_1600773096531{padding-top: 20px !important;}&#8220;][vc_column][vc_column_text css=&#8220;.vc_custom_1600772307746{margin-bottom: 0px !important;}&#8220;]<\/p>\n<h3><strong>Ihr Stil, Ihr Design<\/strong><\/h3>\n<p>[\/vc_column_text][\/vc_column][\/vc_row][vc_row][vc_column][vc_column_text css=&#8220;.vc_custom_1600929704561{margin-bottom: 0px !important;}&#8220;]Verstecken oder lieber als kreativen Blickfang in Szene setzen? Mit den <a href=\"https:\/\/www.medel.com\/de\/hearing-solutions\/cochlear-implants\/rondo3#sectionFive\" target=\"_blank\" rel=\"noopener noreferrer\">beliebten Design-Abdeckungen<\/a> tragen Sie den Audioprozessor so, wie es zu Ihrem Leben passt. Egal, ob Sie ein diskretes Design bevorzugen, das zur Haarfarbe passt, oder lieber etwas Farbe ins Spiel bringen m\u00f6chten: Bei \u00fcber 30 verf\u00fcgbaren Design-Abdeckungen ist f\u00fcr jeden Geschmack etwas dabei.[\/vc_column_text][\/vc_column][\/vc_row][vc_row][vc_column][vc_single_image image=&#8220;17660&#8243; img_size=&#8220;full&#8220;][\/vc_column][\/vc_row][vc_row][vc_column][vc_column_text css=&#8220;.vc_custom_1600772386274{margin-bottom: 0px !important;}&#8220;]Design-Abdeckungen schauen \u00fcbrigens nicht nur gut aus, sie k\u00f6nnen die Handhabung des RONDO 3 sogar noch einfacher machen: Spezielle Abdeckungen mit Power-Symbol helfen insbesondere neuen Nutzern, Eltern oder Pflegepersonen dabei, den Ein-\/Aus-Knopf am Prozessor zu bedienen.[\/vc_column_text][\/vc_column][\/vc_row][vc_row css=&#8220;.vc_custom_1600773439095{padding-top: 10px !important;}&#8220;][vc_column][vc_column_text css=&#8220;.vc_custom_1600931113950{margin-bottom: 0px !important;}&#8220;]Sie m\u00f6chten mehr \u00fcber den RONDO 3 erfahren? Auf der <a href=\"https:\/\/www.medel.com\/de\/hearing-solutions\/cochlear-implants\/rondo3\" target=\"_blank\" rel=\"noopener noreferrer\">MED-EL Website<\/a> lesen Sie alles \u00fcber unseren neuesten CI-Audioprozessor!<\/p>\n<p>F\u00fcr mehr Information zum RONDO 3 kontaktieren Sie bitte Ihren regionalen MED-EL Ansprechpartner. Die Kontaktdaten finden Sie <a href=\"https:\/\/www.medel.com\/clinic-finder\/\" target=\"_blank\" rel=\"noopener noreferrer\">auf unserer Website<\/a>.[\/vc_column_text][\/vc_column][\/vc_row][vc_row][vc_column][vc_column_text css=&#8220;.vc_custom_1600929859530{margin-bottom: 0px !important;}&#8220;]Sie m\u00f6chten keinen unserer Beitr\u00e4ge mehr verpassen?\u00a0<a href=\"\/?page_id=4960\" target=\"_blank\" rel=\"noopener noreferrer\">Abonnieren Sie gleich den MED-EL Blog<\/a>\u00a0und erhalten Sie die neuesten Blogartikel direkt in Ihr Postfach.[\/vc_column_text][\/vc_column][\/vc_row]<\/p>\n","protected":false},"excerpt":{"rendered":"<p>D\u00fcrfen wir vorstellen: RONDO 3, unser neuester Audioprozessor f\u00fcr MED-EL Cochlea-Implantate. Au\u00dfen ein schlankes Design, innen gro\u00dfartige H\u00f6rtechnologie: Der RONDO 3 erm\u00f6glicht Ihnen in jeder H\u00f6rsituation Ihr bestes H\u00f6ren. Warum Sie RONDO 3 lieben werden? Finden Sie es jetzt heraus!<\/p>\n","protected":false},"author":8,"featured_media":65547,"comment_status":"open","ping_status":"open","sticky":false,"template":"","format":"standard","meta":{"footnotes":""},"categories":[3255],"tags":[2765,3951,2776,3666,3476],"class_list":["post-46922","post","type-post","status-publish","format-standard","has-post-thumbnail","hentry","category-technologie","tag-anschlussmoglichkeiten","tag-audio-processor-de","tag-audioprozessor","tag-ci-de","tag-rondo-3-de"],"yoast_head":"<!-- This site is optimized with the Yoast SEO plugin v27.4 - https:\/\/yoast.com\/product\/yoast-seo-wordpress\/ -->\n<title>RONDO 3, der neueste MED-EL Cochlea-Implantat-Audioprozessor - The MED-EL Blog<\/title>\n<meta name=\"description\" content=\"RONDO 3, der neueste Audioprozessor f\u00fcr MED-EL Cochlea-Implantate. Kabelloses Laden, Verbindungsm\u00f6glichkeiten, herausragende H\u00f6rqualit\u00e4t &amp; mehr.\" \/>\n<meta name=\"robots\" content=\"index, follow, max-snippet:-1, max-image-preview:large, max-video-preview:-1\" \/>\n<link rel=\"canonical\" href=\"https:\/\/blog.medel.com\/de\/technologie\/rondo-3-der-neueste-med-el-cochlea-implantat-audioprozessor\/\" \/>\n<meta property=\"og:locale\" content=\"de_DE\" \/>\n<meta property=\"og:type\" content=\"article\" \/>\n<meta property=\"og:title\" content=\"RONDO 3, der neueste MED-EL Cochlea-Implantat-Audioprozessor - The MED-EL Blog\" \/>\n<meta property=\"og:description\" content=\"RONDO 3, der neueste Audioprozessor f\u00fcr MED-EL Cochlea-Implantate. Kabelloses Laden, Verbindungsm\u00f6glichkeiten, herausragende H\u00f6rqualit\u00e4t &amp; mehr.\" \/>\n<meta property=\"og:url\" content=\"https:\/\/blog.medel.com\/de\/technologie\/rondo-3-der-neueste-med-el-cochlea-implantat-audioprozessor\/\" \/>\n<meta property=\"og:site_name\" content=\"The MED-EL Blog\" \/>\n<meta property=\"article:published_time\" content=\"2020-10-07T07:48:02+00:00\" \/>\n<meta property=\"article:modified_time\" content=\"2024-02-13T15:47:23+00:00\" \/>\n<meta property=\"og:image\" content=\"https:\/\/blog.medel.com\/wp-content\/uploads\/2023\/03\/med-el_eye5_2020_danielzangerl-96.jpg\" \/>\n\t<meta property=\"og:image:width\" content=\"800\" \/>\n\t<meta property=\"og:image:height\" content=\"400\" \/>\n\t<meta property=\"og:image:type\" content=\"image\/jpeg\" \/>\n<meta name=\"author\" content=\"MED-EL\" \/>\n<meta name=\"twitter:card\" content=\"summary_large_image\" \/>\n<meta name=\"twitter:label1\" content=\"Verfasst von\" \/>\n\t<meta name=\"twitter:data1\" content=\"MED-EL\" \/>\n\t<meta name=\"twitter:label2\" content=\"Gesch\u00e4tzte Lesezeit\" \/>\n\t<meta name=\"twitter:data2\" content=\"4 Minuten\" \/>\n<script type=\"application\/ld+json\" class=\"yoast-schema-graph\">{\"@context\":\"https:\\\/\\\/schema.org\",\"@graph\":[{\"@type\":\"Article\",\"@id\":\"https:\\\/\\\/blog.medel.com\\\/de\\\/technologie\\\/rondo-3-der-neueste-med-el-cochlea-implantat-audioprozessor\\\/#article\",\"isPartOf\":{\"@id\":\"https:\\\/\\\/blog.medel.com\\\/de\\\/technologie\\\/rondo-3-der-neueste-med-el-cochlea-implantat-audioprozessor\\\/\"},\"author\":{\"name\":\"MED-EL\",\"@id\":\"https:\\\/\\\/blog.medel.com\\\/nl\\\/#\\\/schema\\\/person\\\/9f8dcfb27ec87796d874e021602c56e2\"},\"headline\":\"RONDO 3, der neueste MED-EL Cochlea-Implantat-Audioprozessor\",\"datePublished\":\"2020-10-07T07:48:02+00:00\",\"dateModified\":\"2024-02-13T15:47:23+00:00\",\"mainEntityOfPage\":{\"@id\":\"https:\\\/\\\/blog.medel.com\\\/de\\\/technologie\\\/rondo-3-der-neueste-med-el-cochlea-implantat-audioprozessor\\\/\"},\"wordCount\":1151,\"commentCount\":0,\"publisher\":{\"@id\":\"https:\\\/\\\/blog.medel.com\\\/nl\\\/#organization\"},\"image\":{\"@id\":\"https:\\\/\\\/blog.medel.com\\\/de\\\/technologie\\\/rondo-3-der-neueste-med-el-cochlea-implantat-audioprozessor\\\/#primaryimage\"},\"thumbnailUrl\":\"https:\\\/\\\/blog.medel.com\\\/wp-content\\\/uploads\\\/2023\\\/03\\\/med-el_eye5_2020_danielzangerl-96.jpg\",\"keywords\":[\"Anschlussm\u00f6glichkeiten\",\"audio processor\",\"Audioprozessor\",\"CI\",\"RONDO 3\"],\"articleSection\":[\"Technologie\"],\"inLanguage\":\"de-DE\",\"potentialAction\":[{\"@type\":\"CommentAction\",\"name\":\"Comment\",\"target\":[\"https:\\\/\\\/blog.medel.com\\\/de\\\/technologie\\\/rondo-3-der-neueste-med-el-cochlea-implantat-audioprozessor\\\/#respond\"]}]},{\"@type\":\"WebPage\",\"@id\":\"https:\\\/\\\/blog.medel.com\\\/de\\\/technologie\\\/rondo-3-der-neueste-med-el-cochlea-implantat-audioprozessor\\\/\",\"url\":\"https:\\\/\\\/blog.medel.com\\\/de\\\/technologie\\\/rondo-3-der-neueste-med-el-cochlea-implantat-audioprozessor\\\/\",\"name\":\"RONDO 3, der neueste MED-EL Cochlea-Implantat-Audioprozessor - The MED-EL Blog\",\"isPartOf\":{\"@id\":\"https:\\\/\\\/blog.medel.com\\\/nl\\\/#website\"},\"primaryImageOfPage\":{\"@id\":\"https:\\\/\\\/blog.medel.com\\\/de\\\/technologie\\\/rondo-3-der-neueste-med-el-cochlea-implantat-audioprozessor\\\/#primaryimage\"},\"image\":{\"@id\":\"https:\\\/\\\/blog.medel.com\\\/de\\\/technologie\\\/rondo-3-der-neueste-med-el-cochlea-implantat-audioprozessor\\\/#primaryimage\"},\"thumbnailUrl\":\"https:\\\/\\\/blog.medel.com\\\/wp-content\\\/uploads\\\/2023\\\/03\\\/med-el_eye5_2020_danielzangerl-96.jpg\",\"datePublished\":\"2020-10-07T07:48:02+00:00\",\"dateModified\":\"2024-02-13T15:47:23+00:00\",\"description\":\"RONDO 3, der neueste Audioprozessor f\u00fcr MED-EL Cochlea-Implantate. Kabelloses Laden, Verbindungsm\u00f6glichkeiten, herausragende H\u00f6rqualit\u00e4t & mehr.\",\"breadcrumb\":{\"@id\":\"https:\\\/\\\/blog.medel.com\\\/de\\\/technologie\\\/rondo-3-der-neueste-med-el-cochlea-implantat-audioprozessor\\\/#breadcrumb\"},\"inLanguage\":\"de-DE\",\"potentialAction\":[{\"@type\":\"ReadAction\",\"target\":[\"https:\\\/\\\/blog.medel.com\\\/de\\\/technologie\\\/rondo-3-der-neueste-med-el-cochlea-implantat-audioprozessor\\\/\"]}]},{\"@type\":\"ImageObject\",\"inLanguage\":\"de-DE\",\"@id\":\"https:\\\/\\\/blog.medel.com\\\/de\\\/technologie\\\/rondo-3-der-neueste-med-el-cochlea-implantat-audioprozessor\\\/#primaryimage\",\"url\":\"https:\\\/\\\/blog.medel.com\\\/wp-content\\\/uploads\\\/2023\\\/03\\\/med-el_eye5_2020_danielzangerl-96.jpg\",\"contentUrl\":\"https:\\\/\\\/blog.medel.com\\\/wp-content\\\/uploads\\\/2023\\\/03\\\/med-el_eye5_2020_danielzangerl-96.jpg\",\"width\":800,\"height\":400},{\"@type\":\"BreadcrumbList\",\"@id\":\"https:\\\/\\\/blog.medel.com\\\/de\\\/technologie\\\/rondo-3-der-neueste-med-el-cochlea-implantat-audioprozessor\\\/#breadcrumb\",\"itemListElement\":[{\"@type\":\"ListItem\",\"position\":1,\"name\":\"Home\",\"item\":\"https:\\\/\\\/blog.medel.com\\\/de\\\/\"},{\"@type\":\"ListItem\",\"position\":2,\"name\":\"RONDO 3, der neueste MED-EL Cochlea-Implantat-Audioprozessor\"}]},{\"@type\":\"WebSite\",\"@id\":\"https:\\\/\\\/blog.medel.com\\\/nl\\\/#website\",\"url\":\"https:\\\/\\\/blog.medel.com\\\/nl\\\/\",\"name\":\"The MED-EL Blog\",\"description\":\"\",\"publisher\":{\"@id\":\"https:\\\/\\\/blog.medel.com\\\/nl\\\/#organization\"},\"potentialAction\":[{\"@type\":\"SearchAction\",\"target\":{\"@type\":\"EntryPoint\",\"urlTemplate\":\"https:\\\/\\\/blog.medel.com\\\/nl\\\/?s={search_term_string}\"},\"query-input\":{\"@type\":\"PropertyValueSpecification\",\"valueRequired\":true,\"valueName\":\"search_term_string\"}}],\"inLanguage\":\"de-DE\"},{\"@type\":\"Organization\",\"@id\":\"https:\\\/\\\/blog.medel.com\\\/nl\\\/#organization\",\"name\":\"The MED-EL Blog\",\"url\":\"https:\\\/\\\/blog.medel.com\\\/nl\\\/\",\"logo\":{\"@type\":\"ImageObject\",\"inLanguage\":\"de-DE\",\"@id\":\"https:\\\/\\\/blog.medel.com\\\/nl\\\/#\\\/schema\\\/logo\\\/image\\\/\",\"url\":\"https:\\\/\\\/blog.medel.com\\\/wp-content\\\/uploads\\\/2023\\\/02\\\/MED-EL_logo_L2.png\",\"contentUrl\":\"https:\\\/\\\/blog.medel.com\\\/wp-content\\\/uploads\\\/2023\\\/02\\\/MED-EL_logo_L2.png\",\"width\":443,\"height\":200,\"caption\":\"The MED-EL Blog\"},\"image\":{\"@id\":\"https:\\\/\\\/blog.medel.com\\\/nl\\\/#\\\/schema\\\/logo\\\/image\\\/\"}},{\"@type\":\"Person\",\"@id\":\"https:\\\/\\\/blog.medel.com\\\/nl\\\/#\\\/schema\\\/person\\\/9f8dcfb27ec87796d874e021602c56e2\",\"name\":\"MED-EL\",\"sameAs\":[\"https:\\\/\\\/www.medel.com\"]}]}<\/script>\n<!-- \/ Yoast SEO plugin. -->","yoast_head_json":{"title":"RONDO 3, der neueste MED-EL Cochlea-Implantat-Audioprozessor - The MED-EL Blog","description":"RONDO 3, der neueste Audioprozessor f\u00fcr MED-EL Cochlea-Implantate. Kabelloses Laden, Verbindungsm\u00f6glichkeiten, herausragende H\u00f6rqualit\u00e4t & mehr.","robots":{"index":"index","follow":"follow","max-snippet":"max-snippet:-1","max-image-preview":"max-image-preview:large","max-video-preview":"max-video-preview:-1"},"canonical":"https:\/\/blog.medel.com\/de\/technologie\/rondo-3-der-neueste-med-el-cochlea-implantat-audioprozessor\/","og_locale":"de_DE","og_type":"article","og_title":"RONDO 3, der neueste MED-EL Cochlea-Implantat-Audioprozessor - The MED-EL Blog","og_description":"RONDO 3, der neueste Audioprozessor f\u00fcr MED-EL Cochlea-Implantate. Kabelloses Laden, Verbindungsm\u00f6glichkeiten, herausragende H\u00f6rqualit\u00e4t & mehr.","og_url":"https:\/\/blog.medel.com\/de\/technologie\/rondo-3-der-neueste-med-el-cochlea-implantat-audioprozessor\/","og_site_name":"The MED-EL Blog","article_published_time":"2020-10-07T07:48:02+00:00","article_modified_time":"2024-02-13T15:47:23+00:00","og_image":[{"width":800,"height":400,"url":"https:\/\/blog.medel.com\/wp-content\/uploads\/2023\/03\/med-el_eye5_2020_danielzangerl-96.jpg","type":"image\/jpeg"}],"author":"MED-EL","twitter_card":"summary_large_image","twitter_misc":{"Verfasst von":"MED-EL","Gesch\u00e4tzte Lesezeit":"4 Minuten"},"schema":{"@context":"https:\/\/schema.org","@graph":[{"@type":"Article","@id":"https:\/\/blog.medel.com\/de\/technologie\/rondo-3-der-neueste-med-el-cochlea-implantat-audioprozessor\/#article","isPartOf":{"@id":"https:\/\/blog.medel.com\/de\/technologie\/rondo-3-der-neueste-med-el-cochlea-implantat-audioprozessor\/"},"author":{"name":"MED-EL","@id":"https:\/\/blog.medel.com\/nl\/#\/schema\/person\/9f8dcfb27ec87796d874e021602c56e2"},"headline":"RONDO 3, der neueste MED-EL Cochlea-Implantat-Audioprozessor","datePublished":"2020-10-07T07:48:02+00:00","dateModified":"2024-02-13T15:47:23+00:00","mainEntityOfPage":{"@id":"https:\/\/blog.medel.com\/de\/technologie\/rondo-3-der-neueste-med-el-cochlea-implantat-audioprozessor\/"},"wordCount":1151,"commentCount":0,"publisher":{"@id":"https:\/\/blog.medel.com\/nl\/#organization"},"image":{"@id":"https:\/\/blog.medel.com\/de\/technologie\/rondo-3-der-neueste-med-el-cochlea-implantat-audioprozessor\/#primaryimage"},"thumbnailUrl":"https:\/\/blog.medel.com\/wp-content\/uploads\/2023\/03\/med-el_eye5_2020_danielzangerl-96.jpg","keywords":["Anschlussm\u00f6glichkeiten","audio processor","Audioprozessor","CI","RONDO 3"],"articleSection":["Technologie"],"inLanguage":"de-DE","potentialAction":[{"@type":"CommentAction","name":"Comment","target":["https:\/\/blog.medel.com\/de\/technologie\/rondo-3-der-neueste-med-el-cochlea-implantat-audioprozessor\/#respond"]}]},{"@type":"WebPage","@id":"https:\/\/blog.medel.com\/de\/technologie\/rondo-3-der-neueste-med-el-cochlea-implantat-audioprozessor\/","url":"https:\/\/blog.medel.com\/de\/technologie\/rondo-3-der-neueste-med-el-cochlea-implantat-audioprozessor\/","name":"RONDO 3, der neueste MED-EL Cochlea-Implantat-Audioprozessor - The MED-EL Blog","isPartOf":{"@id":"https:\/\/blog.medel.com\/nl\/#website"},"primaryImageOfPage":{"@id":"https:\/\/blog.medel.com\/de\/technologie\/rondo-3-der-neueste-med-el-cochlea-implantat-audioprozessor\/#primaryimage"},"image":{"@id":"https:\/\/blog.medel.com\/de\/technologie\/rondo-3-der-neueste-med-el-cochlea-implantat-audioprozessor\/#primaryimage"},"thumbnailUrl":"https:\/\/blog.medel.com\/wp-content\/uploads\/2023\/03\/med-el_eye5_2020_danielzangerl-96.jpg","datePublished":"2020-10-07T07:48:02+00:00","dateModified":"2024-02-13T15:47:23+00:00","description":"RONDO 3, der neueste Audioprozessor f\u00fcr MED-EL Cochlea-Implantate. Kabelloses Laden, Verbindungsm\u00f6glichkeiten, herausragende H\u00f6rqualit\u00e4t & mehr.","breadcrumb":{"@id":"https:\/\/blog.medel.com\/de\/technologie\/rondo-3-der-neueste-med-el-cochlea-implantat-audioprozessor\/#breadcrumb"},"inLanguage":"de-DE","potentialAction":[{"@type":"ReadAction","target":["https:\/\/blog.medel.com\/de\/technologie\/rondo-3-der-neueste-med-el-cochlea-implantat-audioprozessor\/"]}]},{"@type":"ImageObject","inLanguage":"de-DE","@id":"https:\/\/blog.medel.com\/de\/technologie\/rondo-3-der-neueste-med-el-cochlea-implantat-audioprozessor\/#primaryimage","url":"https:\/\/blog.medel.com\/wp-content\/uploads\/2023\/03\/med-el_eye5_2020_danielzangerl-96.jpg","contentUrl":"https:\/\/blog.medel.com\/wp-content\/uploads\/2023\/03\/med-el_eye5_2020_danielzangerl-96.jpg","width":800,"height":400},{"@type":"BreadcrumbList","@id":"https:\/\/blog.medel.com\/de\/technologie\/rondo-3-der-neueste-med-el-cochlea-implantat-audioprozessor\/#breadcrumb","itemListElement":[{"@type":"ListItem","position":1,"name":"Home","item":"https:\/\/blog.medel.com\/de\/"},{"@type":"ListItem","position":2,"name":"RONDO 3, der neueste MED-EL Cochlea-Implantat-Audioprozessor"}]},{"@type":"WebSite","@id":"https:\/\/blog.medel.com\/nl\/#website","url":"https:\/\/blog.medel.com\/nl\/","name":"The MED-EL Blog","description":"","publisher":{"@id":"https:\/\/blog.medel.com\/nl\/#organization"},"potentialAction":[{"@type":"SearchAction","target":{"@type":"EntryPoint","urlTemplate":"https:\/\/blog.medel.com\/nl\/?s={search_term_string}"},"query-input":{"@type":"PropertyValueSpecification","valueRequired":true,"valueName":"search_term_string"}}],"inLanguage":"de-DE"},{"@type":"Organization","@id":"https:\/\/blog.medel.com\/nl\/#organization","name":"The MED-EL Blog","url":"https:\/\/blog.medel.com\/nl\/","logo":{"@type":"ImageObject","inLanguage":"de-DE","@id":"https:\/\/blog.medel.com\/nl\/#\/schema\/logo\/image\/","url":"https:\/\/blog.medel.com\/wp-content\/uploads\/2023\/02\/MED-EL_logo_L2.png","contentUrl":"https:\/\/blog.medel.com\/wp-content\/uploads\/2023\/02\/MED-EL_logo_L2.png","width":443,"height":200,"caption":"The MED-EL Blog"},"image":{"@id":"https:\/\/blog.medel.com\/nl\/#\/schema\/logo\/image\/"}},{"@type":"Person","@id":"https:\/\/blog.medel.com\/nl\/#\/schema\/person\/9f8dcfb27ec87796d874e021602c56e2","name":"MED-EL","sameAs":["https:\/\/www.medel.com"]}]}},"_links":{"self":[{"href":"https:\/\/blog.medel.com\/de\/wp-json\/wp\/v2\/posts\/46922","targetHints":{"allow":["GET"]}}],"collection":[{"href":"https:\/\/blog.medel.com\/de\/wp-json\/wp\/v2\/posts"}],"about":[{"href":"https:\/\/blog.medel.com\/de\/wp-json\/wp\/v2\/types\/post"}],"author":[{"embeddable":true,"href":"https:\/\/blog.medel.com\/de\/wp-json\/wp\/v2\/users\/8"}],"replies":[{"embeddable":true,"href":"https:\/\/blog.medel.com\/de\/wp-json\/wp\/v2\/comments?post=46922"}],"version-history":[{"count":6,"href":"https:\/\/blog.medel.com\/de\/wp-json\/wp\/v2\/posts\/46922\/revisions"}],"predecessor-version":[{"id":80109,"href":"https:\/\/blog.medel.com\/de\/wp-json\/wp\/v2\/posts\/46922\/revisions\/80109"}],"wp:featuredmedia":[{"embeddable":true,"href":"https:\/\/blog.medel.com\/de\/wp-json\/wp\/v2\/media\/65547"}],"wp:attachment":[{"href":"https:\/\/blog.medel.com\/de\/wp-json\/wp\/v2\/media?parent=46922"}],"wp:term":[{"taxonomy":"category","embeddable":true,"href":"https:\/\/blog.medel.com\/de\/wp-json\/wp\/v2\/categories?post=46922"},{"taxonomy":"post_tag","embeddable":true,"href":"https:\/\/blog.medel.com\/de\/wp-json\/wp\/v2\/tags?post=46922"}],"curies":[{"name":"wp","href":"https:\/\/api.w.org\/{rel}","templated":true}]}}