{"id":46916,"date":"2020-09-01T07:50:24","date_gmt":"2020-09-01T07:50:24","guid":{"rendered":"https:\/\/blog.medel.com\/unkategorisiert\/mundschutz-kein-problem-oder-sprachverstaendnis-auch-in-corona-zeiten\/"},"modified":"2023-07-04T11:12:30","modified_gmt":"2023-07-04T09:12:30","slug":"mundschutz-kein-problem-oder-sprachverstaendnis-auch-in-corona-zeiten","status":"publish","type":"post","link":"https:\/\/blog.medel.com\/de\/schaufenster-news\/mundschutz-kein-problem-oder-sprachverstaendnis-auch-in-corona-zeiten\/","title":{"rendered":"&#8222;Mundschutz kein Problem&#8220; oder: Sprachverst\u00e4ndnis auch in Corona-Zeiten"},"content":{"rendered":"<p><span style=\"font-size: 14pt;\">\u201eMundschutz kein Problem\u201c oder:\u00a0 <\/span><span style=\"font-size: 14pt;\">Sprachverst\u00e4ndnis auch in Corona-Zeiten\u2026(Jannette Zerth)<\/span><\/p>\n<p>Mein Name ist Jannette, ich bin 39 Jahre alt und komme aus der N\u00e4he von Leer\/ Ostfriesland. Seit meiner Kindheit bin ich beidseitig an Taubheit grenzend schwerh\u00f6rig. Woher diese H\u00f6rsch\u00e4digung kommt, wei\u00df niemand genau. Da ich normal h\u00f6rend zur Welt gekommen bin, geht man von Kinderkrankheiten in fr\u00fchen Jahren aus. Meine Familie bemerkte diese H\u00f6rsch\u00e4digung lange nicht und so wuchs ich ohne H\u00f6rger\u00e4te oder \u00c4hnliches auf und gew\u00f6hnte mich an dieses \u201eH\u00f6ren\u201c. Die Schule beendete ich mit einem erweiterten Realschulabschluss. \u201eEigentlich\u201c kam ich noch gut zurecht &#8211; dachte ich! Im Alter von 16 Jahren erlitt ich dann auf der rechten Seite meinen ersten H\u00f6rsturz. \u00dcber Nacht war ich auf dem Ohr pl\u00f6tzlich fast taub. und h\u00f6rte fortan auf diesem Ohr nur noch 15 %.\u00a0 V\u00f6gel, Eierkocher, Fr\u00f6sche, Alarmanlagen &#8211; ich h\u00f6rte nichts mehr davon. Da ich aber im Tieftonbereich \u201enormal\u201c h\u00f6rend bin, ging es irgendwie. Damals dachte ich: Wie soll ich vermissen, was ich sowieso noch nie geh\u00f6rt habe? Wie naiv. In meiner Ausbildung zur Arzthelferin in der Kardiologie stie\u00df ich t\u00e4glich an meine Grenzen: Telefonieren war anstrengend, Patientengespr\u00e4che und vor allem die Kommunikation mit Kindern. Erst dann kam die Versorgung mit H\u00f6rger\u00e4ten, die aber nichts mehr nutzten. Hohe T\u00f6ne nahm ich auch mit H\u00f6rger\u00e4ten nicht wahr und \u201everstehen\u201c ging auch nicht besser. Nach und nach zog ich mich immer mehr zur\u00fcck, mied gro\u00dfe Veranstaltungen und sagte Einladungen ab.\u00a0 So verstrichen die Jahre und erst seit Februar 2019 wei\u00df ich, was ich alles im Leben verpasst habe.<\/p>\n<p>&nbsp;<\/p>\n<p><strong>2019 \u2013 mein Jahr des \u201eH\u00f6rerwachens\u201c\u2026<\/strong><\/p>\n<p>Im Januar 2019 nahm ich das neue H\u00f6ren endlich in Angriff und war f\u00fcrchterlich aufgeregt. \u201eWas kommt auf mich zu\u201c? Ich malte mir nat\u00fcrlich vieles aus, hatte dann aber trotzdem keine gro\u00dfen Erwartungen. So viele CI Tr\u00e4ger rieten mir dazu \u2013 alle hatte ich \u00fcber verschiedene soziale Medien kennengelernt und stehe auch heute noch in regelm\u00e4\u00dfigem Austausch mit ihnen.<\/p>\n<p>Am 8. Januar 2019 wurde ich somit im Evangelischen Krankenhaus in Oldenburg operiert. Alles verlief reibungslos und ohne Komplikationen. Als ich aus der Narkose erwachte, versp\u00fcrte ich keinerlei Schmerzen und auch keinen Schwindel. Super! Gl\u00fccklicherweise blieb das auch so. Daher konnte ich nach nur einer Schmerztablette auch wieder ganz auf Schmerzmittel verzichten.<\/p>\n<p>Einen Tag nach der Operation wurden die R\u00f6ntgenaufnahmen sowie ein H\u00f6rtest gemacht. Bei der Visite strich der Doktor mir kurz \u00fcber meinen Verband und fragte mich ob ich es h\u00f6rte. Ja! Ich h\u00f6rte es und somit \u00fcberkam mich an dieser Stelle das erste Mal ein Gl\u00fccksgef\u00fchl. Mein Restgeh\u00f6r ist noch da. Ich freute mich so. Heute kann ich dar\u00fcber nur lachen.<\/p>\n<p>Am 10. Januar 2019 suchte ich mir dann meinen Prozessor aus \u2013 es wurde ein wei\u00dfer SONNET von MED-EL. Der Tragekomfort gefiel mir am besten und ich wollte etwas Auffallendes. Wenn, dann richtig, dachte ich damals und habe diese Entscheidung bisher nicht bereut.<\/p>\n<p>Am 11. Januar 2019 wurde ich mit dickem Turban auf dem Kopf entlassen. Die Erstanpassung sollte Ende Januar stattfinden.<\/p>\n<p><img loading=\"lazy\" decoding=\"async\" class=\"alignnone wp-image-24966\" src=\"https:\/\/blog.medel.com\/wp-content\/uploads\/2020\/09\/text-300x298.jpg\" alt=\"\" width=\"381\" height=\"378\" \/><\/p>\n<p><strong>Die ersten Alltagsger\u00e4usche und \u201e\u00fcben, \u00fcben, \u00fcben\u201c!<\/strong><\/p>\n<p>Und dann war es endlich so weit: Der gro\u00dfe Tag. Ich durfte zum ersten Mal meinen SONNET anlegen. Heute, w\u00e4hrend ich dies schreibe, bereue ich nur, dass ich damals nicht jeden Schritt genau dokumentiert habe. Daher fehlen mir heute einige Situationen, die ich gerne geteilt h\u00e4tte.<\/p>\n<p>Als der SONNET erstmals aktiviert wurde, dachte ich <em>\u201eWie, das war es jetzt?\u201c<\/em>\u00a0 Die Audiologin spielte verschiedene T\u00f6ne und stellte dann alles so ein, dass es f\u00fcr den Anfang gen\u00fcgen sollte. Das Gehirn muss zun\u00e4chst einmal mit der Reiz\u00fcberflutung zurechtkommen.<\/p>\n<p>Auf dem Weg nach Hause begann bereits das gro\u00dfe Ausprobieren: Was kann ich schon h\u00f6ren? Vielleicht das Piepen, wenn man nicht angeschnallt ist, was ich noch nie geh\u00f6rt habe? Leider nein, h\u00f6rte ich nicht. Den Blinker? Ja, aber nur ganz schwach. Erster Frust. Aber, nicht aufgeben! Nach dem ersten Tag kann es nur besser werden.<\/p>\n<p>Mit einer H\u00f6r-Trainings-App \u00fcbte ich in den ersten Wochen nach der Erstanpassung t\u00e4glich ein paar Minuten. Zus\u00e4tzlich h\u00f6rte ich die langsam gesprochenen Nachrichten, die ich \u00fcberhaupt nicht verstand. Das war alles eine Mischung aus irgendwas, aber doch keine Sprache. Zun\u00e4chst konnte ich eine bestimmte Anzahl an Silben h\u00f6ren und z\u00e4hlen und mit jedem \u00dcben konnten die W\u00f6rter k\u00fcrzer werden \u2013 aus dem Unterscheiden von f\u00fcnf- und zweisilbigen W\u00f6rten wurden Silben, die ich verstehen konnte. Ich \u00fcbte sehr viel, denn mir wurde gesagt, dass man ein ganzes Jahr hat, um gro\u00dfe Fortschritte zu erzielen. Als ich wieder anfing, zu arbeiten, \u00fcbte ich aber fast nicht mehr. Mein Alltag als Teamleiterin im Einzelhandel (Textilbranche) gen\u00fcgte.\u00a0 Aus privaten Gr\u00fcnden verzichtete ich auch auf eine Reha.<\/p>\n<p>&nbsp;<\/p>\n<p><strong>Von 15% auf fast 90% Sprachverst\u00e4ndnis in nur einem Jahr<\/strong><\/p>\n<p>Im Fr\u00fchjahr 2019 h\u00f6rte ich dann zum ersten Mal V\u00f6gel. Ich kann dieses Gef\u00fchl gar nicht beschreiben. Alle V\u00f6gel h\u00f6rten sich noch gleich an, aber egal: ich h\u00f6rte sie. Endlich h\u00f6rte ich, dass meine Waschmaschine eine Melodie wie aus einem Disney-Film spielt, wenn sie fertig ist. Dass mein Wasserkocher piept. Der Toaster auch. Und dass Grillen unglaublich sch\u00f6n klingen. Die private und berufliche Kommunikation lief immer besser. Jeden Monat kam mehr und Neues dazu. Heute verstehe ich auch, wenn mich jemand von hinten oder von der Seite anspricht, ich brauche nicht mehr zwingend das Mundbild.<\/p>\n<p>Im Juli 2019 waren wir verreist und ich konnte mich zum ersten Mal im Flugzeug unterhalten. Das Meeresrauschen zu h\u00f6ren, war so sch\u00f6n! Mittlerweile unterhalte ich mich im Auto problemlos w\u00e4hrend der Fahrt und lausche den Witzen des Radiomoderators. Beides war vor der CI-Versorgung undenkbar. Elektronische Musik klingt traumhaft, daf\u00fcr die Geige nicht, aber daran arbeite ich. Im Kino kann ich endlich alles verstehen und muss mir die Inhalte nicht mehr zusammenreimen. Und auch Fernsehen geht endlich ohne Untertitel. Nach einem Jahr CI-Versorgung bin ich von 15% Sprachverst\u00e4ndnis auf fast 90 % gekommen und unendlich dankbar f\u00fcr diese M\u00f6glichkeit. Und selbst jetzt, zu Corona-Zeiten, verstehe ich meine Mitmenschen mit Mundschutz, ganz ohne Mundbild. Ohne das CI w\u00e4re ich verloren, dies best\u00e4tigt jeder Tag auf\u2019s Neue.<\/p>\n<p>Daher auch meine Entscheidung f\u00fcr ein zweites CI, diese Operation soll im Herbst 2020 stattfinden. Fr\u00fcher war mir meine H\u00f6rbeeintr\u00e4chtigung peinlich und ich wollte auf keinen Fall zeigen, dass ich eine H\u00f6rhilfe brauche Mit dem CI ist das anders. Es gibt mir so viel Lebensqualit\u00e4t, dass ich keinen Grund sehe, es zu verstecken. Und genau das rate ich allen, die sich in einer \u00e4hnlichen Situation befinden.<\/p>\n","protected":false},"excerpt":{"rendered":"<p>Erst mit der Cochlea-Implantat-Versorgung Anfang 2019 realisierte unsere norddeutsche Nutzerin Jannette Zerth, was sie in den ersten fast vier Jahrzehnten ihres Lebens alles nicht geh\u00f6rt hat&#8230;Lesen Sie hier ihre ermutigende Geschichte!<\/p>\n","protected":false},"author":8,"featured_media":65493,"comment_status":"open","ping_status":"open","sticky":false,"template":"","format":"standard","meta":{"footnotes":""},"categories":[2877],"tags":[2721,2722],"class_list":["post-46916","post","type-post","status-publish","format-standard","has-post-thumbnail","hentry","category-schaufenster-news","tag-cochlea-implantat","tag-horverlust"],"yoast_head":"<!-- This site is optimized with the Yoast SEO plugin v27.5 - https:\/\/yoast.com\/product\/yoast-seo-wordpress\/ -->\n<title>&quot;Mundschutz kein Problem&quot; oder: Sprachverst\u00e4ndnis auch in Corona-Zeiten - The MED-EL Blog<\/title>\n<meta name=\"robots\" content=\"index, follow, max-snippet:-1, max-image-preview:large, max-video-preview:-1\" \/>\n<link rel=\"canonical\" href=\"https:\/\/blog.medel.com\/de\/schaufenster-news\/mundschutz-kein-problem-oder-sprachverstaendnis-auch-in-corona-zeiten\/\" \/>\n<meta property=\"og:locale\" content=\"de_DE\" \/>\n<meta property=\"og:type\" content=\"article\" \/>\n<meta property=\"og:title\" content=\"&quot;Mundschutz kein Problem&quot; oder: Sprachverst\u00e4ndnis auch in Corona-Zeiten - The MED-EL Blog\" \/>\n<meta property=\"og:description\" content=\"Erst mit der Cochlea-Implantat-Versorgung Anfang 2019 realisierte unsere norddeutsche Nutzerin Jannette Zerth, was sie in den ersten fast vier Jahrzehnten ihres Lebens alles nicht geh\u00f6rt hat...Lesen Sie hier ihre ermutigende Geschichte!\" \/>\n<meta property=\"og:url\" content=\"https:\/\/blog.medel.com\/de\/schaufenster-news\/mundschutz-kein-problem-oder-sprachverstaendnis-auch-in-corona-zeiten\/\" \/>\n<meta property=\"og:site_name\" content=\"The MED-EL Blog\" \/>\n<meta property=\"article:published_time\" content=\"2020-09-01T07:50:24+00:00\" \/>\n<meta property=\"article:modified_time\" content=\"2023-07-04T09:12:30+00:00\" \/>\n<meta property=\"og:image\" content=\"https:\/\/blog.medel.com\/wp-content\/uploads\/2023\/03\/startseite-e1598947634590.jpg\" \/>\n\t<meta property=\"og:image:width\" content=\"751\" \/>\n\t<meta property=\"og:image:height\" content=\"723\" \/>\n\t<meta property=\"og:image:type\" content=\"image\/jpeg\" \/>\n<meta name=\"author\" content=\"MED-EL\" \/>\n<meta name=\"twitter:card\" content=\"summary_large_image\" \/>\n<meta name=\"twitter:label1\" content=\"Verfasst von\" \/>\n\t<meta name=\"twitter:data1\" content=\"MED-EL\" \/>\n\t<meta name=\"twitter:label2\" content=\"Gesch\u00e4tzte Lesezeit\" \/>\n\t<meta name=\"twitter:data2\" content=\"5 Minuten\" \/>\n<script type=\"application\/ld+json\" class=\"yoast-schema-graph\">{\"@context\":\"https:\\\/\\\/schema.org\",\"@graph\":[{\"@type\":\"Article\",\"@id\":\"https:\\\/\\\/blog.medel.com\\\/de\\\/schaufenster-news\\\/mundschutz-kein-problem-oder-sprachverstaendnis-auch-in-corona-zeiten\\\/#article\",\"isPartOf\":{\"@id\":\"https:\\\/\\\/blog.medel.com\\\/de\\\/schaufenster-news\\\/mundschutz-kein-problem-oder-sprachverstaendnis-auch-in-corona-zeiten\\\/\"},\"author\":{\"name\":\"MED-EL\",\"@id\":\"https:\\\/\\\/blog.medel.com\\\/tr\\\/#\\\/schema\\\/person\\\/9f8dcfb27ec87796d874e021602c56e2\"},\"headline\":\"&#8222;Mundschutz kein Problem&#8220; oder: Sprachverst\u00e4ndnis auch in Corona-Zeiten\",\"datePublished\":\"2020-09-01T07:50:24+00:00\",\"dateModified\":\"2023-07-04T09:12:30+00:00\",\"mainEntityOfPage\":{\"@id\":\"https:\\\/\\\/blog.medel.com\\\/de\\\/schaufenster-news\\\/mundschutz-kein-problem-oder-sprachverstaendnis-auch-in-corona-zeiten\\\/\"},\"wordCount\":1150,\"commentCount\":0,\"publisher\":{\"@id\":\"https:\\\/\\\/blog.medel.com\\\/tr\\\/#organization\"},\"image\":{\"@id\":\"https:\\\/\\\/blog.medel.com\\\/de\\\/schaufenster-news\\\/mundschutz-kein-problem-oder-sprachverstaendnis-auch-in-corona-zeiten\\\/#primaryimage\"},\"thumbnailUrl\":\"https:\\\/\\\/blog.medel.com\\\/wp-content\\\/uploads\\\/2023\\\/03\\\/startseite-e1598947634590.jpg\",\"keywords\":[\"Cochlea-Implantat\",\"H\u00f6rverlust\"],\"articleSection\":[\"Schaufenster\"],\"inLanguage\":\"de-DE\",\"potentialAction\":[{\"@type\":\"CommentAction\",\"name\":\"Comment\",\"target\":[\"https:\\\/\\\/blog.medel.com\\\/de\\\/schaufenster-news\\\/mundschutz-kein-problem-oder-sprachverstaendnis-auch-in-corona-zeiten\\\/#respond\"]}]},{\"@type\":\"WebPage\",\"@id\":\"https:\\\/\\\/blog.medel.com\\\/de\\\/schaufenster-news\\\/mundschutz-kein-problem-oder-sprachverstaendnis-auch-in-corona-zeiten\\\/\",\"url\":\"https:\\\/\\\/blog.medel.com\\\/de\\\/schaufenster-news\\\/mundschutz-kein-problem-oder-sprachverstaendnis-auch-in-corona-zeiten\\\/\",\"name\":\"\\\"Mundschutz kein Problem\\\" oder: Sprachverst\u00e4ndnis auch in Corona-Zeiten - The MED-EL Blog\",\"isPartOf\":{\"@id\":\"https:\\\/\\\/blog.medel.com\\\/tr\\\/#website\"},\"primaryImageOfPage\":{\"@id\":\"https:\\\/\\\/blog.medel.com\\\/de\\\/schaufenster-news\\\/mundschutz-kein-problem-oder-sprachverstaendnis-auch-in-corona-zeiten\\\/#primaryimage\"},\"image\":{\"@id\":\"https:\\\/\\\/blog.medel.com\\\/de\\\/schaufenster-news\\\/mundschutz-kein-problem-oder-sprachverstaendnis-auch-in-corona-zeiten\\\/#primaryimage\"},\"thumbnailUrl\":\"https:\\\/\\\/blog.medel.com\\\/wp-content\\\/uploads\\\/2023\\\/03\\\/startseite-e1598947634590.jpg\",\"datePublished\":\"2020-09-01T07:50:24+00:00\",\"dateModified\":\"2023-07-04T09:12:30+00:00\",\"breadcrumb\":{\"@id\":\"https:\\\/\\\/blog.medel.com\\\/de\\\/schaufenster-news\\\/mundschutz-kein-problem-oder-sprachverstaendnis-auch-in-corona-zeiten\\\/#breadcrumb\"},\"inLanguage\":\"de-DE\",\"potentialAction\":[{\"@type\":\"ReadAction\",\"target\":[\"https:\\\/\\\/blog.medel.com\\\/de\\\/schaufenster-news\\\/mundschutz-kein-problem-oder-sprachverstaendnis-auch-in-corona-zeiten\\\/\"]}]},{\"@type\":\"ImageObject\",\"inLanguage\":\"de-DE\",\"@id\":\"https:\\\/\\\/blog.medel.com\\\/de\\\/schaufenster-news\\\/mundschutz-kein-problem-oder-sprachverstaendnis-auch-in-corona-zeiten\\\/#primaryimage\",\"url\":\"https:\\\/\\\/blog.medel.com\\\/wp-content\\\/uploads\\\/2023\\\/03\\\/startseite-e1598947634590.jpg\",\"contentUrl\":\"https:\\\/\\\/blog.medel.com\\\/wp-content\\\/uploads\\\/2023\\\/03\\\/startseite-e1598947634590.jpg\",\"width\":751,\"height\":723},{\"@type\":\"BreadcrumbList\",\"@id\":\"https:\\\/\\\/blog.medel.com\\\/de\\\/schaufenster-news\\\/mundschutz-kein-problem-oder-sprachverstaendnis-auch-in-corona-zeiten\\\/#breadcrumb\",\"itemListElement\":[{\"@type\":\"ListItem\",\"position\":1,\"name\":\"Home\",\"item\":\"https:\\\/\\\/blog.medel.com\\\/\"},{\"@type\":\"ListItem\",\"position\":2,\"name\":\"&#8222;Mundschutz kein Problem&#8220; oder: Sprachverst\u00e4ndnis auch in Corona-Zeiten\"}]},{\"@type\":\"WebSite\",\"@id\":\"https:\\\/\\\/blog.medel.com\\\/tr\\\/#website\",\"url\":\"https:\\\/\\\/blog.medel.com\\\/tr\\\/\",\"name\":\"The MED-EL Blog\",\"description\":\"\",\"publisher\":{\"@id\":\"https:\\\/\\\/blog.medel.com\\\/tr\\\/#organization\"},\"potentialAction\":[{\"@type\":\"SearchAction\",\"target\":{\"@type\":\"EntryPoint\",\"urlTemplate\":\"https:\\\/\\\/blog.medel.com\\\/tr\\\/?s={search_term_string}\"},\"query-input\":{\"@type\":\"PropertyValueSpecification\",\"valueRequired\":true,\"valueName\":\"search_term_string\"}}],\"inLanguage\":\"de-DE\"},{\"@type\":\"Organization\",\"@id\":\"https:\\\/\\\/blog.medel.com\\\/tr\\\/#organization\",\"name\":\"The MED-EL Blog\",\"url\":\"https:\\\/\\\/blog.medel.com\\\/tr\\\/\",\"logo\":{\"@type\":\"ImageObject\",\"inLanguage\":\"de-DE\",\"@id\":\"https:\\\/\\\/blog.medel.com\\\/tr\\\/#\\\/schema\\\/logo\\\/image\\\/\",\"url\":\"https:\\\/\\\/blog.medel.com\\\/wp-content\\\/uploads\\\/2023\\\/02\\\/MED-EL_logo_L2.png\",\"contentUrl\":\"https:\\\/\\\/blog.medel.com\\\/wp-content\\\/uploads\\\/2023\\\/02\\\/MED-EL_logo_L2.png\",\"width\":443,\"height\":200,\"caption\":\"The MED-EL Blog\"},\"image\":{\"@id\":\"https:\\\/\\\/blog.medel.com\\\/tr\\\/#\\\/schema\\\/logo\\\/image\\\/\"}},{\"@type\":\"Person\",\"@id\":\"https:\\\/\\\/blog.medel.com\\\/tr\\\/#\\\/schema\\\/person\\\/9f8dcfb27ec87796d874e021602c56e2\",\"name\":\"MED-EL\",\"sameAs\":[\"https:\\\/\\\/www.medel.com\"]}]}<\/script>\n<!-- \/ Yoast SEO plugin. -->","yoast_head_json":{"title":"\"Mundschutz kein Problem\" oder: Sprachverst\u00e4ndnis auch in Corona-Zeiten - The MED-EL Blog","robots":{"index":"index","follow":"follow","max-snippet":"max-snippet:-1","max-image-preview":"max-image-preview:large","max-video-preview":"max-video-preview:-1"},"canonical":"https:\/\/blog.medel.com\/de\/schaufenster-news\/mundschutz-kein-problem-oder-sprachverstaendnis-auch-in-corona-zeiten\/","og_locale":"de_DE","og_type":"article","og_title":"\"Mundschutz kein Problem\" oder: Sprachverst\u00e4ndnis auch in Corona-Zeiten - The MED-EL Blog","og_description":"Erst mit der Cochlea-Implantat-Versorgung Anfang 2019 realisierte unsere norddeutsche Nutzerin Jannette Zerth, was sie in den ersten fast vier Jahrzehnten ihres Lebens alles nicht geh\u00f6rt hat...Lesen Sie hier ihre ermutigende Geschichte!","og_url":"https:\/\/blog.medel.com\/de\/schaufenster-news\/mundschutz-kein-problem-oder-sprachverstaendnis-auch-in-corona-zeiten\/","og_site_name":"The MED-EL Blog","article_published_time":"2020-09-01T07:50:24+00:00","article_modified_time":"2023-07-04T09:12:30+00:00","og_image":[{"width":751,"height":723,"url":"https:\/\/blog.medel.com\/wp-content\/uploads\/2023\/03\/startseite-e1598947634590.jpg","type":"image\/jpeg"}],"author":"MED-EL","twitter_card":"summary_large_image","twitter_misc":{"Verfasst von":"MED-EL","Gesch\u00e4tzte Lesezeit":"5 Minuten"},"schema":{"@context":"https:\/\/schema.org","@graph":[{"@type":"Article","@id":"https:\/\/blog.medel.com\/de\/schaufenster-news\/mundschutz-kein-problem-oder-sprachverstaendnis-auch-in-corona-zeiten\/#article","isPartOf":{"@id":"https:\/\/blog.medel.com\/de\/schaufenster-news\/mundschutz-kein-problem-oder-sprachverstaendnis-auch-in-corona-zeiten\/"},"author":{"name":"MED-EL","@id":"https:\/\/blog.medel.com\/tr\/#\/schema\/person\/9f8dcfb27ec87796d874e021602c56e2"},"headline":"&#8222;Mundschutz kein Problem&#8220; oder: Sprachverst\u00e4ndnis auch in Corona-Zeiten","datePublished":"2020-09-01T07:50:24+00:00","dateModified":"2023-07-04T09:12:30+00:00","mainEntityOfPage":{"@id":"https:\/\/blog.medel.com\/de\/schaufenster-news\/mundschutz-kein-problem-oder-sprachverstaendnis-auch-in-corona-zeiten\/"},"wordCount":1150,"commentCount":0,"publisher":{"@id":"https:\/\/blog.medel.com\/tr\/#organization"},"image":{"@id":"https:\/\/blog.medel.com\/de\/schaufenster-news\/mundschutz-kein-problem-oder-sprachverstaendnis-auch-in-corona-zeiten\/#primaryimage"},"thumbnailUrl":"https:\/\/blog.medel.com\/wp-content\/uploads\/2023\/03\/startseite-e1598947634590.jpg","keywords":["Cochlea-Implantat","H\u00f6rverlust"],"articleSection":["Schaufenster"],"inLanguage":"de-DE","potentialAction":[{"@type":"CommentAction","name":"Comment","target":["https:\/\/blog.medel.com\/de\/schaufenster-news\/mundschutz-kein-problem-oder-sprachverstaendnis-auch-in-corona-zeiten\/#respond"]}]},{"@type":"WebPage","@id":"https:\/\/blog.medel.com\/de\/schaufenster-news\/mundschutz-kein-problem-oder-sprachverstaendnis-auch-in-corona-zeiten\/","url":"https:\/\/blog.medel.com\/de\/schaufenster-news\/mundschutz-kein-problem-oder-sprachverstaendnis-auch-in-corona-zeiten\/","name":"\"Mundschutz kein Problem\" oder: Sprachverst\u00e4ndnis auch in Corona-Zeiten - The MED-EL Blog","isPartOf":{"@id":"https:\/\/blog.medel.com\/tr\/#website"},"primaryImageOfPage":{"@id":"https:\/\/blog.medel.com\/de\/schaufenster-news\/mundschutz-kein-problem-oder-sprachverstaendnis-auch-in-corona-zeiten\/#primaryimage"},"image":{"@id":"https:\/\/blog.medel.com\/de\/schaufenster-news\/mundschutz-kein-problem-oder-sprachverstaendnis-auch-in-corona-zeiten\/#primaryimage"},"thumbnailUrl":"https:\/\/blog.medel.com\/wp-content\/uploads\/2023\/03\/startseite-e1598947634590.jpg","datePublished":"2020-09-01T07:50:24+00:00","dateModified":"2023-07-04T09:12:30+00:00","breadcrumb":{"@id":"https:\/\/blog.medel.com\/de\/schaufenster-news\/mundschutz-kein-problem-oder-sprachverstaendnis-auch-in-corona-zeiten\/#breadcrumb"},"inLanguage":"de-DE","potentialAction":[{"@type":"ReadAction","target":["https:\/\/blog.medel.com\/de\/schaufenster-news\/mundschutz-kein-problem-oder-sprachverstaendnis-auch-in-corona-zeiten\/"]}]},{"@type":"ImageObject","inLanguage":"de-DE","@id":"https:\/\/blog.medel.com\/de\/schaufenster-news\/mundschutz-kein-problem-oder-sprachverstaendnis-auch-in-corona-zeiten\/#primaryimage","url":"https:\/\/blog.medel.com\/wp-content\/uploads\/2023\/03\/startseite-e1598947634590.jpg","contentUrl":"https:\/\/blog.medel.com\/wp-content\/uploads\/2023\/03\/startseite-e1598947634590.jpg","width":751,"height":723},{"@type":"BreadcrumbList","@id":"https:\/\/blog.medel.com\/de\/schaufenster-news\/mundschutz-kein-problem-oder-sprachverstaendnis-auch-in-corona-zeiten\/#breadcrumb","itemListElement":[{"@type":"ListItem","position":1,"name":"Home","item":"https:\/\/blog.medel.com\/"},{"@type":"ListItem","position":2,"name":"&#8222;Mundschutz kein Problem&#8220; oder: Sprachverst\u00e4ndnis auch in Corona-Zeiten"}]},{"@type":"WebSite","@id":"https:\/\/blog.medel.com\/tr\/#website","url":"https:\/\/blog.medel.com\/tr\/","name":"The MED-EL Blog","description":"","publisher":{"@id":"https:\/\/blog.medel.com\/tr\/#organization"},"potentialAction":[{"@type":"SearchAction","target":{"@type":"EntryPoint","urlTemplate":"https:\/\/blog.medel.com\/tr\/?s={search_term_string}"},"query-input":{"@type":"PropertyValueSpecification","valueRequired":true,"valueName":"search_term_string"}}],"inLanguage":"de-DE"},{"@type":"Organization","@id":"https:\/\/blog.medel.com\/tr\/#organization","name":"The MED-EL Blog","url":"https:\/\/blog.medel.com\/tr\/","logo":{"@type":"ImageObject","inLanguage":"de-DE","@id":"https:\/\/blog.medel.com\/tr\/#\/schema\/logo\/image\/","url":"https:\/\/blog.medel.com\/wp-content\/uploads\/2023\/02\/MED-EL_logo_L2.png","contentUrl":"https:\/\/blog.medel.com\/wp-content\/uploads\/2023\/02\/MED-EL_logo_L2.png","width":443,"height":200,"caption":"The MED-EL Blog"},"image":{"@id":"https:\/\/blog.medel.com\/tr\/#\/schema\/logo\/image\/"}},{"@type":"Person","@id":"https:\/\/blog.medel.com\/tr\/#\/schema\/person\/9f8dcfb27ec87796d874e021602c56e2","name":"MED-EL","sameAs":["https:\/\/www.medel.com"]}]}},"_links":{"self":[{"href":"https:\/\/blog.medel.com\/de\/wp-json\/wp\/v2\/posts\/46916","targetHints":{"allow":["GET"]}}],"collection":[{"href":"https:\/\/blog.medel.com\/de\/wp-json\/wp\/v2\/posts"}],"about":[{"href":"https:\/\/blog.medel.com\/de\/wp-json\/wp\/v2\/types\/post"}],"author":[{"embeddable":true,"href":"https:\/\/blog.medel.com\/de\/wp-json\/wp\/v2\/users\/8"}],"replies":[{"embeddable":true,"href":"https:\/\/blog.medel.com\/de\/wp-json\/wp\/v2\/comments?post=46916"}],"version-history":[{"count":3,"href":"https:\/\/blog.medel.com\/de\/wp-json\/wp\/v2\/posts\/46916\/revisions"}],"predecessor-version":[{"id":75472,"href":"https:\/\/blog.medel.com\/de\/wp-json\/wp\/v2\/posts\/46916\/revisions\/75472"}],"wp:featuredmedia":[{"embeddable":true,"href":"https:\/\/blog.medel.com\/de\/wp-json\/wp\/v2\/media\/65493"}],"wp:attachment":[{"href":"https:\/\/blog.medel.com\/de\/wp-json\/wp\/v2\/media?parent=46916"}],"wp:term":[{"taxonomy":"category","embeddable":true,"href":"https:\/\/blog.medel.com\/de\/wp-json\/wp\/v2\/categories?post=46916"},{"taxonomy":"post_tag","embeddable":true,"href":"https:\/\/blog.medel.com\/de\/wp-json\/wp\/v2\/tags?post=46916"}],"curies":[{"name":"wp","href":"https:\/\/api.w.org\/{rel}","templated":true}]}}