{"id":46913,"date":"2020-08-04T08:29:39","date_gmt":"2020-08-04T08:29:39","guid":{"rendered":"https:\/\/blog.medel.com\/unkategorisiert\/begegnungen-oder-hoeren-in-coronazeiten-arnold-erdsiek\/"},"modified":"2023-07-04T11:12:40","modified_gmt":"2023-07-04T09:12:40","slug":"begegnungen-oder-hoeren-in-coronazeiten-arnold-erdsiek","status":"publish","type":"post","link":"https:\/\/blog.medel.com\/de\/schaufenster-news\/begegnungen-oder-hoeren-in-coronazeiten-arnold-erdsiek\/","title":{"rendered":"Begegnungen oder &#8222;H\u00f6ren in Coronazeiten&#8220; (Arnold Erdsiek)"},"content":{"rendered":"<p><span style=\"font-size: 14pt;\">Begegnungen oder &#8222;H\u00f6ren in Coronazeiten&#8220;<\/span><\/p>\n<p>Es ist April 2020 und coronabedingt hat sich mein Leben total ge\u00e4ndert, die allermeisten Begegnungen in diesen kontaktarmen Zeiten sind nun meine eigenen im Flurspiegel. Sonderlich kommunikativ ist das nicht.<\/p>\n<p>Ein g\u00e4nzlich ver\u00e4ndertes Kommunikationsverhalten zeigt neuerdings auch eine gute Bekannte, die bisher jegliche digitale Kontaktaufnahme als v\u00f6llig unter ihrer kulturellen W\u00fcrde ablehnte.<\/p>\n<p>Alle bisherigen Versuche, ihr die N\u00fctzlichkeit von WhatsApp nahezubringen, waren zum Scheitern verurteilt. Jetzt aber hat sich das ganz grundlegend ge\u00e4ndert \u2013 ob Sprachnachrichten ohne Sprache, Textnachrichten nur mit Bildchen oder unbeabsichtigte Videoanrufe an den unpassendsten Orten, all dies l\u00e4sst mich aktuell ihre digitale Experimentierfreude an ihrem ersten Smartphone miterleben.<\/p>\n<p>Umgekehrtes passiert gerade mit meinen h\u00f6rgesch\u00e4digten Freunden. Absolut sicher im Umgang mit allen denkbaren M\u00f6glichkeiten der digitalen Kommunikation, beschweren sie sich neuerdings \u00fcber Kommunikationshindernisse im direkten Meinungsaustausch. Dies aber keineswegs, weil sch\u00fctzender Abstand bei Begegnungen vorgeschrieben ist, nein, nichts dergleichen.<\/p>\n<p>Es ist etwas ganz anderes, das sie umtreibt. Es ist die neu erwachte Sorge, nicht gut genug verstehen zu k\u00f6nnen im direkten Gespr\u00e4ch, denn da geht halt nichts mit digital.<\/p>\n<p><img loading=\"lazy\" decoding=\"async\" class=\"alignnone wp-image-22835\" src=\"https:\/\/blog.medel.com\/wp-content\/uploads\/2020\/08\/bild-scaled-240x300.jpg\" alt=\"\" width=\"276\" height=\"345\" \/><\/p>\n<p>Sie ahnen es sicherlich, die Maskenpflicht ist es, die meine Freunde an die schwierigen Zeiten erinnert, als sie noch kein CI hatten; denn Mundabsehen und eine gute Kombinationsgabe waren damals ganz wichtige Hilfen zum Verstehen. Nun aber ohne Mundbild, so ihre Sorge, k\u00f6nnten sie ja nicht mehr darauf vertrauen, obwohl sie doch ihr CI haben.<\/p>\n<p>Immerhin, als L\u00f6sung haben sich erfinderische Bastler Fenstermasken ausgedacht. Aber ich bef\u00fcrchte, bis alle so eine Maske haben, ist wahrscheinlich die Coronakrise l\u00e4ngst vor\u00fcber. Wo also bleibt jetzt bittesch\u00f6n die notwendige Barrierefreiheit, damit wir unsere Integration und Inklusion passend und mundgerecht erhalten?<\/p>\n<p>Ich h\u00e4tte da eine gute Idee. Es wird doch immer vom H\u00f6rtraining gesprochen \u2013 jetzt ist endlich die Zeit da zum t\u00e4glichen H\u00f6ren-\u00dcben gekommen \u2013 dank Corona und Maskenpflicht!<\/p>\n<p>Arnold Erdsiek<\/p>\n","protected":false},"excerpt":{"rendered":"<p>Corona stellt Menschen mit H\u00f6rverlust vor ganz neue Herausforderungen &#8211; dank Maskenpflicht!  N\u00e4heres in einem Kommentar von Arnold Erdsiek&#8230;<\/p>\n","protected":false},"author":8,"featured_media":65466,"comment_status":"open","ping_status":"open","sticky":false,"template":"","format":"standard","meta":{"footnotes":""},"categories":[2877],"tags":[2721],"class_list":["post-46913","post","type-post","status-publish","format-standard","has-post-thumbnail","hentry","category-schaufenster-news","tag-cochlea-implantat"],"yoast_head":"<!-- This site is optimized with the Yoast SEO plugin v27.5 - https:\/\/yoast.com\/product\/yoast-seo-wordpress\/ -->\n<title>Begegnungen oder &quot;H\u00f6ren in Coronazeiten&quot; (Arnold Erdsiek) - The MED-EL Blog<\/title>\n<meta name=\"robots\" content=\"index, follow, max-snippet:-1, max-image-preview:large, max-video-preview:-1\" \/>\n<link rel=\"canonical\" href=\"http:\/\/blog.medel.com\/de\/schaufenster-news\/begegnungen-oder-hoeren-in-coronazeiten-arnold-erdsiek\/\" \/>\n<meta property=\"og:locale\" content=\"de_DE\" \/>\n<meta property=\"og:type\" content=\"article\" \/>\n<meta property=\"og:title\" content=\"Begegnungen oder &quot;H\u00f6ren in Coronazeiten&quot; (Arnold Erdsiek) - The MED-EL Blog\" \/>\n<meta property=\"og:description\" content=\"Corona stellt Menschen mit H\u00f6rverlust vor ganz neue Herausforderungen - dank Maskenpflicht! N\u00e4heres in einem Kommentar von Arnold Erdsiek...\" \/>\n<meta property=\"og:url\" content=\"http:\/\/blog.medel.com\/de\/schaufenster-news\/begegnungen-oder-hoeren-in-coronazeiten-arnold-erdsiek\/\" \/>\n<meta property=\"og:site_name\" content=\"The MED-EL Blog\" \/>\n<meta property=\"article:published_time\" content=\"2020-08-04T08:29:39+00:00\" \/>\n<meta property=\"article:modified_time\" content=\"2023-07-04T09:12:40+00:00\" \/>\n<meta property=\"og:image\" content=\"http:\/\/blog.medel.com\/wp-content\/uploads\/2023\/03\/startbild-scaled-1.jpg\" \/>\n\t<meta property=\"og:image:width\" content=\"2560\" \/>\n\t<meta property=\"og:image:height\" content=\"1707\" \/>\n\t<meta property=\"og:image:type\" content=\"image\/jpeg\" \/>\n<meta name=\"author\" content=\"MED-EL\" \/>\n<meta name=\"twitter:card\" content=\"summary_large_image\" \/>\n<meta name=\"twitter:label1\" content=\"Verfasst von\" \/>\n\t<meta name=\"twitter:data1\" content=\"MED-EL\" \/>\n\t<meta name=\"twitter:label2\" content=\"Gesch\u00e4tzte Lesezeit\" \/>\n\t<meta name=\"twitter:data2\" content=\"2 Minuten\" \/>\n<script type=\"application\/ld+json\" class=\"yoast-schema-graph\">{\"@context\":\"https:\\\/\\\/schema.org\",\"@graph\":[{\"@type\":\"Article\",\"@id\":\"http:\\\/\\\/blog.medel.com\\\/de\\\/schaufenster-news\\\/begegnungen-oder-hoeren-in-coronazeiten-arnold-erdsiek\\\/#article\",\"isPartOf\":{\"@id\":\"http:\\\/\\\/blog.medel.com\\\/de\\\/schaufenster-news\\\/begegnungen-oder-hoeren-in-coronazeiten-arnold-erdsiek\\\/\"},\"author\":{\"name\":\"MED-EL\",\"@id\":\"https:\\\/\\\/blog.medel.com\\\/tr\\\/#\\\/schema\\\/person\\\/9f8dcfb27ec87796d874e021602c56e2\"},\"headline\":\"Begegnungen oder &#8222;H\u00f6ren in Coronazeiten&#8220; (Arnold Erdsiek)\",\"datePublished\":\"2020-08-04T08:29:39+00:00\",\"dateModified\":\"2023-07-04T09:12:40+00:00\",\"mainEntityOfPage\":{\"@id\":\"http:\\\/\\\/blog.medel.com\\\/de\\\/schaufenster-news\\\/begegnungen-oder-hoeren-in-coronazeiten-arnold-erdsiek\\\/\"},\"wordCount\":335,\"commentCount\":0,\"publisher\":{\"@id\":\"https:\\\/\\\/blog.medel.com\\\/tr\\\/#organization\"},\"image\":{\"@id\":\"http:\\\/\\\/blog.medel.com\\\/de\\\/schaufenster-news\\\/begegnungen-oder-hoeren-in-coronazeiten-arnold-erdsiek\\\/#primaryimage\"},\"thumbnailUrl\":\"https:\\\/\\\/blog.medel.com\\\/wp-content\\\/uploads\\\/2023\\\/03\\\/startbild-scaled-1.jpg\",\"keywords\":[\"Cochlea-Implantat\"],\"articleSection\":[\"Schaufenster\"],\"inLanguage\":\"de-DE\",\"potentialAction\":[{\"@type\":\"CommentAction\",\"name\":\"Comment\",\"target\":[\"http:\\\/\\\/blog.medel.com\\\/de\\\/schaufenster-news\\\/begegnungen-oder-hoeren-in-coronazeiten-arnold-erdsiek\\\/#respond\"]}]},{\"@type\":\"WebPage\",\"@id\":\"http:\\\/\\\/blog.medel.com\\\/de\\\/schaufenster-news\\\/begegnungen-oder-hoeren-in-coronazeiten-arnold-erdsiek\\\/\",\"url\":\"http:\\\/\\\/blog.medel.com\\\/de\\\/schaufenster-news\\\/begegnungen-oder-hoeren-in-coronazeiten-arnold-erdsiek\\\/\",\"name\":\"Begegnungen oder \\\"H\u00f6ren in Coronazeiten\\\" (Arnold Erdsiek) - The MED-EL Blog\",\"isPartOf\":{\"@id\":\"https:\\\/\\\/blog.medel.com\\\/tr\\\/#website\"},\"primaryImageOfPage\":{\"@id\":\"http:\\\/\\\/blog.medel.com\\\/de\\\/schaufenster-news\\\/begegnungen-oder-hoeren-in-coronazeiten-arnold-erdsiek\\\/#primaryimage\"},\"image\":{\"@id\":\"http:\\\/\\\/blog.medel.com\\\/de\\\/schaufenster-news\\\/begegnungen-oder-hoeren-in-coronazeiten-arnold-erdsiek\\\/#primaryimage\"},\"thumbnailUrl\":\"https:\\\/\\\/blog.medel.com\\\/wp-content\\\/uploads\\\/2023\\\/03\\\/startbild-scaled-1.jpg\",\"datePublished\":\"2020-08-04T08:29:39+00:00\",\"dateModified\":\"2023-07-04T09:12:40+00:00\",\"breadcrumb\":{\"@id\":\"http:\\\/\\\/blog.medel.com\\\/de\\\/schaufenster-news\\\/begegnungen-oder-hoeren-in-coronazeiten-arnold-erdsiek\\\/#breadcrumb\"},\"inLanguage\":\"de-DE\",\"potentialAction\":[{\"@type\":\"ReadAction\",\"target\":[\"http:\\\/\\\/blog.medel.com\\\/de\\\/schaufenster-news\\\/begegnungen-oder-hoeren-in-coronazeiten-arnold-erdsiek\\\/\"]}]},{\"@type\":\"ImageObject\",\"inLanguage\":\"de-DE\",\"@id\":\"http:\\\/\\\/blog.medel.com\\\/de\\\/schaufenster-news\\\/begegnungen-oder-hoeren-in-coronazeiten-arnold-erdsiek\\\/#primaryimage\",\"url\":\"https:\\\/\\\/blog.medel.com\\\/wp-content\\\/uploads\\\/2023\\\/03\\\/startbild-scaled-1.jpg\",\"contentUrl\":\"https:\\\/\\\/blog.medel.com\\\/wp-content\\\/uploads\\\/2023\\\/03\\\/startbild-scaled-1.jpg\",\"width\":2560,\"height\":1707},{\"@type\":\"BreadcrumbList\",\"@id\":\"http:\\\/\\\/blog.medel.com\\\/de\\\/schaufenster-news\\\/begegnungen-oder-hoeren-in-coronazeiten-arnold-erdsiek\\\/#breadcrumb\",\"itemListElement\":[{\"@type\":\"ListItem\",\"position\":1,\"name\":\"Home\",\"item\":\"https:\\\/\\\/blog.medel.com\\\/\"},{\"@type\":\"ListItem\",\"position\":2,\"name\":\"Begegnungen oder &#8220;H\u00f6ren in Coronazeiten&#8221; (Arnold Erdsiek)\"}]},{\"@type\":\"WebSite\",\"@id\":\"https:\\\/\\\/blog.medel.com\\\/tr\\\/#website\",\"url\":\"https:\\\/\\\/blog.medel.com\\\/tr\\\/\",\"name\":\"The MED-EL Blog\",\"description\":\"\",\"publisher\":{\"@id\":\"https:\\\/\\\/blog.medel.com\\\/tr\\\/#organization\"},\"potentialAction\":[{\"@type\":\"SearchAction\",\"target\":{\"@type\":\"EntryPoint\",\"urlTemplate\":\"https:\\\/\\\/blog.medel.com\\\/tr\\\/?s={search_term_string}\"},\"query-input\":{\"@type\":\"PropertyValueSpecification\",\"valueRequired\":true,\"valueName\":\"search_term_string\"}}],\"inLanguage\":\"de-DE\"},{\"@type\":\"Organization\",\"@id\":\"https:\\\/\\\/blog.medel.com\\\/tr\\\/#organization\",\"name\":\"The MED-EL Blog\",\"url\":\"https:\\\/\\\/blog.medel.com\\\/tr\\\/\",\"logo\":{\"@type\":\"ImageObject\",\"inLanguage\":\"de-DE\",\"@id\":\"https:\\\/\\\/blog.medel.com\\\/tr\\\/#\\\/schema\\\/logo\\\/image\\\/\",\"url\":\"https:\\\/\\\/blog.medel.com\\\/wp-content\\\/uploads\\\/2023\\\/02\\\/MED-EL_logo_L2.png\",\"contentUrl\":\"https:\\\/\\\/blog.medel.com\\\/wp-content\\\/uploads\\\/2023\\\/02\\\/MED-EL_logo_L2.png\",\"width\":443,\"height\":200,\"caption\":\"The MED-EL Blog\"},\"image\":{\"@id\":\"https:\\\/\\\/blog.medel.com\\\/tr\\\/#\\\/schema\\\/logo\\\/image\\\/\"}},{\"@type\":\"Person\",\"@id\":\"https:\\\/\\\/blog.medel.com\\\/tr\\\/#\\\/schema\\\/person\\\/9f8dcfb27ec87796d874e021602c56e2\",\"name\":\"MED-EL\",\"sameAs\":[\"https:\\\/\\\/www.medel.com\"]}]}<\/script>\n<!-- \/ Yoast SEO plugin. -->","yoast_head_json":{"title":"Begegnungen oder \"H\u00f6ren in Coronazeiten\" (Arnold Erdsiek) - The MED-EL Blog","robots":{"index":"index","follow":"follow","max-snippet":"max-snippet:-1","max-image-preview":"max-image-preview:large","max-video-preview":"max-video-preview:-1"},"canonical":"http:\/\/blog.medel.com\/de\/schaufenster-news\/begegnungen-oder-hoeren-in-coronazeiten-arnold-erdsiek\/","og_locale":"de_DE","og_type":"article","og_title":"Begegnungen oder \"H\u00f6ren in Coronazeiten\" (Arnold Erdsiek) - The MED-EL Blog","og_description":"Corona stellt Menschen mit H\u00f6rverlust vor ganz neue Herausforderungen - dank Maskenpflicht! N\u00e4heres in einem Kommentar von Arnold Erdsiek...","og_url":"http:\/\/blog.medel.com\/de\/schaufenster-news\/begegnungen-oder-hoeren-in-coronazeiten-arnold-erdsiek\/","og_site_name":"The MED-EL Blog","article_published_time":"2020-08-04T08:29:39+00:00","article_modified_time":"2023-07-04T09:12:40+00:00","og_image":[{"width":2560,"height":1707,"url":"http:\/\/blog.medel.com\/wp-content\/uploads\/2023\/03\/startbild-scaled-1.jpg","type":"image\/jpeg"}],"author":"MED-EL","twitter_card":"summary_large_image","twitter_misc":{"Verfasst von":"MED-EL","Gesch\u00e4tzte Lesezeit":"2 Minuten"},"schema":{"@context":"https:\/\/schema.org","@graph":[{"@type":"Article","@id":"http:\/\/blog.medel.com\/de\/schaufenster-news\/begegnungen-oder-hoeren-in-coronazeiten-arnold-erdsiek\/#article","isPartOf":{"@id":"http:\/\/blog.medel.com\/de\/schaufenster-news\/begegnungen-oder-hoeren-in-coronazeiten-arnold-erdsiek\/"},"author":{"name":"MED-EL","@id":"https:\/\/blog.medel.com\/tr\/#\/schema\/person\/9f8dcfb27ec87796d874e021602c56e2"},"headline":"Begegnungen oder &#8222;H\u00f6ren in Coronazeiten&#8220; (Arnold Erdsiek)","datePublished":"2020-08-04T08:29:39+00:00","dateModified":"2023-07-04T09:12:40+00:00","mainEntityOfPage":{"@id":"http:\/\/blog.medel.com\/de\/schaufenster-news\/begegnungen-oder-hoeren-in-coronazeiten-arnold-erdsiek\/"},"wordCount":335,"commentCount":0,"publisher":{"@id":"https:\/\/blog.medel.com\/tr\/#organization"},"image":{"@id":"http:\/\/blog.medel.com\/de\/schaufenster-news\/begegnungen-oder-hoeren-in-coronazeiten-arnold-erdsiek\/#primaryimage"},"thumbnailUrl":"https:\/\/blog.medel.com\/wp-content\/uploads\/2023\/03\/startbild-scaled-1.jpg","keywords":["Cochlea-Implantat"],"articleSection":["Schaufenster"],"inLanguage":"de-DE","potentialAction":[{"@type":"CommentAction","name":"Comment","target":["http:\/\/blog.medel.com\/de\/schaufenster-news\/begegnungen-oder-hoeren-in-coronazeiten-arnold-erdsiek\/#respond"]}]},{"@type":"WebPage","@id":"http:\/\/blog.medel.com\/de\/schaufenster-news\/begegnungen-oder-hoeren-in-coronazeiten-arnold-erdsiek\/","url":"http:\/\/blog.medel.com\/de\/schaufenster-news\/begegnungen-oder-hoeren-in-coronazeiten-arnold-erdsiek\/","name":"Begegnungen oder \"H\u00f6ren in Coronazeiten\" (Arnold Erdsiek) - The MED-EL Blog","isPartOf":{"@id":"https:\/\/blog.medel.com\/tr\/#website"},"primaryImageOfPage":{"@id":"http:\/\/blog.medel.com\/de\/schaufenster-news\/begegnungen-oder-hoeren-in-coronazeiten-arnold-erdsiek\/#primaryimage"},"image":{"@id":"http:\/\/blog.medel.com\/de\/schaufenster-news\/begegnungen-oder-hoeren-in-coronazeiten-arnold-erdsiek\/#primaryimage"},"thumbnailUrl":"https:\/\/blog.medel.com\/wp-content\/uploads\/2023\/03\/startbild-scaled-1.jpg","datePublished":"2020-08-04T08:29:39+00:00","dateModified":"2023-07-04T09:12:40+00:00","breadcrumb":{"@id":"http:\/\/blog.medel.com\/de\/schaufenster-news\/begegnungen-oder-hoeren-in-coronazeiten-arnold-erdsiek\/#breadcrumb"},"inLanguage":"de-DE","potentialAction":[{"@type":"ReadAction","target":["http:\/\/blog.medel.com\/de\/schaufenster-news\/begegnungen-oder-hoeren-in-coronazeiten-arnold-erdsiek\/"]}]},{"@type":"ImageObject","inLanguage":"de-DE","@id":"http:\/\/blog.medel.com\/de\/schaufenster-news\/begegnungen-oder-hoeren-in-coronazeiten-arnold-erdsiek\/#primaryimage","url":"https:\/\/blog.medel.com\/wp-content\/uploads\/2023\/03\/startbild-scaled-1.jpg","contentUrl":"https:\/\/blog.medel.com\/wp-content\/uploads\/2023\/03\/startbild-scaled-1.jpg","width":2560,"height":1707},{"@type":"BreadcrumbList","@id":"http:\/\/blog.medel.com\/de\/schaufenster-news\/begegnungen-oder-hoeren-in-coronazeiten-arnold-erdsiek\/#breadcrumb","itemListElement":[{"@type":"ListItem","position":1,"name":"Home","item":"https:\/\/blog.medel.com\/"},{"@type":"ListItem","position":2,"name":"Begegnungen oder &#8220;H\u00f6ren in Coronazeiten&#8221; (Arnold Erdsiek)"}]},{"@type":"WebSite","@id":"https:\/\/blog.medel.com\/tr\/#website","url":"https:\/\/blog.medel.com\/tr\/","name":"The MED-EL Blog","description":"","publisher":{"@id":"https:\/\/blog.medel.com\/tr\/#organization"},"potentialAction":[{"@type":"SearchAction","target":{"@type":"EntryPoint","urlTemplate":"https:\/\/blog.medel.com\/tr\/?s={search_term_string}"},"query-input":{"@type":"PropertyValueSpecification","valueRequired":true,"valueName":"search_term_string"}}],"inLanguage":"de-DE"},{"@type":"Organization","@id":"https:\/\/blog.medel.com\/tr\/#organization","name":"The MED-EL Blog","url":"https:\/\/blog.medel.com\/tr\/","logo":{"@type":"ImageObject","inLanguage":"de-DE","@id":"https:\/\/blog.medel.com\/tr\/#\/schema\/logo\/image\/","url":"https:\/\/blog.medel.com\/wp-content\/uploads\/2023\/02\/MED-EL_logo_L2.png","contentUrl":"https:\/\/blog.medel.com\/wp-content\/uploads\/2023\/02\/MED-EL_logo_L2.png","width":443,"height":200,"caption":"The MED-EL Blog"},"image":{"@id":"https:\/\/blog.medel.com\/tr\/#\/schema\/logo\/image\/"}},{"@type":"Person","@id":"https:\/\/blog.medel.com\/tr\/#\/schema\/person\/9f8dcfb27ec87796d874e021602c56e2","name":"MED-EL","sameAs":["https:\/\/www.medel.com"]}]}},"_links":{"self":[{"href":"https:\/\/blog.medel.com\/de\/wp-json\/wp\/v2\/posts\/46913","targetHints":{"allow":["GET"]}}],"collection":[{"href":"https:\/\/blog.medel.com\/de\/wp-json\/wp\/v2\/posts"}],"about":[{"href":"https:\/\/blog.medel.com\/de\/wp-json\/wp\/v2\/types\/post"}],"author":[{"embeddable":true,"href":"https:\/\/blog.medel.com\/de\/wp-json\/wp\/v2\/users\/8"}],"replies":[{"embeddable":true,"href":"https:\/\/blog.medel.com\/de\/wp-json\/wp\/v2\/comments?post=46913"}],"version-history":[{"count":3,"href":"https:\/\/blog.medel.com\/de\/wp-json\/wp\/v2\/posts\/46913\/revisions"}],"predecessor-version":[{"id":75469,"href":"https:\/\/blog.medel.com\/de\/wp-json\/wp\/v2\/posts\/46913\/revisions\/75469"}],"wp:featuredmedia":[{"embeddable":true,"href":"https:\/\/blog.medel.com\/de\/wp-json\/wp\/v2\/media\/65466"}],"wp:attachment":[{"href":"https:\/\/blog.medel.com\/de\/wp-json\/wp\/v2\/media?parent=46913"}],"wp:term":[{"taxonomy":"category","embeddable":true,"href":"https:\/\/blog.medel.com\/de\/wp-json\/wp\/v2\/categories?post=46913"},{"taxonomy":"post_tag","embeddable":true,"href":"https:\/\/blog.medel.com\/de\/wp-json\/wp\/v2\/tags?post=46913"}],"curies":[{"name":"wp","href":"https:\/\/api.w.org\/{rel}","templated":true}]}}