{"id":46899,"date":"2020-06-23T08:00:18","date_gmt":"2020-06-23T08:00:18","guid":{"rendered":"https:\/\/blog.medel.com\/unkategorisiert\/ohne-ci-waere-meine-traumhochzeit-unmoeglich-gewesen-jessicas-geschichte\/"},"modified":"2023-04-05T09:02:40","modified_gmt":"2023-04-05T09:02:40","slug":"ohne-ci-waere-meine-traumhochzeit-unmoeglich-gewesen-jessicas-geschichte","status":"publish","type":"post","link":"https:\/\/blog.medel.com\/de\/gastartikel\/ohne-ci-waere-meine-traumhochzeit-unmoeglich-gewesen-jessicas-geschichte\/","title":{"rendered":"&#8222;Ohne CI w\u00e4re meine Traumhochzeit unm\u00f6glich gewesen&#8220;: Jessicas Geschichte"},"content":{"rendered":"<p>[vc_row][vc_column][vc_column_text css=&#8220;.vc_custom_1580830898224{margin-bottom: 0px !important;}&#8220;]<em>Als Jessica und Stefan aus Gro\u00dfbritannien beschlossen zu heiraten, stellten sie sich auf eine Feier im kleinen Rahmen ein. Denn Jessicas H\u00f6rverlust machte geselliges Beisammensein in gro\u00dfen Gruppen schwierig. Gerade ihren gro\u00dfen Tag wollte sie nicht damit verbringen, st\u00e4ndig nachfragen zu m\u00fcssen. <\/em><em>Aber das \u00e4nderte sich, als sie ein Cochlea-Implantat bekam. Im heutigen Gastartikel erz\u00e4hlt Jessica, wie ein Cochlea-Implantat ihr die Hochzeit erm\u00f6glichte, von der sie immer getr\u00e4umt hatte.<\/em>[\/vc_column_text][\/vc_column][\/vc_row][vc_row][vc_column css=&#8220;.vc_custom_1580373113504{padding-top: 30px !important;}&#8220;][vc_column_text css=&#8220;.vc_custom_1580372197736{margin-bottom: 0px !important;}&#8220;]Als ich sieben Jahre alt war, wurde bei mir in meinem linken Ohr eine hochgradige Schwerh\u00f6rigkeit festgestellt. Ich bin w\u00e4hrend meiner gesamten Schulzeit gut zurechtgekommen und die Taubheit auf einem Ohr hat mich nie davon abgehalten, zu tun und zu erreichen, was ich wollte. 2003 nahm ich mein Studium an der Universit\u00e4t auf. Im selben Jahr begann ich an Tinnitus zu leiden, was das H\u00f6ren deutlich erschwerte. Mein Audiologe empfahl mir f\u00fcr die Tage, an denen ich das Gef\u00fchl hatte, dass ich mehr Lautst\u00e4rke brauche, ein H\u00f6rger\u00e4t. Ich bekam ein diskretes Im-Ohr-H\u00f6rger\u00e4t und war damit sehr zufrieden. Denn so konnte ich die Lautst\u00e4rke erh\u00f6hen, ohne dass es jemand bemerkte. In der Folge verwendete ich das H\u00f6rger\u00e4t immer dann, wenn ich das Gef\u00fchl hatte, es zu ben\u00f6tigen.[\/vc_column_text][\/vc_column][\/vc_row][vc_row][vc_column css=&#8220;.vc_custom_1580373119152{padding-top: 30px !important;}&#8220;][vc_column_text css=&#8220;.vc_custom_1580372223569{margin-bottom: 0px !important;}&#8220;]<\/p>\n<h3><strong>Mein H\u00f6rverlust<\/strong><\/h3>\n<p>2013 begegnete ich Stefan zum ersten Mal. Zwei Jahre sp\u00e4ter verlobten wir uns und beschlossen, eine Familie zu gr\u00fcnden. Im Fr\u00fchling 2016 erfuhr ich, dass ich schwanger war. W\u00e4hrend dieser Zeit war mein Geh\u00f6r so gut wie nie zuvor &#8211; ich bemerkte, dass ich mein H\u00f6rger\u00e4t nie benutzen musste, ich hatte gar keine Probleme, Dinge zu verstehen, und mein Tinnitus war weg. Doch im August desselben Jahres hatte ich eine Fehlgeburt. Es war die schmerzhafteste Erfahrung meines Lebens &#8211; sowohl k\u00f6rperlich als auch psychisch. Wir waren beide am Boden zerst\u00f6rt.<\/p>\n<p>Wenige Zeit sp\u00e4ter fiel mir auf, dass ich die Unterst\u00fctzung des H\u00f6rger\u00e4ts nun fast st\u00e4ndig ben\u00f6tigte. Zu der Zeit arbeitete ich in einer Grundschule und verlor langsam die F\u00e4higkeit, die Kinder zu h\u00f6ren. Auch Musik, Vogelgesang, Verkehrsger\u00e4usche und andere allt\u00e4gliche Ger\u00e4usche konnte ich nicht mehr so gut h\u00f6ren. Die gr\u00f6\u00dften Schwierigkeiten bereiteten mir aber Einzel- und Gruppengespr\u00e4che.<\/p>\n<p>Bis Dezember war aus meinem mittelschweren H\u00f6rverlust eine hochgradige Schwerh\u00f6rigkeit geworden. Ich schaffte es gerade so, den Alltag zu bew\u00e4ltigen, aber es war eine t\u00e4gliche Herausforderung. Ich begann mich zu isolieren und mich von von Menschen in meinem Umfeld zur\u00fcckzuziehen. Und ich bemerkte, wie sich Menschen von mir entfernten, weil es schwierig war, mit mir ein Gespr\u00e4ch zu f\u00fchren.<\/p>\n<p>Die einzige Person, die wirklich verstand, was ich durchmachte, und ihr Verhalten mir gegen\u00fcber nicht ver\u00e4nderte, war Stefan. Ich hatte ihm das Alphabet und ein paar Basisgeb\u00e4rden der Britischen Geb\u00e4rdensprache (BSL) beigebracht. So konnte er mich in Gespr\u00e4che miteinbeziehen und wir entwickelten unsere ganz eigene Art der Kommunikation.[\/vc_column_text][\/vc_column][\/vc_row][vc_row][vc_column css=&#8220;.vc_custom_1580373124439{padding-top: 30px !important;}&#8220;][vc_column_text css=&#8220;.vc_custom_1580831885316{margin-bottom: 0px !important;}&#8220;]<\/p>\n<h3><strong>Neue H\u00f6rerfahrungen mit Cochlea-Implantat<\/strong><\/h3>\n<p>Mein Arzt \u00fcberwies mich schlie\u00dflich an eine andere audiologische Abteilung. Kurz vor Weihnachten 2016 wurde ich dort untersucht und das Team war erstaunt, wie wenig ich h\u00f6ren konnte. Daher wurde ich an ein CI-Zentrum in Manchester geschickt. Im Februar wurde mir dann ein Cochlea-Implantat angeboten. Ich hatte nichts zu verlieren und nahm das Angebot an. Am 13. September 2017 wurde ich operiert und alles verlief nach Plan.<\/p>\n<p>Zwischen Implantation und Aktivierung zwang ich mich dazu, alleine spazieren oder einkaufen zu gehen. Ich wollte mich an eine Welt der Stille gew\u00f6hnen, sollte mein Implantat nicht funktionieren.<\/p>\n<p>Am 16. Oktober wurde das Implantat endlich aktiviert. Und es war ein voller Erfolg! Ich konnte sofort Stimmen h\u00f6ren und zwischen m\u00e4nnlichen und weiblichen Stimmen unterscheiden &#8211; auch wenn sie zuerst wie die <em>Chipmunks <\/em>klangen. Am Weg nach Hause konnte ich meine Mutter anrufen und sogar Musik h\u00f6ren, es war ein magischer Tag f\u00fcr mich! Es f\u00fchlte sich an, als ob ich mein Leben zur\u00fcckbekommen w\u00fcrde, und ich f\u00fchlte mich wieder wie mein altes Ich.[\/vc_column_text][\/vc_column][\/vc_row][vc_row][vc_column css=&#8220;.vc_custom_1580373146551{padding-top: 30px !important;}&#8220;][vc_single_image image=&#8220;16878&#8243; img_size=&#8220;full&#8220;][\/vc_column][\/vc_row][vc_row][vc_column css=&#8220;.vc_custom_1580373134847{padding-top: 30px !important;}&#8220;][vc_column_text css=&#8220;.vc_custom_1580832285591{margin-bottom: 0px !important;}&#8220;]<\/p>\n<h3><strong>Unsere Traumhochzeit<\/strong><\/h3>\n<p>Vor der Aktivierung hatten Stefan und ich beschlossen, im Ausland zu heiraten &#8211; nur er und ich. Denn von Menschen umgeben zu sein, war zu anstrengend f\u00fcr mich geworden. Kurz nach meiner CI-Anpassung besprachen wir die Hochzeit und entschlossen uns, doch gro\u00df zu feiern und unsere Hochzeit im Kreis aller Menschen zu zelebrieren, die wir lieben und die uns durch diese schwere Zeit geholfen hatten.<\/p>\n<p>Am 23. August 2019 heirateten wir in der N\u00e4he von Manchester. Die Tage zuvor hatte es jeden einzelnen Tag geregnet. Doch an unserem Hochzeitstag strahlte die Sonne vom Himmel und wir konnten die Zeremonie im Freien abhalten, genau so, wie wir es uns erhofft hatten. Ich war so stolz und von Emotionen \u00fcberw\u00e4ltigt, als mein Lied f\u00fcr den Einzug ert\u00f6nte und ich all die Menschen, die mir nahestehen, auf mich warten sah.<\/p>\n<p>Was die Hochzeit noch sch\u00f6ner machte, war die Tatsache, dass ich in der 20. Woche mit unserem Wunschkind schwanger war.<\/p>\n<p>Ich bat meinen Onkel, mich hineinzuf\u00fchren und an Stefan zu \u00fcbergeben. Meinen Onkel hatte die Taubheit sehr besch\u00e4ftigt. Wir hatten fr\u00fcher st\u00e4ndig miteinander telefoniert und auf einmal war das nicht mehr m\u00f6glich gewesen. Er war total erstaunt, als wir unsere Telefongespr\u00e4che wieder aufnehmen konnten. Als wir am Hochzeitstag auf Stefan zugingen, sagt er: &#8222;Meine Lieblingsnichte!&#8220; Ich musste loslachen.<\/p>\n<p>W\u00e4hrend der Zeremonie strahlte ich vor Gl\u00fcck, denn ich konnte alles h\u00f6ren: die Lesungen, die Musik und &#8211; am wichtigsten &#8211; unsere Ehegel\u00fcbde. Es ber\u00fchrte mich so, Stefans Gel\u00fcbde h\u00f6ren zu k\u00f6nnen. Ohne mein Implantat w\u00e4re das nicht m\u00f6glich gewesen.<\/p>\n<p>Der ganze Tag war magisch, wie im M\u00e4rchen. Ich war \u00fcbergl\u00fccklich, alles h\u00f6ren zu k\u00f6nnen und meinen besten Freund heiraten zu d\u00fcrfen. Das war alles, was ich mir je ertr\u00e4umt hatte &#8211; und mehr! Wir haben die Hochzeit sehr pers\u00f6nlich gehalten. Nach allem, was wir durchgemacht hatten, beschlossen wir auf Gastgeschenke zu verzichten. Stattdessen stellten wir eine Spendenbox f\u00fcr eine britische Geh\u00f6rl\u00f6senorganisation auf die Tische. So konnten wir Geld f\u00fcr eine Organisation sammeln, die mir sehr am Herzen liegt.<\/p>\n<blockquote><p>Am Morgen der Hochzeit sorgte ich daf\u00fcr, dass auch ein Foto von meinem SONNET Audioprozessor gemacht wurde, w\u00e4hrend er an meinem Hochzeitskleid baumelte. Das war mir sehr wichtig, denn ich wusste, ohne dieses St\u00fcck Technologie w\u00e4re meine Traumhochzeit unm\u00f6glich gewesen.<\/p><\/blockquote>\n<p>Dieses Foto bedeutet mir sehr viel, denn es steht f\u00fcr alles, was wir gemeinsam \u00fcberwunden haben, um an diesen Punkt zu gelangen.[\/vc_column_text][\/vc_column][\/vc_row][vc_row][vc_column css=&#8220;.vc_custom_1580373130143{padding-top: 30px !important;}&#8220;][vc_single_image image=&#8220;16888&#8243; img_size=&#8220;full&#8220;][\/vc_column][\/vc_row][vc_row][vc_column css=&#8220;.vc_custom_1580373141567{padding-top: 30px !important;}&#8220;][vc_column_text css=&#8220;.vc_custom_1580832361436{margin-bottom: 0px !important;}&#8220;]<\/p>\n<h3><strong>N\u00e4chster Schritt: Mutter sein<\/strong><\/h3>\n<p>Nun hat ein neuer Lebensabschnitt begonnen, als Mutter mit CI. Anfang 2020 hat unser kleiner Sonnenschein das Licht der Welt erblickt. Es gibt viele Dinge zu beachten, zum Beispiel mussten wir ein passendes Babyphon finden, das mich in der Nacht aufweckt. Ich freue mich so \u00fcber diesen neuen Abschnitt in unserem Leben und bin unendlich dankbar, all die kleinen und gro\u00dfen Ger\u00e4usche unseres Babys h\u00f6ren zu d\u00fcrfen.<\/p>\n<p>[\/vc_column_text][\/vc_column][\/vc_row][vc_row][vc_column css=&#8220;.vc_custom_1580373152095{padding-top: 30px !important;}&#8220;][vc_column_text css=&#8220;.vc_custom_1580372307206{margin-bottom: 0px !important;}&#8220;]<\/p>\n<h3><strong>Jessicas Tipp<\/strong><\/h3>\n<p>Mein Tipp f\u00fcr alle, die \u00fcber ein Implantat nachdenken: Halte deine Erwartungen niedrig und stelle dich darauf ein, dass die Rehabiliation danach viel harte Arbeit erfordert. Ich hatte gro\u00dfes Gl\u00fcck bei meiner Anpassung, aber jede Aktivierung ist anders und jeder von uns ist individuell.<\/p>\n<p>In Sachen Hochzeit: Lebe deinen Traum! Mach, was dich gl\u00fccklich macht, und genie\u00dfe den Moment. Als wir zu unserer Hochzeitsreise aufbrachen, packten wir unsere Hochzeitsoutfits mit in den Koffer, um den gro\u00dfen Tag im sch\u00f6nen Italien nachzuerleben und dort ein Fotoshooting zu machen. Das kann ich w\u00e4rmstens empfehlen![\/vc_column_text][\/vc_column][\/vc_row][vc_row][vc_column css=&#8220;.vc_custom_1580373158511{padding-top: 30px !important;}&#8220;][vc_column_text css=&#8220;.vc_custom_1582713339822{margin-bottom: 0px !important;}&#8220;]<em>Jessica ist H\u00f6rPatin in Gro\u00dfbritannien und teilt dort ihre Erfahrungen mit dem CI. Wenn Sie mit einem H\u00f6rPaten in Ihrer N\u00e4he in Kontakt treten wollen, finden Sie mehr Informationen auf der <a href=\"https:\/\/de.hearpeers.com\/\" target=\"_blank\" rel=\"noopener noreferrer\">deutschen H\u00f6rPaten Website<\/a>.<\/em><\/p>\n<p><em>Sie m\u00f6chten neue Gastbeitr\u00e4ge, Informationen zu Technologie und Tipps und Tricks f\u00fcr Ihre H\u00f6rl\u00f6sung direkt in Ihren Posteingang bekommen? Dann\u00a0<a href=\"\/?page_id=4960\" target=\"_blank\" rel=\"noopener noreferrer\">abonnieren Sie am besten gleich den MED-EL Blog<\/a>!\u00a0<\/em><\/p>\n<p>[\/vc_column_text][\/vc_column][\/vc_row]<\/p>\n","protected":false},"excerpt":{"rendered":"<p>Als Jessica und Stefan aus Gro\u00dfbritannien beschlossen zu heiraten, stellten sie sich auf eine Feier im kleinen Rahmen ein. Denn Jessicas H\u00f6rverlust machte geselliges Beisammensein in gro\u00dfen Gruppen schwierig. Gerade ihren gro\u00dfen Tag wollte sie nicht damit verbringen, st\u00e4ndig nachfragen zu m\u00fcssen.<br \/>\nAber das \u00e4nderte sich, als sie ein Cochlea-Implantat bekam. Im heutigen Gastartikel erz\u00e4hlt Jessica, wie ein Cochlea-Implantat ihr die Hochzeit erm\u00f6glichte, von der sie immer getr\u00e4umt hatte.<\/p>\n","protected":false},"author":8,"featured_media":65340,"comment_status":"open","ping_status":"open","sticky":false,"template":"","format":"standard","meta":{"footnotes":""},"categories":[2881,2881],"tags":[3666,2721,2780],"class_list":{"0":"post-46899","1":"post","2":"type-post","3":"status-publish","4":"format-standard","5":"has-post-thumbnail","6":"hentry","7":"category-gastartikel","9":"tag-ci-de","10":"tag-cochlea-implantat","11":"tag-horpaten"},"yoast_head":"<!-- This site is optimized with the Yoast SEO plugin v27.5 - https:\/\/yoast.com\/product\/yoast-seo-wordpress\/ -->\n<title>&quot;Ohne CI w\u00e4re meine Traumhochzeit unm\u00f6glich gewesen&quot;: Jessicas Geschichte - The MED-EL Blog<\/title>\n<meta name=\"description\" content=\"H\u00f6rPatin Jessica tr\u00e4umte seit jeher von einer gro\u00dfen Hochzeit, doch ihr H\u00f6rverlust hielt sie davon ab. Dank eines CIs konnte sie ihre Traumhochzeit feiern.\" \/>\n<meta name=\"robots\" content=\"index, follow, max-snippet:-1, max-image-preview:large, max-video-preview:-1\" \/>\n<link rel=\"canonical\" href=\"https:\/\/blog.medel.com\/de\/gastartikel\/ohne-ci-waere-meine-traumhochzeit-unmoeglich-gewesen-jessicas-geschichte\/\" \/>\n<meta property=\"og:locale\" content=\"de_DE\" \/>\n<meta property=\"og:type\" content=\"article\" \/>\n<meta property=\"og:title\" content=\"&quot;Ohne CI w\u00e4re meine Traumhochzeit unm\u00f6glich gewesen&quot;: Jessicas Geschichte - The MED-EL Blog\" \/>\n<meta property=\"og:description\" content=\"H\u00f6rPatin Jessica tr\u00e4umte seit jeher von einer gro\u00dfen Hochzeit, doch ihr H\u00f6rverlust hielt sie davon ab. Dank eines CIs konnte sie ihre Traumhochzeit feiern.\" \/>\n<meta property=\"og:url\" content=\"https:\/\/blog.medel.com\/de\/gastartikel\/ohne-ci-waere-meine-traumhochzeit-unmoeglich-gewesen-jessicas-geschichte\/\" \/>\n<meta property=\"og:site_name\" content=\"The MED-EL Blog\" \/>\n<meta property=\"article:published_time\" content=\"2020-06-23T08:00:18+00:00\" \/>\n<meta property=\"article:modified_time\" content=\"2023-04-05T09:02:40+00:00\" \/>\n<meta property=\"og:image\" content=\"https:\/\/blog.medel.com\/wp-content\/uploads\/2023\/03\/weddingphoto800x400-1.jpg\" \/>\n\t<meta property=\"og:image:width\" content=\"800\" \/>\n\t<meta property=\"og:image:height\" content=\"400\" \/>\n\t<meta property=\"og:image:type\" content=\"image\/jpeg\" \/>\n<meta name=\"author\" content=\"MED-EL\" \/>\n<meta name=\"twitter:card\" content=\"summary_large_image\" \/>\n<meta name=\"twitter:label1\" content=\"Verfasst von\" \/>\n\t<meta name=\"twitter:data1\" content=\"MED-EL\" \/>\n\t<meta name=\"twitter:label2\" content=\"Gesch\u00e4tzte Lesezeit\" \/>\n\t<meta name=\"twitter:data2\" content=\"8 Minuten\" \/>\n<script type=\"application\/ld+json\" class=\"yoast-schema-graph\">{\"@context\":\"https:\\\/\\\/schema.org\",\"@graph\":[{\"@type\":\"Article\",\"@id\":\"https:\\\/\\\/blog.medel.com\\\/de\\\/gastartikel\\\/ohne-ci-waere-meine-traumhochzeit-unmoeglich-gewesen-jessicas-geschichte\\\/#article\",\"isPartOf\":{\"@id\":\"https:\\\/\\\/blog.medel.com\\\/de\\\/gastartikel\\\/ohne-ci-waere-meine-traumhochzeit-unmoeglich-gewesen-jessicas-geschichte\\\/\"},\"author\":{\"name\":\"MED-EL\",\"@id\":\"https:\\\/\\\/blog.medel.com\\\/tr\\\/#\\\/schema\\\/person\\\/9f8dcfb27ec87796d874e021602c56e2\"},\"headline\":\"&#8222;Ohne CI w\u00e4re meine Traumhochzeit unm\u00f6glich gewesen&#8220;: Jessicas Geschichte\",\"datePublished\":\"2020-06-23T08:00:18+00:00\",\"dateModified\":\"2023-04-05T09:02:40+00:00\",\"mainEntityOfPage\":{\"@id\":\"https:\\\/\\\/blog.medel.com\\\/de\\\/gastartikel\\\/ohne-ci-waere-meine-traumhochzeit-unmoeglich-gewesen-jessicas-geschichte\\\/\"},\"wordCount\":1630,\"commentCount\":0,\"publisher\":{\"@id\":\"https:\\\/\\\/blog.medel.com\\\/tr\\\/#organization\"},\"image\":{\"@id\":\"https:\\\/\\\/blog.medel.com\\\/de\\\/gastartikel\\\/ohne-ci-waere-meine-traumhochzeit-unmoeglich-gewesen-jessicas-geschichte\\\/#primaryimage\"},\"thumbnailUrl\":\"https:\\\/\\\/blog.medel.com\\\/wp-content\\\/uploads\\\/2023\\\/03\\\/weddingphoto800x400-1.jpg\",\"keywords\":[\"CI\",\"Cochlea-Implantat\",\"H\u00f6rPaten\"],\"articleSection\":[\"Gastartikel\",\"Gastartikel\"],\"inLanguage\":\"de-DE\",\"potentialAction\":[{\"@type\":\"CommentAction\",\"name\":\"Comment\",\"target\":[\"https:\\\/\\\/blog.medel.com\\\/de\\\/gastartikel\\\/ohne-ci-waere-meine-traumhochzeit-unmoeglich-gewesen-jessicas-geschichte\\\/#respond\"]}]},{\"@type\":\"WebPage\",\"@id\":\"https:\\\/\\\/blog.medel.com\\\/de\\\/gastartikel\\\/ohne-ci-waere-meine-traumhochzeit-unmoeglich-gewesen-jessicas-geschichte\\\/\",\"url\":\"https:\\\/\\\/blog.medel.com\\\/de\\\/gastartikel\\\/ohne-ci-waere-meine-traumhochzeit-unmoeglich-gewesen-jessicas-geschichte\\\/\",\"name\":\"\\\"Ohne CI w\u00e4re meine Traumhochzeit unm\u00f6glich gewesen\\\": Jessicas Geschichte - The MED-EL Blog\",\"isPartOf\":{\"@id\":\"https:\\\/\\\/blog.medel.com\\\/tr\\\/#website\"},\"primaryImageOfPage\":{\"@id\":\"https:\\\/\\\/blog.medel.com\\\/de\\\/gastartikel\\\/ohne-ci-waere-meine-traumhochzeit-unmoeglich-gewesen-jessicas-geschichte\\\/#primaryimage\"},\"image\":{\"@id\":\"https:\\\/\\\/blog.medel.com\\\/de\\\/gastartikel\\\/ohne-ci-waere-meine-traumhochzeit-unmoeglich-gewesen-jessicas-geschichte\\\/#primaryimage\"},\"thumbnailUrl\":\"https:\\\/\\\/blog.medel.com\\\/wp-content\\\/uploads\\\/2023\\\/03\\\/weddingphoto800x400-1.jpg\",\"datePublished\":\"2020-06-23T08:00:18+00:00\",\"dateModified\":\"2023-04-05T09:02:40+00:00\",\"description\":\"H\u00f6rPatin Jessica tr\u00e4umte seit jeher von einer gro\u00dfen Hochzeit, doch ihr H\u00f6rverlust hielt sie davon ab. Dank eines CIs konnte sie ihre Traumhochzeit feiern.\",\"breadcrumb\":{\"@id\":\"https:\\\/\\\/blog.medel.com\\\/de\\\/gastartikel\\\/ohne-ci-waere-meine-traumhochzeit-unmoeglich-gewesen-jessicas-geschichte\\\/#breadcrumb\"},\"inLanguage\":\"de-DE\",\"potentialAction\":[{\"@type\":\"ReadAction\",\"target\":[\"https:\\\/\\\/blog.medel.com\\\/de\\\/gastartikel\\\/ohne-ci-waere-meine-traumhochzeit-unmoeglich-gewesen-jessicas-geschichte\\\/\"]}]},{\"@type\":\"ImageObject\",\"inLanguage\":\"de-DE\",\"@id\":\"https:\\\/\\\/blog.medel.com\\\/de\\\/gastartikel\\\/ohne-ci-waere-meine-traumhochzeit-unmoeglich-gewesen-jessicas-geschichte\\\/#primaryimage\",\"url\":\"https:\\\/\\\/blog.medel.com\\\/wp-content\\\/uploads\\\/2023\\\/03\\\/weddingphoto800x400-1.jpg\",\"contentUrl\":\"https:\\\/\\\/blog.medel.com\\\/wp-content\\\/uploads\\\/2023\\\/03\\\/weddingphoto800x400-1.jpg\",\"width\":800,\"height\":400},{\"@type\":\"BreadcrumbList\",\"@id\":\"https:\\\/\\\/blog.medel.com\\\/de\\\/gastartikel\\\/ohne-ci-waere-meine-traumhochzeit-unmoeglich-gewesen-jessicas-geschichte\\\/#breadcrumb\",\"itemListElement\":[{\"@type\":\"ListItem\",\"position\":1,\"name\":\"Home\",\"item\":\"https:\\\/\\\/blog.medel.com\\\/\"},{\"@type\":\"ListItem\",\"position\":2,\"name\":\"&#8222;Ohne CI w\u00e4re meine Traumhochzeit unm\u00f6glich gewesen&#8220;: Jessicas Geschichte\"}]},{\"@type\":\"WebSite\",\"@id\":\"https:\\\/\\\/blog.medel.com\\\/tr\\\/#website\",\"url\":\"https:\\\/\\\/blog.medel.com\\\/tr\\\/\",\"name\":\"The MED-EL Blog\",\"description\":\"\",\"publisher\":{\"@id\":\"https:\\\/\\\/blog.medel.com\\\/tr\\\/#organization\"},\"potentialAction\":[{\"@type\":\"SearchAction\",\"target\":{\"@type\":\"EntryPoint\",\"urlTemplate\":\"https:\\\/\\\/blog.medel.com\\\/tr\\\/?s={search_term_string}\"},\"query-input\":{\"@type\":\"PropertyValueSpecification\",\"valueRequired\":true,\"valueName\":\"search_term_string\"}}],\"inLanguage\":\"de-DE\"},{\"@type\":\"Organization\",\"@id\":\"https:\\\/\\\/blog.medel.com\\\/tr\\\/#organization\",\"name\":\"The MED-EL Blog\",\"url\":\"https:\\\/\\\/blog.medel.com\\\/tr\\\/\",\"logo\":{\"@type\":\"ImageObject\",\"inLanguage\":\"de-DE\",\"@id\":\"https:\\\/\\\/blog.medel.com\\\/tr\\\/#\\\/schema\\\/logo\\\/image\\\/\",\"url\":\"https:\\\/\\\/blog.medel.com\\\/wp-content\\\/uploads\\\/2023\\\/02\\\/MED-EL_logo_L2.png\",\"contentUrl\":\"https:\\\/\\\/blog.medel.com\\\/wp-content\\\/uploads\\\/2023\\\/02\\\/MED-EL_logo_L2.png\",\"width\":443,\"height\":200,\"caption\":\"The MED-EL Blog\"},\"image\":{\"@id\":\"https:\\\/\\\/blog.medel.com\\\/tr\\\/#\\\/schema\\\/logo\\\/image\\\/\"}},{\"@type\":\"Person\",\"@id\":\"https:\\\/\\\/blog.medel.com\\\/tr\\\/#\\\/schema\\\/person\\\/9f8dcfb27ec87796d874e021602c56e2\",\"name\":\"MED-EL\",\"sameAs\":[\"https:\\\/\\\/www.medel.com\"]}]}<\/script>\n<!-- \/ Yoast SEO plugin. -->","yoast_head_json":{"title":"\"Ohne CI w\u00e4re meine Traumhochzeit unm\u00f6glich gewesen\": Jessicas Geschichte - The MED-EL Blog","description":"H\u00f6rPatin Jessica tr\u00e4umte seit jeher von einer gro\u00dfen Hochzeit, doch ihr H\u00f6rverlust hielt sie davon ab. Dank eines CIs konnte sie ihre Traumhochzeit feiern.","robots":{"index":"index","follow":"follow","max-snippet":"max-snippet:-1","max-image-preview":"max-image-preview:large","max-video-preview":"max-video-preview:-1"},"canonical":"https:\/\/blog.medel.com\/de\/gastartikel\/ohne-ci-waere-meine-traumhochzeit-unmoeglich-gewesen-jessicas-geschichte\/","og_locale":"de_DE","og_type":"article","og_title":"\"Ohne CI w\u00e4re meine Traumhochzeit unm\u00f6glich gewesen\": Jessicas Geschichte - The MED-EL Blog","og_description":"H\u00f6rPatin Jessica tr\u00e4umte seit jeher von einer gro\u00dfen Hochzeit, doch ihr H\u00f6rverlust hielt sie davon ab. Dank eines CIs konnte sie ihre Traumhochzeit feiern.","og_url":"https:\/\/blog.medel.com\/de\/gastartikel\/ohne-ci-waere-meine-traumhochzeit-unmoeglich-gewesen-jessicas-geschichte\/","og_site_name":"The MED-EL Blog","article_published_time":"2020-06-23T08:00:18+00:00","article_modified_time":"2023-04-05T09:02:40+00:00","og_image":[{"width":800,"height":400,"url":"https:\/\/blog.medel.com\/wp-content\/uploads\/2023\/03\/weddingphoto800x400-1.jpg","type":"image\/jpeg"}],"author":"MED-EL","twitter_card":"summary_large_image","twitter_misc":{"Verfasst von":"MED-EL","Gesch\u00e4tzte Lesezeit":"8 Minuten"},"schema":{"@context":"https:\/\/schema.org","@graph":[{"@type":"Article","@id":"https:\/\/blog.medel.com\/de\/gastartikel\/ohne-ci-waere-meine-traumhochzeit-unmoeglich-gewesen-jessicas-geschichte\/#article","isPartOf":{"@id":"https:\/\/blog.medel.com\/de\/gastartikel\/ohne-ci-waere-meine-traumhochzeit-unmoeglich-gewesen-jessicas-geschichte\/"},"author":{"name":"MED-EL","@id":"https:\/\/blog.medel.com\/tr\/#\/schema\/person\/9f8dcfb27ec87796d874e021602c56e2"},"headline":"&#8222;Ohne CI w\u00e4re meine Traumhochzeit unm\u00f6glich gewesen&#8220;: Jessicas Geschichte","datePublished":"2020-06-23T08:00:18+00:00","dateModified":"2023-04-05T09:02:40+00:00","mainEntityOfPage":{"@id":"https:\/\/blog.medel.com\/de\/gastartikel\/ohne-ci-waere-meine-traumhochzeit-unmoeglich-gewesen-jessicas-geschichte\/"},"wordCount":1630,"commentCount":0,"publisher":{"@id":"https:\/\/blog.medel.com\/tr\/#organization"},"image":{"@id":"https:\/\/blog.medel.com\/de\/gastartikel\/ohne-ci-waere-meine-traumhochzeit-unmoeglich-gewesen-jessicas-geschichte\/#primaryimage"},"thumbnailUrl":"https:\/\/blog.medel.com\/wp-content\/uploads\/2023\/03\/weddingphoto800x400-1.jpg","keywords":["CI","Cochlea-Implantat","H\u00f6rPaten"],"articleSection":["Gastartikel","Gastartikel"],"inLanguage":"de-DE","potentialAction":[{"@type":"CommentAction","name":"Comment","target":["https:\/\/blog.medel.com\/de\/gastartikel\/ohne-ci-waere-meine-traumhochzeit-unmoeglich-gewesen-jessicas-geschichte\/#respond"]}]},{"@type":"WebPage","@id":"https:\/\/blog.medel.com\/de\/gastartikel\/ohne-ci-waere-meine-traumhochzeit-unmoeglich-gewesen-jessicas-geschichte\/","url":"https:\/\/blog.medel.com\/de\/gastartikel\/ohne-ci-waere-meine-traumhochzeit-unmoeglich-gewesen-jessicas-geschichte\/","name":"\"Ohne CI w\u00e4re meine Traumhochzeit unm\u00f6glich gewesen\": Jessicas Geschichte - The MED-EL Blog","isPartOf":{"@id":"https:\/\/blog.medel.com\/tr\/#website"},"primaryImageOfPage":{"@id":"https:\/\/blog.medel.com\/de\/gastartikel\/ohne-ci-waere-meine-traumhochzeit-unmoeglich-gewesen-jessicas-geschichte\/#primaryimage"},"image":{"@id":"https:\/\/blog.medel.com\/de\/gastartikel\/ohne-ci-waere-meine-traumhochzeit-unmoeglich-gewesen-jessicas-geschichte\/#primaryimage"},"thumbnailUrl":"https:\/\/blog.medel.com\/wp-content\/uploads\/2023\/03\/weddingphoto800x400-1.jpg","datePublished":"2020-06-23T08:00:18+00:00","dateModified":"2023-04-05T09:02:40+00:00","description":"H\u00f6rPatin Jessica tr\u00e4umte seit jeher von einer gro\u00dfen Hochzeit, doch ihr H\u00f6rverlust hielt sie davon ab. Dank eines CIs konnte sie ihre Traumhochzeit feiern.","breadcrumb":{"@id":"https:\/\/blog.medel.com\/de\/gastartikel\/ohne-ci-waere-meine-traumhochzeit-unmoeglich-gewesen-jessicas-geschichte\/#breadcrumb"},"inLanguage":"de-DE","potentialAction":[{"@type":"ReadAction","target":["https:\/\/blog.medel.com\/de\/gastartikel\/ohne-ci-waere-meine-traumhochzeit-unmoeglich-gewesen-jessicas-geschichte\/"]}]},{"@type":"ImageObject","inLanguage":"de-DE","@id":"https:\/\/blog.medel.com\/de\/gastartikel\/ohne-ci-waere-meine-traumhochzeit-unmoeglich-gewesen-jessicas-geschichte\/#primaryimage","url":"https:\/\/blog.medel.com\/wp-content\/uploads\/2023\/03\/weddingphoto800x400-1.jpg","contentUrl":"https:\/\/blog.medel.com\/wp-content\/uploads\/2023\/03\/weddingphoto800x400-1.jpg","width":800,"height":400},{"@type":"BreadcrumbList","@id":"https:\/\/blog.medel.com\/de\/gastartikel\/ohne-ci-waere-meine-traumhochzeit-unmoeglich-gewesen-jessicas-geschichte\/#breadcrumb","itemListElement":[{"@type":"ListItem","position":1,"name":"Home","item":"https:\/\/blog.medel.com\/"},{"@type":"ListItem","position":2,"name":"&#8222;Ohne CI w\u00e4re meine Traumhochzeit unm\u00f6glich gewesen&#8220;: Jessicas Geschichte"}]},{"@type":"WebSite","@id":"https:\/\/blog.medel.com\/tr\/#website","url":"https:\/\/blog.medel.com\/tr\/","name":"The MED-EL Blog","description":"","publisher":{"@id":"https:\/\/blog.medel.com\/tr\/#organization"},"potentialAction":[{"@type":"SearchAction","target":{"@type":"EntryPoint","urlTemplate":"https:\/\/blog.medel.com\/tr\/?s={search_term_string}"},"query-input":{"@type":"PropertyValueSpecification","valueRequired":true,"valueName":"search_term_string"}}],"inLanguage":"de-DE"},{"@type":"Organization","@id":"https:\/\/blog.medel.com\/tr\/#organization","name":"The MED-EL Blog","url":"https:\/\/blog.medel.com\/tr\/","logo":{"@type":"ImageObject","inLanguage":"de-DE","@id":"https:\/\/blog.medel.com\/tr\/#\/schema\/logo\/image\/","url":"https:\/\/blog.medel.com\/wp-content\/uploads\/2023\/02\/MED-EL_logo_L2.png","contentUrl":"https:\/\/blog.medel.com\/wp-content\/uploads\/2023\/02\/MED-EL_logo_L2.png","width":443,"height":200,"caption":"The MED-EL Blog"},"image":{"@id":"https:\/\/blog.medel.com\/tr\/#\/schema\/logo\/image\/"}},{"@type":"Person","@id":"https:\/\/blog.medel.com\/tr\/#\/schema\/person\/9f8dcfb27ec87796d874e021602c56e2","name":"MED-EL","sameAs":["https:\/\/www.medel.com"]}]}},"_links":{"self":[{"href":"https:\/\/blog.medel.com\/de\/wp-json\/wp\/v2\/posts\/46899","targetHints":{"allow":["GET"]}}],"collection":[{"href":"https:\/\/blog.medel.com\/de\/wp-json\/wp\/v2\/posts"}],"about":[{"href":"https:\/\/blog.medel.com\/de\/wp-json\/wp\/v2\/types\/post"}],"author":[{"embeddable":true,"href":"https:\/\/blog.medel.com\/de\/wp-json\/wp\/v2\/users\/8"}],"replies":[{"embeddable":true,"href":"https:\/\/blog.medel.com\/de\/wp-json\/wp\/v2\/comments?post=46899"}],"version-history":[{"count":4,"href":"https:\/\/blog.medel.com\/de\/wp-json\/wp\/v2\/posts\/46899\/revisions"}],"predecessor-version":[{"id":75460,"href":"https:\/\/blog.medel.com\/de\/wp-json\/wp\/v2\/posts\/46899\/revisions\/75460"}],"wp:featuredmedia":[{"embeddable":true,"href":"https:\/\/blog.medel.com\/de\/wp-json\/wp\/v2\/media\/65340"}],"wp:attachment":[{"href":"https:\/\/blog.medel.com\/de\/wp-json\/wp\/v2\/media?parent=46899"}],"wp:term":[{"taxonomy":"category","embeddable":true,"href":"https:\/\/blog.medel.com\/de\/wp-json\/wp\/v2\/categories?post=46899"},{"taxonomy":"post_tag","embeddable":true,"href":"https:\/\/blog.medel.com\/de\/wp-json\/wp\/v2\/tags?post=46899"}],"curies":[{"name":"wp","href":"https:\/\/api.w.org\/{rel}","templated":true}]}}