{"id":46892,"date":"2020-02-17T11:10:06","date_gmt":"2020-02-17T11:10:06","guid":{"rendered":"https:\/\/blog.medel.com\/unkategorisiert\/emilia-in-costa-rica-teil-3\/"},"modified":"2023-04-05T09:02:29","modified_gmt":"2023-04-05T09:02:29","slug":"emilia-in-costa-rica-teil-3","status":"publish","type":"post","link":"https:\/\/blog.medel.com\/de\/gastartikel\/emilia-in-costa-rica-teil-3\/","title":{"rendered":"Emilia in Costa Rica \u2013 Teil 3"},"content":{"rendered":"<p><em>Schon Halbzeit bei Emilia in Costa Rica. W\u00e4hrend wir Weihnachten gefeiert haben, hatte sie Sommerferien, die sie toll genutzt hat: Surf Camp, Schwimmen, Regenwald, Mitarbeit in einem Schildkr\u00f6ten-Projekt und dazu jede Menge anderer wilder Tiere\u2026lest und selbst!<\/em><\/p>\n<p>&nbsp;<\/p>\n<p>N\u00e4chste Woche bin ich schon ein halbes Jahr in Costa Rica. Ich h\u00e4tte niemals gedacht, dass ein halbes Jahr so schnell vergehen kann! Nat\u00fcrlich habe ich seit dem letzten Beitrag auch wieder Einiges erlebt. Ich habe zum Beispiel mit Freunden meinen Geburtstag in meinem Lieblingscafe nachgefeiert oder war zum Beispiel auch im Nationalmuseum und auf einer Kirmes auf der es sogar Stierk\u00e4mpfe gab! Am ersten Dezember habe ich mich dann schlie\u00dflich auf den Weg zum lang herbeigesehnten Surf-Camp gemacht, wo ich mit anderen Austauschsch\u00fclern gemeinsam hingefahren bin.<\/p>\n<p><img loading=\"lazy\" decoding=\"async\" class=\"alignnone size-medium wp-image-19749\" src=\"https:\/\/blog.medel.com\/wp-content\/uploads\/2020\/02\/7aef3cc9-0306-4455-ae70-6147a8422690-300x225.jpg\" alt=\"\" width=\"300\" height=\"225\" \/>\u00a0 <img loading=\"lazy\" decoding=\"async\" class=\"alignnone size-medium wp-image-19803\" src=\"https:\/\/blog.medel.com\/wp-content\/uploads\/2020\/02\/9c7361a2-e6f2-4e65-9063-def5c40cef19-300x225.jpg\" alt=\"\" width=\"300\" height=\"225\" \/><\/p>\n<p>Das Surfcamp war in Santa Teresa, was in der Provinz Puntarenas auf der Nicoya Halbinsel im Nordwesten des Landes liegt.\u00a0 Von dem Haus aus, in dem wir untergebracht waren, konnte man sowohl den Regenwald, wo \u00fcberall Br\u00fcllaffen zu sehen und auch zu h\u00f6ren waren, als auch das Meer gut sehen. Das war allerdings noch nicht alles, was das Haus zu bieten hatte. Es gab auch einen Pool, sowie eine \u201eChill-Area\u201c die beispielsweise ein Netz, das man \u00fcber eine Leiter erreichen konnte, zu bieten hatte. Selbstverst\u00e4ndlich haben wir uns an diesen Orten sehr gerne und oft aufgehalten. Ansonsten sah unser Tagesablauf wie folgt aus: Wir haben den Tag mit einem entspannten Fr\u00fchst\u00fcck\u00a0 gestartet und sind danach mit unseren\u00a0 Surfbrettern zum Strand runtergelaufen, oder wurden hinten auf einem Pick Up zum Strand mitgenommen. Wir haben dort immer zuerst im Trockenen ge\u00fcbt, wie man zum Beispiel auf dem Surfbrett stehen muss, oder auch wie man aufsteht. Dann ging es immer f\u00fcr circa 2-3 Stunden ins Wasser. Mittags wurde dann im Haus gegessen und nat\u00fcrlich entspannt. Nachmittags haben wir uns meistens dazu entschieden nochmal surfen zu gehen, Allerdings ohne Surflehrer, da diese uns nur morgens unterrichteten. Abends sind wir in Restaurants gegangen, haben gegrillt oder gekocht. Manchmal sind wir auch schnorcheln gewesen. Leider war das Surf Camp nach einer Woche auch schon vorbei.<\/p>\n<p><img loading=\"lazy\" decoding=\"async\" class=\"alignnone size-medium wp-image-19796\" src=\"https:\/\/blog.medel.com\/wp-content\/uploads\/2020\/02\/8bf683da-d01b-486b-a2ae-6541c9eee96e-225x300.jpg\" alt=\"\" width=\"225\" height=\"300\" \/>\u00a0 <img loading=\"lazy\" decoding=\"async\" class=\"alignnone size-medium wp-image-19735\" src=\"https:\/\/blog.medel.com\/wp-content\/uploads\/2020\/02\/1be29a6f-d881-4359-b815-2046b2d812e5-169x300.jpg\" alt=\"\" width=\"169\" height=\"300\" \/><\/p>\n<p>Allerdings ging es nicht wieder nach Hause, sondern nach Montezuma, was auch in Puntarenas ist. Dies ist ein Schildkr\u00f6tenprojekt, das dem Erhalt von vor dem Aussterben bedrohten Schildkr\u00f6tenarten dient, in dem ich zwei Wochen verbracht habe. Es unterschied sich auf jeden Fall ziemlich stark vom Surf Camp. Das coole an diesem Projekt war, dass dort sehr viele wilde Tiere, wie Leguane oder Affen waren. Ein Affe hat sogar meine Cracker geklaut! Hier haben wir zu Zehnt auf einem kleinen Dachboden geschlafen, was mich aber gar nicht so arg gest\u00f6rt hat. Was mich mehr gest\u00f6rt hat war, dass es dort so gut wie keinen Strom gab, was hie\u00df, dass ich mein Rondo 2 nicht aufladen konnte.<\/p>\n<p><img loading=\"lazy\" decoding=\"async\" class=\"alignnone size-medium wp-image-19770\" src=\"https:\/\/blog.medel.com\/wp-content\/uploads\/2020\/02\/7131962e-224a-43cc-874c-ea7bc1ceaa5f-225x300.jpg\" alt=\"\" width=\"225\" height=\"300\" \/>\u00a0 <img loading=\"lazy\" decoding=\"async\" class=\"alignnone size-medium wp-image-19763\" src=\"https:\/\/blog.medel.com\/wp-content\/uploads\/2020\/02\/08611eec-948a-41e1-9749-090eb3d85bd7-169x300.jpg\" alt=\"\" width=\"169\" height=\"300\" \/><\/p>\n<p>Also habe ich zwei Wochen lang nur auf einem Ohr geh\u00f6rt. Das hat mich ziemlich genervt, weil ich mich beim Zuh\u00f6ren viel st\u00e4rker konzentrieren musste. Sonst war es mit meiner Taubheit nie wirklich ein gro\u00dfes Thema , auch wenn man nat\u00fcrlich trotzdem manchmal Fragen dazu gestellt bekommt. Ich erz\u00e4hle dann immer von den ganzen Vorteilen, wie dass man gratis \u00f6ffentliche Verkehrsmittel nutzen kann oder auch umsonst ins Phantasialand kommt. Naja, Jedenfalls was die Arbeit betraf in dem Projekt hatte ich es mir irgendwie anders vorgestellt, da wir ziemlich viel Gartenarbeit machen mussten, die sich allerdings im Wald abspielte. Wir mussten dort die Wege in standhalten und das manchmal zweimal am Tag f\u00fcr mehrere Stunden. Aber letztendlich hatten wir dann doch noch genug Zeit, die wir nutzen konnten f\u00fcr andere Dinge wie frisch geschl\u00fcpfte Schildkr\u00f6ten aus den Nestern holen, sie ins Meer aussetzen oder auch um selber im Meer schwimmen zu gehen. Auch nicht weit entfernt von uns gab es eine Menge Wasserf\u00e4lle zu denen wir auch sehr gerne gegangen sind. In der zweiten Woche sind wir sogar zu einem etwas weiter entfernten Wasserfall gewandert, der direkt ins Meer m\u00fcndete. Ansonsten gab es auch noch die Nachtschichten, wo man f\u00fcr vier Stunden jeweils nachts die Schildkr\u00f6tennester \u00fcberwacht, was in anderen Worten bedeutete, in einer H\u00e4ngematte liegen, Sterne beobachten und ab und zu nachschauen ob eine neue Schildkr\u00f6te geschl\u00fcpft ist. Nach zwei Wochen war all das auch wieder vorbei und es ging zur\u00fcck zu meiner Gastfamilie, da ja auch Weihnachten und Silvester anstand.<\/p>\n<p><img loading=\"lazy\" decoding=\"async\" class=\"alignnone size-medium wp-image-19756\" src=\"https:\/\/blog.medel.com\/wp-content\/uploads\/2020\/02\/61aa13d4-6bab-4661-b853-cc312347d500-225x300.jpg\" alt=\"\" width=\"225\" height=\"300\" \/>\u00a0 <img loading=\"lazy\" decoding=\"async\" class=\"alignnone size-medium wp-image-19728\" src=\"https:\/\/blog.medel.com\/wp-content\/uploads\/2020\/02\/fae15905-10f3-4a13-b7b9-934aa4df1d3c-225x300.jpg\" alt=\"\" width=\"225\" height=\"300\" \/>\u00a0 <img loading=\"lazy\" decoding=\"async\" class=\"alignnone size-medium wp-image-19742\" src=\"https:\/\/blog.medel.com\/wp-content\/uploads\/2020\/02\/6b4ba31f-22b2-47c6-a5ff-d9dcaef605bc-225x300.jpg\" alt=\"\" width=\"225\" height=\"300\" \/><\/p>\n<p>Au\u00dfer mir war au\u00dferdem noch die Austauschsch\u00fclerin da, die vor drei Jahren in meiner Gastfamilie gelebt hat. Zusammen haben wir dann zum Beispiel Pl\u00e4tzchen gebacken. Am 5. Januar fuhr ich dann wieder mit anderen Austauschsch\u00fclern in eine Tierauffangstation, wo es mir wirklich gut gefallen hat. Es gab dort einige exotische Tiere, wie Faultiere, Papageien, einige Affenarten, Waschb\u00e4ren, Nasenb\u00e4ren und noch einige mehr. Zu unseren Aufgaben z\u00e4hlte Essen f\u00fcr die Tiere zuzubereiten, ihre Gehege reinigen, neue Spielzeuge f\u00fcr sie zu bauen, oder das Essen f\u00fcr uns zuzubereiten. Es war also wirklich keine harte Arbeit und hat Spa\u00df gemacht. Wir hatten auch sehr viel Freizeit, die wir dann im Pool,\u00a0 oder in einer H\u00e4ngematte verbracht haben. Im Pool konnte ich auch meine WaterWear f\u00fcrs CI tragen, da sie endlich per Post in Costa Rica angekommen ist. Das hat sehr gut geklappt und ich konnte nun auch im Wasser mit meinen Freunden kommunizieren.\u00a0 Zum Abschluss der Woche haben wir noch einen Abend mit Marshmallows am Lagerfeuer gemacht. Ich w\u00e4re gerne noch l\u00e4nger geblieben, allerdings hatte ich mich vorher leider nur f\u00fcr eine Woche angemeldet. Jetzt bin ich wieder in San Jose bei meiner Gastfamilie, der Alltag ist eingekehrt und die Sommerferien neigen sich dem Ende zu.<\/p>\n","protected":false},"excerpt":{"rendered":"<p>Schon Halbzeit bei Emilia in Costa Rica. W\u00e4hrend wir Weihnachten gefeiert haben, hatte sie Sommerferien, die sie toll genutzt hat: Surf Camp, Schwimmen, Regenwald, Mitarbeit in einem Schildkr\u00f6ten-Projekt und dazu jede Menge anderer wilder Tiere\u2026lest und selbst! &nbsp; N\u00e4chste Woche bin ich schon ein halbes Jahr in Costa Rica. Ich h\u00e4tte niemals gedacht, dass ein [&hellip;]<\/p>\n","protected":false},"author":8,"featured_media":65277,"comment_status":"open","ping_status":"open","sticky":false,"template":"","format":"standard","meta":{"footnotes":""},"categories":[2881],"tags":[],"class_list":["post-46892","post","type-post","status-publish","format-standard","has-post-thumbnail","hentry","category-gastartikel"],"yoast_head":"<!-- This site is optimized with the Yoast SEO plugin v27.5 - https:\/\/yoast.com\/product\/yoast-seo-wordpress\/ -->\n<title>Emilia in Costa Rica \u2013 Teil 3 - The MED-EL Blog<\/title>\n<meta name=\"robots\" content=\"index, follow, max-snippet:-1, max-image-preview:large, max-video-preview:-1\" \/>\n<link rel=\"canonical\" href=\"https:\/\/blog.medel.com\/de\/gastartikel\/emilia-in-costa-rica-teil-3\/\" \/>\n<meta property=\"og:locale\" content=\"de_DE\" \/>\n<meta property=\"og:type\" content=\"article\" \/>\n<meta property=\"og:title\" content=\"Emilia in Costa Rica \u2013 Teil 3 - The MED-EL Blog\" \/>\n<meta property=\"og:description\" content=\"Schon Halbzeit bei Emilia in Costa Rica. W\u00e4hrend wir Weihnachten gefeiert haben, hatte sie Sommerferien, die sie toll genutzt hat: Surf Camp, Schwimmen, Regenwald, Mitarbeit in einem Schildkr\u00f6ten-Projekt und dazu jede Menge anderer wilder Tiere\u2026lest und selbst! &nbsp; N\u00e4chste Woche bin ich schon ein halbes Jahr in Costa Rica. Ich h\u00e4tte niemals gedacht, dass ein [&hellip;]\" \/>\n<meta property=\"og:url\" content=\"https:\/\/blog.medel.com\/de\/gastartikel\/emilia-in-costa-rica-teil-3\/\" \/>\n<meta property=\"og:site_name\" content=\"The MED-EL Blog\" \/>\n<meta property=\"article:published_time\" content=\"2020-02-17T11:10:06+00:00\" \/>\n<meta property=\"article:modified_time\" content=\"2023-04-05T09:02:29+00:00\" \/>\n<meta property=\"og:image\" content=\"https:\/\/blog.medel.com\/wp-content\/uploads\/2023\/03\/emilia-sticker-final-2.jpg\" \/>\n\t<meta property=\"og:image:width\" content=\"584\" \/>\n\t<meta property=\"og:image:height\" content=\"637\" \/>\n\t<meta property=\"og:image:type\" content=\"image\/jpeg\" \/>\n<meta name=\"author\" content=\"MED-EL\" \/>\n<meta name=\"twitter:card\" content=\"summary_large_image\" \/>\n<meta name=\"twitter:label1\" content=\"Verfasst von\" \/>\n\t<meta name=\"twitter:data1\" content=\"MED-EL\" \/>\n\t<meta name=\"twitter:label2\" content=\"Gesch\u00e4tzte Lesezeit\" \/>\n\t<meta name=\"twitter:data2\" content=\"5 Minuten\" \/>\n<script type=\"application\/ld+json\" class=\"yoast-schema-graph\">{\"@context\":\"https:\\\/\\\/schema.org\",\"@graph\":[{\"@type\":\"Article\",\"@id\":\"https:\\\/\\\/blog.medel.com\\\/de\\\/gastartikel\\\/emilia-in-costa-rica-teil-3\\\/#article\",\"isPartOf\":{\"@id\":\"https:\\\/\\\/blog.medel.com\\\/de\\\/gastartikel\\\/emilia-in-costa-rica-teil-3\\\/\"},\"author\":{\"name\":\"MED-EL\",\"@id\":\"https:\\\/\\\/blog.medel.com\\\/tr\\\/#\\\/schema\\\/person\\\/9f8dcfb27ec87796d874e021602c56e2\"},\"headline\":\"Emilia in Costa Rica \u2013 Teil 3\",\"datePublished\":\"2020-02-17T11:10:06+00:00\",\"dateModified\":\"2023-04-05T09:02:29+00:00\",\"mainEntityOfPage\":{\"@id\":\"https:\\\/\\\/blog.medel.com\\\/de\\\/gastartikel\\\/emilia-in-costa-rica-teil-3\\\/\"},\"wordCount\":970,\"commentCount\":0,\"publisher\":{\"@id\":\"https:\\\/\\\/blog.medel.com\\\/tr\\\/#organization\"},\"image\":{\"@id\":\"https:\\\/\\\/blog.medel.com\\\/de\\\/gastartikel\\\/emilia-in-costa-rica-teil-3\\\/#primaryimage\"},\"thumbnailUrl\":\"https:\\\/\\\/blog.medel.com\\\/wp-content\\\/uploads\\\/2023\\\/03\\\/emilia-sticker-final-2.jpg\",\"articleSection\":[\"Gastartikel\"],\"inLanguage\":\"de-DE\",\"potentialAction\":[{\"@type\":\"CommentAction\",\"name\":\"Comment\",\"target\":[\"https:\\\/\\\/blog.medel.com\\\/de\\\/gastartikel\\\/emilia-in-costa-rica-teil-3\\\/#respond\"]}]},{\"@type\":\"WebPage\",\"@id\":\"https:\\\/\\\/blog.medel.com\\\/de\\\/gastartikel\\\/emilia-in-costa-rica-teil-3\\\/\",\"url\":\"https:\\\/\\\/blog.medel.com\\\/de\\\/gastartikel\\\/emilia-in-costa-rica-teil-3\\\/\",\"name\":\"Emilia in Costa Rica \u2013 Teil 3 - The MED-EL Blog\",\"isPartOf\":{\"@id\":\"https:\\\/\\\/blog.medel.com\\\/tr\\\/#website\"},\"primaryImageOfPage\":{\"@id\":\"https:\\\/\\\/blog.medel.com\\\/de\\\/gastartikel\\\/emilia-in-costa-rica-teil-3\\\/#primaryimage\"},\"image\":{\"@id\":\"https:\\\/\\\/blog.medel.com\\\/de\\\/gastartikel\\\/emilia-in-costa-rica-teil-3\\\/#primaryimage\"},\"thumbnailUrl\":\"https:\\\/\\\/blog.medel.com\\\/wp-content\\\/uploads\\\/2023\\\/03\\\/emilia-sticker-final-2.jpg\",\"datePublished\":\"2020-02-17T11:10:06+00:00\",\"dateModified\":\"2023-04-05T09:02:29+00:00\",\"breadcrumb\":{\"@id\":\"https:\\\/\\\/blog.medel.com\\\/de\\\/gastartikel\\\/emilia-in-costa-rica-teil-3\\\/#breadcrumb\"},\"inLanguage\":\"de-DE\",\"potentialAction\":[{\"@type\":\"ReadAction\",\"target\":[\"https:\\\/\\\/blog.medel.com\\\/de\\\/gastartikel\\\/emilia-in-costa-rica-teil-3\\\/\"]}]},{\"@type\":\"ImageObject\",\"inLanguage\":\"de-DE\",\"@id\":\"https:\\\/\\\/blog.medel.com\\\/de\\\/gastartikel\\\/emilia-in-costa-rica-teil-3\\\/#primaryimage\",\"url\":\"https:\\\/\\\/blog.medel.com\\\/wp-content\\\/uploads\\\/2023\\\/03\\\/emilia-sticker-final-2.jpg\",\"contentUrl\":\"https:\\\/\\\/blog.medel.com\\\/wp-content\\\/uploads\\\/2023\\\/03\\\/emilia-sticker-final-2.jpg\",\"width\":584,\"height\":637},{\"@type\":\"BreadcrumbList\",\"@id\":\"https:\\\/\\\/blog.medel.com\\\/de\\\/gastartikel\\\/emilia-in-costa-rica-teil-3\\\/#breadcrumb\",\"itemListElement\":[{\"@type\":\"ListItem\",\"position\":1,\"name\":\"Home\",\"item\":\"https:\\\/\\\/blog.medel.com\\\/\"},{\"@type\":\"ListItem\",\"position\":2,\"name\":\"Emilia in Costa Rica \u2013 Teil 3\"}]},{\"@type\":\"WebSite\",\"@id\":\"https:\\\/\\\/blog.medel.com\\\/tr\\\/#website\",\"url\":\"https:\\\/\\\/blog.medel.com\\\/tr\\\/\",\"name\":\"The MED-EL Blog\",\"description\":\"\",\"publisher\":{\"@id\":\"https:\\\/\\\/blog.medel.com\\\/tr\\\/#organization\"},\"potentialAction\":[{\"@type\":\"SearchAction\",\"target\":{\"@type\":\"EntryPoint\",\"urlTemplate\":\"https:\\\/\\\/blog.medel.com\\\/tr\\\/?s={search_term_string}\"},\"query-input\":{\"@type\":\"PropertyValueSpecification\",\"valueRequired\":true,\"valueName\":\"search_term_string\"}}],\"inLanguage\":\"de-DE\"},{\"@type\":\"Organization\",\"@id\":\"https:\\\/\\\/blog.medel.com\\\/tr\\\/#organization\",\"name\":\"The MED-EL Blog\",\"url\":\"https:\\\/\\\/blog.medel.com\\\/tr\\\/\",\"logo\":{\"@type\":\"ImageObject\",\"inLanguage\":\"de-DE\",\"@id\":\"https:\\\/\\\/blog.medel.com\\\/tr\\\/#\\\/schema\\\/logo\\\/image\\\/\",\"url\":\"https:\\\/\\\/blog.medel.com\\\/wp-content\\\/uploads\\\/2023\\\/02\\\/MED-EL_logo_L2.png\",\"contentUrl\":\"https:\\\/\\\/blog.medel.com\\\/wp-content\\\/uploads\\\/2023\\\/02\\\/MED-EL_logo_L2.png\",\"width\":443,\"height\":200,\"caption\":\"The MED-EL Blog\"},\"image\":{\"@id\":\"https:\\\/\\\/blog.medel.com\\\/tr\\\/#\\\/schema\\\/logo\\\/image\\\/\"}},{\"@type\":\"Person\",\"@id\":\"https:\\\/\\\/blog.medel.com\\\/tr\\\/#\\\/schema\\\/person\\\/9f8dcfb27ec87796d874e021602c56e2\",\"name\":\"MED-EL\",\"sameAs\":[\"https:\\\/\\\/www.medel.com\"]}]}<\/script>\n<!-- \/ Yoast SEO plugin. -->","yoast_head_json":{"title":"Emilia in Costa Rica \u2013 Teil 3 - The MED-EL Blog","robots":{"index":"index","follow":"follow","max-snippet":"max-snippet:-1","max-image-preview":"max-image-preview:large","max-video-preview":"max-video-preview:-1"},"canonical":"https:\/\/blog.medel.com\/de\/gastartikel\/emilia-in-costa-rica-teil-3\/","og_locale":"de_DE","og_type":"article","og_title":"Emilia in Costa Rica \u2013 Teil 3 - The MED-EL Blog","og_description":"Schon Halbzeit bei Emilia in Costa Rica. W\u00e4hrend wir Weihnachten gefeiert haben, hatte sie Sommerferien, die sie toll genutzt hat: Surf Camp, Schwimmen, Regenwald, Mitarbeit in einem Schildkr\u00f6ten-Projekt und dazu jede Menge anderer wilder Tiere\u2026lest und selbst! &nbsp; N\u00e4chste Woche bin ich schon ein halbes Jahr in Costa Rica. Ich h\u00e4tte niemals gedacht, dass ein [&hellip;]","og_url":"https:\/\/blog.medel.com\/de\/gastartikel\/emilia-in-costa-rica-teil-3\/","og_site_name":"The MED-EL Blog","article_published_time":"2020-02-17T11:10:06+00:00","article_modified_time":"2023-04-05T09:02:29+00:00","og_image":[{"width":584,"height":637,"url":"https:\/\/blog.medel.com\/wp-content\/uploads\/2023\/03\/emilia-sticker-final-2.jpg","type":"image\/jpeg"}],"author":"MED-EL","twitter_card":"summary_large_image","twitter_misc":{"Verfasst von":"MED-EL","Gesch\u00e4tzte Lesezeit":"5 Minuten"},"schema":{"@context":"https:\/\/schema.org","@graph":[{"@type":"Article","@id":"https:\/\/blog.medel.com\/de\/gastartikel\/emilia-in-costa-rica-teil-3\/#article","isPartOf":{"@id":"https:\/\/blog.medel.com\/de\/gastartikel\/emilia-in-costa-rica-teil-3\/"},"author":{"name":"MED-EL","@id":"https:\/\/blog.medel.com\/tr\/#\/schema\/person\/9f8dcfb27ec87796d874e021602c56e2"},"headline":"Emilia in Costa Rica \u2013 Teil 3","datePublished":"2020-02-17T11:10:06+00:00","dateModified":"2023-04-05T09:02:29+00:00","mainEntityOfPage":{"@id":"https:\/\/blog.medel.com\/de\/gastartikel\/emilia-in-costa-rica-teil-3\/"},"wordCount":970,"commentCount":0,"publisher":{"@id":"https:\/\/blog.medel.com\/tr\/#organization"},"image":{"@id":"https:\/\/blog.medel.com\/de\/gastartikel\/emilia-in-costa-rica-teil-3\/#primaryimage"},"thumbnailUrl":"https:\/\/blog.medel.com\/wp-content\/uploads\/2023\/03\/emilia-sticker-final-2.jpg","articleSection":["Gastartikel"],"inLanguage":"de-DE","potentialAction":[{"@type":"CommentAction","name":"Comment","target":["https:\/\/blog.medel.com\/de\/gastartikel\/emilia-in-costa-rica-teil-3\/#respond"]}]},{"@type":"WebPage","@id":"https:\/\/blog.medel.com\/de\/gastartikel\/emilia-in-costa-rica-teil-3\/","url":"https:\/\/blog.medel.com\/de\/gastartikel\/emilia-in-costa-rica-teil-3\/","name":"Emilia in Costa Rica \u2013 Teil 3 - The MED-EL Blog","isPartOf":{"@id":"https:\/\/blog.medel.com\/tr\/#website"},"primaryImageOfPage":{"@id":"https:\/\/blog.medel.com\/de\/gastartikel\/emilia-in-costa-rica-teil-3\/#primaryimage"},"image":{"@id":"https:\/\/blog.medel.com\/de\/gastartikel\/emilia-in-costa-rica-teil-3\/#primaryimage"},"thumbnailUrl":"https:\/\/blog.medel.com\/wp-content\/uploads\/2023\/03\/emilia-sticker-final-2.jpg","datePublished":"2020-02-17T11:10:06+00:00","dateModified":"2023-04-05T09:02:29+00:00","breadcrumb":{"@id":"https:\/\/blog.medel.com\/de\/gastartikel\/emilia-in-costa-rica-teil-3\/#breadcrumb"},"inLanguage":"de-DE","potentialAction":[{"@type":"ReadAction","target":["https:\/\/blog.medel.com\/de\/gastartikel\/emilia-in-costa-rica-teil-3\/"]}]},{"@type":"ImageObject","inLanguage":"de-DE","@id":"https:\/\/blog.medel.com\/de\/gastartikel\/emilia-in-costa-rica-teil-3\/#primaryimage","url":"https:\/\/blog.medel.com\/wp-content\/uploads\/2023\/03\/emilia-sticker-final-2.jpg","contentUrl":"https:\/\/blog.medel.com\/wp-content\/uploads\/2023\/03\/emilia-sticker-final-2.jpg","width":584,"height":637},{"@type":"BreadcrumbList","@id":"https:\/\/blog.medel.com\/de\/gastartikel\/emilia-in-costa-rica-teil-3\/#breadcrumb","itemListElement":[{"@type":"ListItem","position":1,"name":"Home","item":"https:\/\/blog.medel.com\/"},{"@type":"ListItem","position":2,"name":"Emilia in Costa Rica \u2013 Teil 3"}]},{"@type":"WebSite","@id":"https:\/\/blog.medel.com\/tr\/#website","url":"https:\/\/blog.medel.com\/tr\/","name":"The MED-EL Blog","description":"","publisher":{"@id":"https:\/\/blog.medel.com\/tr\/#organization"},"potentialAction":[{"@type":"SearchAction","target":{"@type":"EntryPoint","urlTemplate":"https:\/\/blog.medel.com\/tr\/?s={search_term_string}"},"query-input":{"@type":"PropertyValueSpecification","valueRequired":true,"valueName":"search_term_string"}}],"inLanguage":"de-DE"},{"@type":"Organization","@id":"https:\/\/blog.medel.com\/tr\/#organization","name":"The MED-EL Blog","url":"https:\/\/blog.medel.com\/tr\/","logo":{"@type":"ImageObject","inLanguage":"de-DE","@id":"https:\/\/blog.medel.com\/tr\/#\/schema\/logo\/image\/","url":"https:\/\/blog.medel.com\/wp-content\/uploads\/2023\/02\/MED-EL_logo_L2.png","contentUrl":"https:\/\/blog.medel.com\/wp-content\/uploads\/2023\/02\/MED-EL_logo_L2.png","width":443,"height":200,"caption":"The MED-EL Blog"},"image":{"@id":"https:\/\/blog.medel.com\/tr\/#\/schema\/logo\/image\/"}},{"@type":"Person","@id":"https:\/\/blog.medel.com\/tr\/#\/schema\/person\/9f8dcfb27ec87796d874e021602c56e2","name":"MED-EL","sameAs":["https:\/\/www.medel.com"]}]}},"_links":{"self":[{"href":"https:\/\/blog.medel.com\/de\/wp-json\/wp\/v2\/posts\/46892","targetHints":{"allow":["GET"]}}],"collection":[{"href":"https:\/\/blog.medel.com\/de\/wp-json\/wp\/v2\/posts"}],"about":[{"href":"https:\/\/blog.medel.com\/de\/wp-json\/wp\/v2\/types\/post"}],"author":[{"embeddable":true,"href":"https:\/\/blog.medel.com\/de\/wp-json\/wp\/v2\/users\/8"}],"replies":[{"embeddable":true,"href":"https:\/\/blog.medel.com\/de\/wp-json\/wp\/v2\/comments?post=46892"}],"version-history":[{"count":1,"href":"https:\/\/blog.medel.com\/de\/wp-json\/wp\/v2\/posts\/46892\/revisions"}],"predecessor-version":[{"id":47148,"href":"https:\/\/blog.medel.com\/de\/wp-json\/wp\/v2\/posts\/46892\/revisions\/47148"}],"wp:featuredmedia":[{"embeddable":true,"href":"https:\/\/blog.medel.com\/de\/wp-json\/wp\/v2\/media\/65277"}],"wp:attachment":[{"href":"https:\/\/blog.medel.com\/de\/wp-json\/wp\/v2\/media?parent=46892"}],"wp:term":[{"taxonomy":"category","embeddable":true,"href":"https:\/\/blog.medel.com\/de\/wp-json\/wp\/v2\/categories?post=46892"},{"taxonomy":"post_tag","embeddable":true,"href":"https:\/\/blog.medel.com\/de\/wp-json\/wp\/v2\/tags?post=46892"}],"curies":[{"name":"wp","href":"https:\/\/api.w.org\/{rel}","templated":true}]}}