{"id":46891,"date":"2020-02-11T06:00:48","date_gmt":"2020-02-11T06:00:48","guid":{"rendered":"https:\/\/blog.medel.com\/unkategorisiert\/internationaler-tag-der-frauen-und-maedchen-in-der-wissenschaft-frauenpower-bei-med-el\/"},"modified":"2023-04-05T09:02:26","modified_gmt":"2023-04-05T09:02:26","slug":"internationaler-tag-der-frauen-und-maedchen-in-der-wissenschaft-frauenpower-bei-med-el","status":"publish","type":"post","link":"https:\/\/blog.medel.com\/de\/technology\/internationaler-tag-der-frauen-und-maedchen-in-der-wissenschaft-frauenpower-bei-med-el\/","title":{"rendered":"Internationaler Tag der Frauen und M\u00e4dchen in der Wissenschaft: Frauenpower bei MED-EL"},"content":{"rendered":"<p>[vc_row][vc_column css=&#8220;.vc_custom_1579682911497{padding-top: 30px !important;padding-bottom: 30px !important;}&#8220;][vc_column_text css=&#8220;.vc_custom_1580128446623{margin-bottom: 0px !important;}&#8220;]Wussten Sie, dass der 11. Februar der Internationale Tag der Frauen und M\u00e4dchen in der Wissenschaft ist? Anl\u00e4sslich dieses besonderen Tages nehmen wir Sie im heutigen Blogpost mit hinter die Kulissen der MED-EL Zentrale in Innsbruck und stellen Ihnen ein paar der begabten Frauen vor, die hier arbeiten.<\/p>\n<p>Menschen aus \u00fcber 50 Nationen arbeiten in unserem Firmensitz in Innsbruck. Das Wissen und die Erfahrung aus verschiedensten T\u00e4tigkeiten und Kulturen, die sie mitbringen, machen MED-EL zu einem spannenden und interessanten Arbeitsplatz. Heute stellen wir Ihnen f\u00fcnf Frauen vor und zeigen Ihnen, wie diese ihre wissenschaftlichen Kenntnisse und F\u00e4higkeiten in ihre Arbeit bei MED-EL einbringen.[\/vc_column_text][\/vc_column][\/vc_row][vc_row][vc_column][vc_column_text css=&#8220;.vc_custom_1579685910433{margin-bottom: 0px !important;}&#8220;]<\/p>\n<h3><strong>Isabell, Clinical Support Specialist, VIBRANT<\/strong><\/h3>\n<p>[\/vc_column_text][\/vc_column][\/vc_row][vc_row][vc_column width=&#8220;1\/2&#8243; css=&#8220;.vc_custom_1579683398253{padding-top: 30px !important;padding-bottom: 30px !important;}&#8220;][vc_column_text css=&#8220;.vc_custom_1580119346523{margin-bottom: 0px !important;}&#8220;]Urspr\u00fcnglich aus Bayern, arbeitet Isabell seit mehr als f\u00fcnf Jahren im Clinical Support Team f\u00fcr VIBRANT H\u00f6rl\u00f6sungen. Nach ihrem Masterabschluss in Neurowissenschaften zog es sie nach Innsbruck. Heute schult sie Chirurgen und Audiologen in den Produktbereichen BONEBRIDGE, VIBRANT SOUNDBRIDGE und ADHEAR &#8211; in unserer Zentrale und in Kliniken auf der ganzen Welt.<\/p>\n<p>Das Beste an der Arbeit bei MED-EL? &#8222;Mit so vielen verschiedenen Patienten, Audiologen und Chirurgen aus der ganzen Welt zusammenzuarbeiten, die alle ein gemeinsames Ziel haben: Die Lebensqualit\u00e4t von Menschen, die nicht (mehr) von konventionellen H\u00f6rger\u00e4ten profitieren, durch unsere H\u00f6rl\u00f6sungen zu verbessern&#8220;, sagt Isabell.[\/vc_column_text][\/vc_column][vc_column width=&#8220;1\/2&#8243; css=&#8220;.vc_custom_1579683406805{padding-top: 30px !important;padding-bottom: 30px !important;}&#8220;][vc_single_image image=&#8220;16745&#8243; img_size=&#8220;full&#8220;][\/vc_column][\/vc_row][vc_row][vc_column css=&#8220;.vc_custom_1580118996995{padding-top: 30px !important;padding-bottom: 30px !important;}&#8220;][vc_column_text css=&#8220;.vc_custom_1579685924586{margin-bottom: 0px !important;}&#8220;]<\/p>\n<h3><strong>Wilnelia, Medical Writer, Clinical Research Abteilung<\/strong><\/h3>\n<p>[\/vc_column_text][\/vc_column][\/vc_row][vc_row][vc_column width=&#8220;1\/2&#8243; css=&#8220;.vc_custom_1580118844682{padding-top: 0px !important;padding-bottom: 0px !important;}&#8220;][vc_single_image image=&#8220;16755&#8243; img_size=&#8220;full&#8220;][\/vc_column][vc_column width=&#8220;1\/2&#8243; css=&#8220;.vc_custom_1580118815068{padding-top: 0px !important;}&#8220;][vc_column_text css=&#8220;.vc_custom_1580119379092{margin-bottom: 0px !important;}&#8220;]D\u00fcrfen wir vorstellen: Wilnelia, Medical Writer in unserer Clinical Research Abteilung. Sie arbeitet seit etwa einem Jahr bei MED-EL in Innsbruck. Urspr\u00fcnglich kommt sie aus Kapstadt in S\u00fcdafrika.<\/p>\n<p>Was findet Wilnelia, die einen Master in Astrophysik hat, am besten an ihrem Job? &#8222;MED-EL ist bekannt f\u00fcr seine Hingabe, wenn es darum geht, die Lebensqualit\u00e4t von Menschen zu verbessern. Es ist spannend, von innovationsfreudigen Menschen aus verschiedenen wissenschaftlichen Richtungen umgeben zu sein, die alle dieses Ziel teilen.&#8220;[\/vc_column_text][\/vc_column][\/vc_row][vc_row][vc_column][vc_column_text css=&#8220;.vc_custom_1580128484556{margin-bottom: 0px !important;}&#8220;]\u201eEine meiner Aufgaben ist, Forscher, Chirurgen und Audiologen dabei zu unterst\u00fctzen, wissenschaftliche Publikationen (z.B. Aufs\u00e4tze) \u00fcber verschiedene Aspekte von H\u00f6rverlust zu verfassen. Diese Texte werden dann in internationalen Magazinen ver\u00f6ffentlicht und von Kollegen und Fachleuten gelesen. So werden Forschungsergebnisse in der Wissenschaftsgemeinschaft verbreitet. Das hilft Experten dabei, neue Ideen und verbesserte Technologien zu entwickeln, die in unsere Cochlea-Implantate miteinflie\u00dfen. Als Medical Writer muss ich ein Auge f\u00fcr Details haben und die F\u00e4higkeit, wissenschaftliche Ergebnisse klar verst\u00e4ndlich, korrekt und wirksam zu kommunizieren&#8220;, erkl\u00e4rt Wilnelia ihre t\u00e4gliche Arbeit.[\/vc_column_text][\/vc_column][\/vc_row][vc_row][vc_column css=&#8220;.vc_custom_1580118859313{padding-top: 30px !important;padding-bottom: 30px !important;}&#8220;][vc_column_text css=&#8220;.vc_custom_1580128523014{margin-bottom: 0px !important;}&#8220;]<\/p>\n<h3><strong>Marcela, Surgical Specialist, Research and Development Abteilung<\/strong><\/h3>\n<p>[\/vc_column_text][\/vc_column][\/vc_row][vc_row][vc_column width=&#8220;1\/2&#8243; css=&#8220;.vc_custom_1580118876930{padding-top: 0px !important;padding-bottom: px !important;}&#8220;][vc_column_text css=&#8220;.vc_custom_1580128535307{margin-bottom: 0px !important;}&#8220;]&#8220;Die Chance zu haben, in einem Team zu arbeiten, dessen Ziel die Verbesserung der Lebensqualit\u00e4t ist&#8220; &#8211; das ist f\u00fcr Marcela das Sch\u00f6nste an der Arbeit bei MED-EL. Bevor sie Teil der MED-EL Familie wurde, studierte die geborene Mexikanerin Medizin an der John Hopkins Universit\u00e4t in den USA.<\/p>\n<p>Heute arbeitet sie als Surgical Specialist in der Research &amp; Development Abteilung, der Abteilung f\u00fcr Forschung und Entwicklung. Ihre t\u00e4gliche Arbeit umfasst die Fortbildung von Fachleuten aus der ganzen Welt im Bereich neuester Operationstechniken f\u00fcr Cochlea-Implantate. Aber Marcela trifft auch gerne direkt die Nutzer unserer H\u00f6rl\u00f6sungen. Auf diesem Foto zeigt sie Fernando, dem Gewinner des ideas4ears Erfinderwettbewerbs aus Spanien, eines unserer Implantate.[\/vc_column_text][\/vc_column][vc_column width=&#8220;1\/2&#8243; css=&#8220;.vc_custom_1580118885834{padding-top: 0px !important;padding-bottom: 0px !important;}&#8220;][vc_single_image image=&#8220;16785&#8243; img_size=&#8220;full&#8220;][\/vc_column][\/vc_row][vc_row][vc_column css=&#8220;.vc_custom_1580118908682{padding-top: 30px !important;padding-bottom: 30px !important;}&#8220;][vc_column_text css=&#8220;.vc_custom_1579685720915{margin-bottom: 0px !important;}&#8220;]<\/p>\n<h3><strong>Arpitha, Mitarbeiterin in der Regulatory Affairs Abteilung<\/strong><\/h3>\n<p>[\/vc_column_text][\/vc_column][\/vc_row][vc_row][vc_column width=&#8220;1\/2&#8243;][vc_single_image image=&#8220;16765&#8243; img_size=&#8220;full&#8220;][\/vc_column][vc_column width=&#8220;1\/2&#8243;][vc_column_text css=&#8220;.vc_custom_1580128588016{margin-bottom: 0px !important;}&#8220;]Arpitha hat einen Bachelor- sowie Masterabschluss in Biomedizintechnik und ist seit 2 Jahren Teil der Regulatory Affairs Abteilung. Es hat aber auch pers\u00f6nliche Gr\u00fcnde, warum sie sich f\u00fcr H\u00f6rimplantat-Technologie interessiert:<\/p>\n<p>&#8222;Meine Nichte hat ein Cochlea-Implantat. Sie profitiert immens davon. Es hat ihr Leben ver\u00e4ndert. Daher waren die MED-EL Produkte &#8211; nat\u00fcrlich neben meinem Interesse an der konkreten T\u00e4tigkeit &#8211; Grund daf\u00fcr, mich f\u00fcr diese Stelle zu bewerben&#8220;, sagt sie.[\/vc_column_text][\/vc_column][\/vc_row][vc_row][vc_column][vc_column_text css=&#8220;.vc_custom_1580128612750{margin-bottom: 0px !important;}&#8220;]In ihrer t\u00e4glichen Arbeit ist sie nun an der Einreichung von MED-EL-Produkten bei internationalen Zulassungsbeh\u00f6rden, z.B. bei der FDA oder Health Canada, sowie an anderen Aktivit\u00e4ten zur Entwicklung neuer Produkte und zur Aufrechterhaltung der Zulassung bestehender Produkte beteiligt. Und sie wei\u00df, dass ihre Arbeit f\u00fcr viele Menschen etwas bewirkt: &#8222;Indem ich daran beteiligt bin, dass unsere Produkte von internationalen Zulassungsbeh\u00f6rden abgesegnet werden, kann ich dazu beitragen, dass unsere lebensver\u00e4ndernden Produkte ganz unterschiedlichen Teilen der Welt verf\u00fcgbar sind. Auf diese Weise kann ich meinen Teil dazu beitragen, Menschen mit H\u00f6rverlust in diesen L\u00e4ndern zu helfen.\u201c[\/vc_column_text][\/vc_column][\/vc_row][vc_row][vc_column css=&#8220;.vc_custom_1580119038238{padding-top: 30px !important;padding-bottom: 30px !important;}&#8220;][vc_column_text css=&#8220;.vc_custom_1579685757617{margin-bottom: 0px !important;}&#8220;]<\/p>\n<h3><strong>Ellyce, Senior Engineer, Resarch and Development Abteilung<\/strong><\/h3>\n<p>[\/vc_column_text][\/vc_column][\/vc_row][vc_row][vc_column width=&#8220;1\/2&#8243; css=&#8220;.vc_custom_1580119049909{padding-top: 0px !important;padding-bottom: 0px !important;}&#8220;][vc_column_text css=&#8220;.vc_custom_1579685867284{margin-bottom: 0px !important;}&#8220;]Das ist Ellyce, Ingenieurin in der Abteilung f\u00fcr Forschung und Entwicklung. Sie kommt aus Neuseeland und arbeitet bei MED-EL an Simulationen von MRT-Umgebungen. Dies dient dazu, vorherzusagen, wie sich neue Implantate oder Produkteigenschaften w\u00e4hrend eines MRT-Scans auf die Patientensicherheit auswirken.<\/p>\n<p>Es ist ein Bereich, der Ellyce sehr am Herzen liegt: \u201eMRT-Scans werden immer h\u00e4ufiger. Daher ist es wichtig, dass unsere Nutzer nicht aufgrund ihres Implantats auf diese Technologie verzichten m\u00fcssen. Es wird viel Forschung betrieben, um st\u00e4rkere und komplexere MRT-Ger\u00e4te zu entwickeln. Ich freue mich auf die Herausforderung, mit diesen Innovationen Schritt zu halten, um sicherzustellen, dass unsere Patienten auch weiterhin Zugang zu diesen haben.&#8220;[\/vc_column_text][\/vc_column][vc_column width=&#8220;1\/2&#8243; css=&#8220;.vc_custom_1580119057957{padding-top: 0px !important;padding-bottom: 0px !important;}&#8220;][vc_single_image image=&#8220;16735&#8243; img_size=&#8220;full&#8220;][\/vc_column][\/vc_row][vc_row][vc_column css=&#8220;.vc_custom_1579683283934{padding-top: 30px !important;padding-bottom: 30px !important;}&#8220;][vc_column_text css=&#8220;.vc_custom_1579682668307{margin-bottom: 0px !important;}&#8220;]Sie m\u00f6chten mehr \u00fcber MED-EL und unsere Cochlea-Implantate erfahren? Dann <a href=\"\/?p=13595\" target=\"_blank\" rel=\"noopener noreferrer\">blicken Sie ins Innere unserer CI-Elektroden<\/a>!<\/p>\n<p>Sie m\u00f6chten keinen Blick hinter die Kulissen von MED-EL mehr verpassen? Dann <a href=\"\/?page_id=4960\" target=\"_blank\" rel=\"noopener noreferrer\">abonnieren Sie den MED-EL Blog<\/a> und erhalten Sie alle neuesten Beitr\u00e4ge direkt in Ihr Postfach! [\/vc_column_text][\/vc_column][\/vc_row]<\/p>\n","protected":false},"excerpt":{"rendered":"<p>[vc_row][vc_column css=&#8220;.vc_custom_1579682911497{padding-top: 30px !important;padding-bottom: 30px !important;}&#8220;][vc_column_text css=&#8220;.vc_custom_1580128446623{margin-bottom: 0px !important;}&#8220;]Wussten Sie, dass der 11. Februar der Internationale Tag der Frauen und M\u00e4dchen in der Wissenschaft ist? Anl\u00e4sslich dieses besonderen Tages nehmen wir Sie im heutigen Blogpost mit hinter die Kulissen der MED-EL Zentrale in Innsbruck und stellen Ihnen ein paar der begabten Frauen vor, die hier [&hellip;]<\/p>\n","protected":false},"author":8,"featured_media":65268,"comment_status":"open","ping_status":"open","sticky":false,"template":"","format":"standard","meta":{"footnotes":""},"categories":[3255,2231],"tags":[2829,3480],"class_list":["post-46891","post","type-post","status-publish","format-standard","has-post-thumbnail","hentry","category-technologie","category-technology","tag-frauen-in-der-wissenschaft","tag-med-el-de"],"yoast_head":"<!-- This site is optimized with the Yoast SEO plugin v27.4 - https:\/\/yoast.com\/product\/yoast-seo-wordpress\/ -->\n<title>Internationaler Tag der Frauen und M\u00e4dchen in der Wissenschaft: Frauenpower bei MED-EL - The MED-EL Blog<\/title>\n<meta name=\"robots\" content=\"index, follow, max-snippet:-1, max-image-preview:large, max-video-preview:-1\" \/>\n<link rel=\"canonical\" href=\"https:\/\/blog.medel.com\/technology\/international-day-of-women-and-girls-in-science-meet-med-els-talented-women\/\" \/>\n<meta property=\"og:locale\" content=\"de_DE\" \/>\n<meta property=\"og:type\" content=\"article\" \/>\n<meta property=\"og:title\" content=\"Internationaler Tag der Frauen und M\u00e4dchen in der Wissenschaft: Frauenpower bei MED-EL - The MED-EL Blog\" \/>\n<meta property=\"og:description\" content=\"[vc_row][vc_column css=&#8220;.vc_custom_1579682911497{padding-top: 30px !important;padding-bottom: 30px !important;}&#8220;][vc_column_text css=&#8220;.vc_custom_1580128446623{margin-bottom: 0px !important;}&#8220;]Wussten Sie, dass der 11. Februar der Internationale Tag der Frauen und M\u00e4dchen in der Wissenschaft ist? Anl\u00e4sslich dieses besonderen Tages nehmen wir Sie im heutigen Blogpost mit hinter die Kulissen der MED-EL Zentrale in Innsbruck und stellen Ihnen ein paar der begabten Frauen vor, die hier [&hellip;]\" \/>\n<meta property=\"og:url\" content=\"https:\/\/blog.medel.com\/technology\/international-day-of-women-and-girls-in-science-meet-med-els-talented-women\/\" \/>\n<meta property=\"og:site_name\" content=\"The MED-EL Blog\" \/>\n<meta property=\"article:published_time\" content=\"2020-02-11T06:00:48+00:00\" \/>\n<meta property=\"article:modified_time\" content=\"2023-04-05T09:02:26+00:00\" \/>\n<meta property=\"og:image\" content=\"https:\/\/blog.medel.com\/wp-content\/uploads\/2023\/03\/marcela-alt800400-2.jpg\" \/>\n\t<meta property=\"og:image:width\" content=\"800\" \/>\n\t<meta property=\"og:image:height\" content=\"400\" \/>\n\t<meta property=\"og:image:type\" content=\"image\/jpeg\" \/>\n<meta name=\"author\" content=\"MED-EL\" \/>\n<meta name=\"twitter:card\" content=\"summary_large_image\" \/>\n<meta name=\"twitter:label1\" content=\"Verfasst von\" \/>\n\t<meta name=\"twitter:data1\" content=\"MED-EL\" \/>\n\t<meta name=\"twitter:label2\" content=\"Gesch\u00e4tzte Lesezeit\" \/>\n\t<meta name=\"twitter:data2\" content=\"7 Minuten\" \/>\n<script type=\"application\/ld+json\" class=\"yoast-schema-graph\">{\"@context\":\"https:\\\/\\\/schema.org\",\"@graph\":[{\"@type\":\"Article\",\"@id\":\"https:\\\/\\\/blog.medel.com\\\/technology\\\/international-day-of-women-and-girls-in-science-meet-med-els-talented-women\\\/#article\",\"isPartOf\":{\"@id\":\"https:\\\/\\\/blog.medel.com\\\/technology\\\/international-day-of-women-and-girls-in-science-meet-med-els-talented-women\\\/\"},\"author\":{\"name\":\"MED-EL\",\"@id\":\"https:\\\/\\\/blog.medel.com\\\/nl\\\/#\\\/schema\\\/person\\\/9f8dcfb27ec87796d874e021602c56e2\"},\"headline\":\"Internationaler Tag der Frauen und M\u00e4dchen in der Wissenschaft: Frauenpower bei MED-EL\",\"datePublished\":\"2020-02-11T06:00:48+00:00\",\"dateModified\":\"2023-04-05T09:02:26+00:00\",\"mainEntityOfPage\":{\"@id\":\"https:\\\/\\\/blog.medel.com\\\/technology\\\/international-day-of-women-and-girls-in-science-meet-med-els-talented-women\\\/\"},\"wordCount\":1361,\"commentCount\":0,\"publisher\":{\"@id\":\"https:\\\/\\\/blog.medel.com\\\/nl\\\/#organization\"},\"image\":{\"@id\":\"https:\\\/\\\/blog.medel.com\\\/technology\\\/international-day-of-women-and-girls-in-science-meet-med-els-talented-women\\\/#primaryimage\"},\"thumbnailUrl\":\"https:\\\/\\\/blog.medel.com\\\/wp-content\\\/uploads\\\/2023\\\/03\\\/marcela-alt800400-2.jpg\",\"keywords\":[\"Frauen in der Wissenschaft\",\"MED-EL\"],\"articleSection\":[\"Technologie\",\"Technology\"],\"inLanguage\":\"de-DE\",\"potentialAction\":[{\"@type\":\"CommentAction\",\"name\":\"Comment\",\"target\":[\"https:\\\/\\\/blog.medel.com\\\/technology\\\/international-day-of-women-and-girls-in-science-meet-med-els-talented-women\\\/#respond\"]}]},{\"@type\":\"WebPage\",\"@id\":\"https:\\\/\\\/blog.medel.com\\\/technology\\\/international-day-of-women-and-girls-in-science-meet-med-els-talented-women\\\/\",\"url\":\"https:\\\/\\\/blog.medel.com\\\/technology\\\/international-day-of-women-and-girls-in-science-meet-med-els-talented-women\\\/\",\"name\":\"Internationaler Tag der Frauen und M\u00e4dchen in der Wissenschaft: Frauenpower bei MED-EL - The MED-EL Blog\",\"isPartOf\":{\"@id\":\"https:\\\/\\\/blog.medel.com\\\/nl\\\/#website\"},\"primaryImageOfPage\":{\"@id\":\"https:\\\/\\\/blog.medel.com\\\/technology\\\/international-day-of-women-and-girls-in-science-meet-med-els-talented-women\\\/#primaryimage\"},\"image\":{\"@id\":\"https:\\\/\\\/blog.medel.com\\\/technology\\\/international-day-of-women-and-girls-in-science-meet-med-els-talented-women\\\/#primaryimage\"},\"thumbnailUrl\":\"https:\\\/\\\/blog.medel.com\\\/wp-content\\\/uploads\\\/2023\\\/03\\\/marcela-alt800400-2.jpg\",\"datePublished\":\"2020-02-11T06:00:48+00:00\",\"dateModified\":\"2023-04-05T09:02:26+00:00\",\"breadcrumb\":{\"@id\":\"https:\\\/\\\/blog.medel.com\\\/technology\\\/international-day-of-women-and-girls-in-science-meet-med-els-talented-women\\\/#breadcrumb\"},\"inLanguage\":\"de-DE\",\"potentialAction\":[{\"@type\":\"ReadAction\",\"target\":[\"https:\\\/\\\/blog.medel.com\\\/technology\\\/international-day-of-women-and-girls-in-science-meet-med-els-talented-women\\\/\"]}]},{\"@type\":\"ImageObject\",\"inLanguage\":\"de-DE\",\"@id\":\"https:\\\/\\\/blog.medel.com\\\/technology\\\/international-day-of-women-and-girls-in-science-meet-med-els-talented-women\\\/#primaryimage\",\"url\":\"https:\\\/\\\/blog.medel.com\\\/wp-content\\\/uploads\\\/2023\\\/03\\\/marcela-alt800400-2.jpg\",\"contentUrl\":\"https:\\\/\\\/blog.medel.com\\\/wp-content\\\/uploads\\\/2023\\\/03\\\/marcela-alt800400-2.jpg\",\"width\":800,\"height\":400},{\"@type\":\"BreadcrumbList\",\"@id\":\"https:\\\/\\\/blog.medel.com\\\/technology\\\/international-day-of-women-and-girls-in-science-meet-med-els-talented-women\\\/#breadcrumb\",\"itemListElement\":[{\"@type\":\"ListItem\",\"position\":1,\"name\":\"Home\",\"item\":\"https:\\\/\\\/blog.medel.com\\\/de\\\/\"},{\"@type\":\"ListItem\",\"position\":2,\"name\":\"Internationaler Tag der Frauen und M\u00e4dchen in der Wissenschaft: Frauenpower bei MED-EL\"}]},{\"@type\":\"WebSite\",\"@id\":\"https:\\\/\\\/blog.medel.com\\\/nl\\\/#website\",\"url\":\"https:\\\/\\\/blog.medel.com\\\/nl\\\/\",\"name\":\"The MED-EL Blog\",\"description\":\"\",\"publisher\":{\"@id\":\"https:\\\/\\\/blog.medel.com\\\/nl\\\/#organization\"},\"potentialAction\":[{\"@type\":\"SearchAction\",\"target\":{\"@type\":\"EntryPoint\",\"urlTemplate\":\"https:\\\/\\\/blog.medel.com\\\/nl\\\/?s={search_term_string}\"},\"query-input\":{\"@type\":\"PropertyValueSpecification\",\"valueRequired\":true,\"valueName\":\"search_term_string\"}}],\"inLanguage\":\"de-DE\"},{\"@type\":\"Organization\",\"@id\":\"https:\\\/\\\/blog.medel.com\\\/nl\\\/#organization\",\"name\":\"The MED-EL Blog\",\"url\":\"https:\\\/\\\/blog.medel.com\\\/nl\\\/\",\"logo\":{\"@type\":\"ImageObject\",\"inLanguage\":\"de-DE\",\"@id\":\"https:\\\/\\\/blog.medel.com\\\/nl\\\/#\\\/schema\\\/logo\\\/image\\\/\",\"url\":\"https:\\\/\\\/blog.medel.com\\\/wp-content\\\/uploads\\\/2023\\\/02\\\/MED-EL_logo_L2.png\",\"contentUrl\":\"https:\\\/\\\/blog.medel.com\\\/wp-content\\\/uploads\\\/2023\\\/02\\\/MED-EL_logo_L2.png\",\"width\":443,\"height\":200,\"caption\":\"The MED-EL Blog\"},\"image\":{\"@id\":\"https:\\\/\\\/blog.medel.com\\\/nl\\\/#\\\/schema\\\/logo\\\/image\\\/\"}},{\"@type\":\"Person\",\"@id\":\"https:\\\/\\\/blog.medel.com\\\/nl\\\/#\\\/schema\\\/person\\\/9f8dcfb27ec87796d874e021602c56e2\",\"name\":\"MED-EL\",\"sameAs\":[\"https:\\\/\\\/www.medel.com\"]}]}<\/script>\n<!-- \/ Yoast SEO plugin. -->","yoast_head_json":{"title":"Internationaler Tag der Frauen und M\u00e4dchen in der Wissenschaft: Frauenpower bei MED-EL - The MED-EL Blog","robots":{"index":"index","follow":"follow","max-snippet":"max-snippet:-1","max-image-preview":"max-image-preview:large","max-video-preview":"max-video-preview:-1"},"canonical":"https:\/\/blog.medel.com\/technology\/international-day-of-women-and-girls-in-science-meet-med-els-talented-women\/","og_locale":"de_DE","og_type":"article","og_title":"Internationaler Tag der Frauen und M\u00e4dchen in der Wissenschaft: Frauenpower bei MED-EL - The MED-EL Blog","og_description":"[vc_row][vc_column css=&#8220;.vc_custom_1579682911497{padding-top: 30px !important;padding-bottom: 30px !important;}&#8220;][vc_column_text css=&#8220;.vc_custom_1580128446623{margin-bottom: 0px !important;}&#8220;]Wussten Sie, dass der 11. Februar der Internationale Tag der Frauen und M\u00e4dchen in der Wissenschaft ist? Anl\u00e4sslich dieses besonderen Tages nehmen wir Sie im heutigen Blogpost mit hinter die Kulissen der MED-EL Zentrale in Innsbruck und stellen Ihnen ein paar der begabten Frauen vor, die hier [&hellip;]","og_url":"https:\/\/blog.medel.com\/technology\/international-day-of-women-and-girls-in-science-meet-med-els-talented-women\/","og_site_name":"The MED-EL Blog","article_published_time":"2020-02-11T06:00:48+00:00","article_modified_time":"2023-04-05T09:02:26+00:00","og_image":[{"width":800,"height":400,"url":"https:\/\/blog.medel.com\/wp-content\/uploads\/2023\/03\/marcela-alt800400-2.jpg","type":"image\/jpeg"}],"author":"MED-EL","twitter_card":"summary_large_image","twitter_misc":{"Verfasst von":"MED-EL","Gesch\u00e4tzte Lesezeit":"7 Minuten"},"schema":{"@context":"https:\/\/schema.org","@graph":[{"@type":"Article","@id":"https:\/\/blog.medel.com\/technology\/international-day-of-women-and-girls-in-science-meet-med-els-talented-women\/#article","isPartOf":{"@id":"https:\/\/blog.medel.com\/technology\/international-day-of-women-and-girls-in-science-meet-med-els-talented-women\/"},"author":{"name":"MED-EL","@id":"https:\/\/blog.medel.com\/nl\/#\/schema\/person\/9f8dcfb27ec87796d874e021602c56e2"},"headline":"Internationaler Tag der Frauen und M\u00e4dchen in der Wissenschaft: Frauenpower bei MED-EL","datePublished":"2020-02-11T06:00:48+00:00","dateModified":"2023-04-05T09:02:26+00:00","mainEntityOfPage":{"@id":"https:\/\/blog.medel.com\/technology\/international-day-of-women-and-girls-in-science-meet-med-els-talented-women\/"},"wordCount":1361,"commentCount":0,"publisher":{"@id":"https:\/\/blog.medel.com\/nl\/#organization"},"image":{"@id":"https:\/\/blog.medel.com\/technology\/international-day-of-women-and-girls-in-science-meet-med-els-talented-women\/#primaryimage"},"thumbnailUrl":"https:\/\/blog.medel.com\/wp-content\/uploads\/2023\/03\/marcela-alt800400-2.jpg","keywords":["Frauen in der Wissenschaft","MED-EL"],"articleSection":["Technologie","Technology"],"inLanguage":"de-DE","potentialAction":[{"@type":"CommentAction","name":"Comment","target":["https:\/\/blog.medel.com\/technology\/international-day-of-women-and-girls-in-science-meet-med-els-talented-women\/#respond"]}]},{"@type":"WebPage","@id":"https:\/\/blog.medel.com\/technology\/international-day-of-women-and-girls-in-science-meet-med-els-talented-women\/","url":"https:\/\/blog.medel.com\/technology\/international-day-of-women-and-girls-in-science-meet-med-els-talented-women\/","name":"Internationaler Tag der Frauen und M\u00e4dchen in der Wissenschaft: Frauenpower bei MED-EL - The MED-EL Blog","isPartOf":{"@id":"https:\/\/blog.medel.com\/nl\/#website"},"primaryImageOfPage":{"@id":"https:\/\/blog.medel.com\/technology\/international-day-of-women-and-girls-in-science-meet-med-els-talented-women\/#primaryimage"},"image":{"@id":"https:\/\/blog.medel.com\/technology\/international-day-of-women-and-girls-in-science-meet-med-els-talented-women\/#primaryimage"},"thumbnailUrl":"https:\/\/blog.medel.com\/wp-content\/uploads\/2023\/03\/marcela-alt800400-2.jpg","datePublished":"2020-02-11T06:00:48+00:00","dateModified":"2023-04-05T09:02:26+00:00","breadcrumb":{"@id":"https:\/\/blog.medel.com\/technology\/international-day-of-women-and-girls-in-science-meet-med-els-talented-women\/#breadcrumb"},"inLanguage":"de-DE","potentialAction":[{"@type":"ReadAction","target":["https:\/\/blog.medel.com\/technology\/international-day-of-women-and-girls-in-science-meet-med-els-talented-women\/"]}]},{"@type":"ImageObject","inLanguage":"de-DE","@id":"https:\/\/blog.medel.com\/technology\/international-day-of-women-and-girls-in-science-meet-med-els-talented-women\/#primaryimage","url":"https:\/\/blog.medel.com\/wp-content\/uploads\/2023\/03\/marcela-alt800400-2.jpg","contentUrl":"https:\/\/blog.medel.com\/wp-content\/uploads\/2023\/03\/marcela-alt800400-2.jpg","width":800,"height":400},{"@type":"BreadcrumbList","@id":"https:\/\/blog.medel.com\/technology\/international-day-of-women-and-girls-in-science-meet-med-els-talented-women\/#breadcrumb","itemListElement":[{"@type":"ListItem","position":1,"name":"Home","item":"https:\/\/blog.medel.com\/de\/"},{"@type":"ListItem","position":2,"name":"Internationaler Tag der Frauen und M\u00e4dchen in der Wissenschaft: Frauenpower bei MED-EL"}]},{"@type":"WebSite","@id":"https:\/\/blog.medel.com\/nl\/#website","url":"https:\/\/blog.medel.com\/nl\/","name":"The MED-EL Blog","description":"","publisher":{"@id":"https:\/\/blog.medel.com\/nl\/#organization"},"potentialAction":[{"@type":"SearchAction","target":{"@type":"EntryPoint","urlTemplate":"https:\/\/blog.medel.com\/nl\/?s={search_term_string}"},"query-input":{"@type":"PropertyValueSpecification","valueRequired":true,"valueName":"search_term_string"}}],"inLanguage":"de-DE"},{"@type":"Organization","@id":"https:\/\/blog.medel.com\/nl\/#organization","name":"The MED-EL Blog","url":"https:\/\/blog.medel.com\/nl\/","logo":{"@type":"ImageObject","inLanguage":"de-DE","@id":"https:\/\/blog.medel.com\/nl\/#\/schema\/logo\/image\/","url":"https:\/\/blog.medel.com\/wp-content\/uploads\/2023\/02\/MED-EL_logo_L2.png","contentUrl":"https:\/\/blog.medel.com\/wp-content\/uploads\/2023\/02\/MED-EL_logo_L2.png","width":443,"height":200,"caption":"The MED-EL Blog"},"image":{"@id":"https:\/\/blog.medel.com\/nl\/#\/schema\/logo\/image\/"}},{"@type":"Person","@id":"https:\/\/blog.medel.com\/nl\/#\/schema\/person\/9f8dcfb27ec87796d874e021602c56e2","name":"MED-EL","sameAs":["https:\/\/www.medel.com"]}]}},"_links":{"self":[{"href":"https:\/\/blog.medel.com\/de\/wp-json\/wp\/v2\/posts\/46891","targetHints":{"allow":["GET"]}}],"collection":[{"href":"https:\/\/blog.medel.com\/de\/wp-json\/wp\/v2\/posts"}],"about":[{"href":"https:\/\/blog.medel.com\/de\/wp-json\/wp\/v2\/types\/post"}],"author":[{"embeddable":true,"href":"https:\/\/blog.medel.com\/de\/wp-json\/wp\/v2\/users\/8"}],"replies":[{"embeddable":true,"href":"https:\/\/blog.medel.com\/de\/wp-json\/wp\/v2\/comments?post=46891"}],"version-history":[{"count":3,"href":"https:\/\/blog.medel.com\/de\/wp-json\/wp\/v2\/posts\/46891\/revisions"}],"predecessor-version":[{"id":48596,"href":"https:\/\/blog.medel.com\/de\/wp-json\/wp\/v2\/posts\/46891\/revisions\/48596"}],"wp:featuredmedia":[{"embeddable":true,"href":"https:\/\/blog.medel.com\/de\/wp-json\/wp\/v2\/media\/65268"}],"wp:attachment":[{"href":"https:\/\/blog.medel.com\/de\/wp-json\/wp\/v2\/media?parent=46891"}],"wp:term":[{"taxonomy":"category","embeddable":true,"href":"https:\/\/blog.medel.com\/de\/wp-json\/wp\/v2\/categories?post=46891"},{"taxonomy":"post_tag","embeddable":true,"href":"https:\/\/blog.medel.com\/de\/wp-json\/wp\/v2\/tags?post=46891"}],"curies":[{"name":"wp","href":"https:\/\/api.w.org\/{rel}","templated":true}]}}