{"id":46880,"date":"2020-02-02T09:00:37","date_gmt":"2020-02-02T09:00:37","guid":{"rendered":"https:\/\/blog.medel.com\/unkategorisiert\/das-implantat-hat-mir-lebensqualitaet-zurueckgegeben-linas-weg-zur-vibrant-soundbridge\/"},"modified":"2023-04-05T09:02:03","modified_gmt":"2023-04-05T09:02:03","slug":"das-implantat-hat-mir-lebensqualitaet-zurueckgegeben-linas-weg-zur-vibrant-soundbridge","status":"publish","type":"post","link":"https:\/\/blog.medel.com\/de\/gastartikel\/das-implantat-hat-mir-lebensqualitaet-zurueckgegeben-linas-weg-zur-vibrant-soundbridge\/","title":{"rendered":"\u201eDas Implantat hat mir Lebensqualit\u00e4t zur\u00fcckgegeben\u201c: Linas Weg zur VIBRANT SOUNDBRIDGE"},"content":{"rendered":"<p><em>Nach h\u00e4ufigen Mittelohrentz\u00fcndungen als Kind bemerkte Lina aus Deutschland H\u00f6rverlust in ihrem linken Ohr, der sich schleichend immer mehr auf ihren Alltag auswirkte. Nach zahlreichen Operationen entschied sich Lina f\u00fcr ein Mittelohrimplantat, um etwas gegen ihren <a href=\"https:\/\/www.medel.com\/de\/about-hearing\/types-of-hearing-loss\" target=\"_blank\" rel=\"noopener noreferrer\">Schallleitungsh\u00f6rverlust<\/a> zu unternehmen. Im heutigen Gastbeitrag erz\u00e4hlt sie von ihrem Weg zur VIBRANT SOUNDBRIDGE und warum sie sich dazu entschlossen hat, ihre H\u00f6rgeschichte auf Social Media zu teilen.<\/em><\/p>\n<p>&nbsp;<\/p>\n<p>Mein Name ist Lina Marie, ich komme urspr\u00fcnglich aus Hannover im Norden Deutschlands und bin 23 Jahre alt. Zurzeit lebe ich in G\u00f6ttingen und studiere Rechtswissenschaften. In meiner Freizeit lese ich sehr gerne, gehe laufen und verbringe Zeit mit meiner Familie und meinen Freunden.<\/p>\n<p>&nbsp;<\/p>\n<h3><strong>Schallleitungsh\u00f6rverlust aufgrund von Mittelohrentz\u00fcndungen <\/strong><\/h3>\n<p>In meiner Kindheit hatte ich h\u00e4ufig Mittelohrentz\u00fcndungen, weshalb mir mehrmals beidseitig R\u00f6hrchen eingesetzt wurden, um Fl\u00fcssigkeitsansammlungen und erneute Infektionen im Mittelohr zu verhindern. Nachdem die letzten R\u00f6hrchen rausgefallen waren, ist mein linkes Trommelfell nicht wieder zugewachsen. Au\u00dferdem hat sich links ein leichter H\u00f6rverlust bemerkbar gemacht, weshalb ich dann 2007 meine erste gr\u00f6\u00dfere Ohroperation \u2013 eine sogenannte Tympanoplastik \u2013 hatte. Mit der Operation wollte man versuchen, das Trommelfell zu verschlie\u00dfen und die Geh\u00f6rkn\u00f6chelchen zu reparieren, die vermutlich wegen der vielen Entz\u00fcndungen vernarbt waren. In den darauffolgenden Jahren musste die Operation immer wieder durchgef\u00fchrt werden (2008, 2013, 2015, 2017, 2018), denn leider brachte sie keine nachhaltige Besserung.<\/p>\n<p>&nbsp;<\/p>\n<h3><strong>Alltag mit H\u00f6rverlust <\/strong><\/h3>\n<p>Das Geh\u00f6r meines linken Ohres hat sich im Laufe der Jahre immer weiter verschlechtert. Anfangs hat mich der H\u00f6rverlust nicht sehr belastet. Verst\u00e4ndnisschwierigkeiten konnte ich lange Zeit ausweichen, indem ich mir angew\u00f6hnte, immer auf der linken Seite von anderen Personen zu sein, damit ich mein gesundes, rechtes Ohr verwenden konnte.<\/p>\n<p>Als ich 2014 Abitur machte war der H\u00f6rverlust dann so gro\u00df, dass ich ein H\u00f6rger\u00e4t ausprobierte. Das konnte mir aber leider nicht helfen. Denn die Geh\u00f6rkn\u00f6chelkette im Mittelohr, die f\u00fcr die Weiterleitung des Klangs zust\u00e4ndig ist, war bei mir bereits so gesch\u00e4digt, dass auch der durch das H\u00f6rger\u00e4t verst\u00e4rkte Klang nicht mehr ausreichend weitergeleitet wurde.<\/p>\n<p>Die folgenden Jahre wurden mit Beginn meines Studiums 2016 deutlich schwieriger. Gespr\u00e4che in lauter Umgebung wie z.B. im Restaurant, in der Mensa, im H\u00f6rsaal oder einfach in einer gr\u00f6\u00dferen Gruppe wurden anstrengender, bis ich zuletzt den Gespr\u00e4chen nicht mehr wirklich folgen konnte, was mich sehr traurig gemacht hat. Hinzu kam, dass ich mich in neuer Umgebung anfangs nie getraut habe, von meinem H\u00f6rverlust zu erz\u00e4hlen. Sobald ich das aber \u00fcberwunden hatte, wurde viel Verst\u00e4ndnis aufgebracht, alle haben versucht, mir bestm\u00f6glich zu helfen. Trotzdem habe ich Gespr\u00e4che in lauter Umgebung oder in gro\u00dfen Gruppen soweit es ging gemieden, weil diese f\u00fcr mich mit mehr Qual als Vergn\u00fcgen verbunden waren. Dadurch habe ich mich trotz allen Verst\u00e4ndnisses immer \u00f6fter einsam und isoliert gef\u00fchlt. Mir ging es immer schlechter und auch die letzte Operation 2018 brachte leider keinen Erfolg.<\/p>\n<p>&nbsp;<\/p>\n<h3><strong>Letzter Ausweg Mittelohrimplantat <\/strong><\/h3>\n<p>Anfang 2019 empfahlen mir meine \u00c4rzte im Krankenhaus ein H\u00f6rimplantat, genauer gesagt ein <a href=\"https:\/\/www.medel.com\/de\/hearing-solutions\/vibrant-soundbridge\" target=\"_blank\" rel=\"noopener noreferrer\">VIBRANT SOUNDBRIDGE Mittelohrimplantat<\/a>, als letzten Ausweg. Als ich von dieser M\u00f6glichkeit erfuhr, hatte ich keine Zweifel, dass ein Implantat und eine weitere Operation der richtige Weg waren. Die Aussicht auf besseres H\u00f6ren stand f\u00fcr mich im Vordergrund.<\/p>\n<p>Die VIBRANT SOUNDBRIDGE von MED-EL hat auf mich sehr weit entwickelt gewirkt. Zudem versprach sie einen nat\u00fcrlichen Klang und das Implantat war vergleichsweise klein, weshalb ich mich daf\u00fcr entschied.<\/p>\n<p>Die Zeit vor der Operation war sehr bewegend, da ich mitten in der Examensvorbereitung steckte und die Operation wegen Engp\u00e4ssen im Krankenhaus zweimal kurzfristig abgesagt und verschoben werden musste. Im Mai 2019 wurde ich dann im dritten Anlauf in Hannover operiert und das Implantat in einer f\u00fcnfst\u00fcndigen Operation eingesetzt. Die Operation verlief komplikationslos und auch die ersten H\u00f6rtests zeigten positive Resultate. Die Erstanpassung fand dann Ende Juni statt. Bis zur Aktivierung und Erstanpassung war ich sehr angespannt und nerv\u00f6s. Ich hatte Angst, dass auch dieser Versuch fehlgeschlagen sein konnte und ich mein Geh\u00f6r nicht wiedererlangen w\u00fcrde. Die Erstanpassung zeigte dann aber zum Gl\u00fcck sofort positive Ergebnisse.<\/p>\n<p>&nbsp;<\/p>\n<h3><strong>Alltag mit der VIBRANT SOUNDBRIDGE <\/strong><\/h3>\n<p>Durch das Implantat kann ich auf der linken Seite wieder etwas h\u00f6ren, was mich sehr \u00fcberw\u00e4ltigt hat und heute noch fasziniert. Das Implantat hilft mir im Alltag sehr. Auch wenn ich keine hundert Prozent h\u00f6re, kann ich allen Gespr\u00e4chen folgen, selbst in sehr lauter Umgebung. Ich gehe wieder gerne aus und f\u00fchle mich endlich wieder wohler unter Menschen, auch in einer gro\u00dfen Gruppe. Das Implantat hat mir Lebensqualit\u00e4t zur\u00fcckgegeben und daf\u00fcr bin ich sehr dankbar.<\/p>\n<p>Der Klang der VIBRANT SOUNDBRIDGE ist sehr nat\u00fcrlich, ich habe ihn noch nie als st\u00f6rend empfunden. Auch der au\u00dfen liegende magnetische SAMBA-Prozessor st\u00f6rt mich nicht. Die meiste Zeit \u00fcber sp\u00fcre ich nicht einmal, dass er da ist.<\/p>\n<p>&nbsp;<\/p>\n<h3><strong>Mein Tipp f\u00fcr andere <\/strong><\/h3>\n<p>Mein Rat f\u00fcr andere ist, sich seinen \u00c4ngsten zu stellen. Mein Leben war und wird immer von der Angst gepr\u00e4gt sein, irgendwann mein komplettes Geh\u00f6r zu verlieren. Aber ich habe und werde nie aufgegeben, nach einem Weg zu suchen, das zu vermeiden, ganz gleich wie viele Tr\u00e4nen und Kraft es mich kostet. Durch das Implantat habe ich nicht nur Lebensqualit\u00e4t, sondern auch ein St\u00fcck Sicherheit erlangt. Die Angst, mein Geh\u00f6r vollst\u00e4ndig zu verlieren, werde ich wahrscheinlich nie ganz \u00fcberwinden, aber ich habe gelernt, damit zu leben. In der Zukunft m\u00f6chte ich Lippenlesen und Geb\u00e4rdensprache lernen, in der Hoffnung noch ein St\u00fcck Sicherheit dazu zu gewinnen.<\/p>\n<p>&nbsp;<\/p>\n<h3><strong>Mein H\u00f6rverlust auf Social Media <\/strong><\/h3>\n<p>Vor kurzem habe ich meinen H\u00f6rverlust und meine Entscheidung f\u00fcr ein H\u00f6rimplantat auch auf Social Media \u00f6ffentlich gemacht. Einerseits, um anderen Menschen in gleicher oder \u00e4hnlicher Situation Mut zu machen. Andererseits wollte ich durch die Ver\u00f6ffentlichung mehr Realit\u00e4t in die vermeintlich perfekte Welt der sozialen Medien bringen. Neben vielen Vorteilen, wie sich zu vernetzen und Kontakte zu pflegen, bieten soziale Medien vor allem auch die M\u00f6glichkeit der \u201eperfekten\u201c Selbstdarstellung. Sie haben mir immer den Eindruck vermittelt, Perfektion sei erstrebenswert und das Ma\u00df aller Dinge. Dabei wird h\u00e4ufig vergessen, dass hinter jedem \u201eperfekten\u201c Instagram-Account ein Mensch sitzt, mit all seinen Fehlern und Schw\u00e4chen. Jeder Mensch hat Probleme und es ist vollkommen okay, nicht perfekt zu sein. Perfektion sollte meiner Meinung nach nicht der Ma\u00dfstab des Lebens sein. Auch um das zu verdeutlichen, habe ich meinen H\u00f6rverlust ver\u00f6ffentlicht.<\/p>\n<p>&nbsp;<\/p>\n<blockquote class=\"instagram-media\" style=\"background: #FFF; border: 0; border-radius: 3px; box-shadow: 0 0 1px 0 rgba(0,0,0,0.5),0 1px 10px 0 rgba(0,0,0,0.15); margin: 1px; max-width: 540px; min-width: 326px; padding: 0; width: calc(100% - 2px);\" data-instgrm-permalink=\"https:\/\/www.instagram.com\/p\/B4sPPdInJak\/?utm_source=ig_embed&amp;utm_campaign=loading\" data-instgrm-version=\"12\">\n<div style=\"padding: 16px;\">\n<p>&nbsp;<\/p>\n<div style=\"display: flex; flex-direction: row; align-items: center;\">\n<div style=\"background-color: #f4f4f4; border-radius: 50%; flex-grow: 0; height: 40px; margin-right: 14px; width: 40px;\"><\/div>\n<div style=\"display: flex; flex-direction: column; flex-grow: 1; justify-content: center;\">\n<div style=\"background-color: #f4f4f4; border-radius: 4px; flex-grow: 0; height: 14px; margin-bottom: 6px; width: 100px;\"><\/div>\n<div style=\"background-color: #f4f4f4; border-radius: 4px; flex-grow: 0; height: 14px; width: 60px;\"><\/div>\n<\/div>\n<\/div>\n<div style=\"padding: 19% 0;\"><\/div>\n<div style=\"display: block; height: 50px; margin: 0 auto 12px; width: 50px;\"><\/div>\n<div style=\"padding-top: 8px;\">\n<div style=\"color: #3897f0; font-family: Arial,sans-serif; font-size: 14px; font-style: normal; font-weight: 550; line-height: 18px;\">Sieh dir diesen Beitrag auf Instagram an<\/div>\n<\/div>\n<div style=\"padding: 12.5% 0;\"><\/div>\n<div style=\"display: flex; flex-direction: row; margin-bottom: 14px; align-items: center;\">\n<div>\n<div style=\"background-color: #f4f4f4; border-radius: 50%; height: 12.5px; width: 12.5px; transform: translateX(0px) translateY(7px);\"><\/div>\n<div style=\"background-color: #f4f4f4; height: 12.5px; transform: rotate(-45deg) translateX(3px) translateY(1px); width: 12.5px; flex-grow: 0; margin-right: 14px; margin-left: 2px;\"><\/div>\n<div style=\"background-color: #f4f4f4; border-radius: 50%; height: 12.5px; width: 12.5px; transform: translateX(9px) translateY(-18px);\"><\/div>\n<\/div>\n<div style=\"margin-left: 8px;\">\n<div style=\"background-color: #f4f4f4; border-radius: 50%; flex-grow: 0; height: 20px; width: 20px;\"><\/div>\n<div style=\"width: 0; height: 0; border-top: 2px solid transparent; border-left: 6px solid #f4f4f4; border-bottom: 2px solid transparent; transform: translateX(16px) translateY(-4px) rotate(30deg);\"><\/div>\n<\/div>\n<div style=\"margin-left: auto;\">\n<div style=\"width: 0px; border-top: 8px solid #F4F4F4; border-right: 8px solid transparent; transform: translateY(16px);\"><\/div>\n<div style=\"background-color: #f4f4f4; flex-grow: 0; height: 12px; width: 16px; transform: translateY(-4px);\"><\/div>\n<div style=\"width: 0; height: 0; border-top: 8px solid #F4F4F4; border-left: 8px solid transparent; transform: translateY(-4px) translateX(8px);\"><\/div>\n<\/div>\n<\/div>\n<div style=\"display: flex; flex-direction: column; flex-grow: 1; justify-content: center; margin-bottom: 24px;\">\n<div style=\"background-color: #f4f4f4; border-radius: 4px; flex-grow: 0; height: 14px; margin-bottom: 6px; width: 224px;\"><\/div>\n<div style=\"background-color: #f4f4f4; border-radius: 4px; flex-grow: 0; height: 14px; width: 144px;\"><\/div>\n<\/div>\n<p>&nbsp;<\/p>\n<p style=\"color: #c9c8cd; font-family: Arial,sans-serif; font-size: 14px; line-height: 17px; margin-bottom: 0; margin-top: 8px; overflow: hidden; padding: 8px 0 7px; text-align: center; text-overflow: ellipsis; white-space: nowrap;\"><a style=\"color: #c9c8cd; font-family: Arial,sans-serif; font-size: 14px; font-style: normal; font-weight: normal; line-height: 17px; text-decoration: none;\" href=\"https:\/\/www.instagram.com\/p\/B4sPPdInJak\/?utm_source=ig_embed&amp;utm_campaign=loading\" target=\"_blank\" rel=\"noopener noreferrer\">Ein Beitrag geteilt von MED-EL (@medel_global)<\/a> am <time style=\"font-family: Arial,sans-serif; font-size: 14px; line-height: 17px;\" datetime=\"2019-11-10T16:14:05+00:00\">Nov 10, 2019 um 8:14 PST<\/time><\/p>\n<\/div>\n<\/blockquote>\n<p><script async src=\"\/\/www.instagram.com\/embed.js\"><\/script><\/p>\n<p><em>Danke, Lina!<\/em><\/p>\n<p><em>Lesen Sie au\u00dferdem <a href=\"\/?p=5921\" target=\"_blank\" rel=\"noopener noreferrer\">die Geschichte von Silke<\/a>, die \u00fcber ihren Weg zur VIBRANT SOUNDBRIDGE erz\u00e4hlt.\u00a0<\/em><\/p>\n<p><em><a href=\"\/?page_id=4960\">Abonnieren Sie den Blog von MED-EL<\/a>, und Sie erhalten die neuesten Gastbeitr\u00e4ge, Neuigkeiten sowie Tipps und Tricks von MED-EL direkt in Ihrem Postfach.<\/em><\/p>\n","protected":false},"excerpt":{"rendered":"<p>Nach h\u00e4ufigen Mittelohrentz\u00fcndungen als Kind bemerkte Lina aus Deutschland H\u00f6rverlust in ihrem linken Ohr, der sich schleichend immer mehr auf ihren Alltag auswirkte. Nach zahlreichen Operationen entschied sich Lina f\u00fcr ein Mittelohrimplantat, um etwas gegen ihren Schallleitungsh\u00f6rverlust zu unternehmen. Im heutigen Gastbeitrag erz\u00e4hlt sie von ihrem Weg zur VIBRANT SOUNDBRIDGE und warum sie sich dazu [&hellip;]<\/p>\n","protected":false},"author":8,"featured_media":65169,"comment_status":"open","ping_status":"open","sticky":false,"template":"","format":"standard","meta":{"footnotes":""},"categories":[2881],"tags":[2818,2256],"class_list":["post-46880","post","type-post","status-publish","format-standard","has-post-thumbnail","hentry","category-gastartikel","tag-schallleitungshorverlust","tag-vibrant-soundbridge"],"yoast_head":"<!-- This site is optimized with the Yoast SEO plugin v27.4 - https:\/\/yoast.com\/product\/yoast-seo-wordpress\/ -->\n<title>\u201eDas Implantat hat mir Lebensqualit\u00e4t zur\u00fcckgegeben\u201c: Linas Weg zur VIBRANT SOUNDBRIDGE - The MED-EL Blog<\/title>\n<meta name=\"description\" content=\"Nach zahlreichen Mittelohrentz\u00fcndungen litt Lina an Schallleitungsh\u00f6rverlust im linken Ohr. Dank einer VIBRANT SOUNDBRIDGE steht sie wieder mitten im Leben.\" \/>\n<meta name=\"robots\" content=\"index, follow, max-snippet:-1, max-image-preview:large, max-video-preview:-1\" \/>\n<link rel=\"canonical\" href=\"https:\/\/blog.medel.com\/de\/gastartikel\/das-implantat-hat-mir-lebensqualitaet-zurueckgegeben-linas-weg-zur-vibrant-soundbridge\/\" \/>\n<meta property=\"og:locale\" content=\"de_DE\" \/>\n<meta property=\"og:type\" content=\"article\" \/>\n<meta property=\"og:title\" content=\"\u201eDas Implantat hat mir Lebensqualit\u00e4t zur\u00fcckgegeben\u201c: Linas Weg zur VIBRANT SOUNDBRIDGE - The MED-EL Blog\" \/>\n<meta property=\"og:description\" content=\"Nach zahlreichen Mittelohrentz\u00fcndungen litt Lina an Schallleitungsh\u00f6rverlust im linken Ohr. Dank einer VIBRANT SOUNDBRIDGE steht sie wieder mitten im Leben.\" \/>\n<meta property=\"og:url\" content=\"https:\/\/blog.medel.com\/de\/gastartikel\/das-implantat-hat-mir-lebensqualitaet-zurueckgegeben-linas-weg-zur-vibrant-soundbridge\/\" \/>\n<meta property=\"og:site_name\" content=\"The MED-EL Blog\" \/>\n<meta property=\"article:published_time\" content=\"2020-02-02T09:00:37+00:00\" \/>\n<meta property=\"article:modified_time\" content=\"2023-04-05T09:02:03+00:00\" \/>\n<meta property=\"og:image\" content=\"https:\/\/blog.medel.com\/wp-content\/uploads\/2023\/03\/lina_800x400-1.jpg\" \/>\n\t<meta property=\"og:image:width\" content=\"800\" \/>\n\t<meta property=\"og:image:height\" content=\"400\" \/>\n\t<meta property=\"og:image:type\" content=\"image\/jpeg\" \/>\n<meta name=\"author\" content=\"MED-EL\" \/>\n<meta name=\"twitter:card\" content=\"summary_large_image\" \/>\n<meta name=\"twitter:label1\" content=\"Verfasst von\" \/>\n\t<meta name=\"twitter:data1\" content=\"MED-EL\" \/>\n\t<meta name=\"twitter:label2\" content=\"Gesch\u00e4tzte Lesezeit\" \/>\n\t<meta name=\"twitter:data2\" content=\"6 Minuten\" \/>\n<script type=\"application\/ld+json\" class=\"yoast-schema-graph\">{\"@context\":\"https:\\\/\\\/schema.org\",\"@graph\":[{\"@type\":\"Article\",\"@id\":\"https:\\\/\\\/blog.medel.com\\\/de\\\/gastartikel\\\/das-implantat-hat-mir-lebensqualitaet-zurueckgegeben-linas-weg-zur-vibrant-soundbridge\\\/#article\",\"isPartOf\":{\"@id\":\"https:\\\/\\\/blog.medel.com\\\/de\\\/gastartikel\\\/das-implantat-hat-mir-lebensqualitaet-zurueckgegeben-linas-weg-zur-vibrant-soundbridge\\\/\"},\"author\":{\"name\":\"MED-EL\",\"@id\":\"https:\\\/\\\/blog.medel.com\\\/de\\\/#\\\/schema\\\/person\\\/9f8dcfb27ec87796d874e021602c56e2\"},\"headline\":\"\u201eDas Implantat hat mir Lebensqualit\u00e4t zur\u00fcckgegeben\u201c: Linas Weg zur VIBRANT SOUNDBRIDGE\",\"datePublished\":\"2020-02-02T09:00:37+00:00\",\"dateModified\":\"2023-04-05T09:02:03+00:00\",\"mainEntityOfPage\":{\"@id\":\"https:\\\/\\\/blog.medel.com\\\/de\\\/gastartikel\\\/das-implantat-hat-mir-lebensqualitaet-zurueckgegeben-linas-weg-zur-vibrant-soundbridge\\\/\"},\"wordCount\":1193,\"commentCount\":0,\"publisher\":{\"@id\":\"https:\\\/\\\/blog.medel.com\\\/de\\\/#organization\"},\"image\":{\"@id\":\"https:\\\/\\\/blog.medel.com\\\/de\\\/gastartikel\\\/das-implantat-hat-mir-lebensqualitaet-zurueckgegeben-linas-weg-zur-vibrant-soundbridge\\\/#primaryimage\"},\"thumbnailUrl\":\"https:\\\/\\\/blog.medel.com\\\/wp-content\\\/uploads\\\/2023\\\/03\\\/lina_800x400-1.jpg\",\"keywords\":[\"Schallleitungsh\u00f6rverlust\",\"VIBRANT SOUNDBRIDGE\"],\"articleSection\":[\"Gastartikel\"],\"inLanguage\":\"de-DE\",\"potentialAction\":[{\"@type\":\"CommentAction\",\"name\":\"Comment\",\"target\":[\"https:\\\/\\\/blog.medel.com\\\/de\\\/gastartikel\\\/das-implantat-hat-mir-lebensqualitaet-zurueckgegeben-linas-weg-zur-vibrant-soundbridge\\\/#respond\"]}]},{\"@type\":\"WebPage\",\"@id\":\"https:\\\/\\\/blog.medel.com\\\/de\\\/gastartikel\\\/das-implantat-hat-mir-lebensqualitaet-zurueckgegeben-linas-weg-zur-vibrant-soundbridge\\\/\",\"url\":\"https:\\\/\\\/blog.medel.com\\\/de\\\/gastartikel\\\/das-implantat-hat-mir-lebensqualitaet-zurueckgegeben-linas-weg-zur-vibrant-soundbridge\\\/\",\"name\":\"\u201eDas Implantat hat mir Lebensqualit\u00e4t zur\u00fcckgegeben\u201c: Linas Weg zur VIBRANT SOUNDBRIDGE - The MED-EL Blog\",\"isPartOf\":{\"@id\":\"https:\\\/\\\/blog.medel.com\\\/de\\\/#website\"},\"primaryImageOfPage\":{\"@id\":\"https:\\\/\\\/blog.medel.com\\\/de\\\/gastartikel\\\/das-implantat-hat-mir-lebensqualitaet-zurueckgegeben-linas-weg-zur-vibrant-soundbridge\\\/#primaryimage\"},\"image\":{\"@id\":\"https:\\\/\\\/blog.medel.com\\\/de\\\/gastartikel\\\/das-implantat-hat-mir-lebensqualitaet-zurueckgegeben-linas-weg-zur-vibrant-soundbridge\\\/#primaryimage\"},\"thumbnailUrl\":\"https:\\\/\\\/blog.medel.com\\\/wp-content\\\/uploads\\\/2023\\\/03\\\/lina_800x400-1.jpg\",\"datePublished\":\"2020-02-02T09:00:37+00:00\",\"dateModified\":\"2023-04-05T09:02:03+00:00\",\"description\":\"Nach zahlreichen Mittelohrentz\u00fcndungen litt Lina an Schallleitungsh\u00f6rverlust im linken Ohr. Dank einer VIBRANT SOUNDBRIDGE steht sie wieder mitten im Leben.\",\"breadcrumb\":{\"@id\":\"https:\\\/\\\/blog.medel.com\\\/de\\\/gastartikel\\\/das-implantat-hat-mir-lebensqualitaet-zurueckgegeben-linas-weg-zur-vibrant-soundbridge\\\/#breadcrumb\"},\"inLanguage\":\"de-DE\",\"potentialAction\":[{\"@type\":\"ReadAction\",\"target\":[\"https:\\\/\\\/blog.medel.com\\\/de\\\/gastartikel\\\/das-implantat-hat-mir-lebensqualitaet-zurueckgegeben-linas-weg-zur-vibrant-soundbridge\\\/\"]}]},{\"@type\":\"ImageObject\",\"inLanguage\":\"de-DE\",\"@id\":\"https:\\\/\\\/blog.medel.com\\\/de\\\/gastartikel\\\/das-implantat-hat-mir-lebensqualitaet-zurueckgegeben-linas-weg-zur-vibrant-soundbridge\\\/#primaryimage\",\"url\":\"https:\\\/\\\/blog.medel.com\\\/wp-content\\\/uploads\\\/2023\\\/03\\\/lina_800x400-1.jpg\",\"contentUrl\":\"https:\\\/\\\/blog.medel.com\\\/wp-content\\\/uploads\\\/2023\\\/03\\\/lina_800x400-1.jpg\",\"width\":800,\"height\":400},{\"@type\":\"BreadcrumbList\",\"@id\":\"https:\\\/\\\/blog.medel.com\\\/de\\\/gastartikel\\\/das-implantat-hat-mir-lebensqualitaet-zurueckgegeben-linas-weg-zur-vibrant-soundbridge\\\/#breadcrumb\",\"itemListElement\":[{\"@type\":\"ListItem\",\"position\":1,\"name\":\"Home\",\"item\":\"https:\\\/\\\/blog.medel.com\\\/de\\\/\"},{\"@type\":\"ListItem\",\"position\":2,\"name\":\"\u201eDas Implantat hat mir Lebensqualit\u00e4t zur\u00fcckgegeben\u201c: Linas Weg zur VIBRANT SOUNDBRIDGE\"}]},{\"@type\":\"WebSite\",\"@id\":\"https:\\\/\\\/blog.medel.com\\\/de\\\/#website\",\"url\":\"https:\\\/\\\/blog.medel.com\\\/de\\\/\",\"name\":\"The MED-EL Blog\",\"description\":\"\",\"publisher\":{\"@id\":\"https:\\\/\\\/blog.medel.com\\\/de\\\/#organization\"},\"potentialAction\":[{\"@type\":\"SearchAction\",\"target\":{\"@type\":\"EntryPoint\",\"urlTemplate\":\"https:\\\/\\\/blog.medel.com\\\/de\\\/?s={search_term_string}\"},\"query-input\":{\"@type\":\"PropertyValueSpecification\",\"valueRequired\":true,\"valueName\":\"search_term_string\"}}],\"inLanguage\":\"de-DE\"},{\"@type\":\"Organization\",\"@id\":\"https:\\\/\\\/blog.medel.com\\\/de\\\/#organization\",\"name\":\"The MED-EL Blog\",\"url\":\"https:\\\/\\\/blog.medel.com\\\/de\\\/\",\"logo\":{\"@type\":\"ImageObject\",\"inLanguage\":\"de-DE\",\"@id\":\"https:\\\/\\\/blog.medel.com\\\/de\\\/#\\\/schema\\\/logo\\\/image\\\/\",\"url\":\"https:\\\/\\\/blog.medel.com\\\/wp-content\\\/uploads\\\/2023\\\/02\\\/MED-EL_logo_L2.png\",\"contentUrl\":\"https:\\\/\\\/blog.medel.com\\\/wp-content\\\/uploads\\\/2023\\\/02\\\/MED-EL_logo_L2.png\",\"width\":443,\"height\":200,\"caption\":\"The MED-EL Blog\"},\"image\":{\"@id\":\"https:\\\/\\\/blog.medel.com\\\/de\\\/#\\\/schema\\\/logo\\\/image\\\/\"}},{\"@type\":\"Person\",\"@id\":\"https:\\\/\\\/blog.medel.com\\\/de\\\/#\\\/schema\\\/person\\\/9f8dcfb27ec87796d874e021602c56e2\",\"name\":\"MED-EL\",\"sameAs\":[\"https:\\\/\\\/www.medel.com\"]}]}<\/script>\n<!-- \/ Yoast SEO plugin. -->","yoast_head_json":{"title":"\u201eDas Implantat hat mir Lebensqualit\u00e4t zur\u00fcckgegeben\u201c: Linas Weg zur VIBRANT SOUNDBRIDGE - The MED-EL Blog","description":"Nach zahlreichen Mittelohrentz\u00fcndungen litt Lina an Schallleitungsh\u00f6rverlust im linken Ohr. Dank einer VIBRANT SOUNDBRIDGE steht sie wieder mitten im Leben.","robots":{"index":"index","follow":"follow","max-snippet":"max-snippet:-1","max-image-preview":"max-image-preview:large","max-video-preview":"max-video-preview:-1"},"canonical":"https:\/\/blog.medel.com\/de\/gastartikel\/das-implantat-hat-mir-lebensqualitaet-zurueckgegeben-linas-weg-zur-vibrant-soundbridge\/","og_locale":"de_DE","og_type":"article","og_title":"\u201eDas Implantat hat mir Lebensqualit\u00e4t zur\u00fcckgegeben\u201c: Linas Weg zur VIBRANT SOUNDBRIDGE - The MED-EL Blog","og_description":"Nach zahlreichen Mittelohrentz\u00fcndungen litt Lina an Schallleitungsh\u00f6rverlust im linken Ohr. Dank einer VIBRANT SOUNDBRIDGE steht sie wieder mitten im Leben.","og_url":"https:\/\/blog.medel.com\/de\/gastartikel\/das-implantat-hat-mir-lebensqualitaet-zurueckgegeben-linas-weg-zur-vibrant-soundbridge\/","og_site_name":"The MED-EL Blog","article_published_time":"2020-02-02T09:00:37+00:00","article_modified_time":"2023-04-05T09:02:03+00:00","og_image":[{"width":800,"height":400,"url":"https:\/\/blog.medel.com\/wp-content\/uploads\/2023\/03\/lina_800x400-1.jpg","type":"image\/jpeg"}],"author":"MED-EL","twitter_card":"summary_large_image","twitter_misc":{"Verfasst von":"MED-EL","Gesch\u00e4tzte Lesezeit":"6 Minuten"},"schema":{"@context":"https:\/\/schema.org","@graph":[{"@type":"Article","@id":"https:\/\/blog.medel.com\/de\/gastartikel\/das-implantat-hat-mir-lebensqualitaet-zurueckgegeben-linas-weg-zur-vibrant-soundbridge\/#article","isPartOf":{"@id":"https:\/\/blog.medel.com\/de\/gastartikel\/das-implantat-hat-mir-lebensqualitaet-zurueckgegeben-linas-weg-zur-vibrant-soundbridge\/"},"author":{"name":"MED-EL","@id":"https:\/\/blog.medel.com\/de\/#\/schema\/person\/9f8dcfb27ec87796d874e021602c56e2"},"headline":"\u201eDas Implantat hat mir Lebensqualit\u00e4t zur\u00fcckgegeben\u201c: Linas Weg zur VIBRANT SOUNDBRIDGE","datePublished":"2020-02-02T09:00:37+00:00","dateModified":"2023-04-05T09:02:03+00:00","mainEntityOfPage":{"@id":"https:\/\/blog.medel.com\/de\/gastartikel\/das-implantat-hat-mir-lebensqualitaet-zurueckgegeben-linas-weg-zur-vibrant-soundbridge\/"},"wordCount":1193,"commentCount":0,"publisher":{"@id":"https:\/\/blog.medel.com\/de\/#organization"},"image":{"@id":"https:\/\/blog.medel.com\/de\/gastartikel\/das-implantat-hat-mir-lebensqualitaet-zurueckgegeben-linas-weg-zur-vibrant-soundbridge\/#primaryimage"},"thumbnailUrl":"https:\/\/blog.medel.com\/wp-content\/uploads\/2023\/03\/lina_800x400-1.jpg","keywords":["Schallleitungsh\u00f6rverlust","VIBRANT SOUNDBRIDGE"],"articleSection":["Gastartikel"],"inLanguage":"de-DE","potentialAction":[{"@type":"CommentAction","name":"Comment","target":["https:\/\/blog.medel.com\/de\/gastartikel\/das-implantat-hat-mir-lebensqualitaet-zurueckgegeben-linas-weg-zur-vibrant-soundbridge\/#respond"]}]},{"@type":"WebPage","@id":"https:\/\/blog.medel.com\/de\/gastartikel\/das-implantat-hat-mir-lebensqualitaet-zurueckgegeben-linas-weg-zur-vibrant-soundbridge\/","url":"https:\/\/blog.medel.com\/de\/gastartikel\/das-implantat-hat-mir-lebensqualitaet-zurueckgegeben-linas-weg-zur-vibrant-soundbridge\/","name":"\u201eDas Implantat hat mir Lebensqualit\u00e4t zur\u00fcckgegeben\u201c: Linas Weg zur VIBRANT SOUNDBRIDGE - The MED-EL Blog","isPartOf":{"@id":"https:\/\/blog.medel.com\/de\/#website"},"primaryImageOfPage":{"@id":"https:\/\/blog.medel.com\/de\/gastartikel\/das-implantat-hat-mir-lebensqualitaet-zurueckgegeben-linas-weg-zur-vibrant-soundbridge\/#primaryimage"},"image":{"@id":"https:\/\/blog.medel.com\/de\/gastartikel\/das-implantat-hat-mir-lebensqualitaet-zurueckgegeben-linas-weg-zur-vibrant-soundbridge\/#primaryimage"},"thumbnailUrl":"https:\/\/blog.medel.com\/wp-content\/uploads\/2023\/03\/lina_800x400-1.jpg","datePublished":"2020-02-02T09:00:37+00:00","dateModified":"2023-04-05T09:02:03+00:00","description":"Nach zahlreichen Mittelohrentz\u00fcndungen litt Lina an Schallleitungsh\u00f6rverlust im linken Ohr. Dank einer VIBRANT SOUNDBRIDGE steht sie wieder mitten im Leben.","breadcrumb":{"@id":"https:\/\/blog.medel.com\/de\/gastartikel\/das-implantat-hat-mir-lebensqualitaet-zurueckgegeben-linas-weg-zur-vibrant-soundbridge\/#breadcrumb"},"inLanguage":"de-DE","potentialAction":[{"@type":"ReadAction","target":["https:\/\/blog.medel.com\/de\/gastartikel\/das-implantat-hat-mir-lebensqualitaet-zurueckgegeben-linas-weg-zur-vibrant-soundbridge\/"]}]},{"@type":"ImageObject","inLanguage":"de-DE","@id":"https:\/\/blog.medel.com\/de\/gastartikel\/das-implantat-hat-mir-lebensqualitaet-zurueckgegeben-linas-weg-zur-vibrant-soundbridge\/#primaryimage","url":"https:\/\/blog.medel.com\/wp-content\/uploads\/2023\/03\/lina_800x400-1.jpg","contentUrl":"https:\/\/blog.medel.com\/wp-content\/uploads\/2023\/03\/lina_800x400-1.jpg","width":800,"height":400},{"@type":"BreadcrumbList","@id":"https:\/\/blog.medel.com\/de\/gastartikel\/das-implantat-hat-mir-lebensqualitaet-zurueckgegeben-linas-weg-zur-vibrant-soundbridge\/#breadcrumb","itemListElement":[{"@type":"ListItem","position":1,"name":"Home","item":"https:\/\/blog.medel.com\/de\/"},{"@type":"ListItem","position":2,"name":"\u201eDas Implantat hat mir Lebensqualit\u00e4t zur\u00fcckgegeben\u201c: Linas Weg zur VIBRANT SOUNDBRIDGE"}]},{"@type":"WebSite","@id":"https:\/\/blog.medel.com\/de\/#website","url":"https:\/\/blog.medel.com\/de\/","name":"The MED-EL Blog","description":"","publisher":{"@id":"https:\/\/blog.medel.com\/de\/#organization"},"potentialAction":[{"@type":"SearchAction","target":{"@type":"EntryPoint","urlTemplate":"https:\/\/blog.medel.com\/de\/?s={search_term_string}"},"query-input":{"@type":"PropertyValueSpecification","valueRequired":true,"valueName":"search_term_string"}}],"inLanguage":"de-DE"},{"@type":"Organization","@id":"https:\/\/blog.medel.com\/de\/#organization","name":"The MED-EL Blog","url":"https:\/\/blog.medel.com\/de\/","logo":{"@type":"ImageObject","inLanguage":"de-DE","@id":"https:\/\/blog.medel.com\/de\/#\/schema\/logo\/image\/","url":"https:\/\/blog.medel.com\/wp-content\/uploads\/2023\/02\/MED-EL_logo_L2.png","contentUrl":"https:\/\/blog.medel.com\/wp-content\/uploads\/2023\/02\/MED-EL_logo_L2.png","width":443,"height":200,"caption":"The MED-EL Blog"},"image":{"@id":"https:\/\/blog.medel.com\/de\/#\/schema\/logo\/image\/"}},{"@type":"Person","@id":"https:\/\/blog.medel.com\/de\/#\/schema\/person\/9f8dcfb27ec87796d874e021602c56e2","name":"MED-EL","sameAs":["https:\/\/www.medel.com"]}]}},"_links":{"self":[{"href":"https:\/\/blog.medel.com\/de\/wp-json\/wp\/v2\/posts\/46880","targetHints":{"allow":["GET"]}}],"collection":[{"href":"https:\/\/blog.medel.com\/de\/wp-json\/wp\/v2\/posts"}],"about":[{"href":"https:\/\/blog.medel.com\/de\/wp-json\/wp\/v2\/types\/post"}],"author":[{"embeddable":true,"href":"https:\/\/blog.medel.com\/de\/wp-json\/wp\/v2\/users\/8"}],"replies":[{"embeddable":true,"href":"https:\/\/blog.medel.com\/de\/wp-json\/wp\/v2\/comments?post=46880"}],"version-history":[{"count":1,"href":"https:\/\/blog.medel.com\/de\/wp-json\/wp\/v2\/posts\/46880\/revisions"}],"predecessor-version":[{"id":47136,"href":"https:\/\/blog.medel.com\/de\/wp-json\/wp\/v2\/posts\/46880\/revisions\/47136"}],"wp:featuredmedia":[{"embeddable":true,"href":"https:\/\/blog.medel.com\/de\/wp-json\/wp\/v2\/media\/65169"}],"wp:attachment":[{"href":"https:\/\/blog.medel.com\/de\/wp-json\/wp\/v2\/media?parent=46880"}],"wp:term":[{"taxonomy":"category","embeddable":true,"href":"https:\/\/blog.medel.com\/de\/wp-json\/wp\/v2\/categories?post=46880"},{"taxonomy":"post_tag","embeddable":true,"href":"https:\/\/blog.medel.com\/de\/wp-json\/wp\/v2\/tags?post=46880"}],"curies":[{"name":"wp","href":"https:\/\/api.w.org\/{rel}","templated":true}]}}