{"id":46824,"date":"2018-08-28T09:00:20","date_gmt":"2018-08-28T09:00:20","guid":{"rendered":"https:\/\/blog.medel.com\/unkategorisiert\/erfahrungsbericht-einer-samba-benutzerin-ueber-das-siemens-minitek\/"},"modified":"2023-04-05T09:00:52","modified_gmt":"2023-04-05T09:00:52","slug":"erfahrungsbericht-einer-samba-benutzerin-ueber-das-siemens-minitek","status":"publish","type":"post","link":"https:\/\/blog.medel.com\/de\/technologie\/erfahrungsbericht-einer-samba-benutzerin-ueber-das-siemens-minitek\/","title":{"rendered":"Erfahrungsbericht einer SAMBA-Benutzerin \u00fcber das Siemens MiniTek"},"content":{"rendered":"<p>Ivana tr\u00e4gt ihr BONEBRIDGE-Knochenleitungsimplantat schon seit einigen Jahren und nutzt sehr gern das <a href=\"http:\/\/forum.hearpeers.com\/\">HearPeers-Forum<\/a>, um anderen zu helfen und sie an ihren Erfahrungen teilhaben zu lassen. Sie hat das Siemens miniTek mit ihrem <a href=\"https:\/\/www.medel.com\/int\/samba-audio-processor\">SAMBA-Audioprozessor<\/a> getestet und uns diesen Erfahrungsbericht geschickt!<\/p>\n<p>&nbsp;<\/p>\n<hr \/>\n<p>&nbsp;<\/p>\n<h3>Ivanas Erfahrungen mit dem Siemens miniTek<\/h3>\n<p>Ich hatte die Gelegenheit, das Siemens miniTek zusammen mit meinem SAMBA und einer ganzen Reihe von Ger\u00e4ten gr\u00fcndlich auszuprobieren. Dazu geh\u00f6rten:<\/p>\n<ul>\n<li style=\"list-style-type: none;\">\n<ul>\n<li>Mobiltelefone sowohl mit iOS und Android<\/li>\n<li>Laptop mit iOS-Plattform (Macbook Air)<\/li>\n<li>ein \u00fcber Bluetooth angeschlossenes Stethoskop<\/li>\n<\/ul>\n<\/li>\n<\/ul>\n<p>Nach meinen bisherigen Erfahrungen mit dem miniTek finde ich das Ger\u00e4t ziemlich vielseitig und n\u00fctzlich!<\/p>\n<p>&nbsp;<\/p>\n<h4>Benutzerfreundlichkeit<\/h4>\n<p><strong>Sterne: 4<\/strong><\/p>\n<p>Das miniTek* ist aus Kunststoff und solide gebaut. Au\u00dferdem mag ich das klare Design und die edle schwarzgl\u00e4nzende Oberfl\u00e4che. Die Tasten f\u00fcr den Programmwechsel und die Lautst\u00e4rkeregelung haben eine gute Gr\u00f6\u00dfe\u00a0\u2013 nicht zu klein. Das Geh\u00e4use des miniTek ist so robust, dass es keinen Schaden genommen hat, als ich das Ger\u00e4t einmal fallen gelassen habe!<\/p>\n<p>Was mich aber wirklich \u00fcberzeugt hat, ist das breite Anwendungsspektrum. Ich nutze mein miniTek f\u00fcr alles M\u00f6gliche: als Fernbedienung, als Streaming-Ger\u00e4t f\u00fcr mein Telefon und beim Arbeiten. Als \u00c4rztin begr\u00fc\u00dfe ich es besonders, dass ich es per Bluetooth mit meinem Stethoskop verbinden kann, wenn ich mit Patienten arbeite. Meine Lieblingsfunktion ist aber das Musik-Streaming: Die Klangqualit\u00e4t ist wirklich au\u00dfergew\u00f6hnlich! Der Ton ist so klar, dass er der Musik, die ich h\u00f6re, mehr Tiefe verleiht. Ich mag zwar alle m\u00f6glichen Musikstile, aber gerade klassische Musik gewinnt durch das miniTek enorm. Die Langlebigkeit des Ger\u00e4ts ist unvergleichlich: Es hat bislang jede Witterung \u00fcberstanden, selbst extremere Bedingungen wie hohe Luftfeuchtigkeit.<\/p>\n<p>&nbsp;<\/p>\n<h4>Anschlussm\u00f6glichkeiten<\/h4>\n<p><strong>Sterne: 5<\/strong><\/p>\n<p>Grunds\u00e4tzlich ist es ganz einfach, ein anderes Ger\u00e4t zu verbinden, das Programm zu wechseln oder die Lautst\u00e4rke anzupassen. Zu Beginn musste ich erst einmal lernen, wie man ein anderes Ger\u00e4t verbindet, aber eigentlich braucht man nur der mitgelieferten pr\u00e4zisen Anleitung zu folgen. Wenn man seine Ger\u00e4te einmal verbunden hat, erfolgt der n\u00e4chste Verbindungsaufbau ganz automatisch und schnell, da das miniTek die Einstellungen speichert. Dasselbe gilt f\u00fcr die Annahme von Telefonanrufen. Der Klang beim Telefonieren ist gro\u00dfartig\u00a0\u2013 die Stimmen sind klar und deutlich.<\/p>\n<p>Ein wichtiger Tipp von mir ist, das miniTek immer an einer festen Stelle anzubringen, damit man einen gleichbleibenden Empfang hat. Ich habe es daf\u00fcr z.\u00a0B. an der Schulter oder sogar am R\u00fccken festgeklemmt, damit es m\u00f6glichst wenig bewegt wird. So bleibt die Verbindung auch beim Hin- und Hergehen stabil. Ich benutze es sogar beim Wandern, Laufen oder Fahrradfahren! Mittlerweile streame ich sogar meinen Radiosender dar\u00fcber, weil der Empfang so viel besser war als von der Soundanlage im Auto (die von einem renommierten Hersteller ist), und das selbst bei starkem Verkehr. Aber keine Sorge: Der SAMBA empf\u00e4ngt immer noch alle Hintergrundger\u00e4usche, wenn ich mit dem miniTek im Freien aktiv bin.<\/p>\n<p>&nbsp;<\/p>\n<h4>Batterielaufzeit<\/h4>\n<p><strong>Sterne: 5<\/strong><\/p>\n<p>F\u00fcr mich reicht die Batterielaufzeit definitiv aus. Ich sitze h\u00e4ufig stundenlang im Auto und kann das Ger\u00e4t problemlos die ganze Zeit zum Radio-Streaming nutzen. Die Batterielaufzeit schwankt je nach dem, was ich mit dem miniTek mache. Beim Streamen mit meinem Handy geht meist der Handy-Akku als erstes in die Knie. Und wenn ich das Ger\u00e4t nur zum Streamen von Telefonanrufen oder mit meinem Stethoskop nutze, h\u00e4lt der Akku bis zu eine Woche. Grunds\u00e4tzlich finde ich, dass er f\u00fcr das, was ich so jeden Tag mache, v\u00f6llig ausreicht.<\/p>\n<p>&nbsp;<\/p>\n<h4>Vielseitigkeit:<\/h4>\n<p><strong>Sterne: 5<\/strong><\/p>\n<p>Meiner Meinung nach ist das miniTek f\u00fcr viele Benutzer eine hervorragende Wahl, weil man es mit so vielen verschiedenen Ger\u00e4ten nutzen kann. Ich verbinde zum Beispiel sehr gern mein Handy mit dem Soundsystem im Auto und \u00fcbertrage die Musik dann \u00fcber das miniTek direkt an meinen SAMBA. F\u00fcr mich pers\u00f6nlich ist das Beste an diesem Assistive Listening-Ger\u00e4t, dass man Musik vollkommen anders und viel sch\u00f6ner genie\u00dfen kann. Das miniTek zaubert mir wirklich ein L\u00e4cheln ins Gesicht und macht das Leben bunter!<\/p>\n<p>Hervorheben m\u00f6chte ich au\u00dferdem die Klangqualit\u00e4t bei menschlichen Stimmen, sei es beim Telefonieren oder in Videos. Ich schaue mir zum Beispiel wahnsinnig gern die Vortr\u00e4ge auf TED Talks an. Mit dem miniTek muss ich nicht mehr zur\u00fcckspulen, um einzelne Stellen zu wiederholen, weil mir schlichtweg kein Satz mehr entgeht. Au\u00dferdem freue ich mich, dass ich Filme jetzt auch ohne Untertitel schauen kann.<\/p>\n<p>&nbsp;<\/p>\n<h4>Abschlie\u00dfende Bemerkung<\/h4>\n<p>Ich kann dieses Produkt uneingeschr\u00e4nkt jedem empfehlen! Neben der phantastischen Klangqualit\u00e4t beim Streamen von Musik hilft es mir wirklich bei meiner Arbeit mit Menschen.<\/p>\n<p>&nbsp;<\/p>\n<p><em>Danke, Ivana!<\/em><\/p>\n<p>M\u00f6chten Sie mehr \u00fcber das Leben mit einem SAMBA-Audioprozessor erfahren? Lesen Sie den Beitrag <a href=\"\/?p=6685\">Silkes ersten Urlaub mit dem SAMBA<\/a> \u00fcber ihre Reise durch die USA.<\/p>\n<p><a href=\"\/?page_id=4960\">Abonnieren Sie den Blog von MED-EL<\/a>, und Sie erhalten jede Woche die neuesten Blogbeitr\u00e4ge direkt in Ihrem Postfach.<\/p>\n<p>&nbsp;<\/p>\n<p><span style=\"font-size: 12px;\">* Sivantos ist nicht verantwortlich f\u00fcr den Betrieb mit dem SAMBA oder die Einhaltung von Sicherheits- und Betriebsvorschriften beim Betrieb mit dem SAMBA<\/span><\/p>\n","protected":false},"excerpt":{"rendered":"<p>Ivana tr\u00e4gt ihr BONEBRIDGE-Knochenleitungsimplantat schon seit einigen Jahren und nutzt sehr gern das HearPeers-Forum, um anderen zu helfen und sie an ihren Erfahrungen teilhaben zu lassen. Sie hat das Siemens miniTek mit ihrem SAMBA-Audioprozessor getestet und uns diesen Erfahrungsbericht geschickt! &nbsp; &nbsp; Ivanas Erfahrungen mit dem Siemens miniTek Ich hatte die Gelegenheit, das Siemens miniTek [&hellip;]<\/p>\n","protected":false},"author":8,"featured_media":64465,"comment_status":"open","ping_status":"open","sticky":false,"template":"","format":"standard","meta":{"footnotes":""},"categories":[3255],"tags":[],"class_list":["post-46824","post","type-post","status-publish","format-standard","has-post-thumbnail","hentry","category-technologie"],"yoast_head":"<!-- This site is optimized with the Yoast SEO plugin v27.4 - https:\/\/yoast.com\/product\/yoast-seo-wordpress\/ -->\n<title>Erfahrungsbericht einer SAMBA-Benutzerin \u00fcber das Siemens MiniTek - The MED-EL Blog<\/title>\n<meta name=\"description\" content=\"Lesen Sie im Erfahrungsbericht von SAMBA-Benutzerin Ivana \u00fcber das Siemens miniTek, wie ihr dieses Ger\u00e4t beim Musikh\u00f6ren und mit ihrem Stethoskop geholfen hat.\" \/>\n<meta name=\"robots\" content=\"index, follow, max-snippet:-1, max-image-preview:large, max-video-preview:-1\" \/>\n<link rel=\"canonical\" href=\"https:\/\/blog.medel.com\/de\/technologie\/erfahrungsbericht-einer-samba-benutzerin-ueber-das-siemens-minitek\/\" \/>\n<meta property=\"og:locale\" content=\"de_DE\" \/>\n<meta property=\"og:type\" content=\"article\" \/>\n<meta property=\"og:title\" content=\"Erfahrungsbericht einer SAMBA-Benutzerin \u00fcber das Siemens MiniTek - The MED-EL Blog\" \/>\n<meta property=\"og:description\" content=\"Lesen Sie im Erfahrungsbericht von SAMBA-Benutzerin Ivana \u00fcber das Siemens miniTek, wie ihr dieses Ger\u00e4t beim Musikh\u00f6ren und mit ihrem Stethoskop geholfen hat.\" \/>\n<meta property=\"og:url\" content=\"https:\/\/blog.medel.com\/de\/technologie\/erfahrungsbericht-einer-samba-benutzerin-ueber-das-siemens-minitek\/\" \/>\n<meta property=\"og:site_name\" content=\"The MED-EL Blog\" \/>\n<meta property=\"article:published_time\" content=\"2018-08-28T09:00:20+00:00\" \/>\n<meta property=\"article:modified_time\" content=\"2023-04-05T09:00:52+00:00\" \/>\n<meta property=\"og:image\" content=\"https:\/\/blog.medel.com\/wp-content\/uploads\/2023\/03\/blog_minitek.jpg\" \/>\n\t<meta property=\"og:image:width\" content=\"800\" \/>\n\t<meta property=\"og:image:height\" content=\"400\" \/>\n\t<meta property=\"og:image:type\" content=\"image\/jpeg\" \/>\n<meta name=\"author\" content=\"MED-EL\" \/>\n<meta name=\"twitter:card\" content=\"summary_large_image\" \/>\n<meta name=\"twitter:label1\" content=\"Verfasst von\" \/>\n\t<meta name=\"twitter:data1\" content=\"MED-EL\" \/>\n\t<meta name=\"twitter:label2\" content=\"Gesch\u00e4tzte Lesezeit\" \/>\n\t<meta name=\"twitter:data2\" content=\"4 Minuten\" \/>\n<script type=\"application\/ld+json\" class=\"yoast-schema-graph\">{\"@context\":\"https:\\\/\\\/schema.org\",\"@graph\":[{\"@type\":\"Article\",\"@id\":\"https:\\\/\\\/blog.medel.com\\\/de\\\/technologie\\\/erfahrungsbericht-einer-samba-benutzerin-ueber-das-siemens-minitek\\\/#article\",\"isPartOf\":{\"@id\":\"https:\\\/\\\/blog.medel.com\\\/de\\\/technologie\\\/erfahrungsbericht-einer-samba-benutzerin-ueber-das-siemens-minitek\\\/\"},\"author\":{\"name\":\"MED-EL\",\"@id\":\"https:\\\/\\\/blog.medel.com\\\/tr\\\/#\\\/schema\\\/person\\\/9f8dcfb27ec87796d874e021602c56e2\"},\"headline\":\"Erfahrungsbericht einer SAMBA-Benutzerin \u00fcber das Siemens MiniTek\",\"datePublished\":\"2018-08-28T09:00:20+00:00\",\"dateModified\":\"2023-04-05T09:00:52+00:00\",\"mainEntityOfPage\":{\"@id\":\"https:\\\/\\\/blog.medel.com\\\/de\\\/technologie\\\/erfahrungsbericht-einer-samba-benutzerin-ueber-das-siemens-minitek\\\/\"},\"wordCount\":869,\"commentCount\":0,\"publisher\":{\"@id\":\"https:\\\/\\\/blog.medel.com\\\/tr\\\/#organization\"},\"image\":{\"@id\":\"https:\\\/\\\/blog.medel.com\\\/de\\\/technologie\\\/erfahrungsbericht-einer-samba-benutzerin-ueber-das-siemens-minitek\\\/#primaryimage\"},\"thumbnailUrl\":\"https:\\\/\\\/blog.medel.com\\\/wp-content\\\/uploads\\\/2023\\\/03\\\/blog_minitek.jpg\",\"articleSection\":[\"Technologie\"],\"inLanguage\":\"de-DE\",\"potentialAction\":[{\"@type\":\"CommentAction\",\"name\":\"Comment\",\"target\":[\"https:\\\/\\\/blog.medel.com\\\/de\\\/technologie\\\/erfahrungsbericht-einer-samba-benutzerin-ueber-das-siemens-minitek\\\/#respond\"]}]},{\"@type\":\"WebPage\",\"@id\":\"https:\\\/\\\/blog.medel.com\\\/de\\\/technologie\\\/erfahrungsbericht-einer-samba-benutzerin-ueber-das-siemens-minitek\\\/\",\"url\":\"https:\\\/\\\/blog.medel.com\\\/de\\\/technologie\\\/erfahrungsbericht-einer-samba-benutzerin-ueber-das-siemens-minitek\\\/\",\"name\":\"Erfahrungsbericht einer SAMBA-Benutzerin \u00fcber das Siemens MiniTek - The MED-EL Blog\",\"isPartOf\":{\"@id\":\"https:\\\/\\\/blog.medel.com\\\/tr\\\/#website\"},\"primaryImageOfPage\":{\"@id\":\"https:\\\/\\\/blog.medel.com\\\/de\\\/technologie\\\/erfahrungsbericht-einer-samba-benutzerin-ueber-das-siemens-minitek\\\/#primaryimage\"},\"image\":{\"@id\":\"https:\\\/\\\/blog.medel.com\\\/de\\\/technologie\\\/erfahrungsbericht-einer-samba-benutzerin-ueber-das-siemens-minitek\\\/#primaryimage\"},\"thumbnailUrl\":\"https:\\\/\\\/blog.medel.com\\\/wp-content\\\/uploads\\\/2023\\\/03\\\/blog_minitek.jpg\",\"datePublished\":\"2018-08-28T09:00:20+00:00\",\"dateModified\":\"2023-04-05T09:00:52+00:00\",\"description\":\"Lesen Sie im Erfahrungsbericht von SAMBA-Benutzerin Ivana \u00fcber das Siemens miniTek, wie ihr dieses Ger\u00e4t beim Musikh\u00f6ren und mit ihrem Stethoskop geholfen hat.\",\"breadcrumb\":{\"@id\":\"https:\\\/\\\/blog.medel.com\\\/de\\\/technologie\\\/erfahrungsbericht-einer-samba-benutzerin-ueber-das-siemens-minitek\\\/#breadcrumb\"},\"inLanguage\":\"de-DE\",\"potentialAction\":[{\"@type\":\"ReadAction\",\"target\":[\"https:\\\/\\\/blog.medel.com\\\/de\\\/technologie\\\/erfahrungsbericht-einer-samba-benutzerin-ueber-das-siemens-minitek\\\/\"]}]},{\"@type\":\"ImageObject\",\"inLanguage\":\"de-DE\",\"@id\":\"https:\\\/\\\/blog.medel.com\\\/de\\\/technologie\\\/erfahrungsbericht-einer-samba-benutzerin-ueber-das-siemens-minitek\\\/#primaryimage\",\"url\":\"https:\\\/\\\/blog.medel.com\\\/wp-content\\\/uploads\\\/2023\\\/03\\\/blog_minitek.jpg\",\"contentUrl\":\"https:\\\/\\\/blog.medel.com\\\/wp-content\\\/uploads\\\/2023\\\/03\\\/blog_minitek.jpg\",\"width\":800,\"height\":400},{\"@type\":\"BreadcrumbList\",\"@id\":\"https:\\\/\\\/blog.medel.com\\\/de\\\/technologie\\\/erfahrungsbericht-einer-samba-benutzerin-ueber-das-siemens-minitek\\\/#breadcrumb\",\"itemListElement\":[{\"@type\":\"ListItem\",\"position\":1,\"name\":\"Home\",\"item\":\"https:\\\/\\\/blog.medel.com\\\/\"},{\"@type\":\"ListItem\",\"position\":2,\"name\":\"Erfahrungsbericht einer SAMBA-Benutzerin \u00fcber das Siemens MiniTek\"}]},{\"@type\":\"WebSite\",\"@id\":\"https:\\\/\\\/blog.medel.com\\\/tr\\\/#website\",\"url\":\"https:\\\/\\\/blog.medel.com\\\/tr\\\/\",\"name\":\"The MED-EL Blog\",\"description\":\"\",\"publisher\":{\"@id\":\"https:\\\/\\\/blog.medel.com\\\/tr\\\/#organization\"},\"potentialAction\":[{\"@type\":\"SearchAction\",\"target\":{\"@type\":\"EntryPoint\",\"urlTemplate\":\"https:\\\/\\\/blog.medel.com\\\/tr\\\/?s={search_term_string}\"},\"query-input\":{\"@type\":\"PropertyValueSpecification\",\"valueRequired\":true,\"valueName\":\"search_term_string\"}}],\"inLanguage\":\"de-DE\"},{\"@type\":\"Organization\",\"@id\":\"https:\\\/\\\/blog.medel.com\\\/tr\\\/#organization\",\"name\":\"The MED-EL Blog\",\"url\":\"https:\\\/\\\/blog.medel.com\\\/tr\\\/\",\"logo\":{\"@type\":\"ImageObject\",\"inLanguage\":\"de-DE\",\"@id\":\"https:\\\/\\\/blog.medel.com\\\/tr\\\/#\\\/schema\\\/logo\\\/image\\\/\",\"url\":\"https:\\\/\\\/blog.medel.com\\\/wp-content\\\/uploads\\\/2023\\\/02\\\/MED-EL_logo_L2.png\",\"contentUrl\":\"https:\\\/\\\/blog.medel.com\\\/wp-content\\\/uploads\\\/2023\\\/02\\\/MED-EL_logo_L2.png\",\"width\":443,\"height\":200,\"caption\":\"The MED-EL Blog\"},\"image\":{\"@id\":\"https:\\\/\\\/blog.medel.com\\\/tr\\\/#\\\/schema\\\/logo\\\/image\\\/\"}},{\"@type\":\"Person\",\"@id\":\"https:\\\/\\\/blog.medel.com\\\/tr\\\/#\\\/schema\\\/person\\\/9f8dcfb27ec87796d874e021602c56e2\",\"name\":\"MED-EL\",\"sameAs\":[\"https:\\\/\\\/www.medel.com\"]}]}<\/script>\n<!-- \/ Yoast SEO plugin. -->","yoast_head_json":{"title":"Erfahrungsbericht einer SAMBA-Benutzerin \u00fcber das Siemens MiniTek - The MED-EL Blog","description":"Lesen Sie im Erfahrungsbericht von SAMBA-Benutzerin Ivana \u00fcber das Siemens miniTek, wie ihr dieses Ger\u00e4t beim Musikh\u00f6ren und mit ihrem Stethoskop geholfen hat.","robots":{"index":"index","follow":"follow","max-snippet":"max-snippet:-1","max-image-preview":"max-image-preview:large","max-video-preview":"max-video-preview:-1"},"canonical":"https:\/\/blog.medel.com\/de\/technologie\/erfahrungsbericht-einer-samba-benutzerin-ueber-das-siemens-minitek\/","og_locale":"de_DE","og_type":"article","og_title":"Erfahrungsbericht einer SAMBA-Benutzerin \u00fcber das Siemens MiniTek - The MED-EL Blog","og_description":"Lesen Sie im Erfahrungsbericht von SAMBA-Benutzerin Ivana \u00fcber das Siemens miniTek, wie ihr dieses Ger\u00e4t beim Musikh\u00f6ren und mit ihrem Stethoskop geholfen hat.","og_url":"https:\/\/blog.medel.com\/de\/technologie\/erfahrungsbericht-einer-samba-benutzerin-ueber-das-siemens-minitek\/","og_site_name":"The MED-EL Blog","article_published_time":"2018-08-28T09:00:20+00:00","article_modified_time":"2023-04-05T09:00:52+00:00","og_image":[{"width":800,"height":400,"url":"https:\/\/blog.medel.com\/wp-content\/uploads\/2023\/03\/blog_minitek.jpg","type":"image\/jpeg"}],"author":"MED-EL","twitter_card":"summary_large_image","twitter_misc":{"Verfasst von":"MED-EL","Gesch\u00e4tzte Lesezeit":"4 Minuten"},"schema":{"@context":"https:\/\/schema.org","@graph":[{"@type":"Article","@id":"https:\/\/blog.medel.com\/de\/technologie\/erfahrungsbericht-einer-samba-benutzerin-ueber-das-siemens-minitek\/#article","isPartOf":{"@id":"https:\/\/blog.medel.com\/de\/technologie\/erfahrungsbericht-einer-samba-benutzerin-ueber-das-siemens-minitek\/"},"author":{"name":"MED-EL","@id":"https:\/\/blog.medel.com\/tr\/#\/schema\/person\/9f8dcfb27ec87796d874e021602c56e2"},"headline":"Erfahrungsbericht einer SAMBA-Benutzerin \u00fcber das Siemens MiniTek","datePublished":"2018-08-28T09:00:20+00:00","dateModified":"2023-04-05T09:00:52+00:00","mainEntityOfPage":{"@id":"https:\/\/blog.medel.com\/de\/technologie\/erfahrungsbericht-einer-samba-benutzerin-ueber-das-siemens-minitek\/"},"wordCount":869,"commentCount":0,"publisher":{"@id":"https:\/\/blog.medel.com\/tr\/#organization"},"image":{"@id":"https:\/\/blog.medel.com\/de\/technologie\/erfahrungsbericht-einer-samba-benutzerin-ueber-das-siemens-minitek\/#primaryimage"},"thumbnailUrl":"https:\/\/blog.medel.com\/wp-content\/uploads\/2023\/03\/blog_minitek.jpg","articleSection":["Technologie"],"inLanguage":"de-DE","potentialAction":[{"@type":"CommentAction","name":"Comment","target":["https:\/\/blog.medel.com\/de\/technologie\/erfahrungsbericht-einer-samba-benutzerin-ueber-das-siemens-minitek\/#respond"]}]},{"@type":"WebPage","@id":"https:\/\/blog.medel.com\/de\/technologie\/erfahrungsbericht-einer-samba-benutzerin-ueber-das-siemens-minitek\/","url":"https:\/\/blog.medel.com\/de\/technologie\/erfahrungsbericht-einer-samba-benutzerin-ueber-das-siemens-minitek\/","name":"Erfahrungsbericht einer SAMBA-Benutzerin \u00fcber das Siemens MiniTek - The MED-EL Blog","isPartOf":{"@id":"https:\/\/blog.medel.com\/tr\/#website"},"primaryImageOfPage":{"@id":"https:\/\/blog.medel.com\/de\/technologie\/erfahrungsbericht-einer-samba-benutzerin-ueber-das-siemens-minitek\/#primaryimage"},"image":{"@id":"https:\/\/blog.medel.com\/de\/technologie\/erfahrungsbericht-einer-samba-benutzerin-ueber-das-siemens-minitek\/#primaryimage"},"thumbnailUrl":"https:\/\/blog.medel.com\/wp-content\/uploads\/2023\/03\/blog_minitek.jpg","datePublished":"2018-08-28T09:00:20+00:00","dateModified":"2023-04-05T09:00:52+00:00","description":"Lesen Sie im Erfahrungsbericht von SAMBA-Benutzerin Ivana \u00fcber das Siemens miniTek, wie ihr dieses Ger\u00e4t beim Musikh\u00f6ren und mit ihrem Stethoskop geholfen hat.","breadcrumb":{"@id":"https:\/\/blog.medel.com\/de\/technologie\/erfahrungsbericht-einer-samba-benutzerin-ueber-das-siemens-minitek\/#breadcrumb"},"inLanguage":"de-DE","potentialAction":[{"@type":"ReadAction","target":["https:\/\/blog.medel.com\/de\/technologie\/erfahrungsbericht-einer-samba-benutzerin-ueber-das-siemens-minitek\/"]}]},{"@type":"ImageObject","inLanguage":"de-DE","@id":"https:\/\/blog.medel.com\/de\/technologie\/erfahrungsbericht-einer-samba-benutzerin-ueber-das-siemens-minitek\/#primaryimage","url":"https:\/\/blog.medel.com\/wp-content\/uploads\/2023\/03\/blog_minitek.jpg","contentUrl":"https:\/\/blog.medel.com\/wp-content\/uploads\/2023\/03\/blog_minitek.jpg","width":800,"height":400},{"@type":"BreadcrumbList","@id":"https:\/\/blog.medel.com\/de\/technologie\/erfahrungsbericht-einer-samba-benutzerin-ueber-das-siemens-minitek\/#breadcrumb","itemListElement":[{"@type":"ListItem","position":1,"name":"Home","item":"https:\/\/blog.medel.com\/"},{"@type":"ListItem","position":2,"name":"Erfahrungsbericht einer SAMBA-Benutzerin \u00fcber das Siemens MiniTek"}]},{"@type":"WebSite","@id":"https:\/\/blog.medel.com\/tr\/#website","url":"https:\/\/blog.medel.com\/tr\/","name":"The MED-EL Blog","description":"","publisher":{"@id":"https:\/\/blog.medel.com\/tr\/#organization"},"potentialAction":[{"@type":"SearchAction","target":{"@type":"EntryPoint","urlTemplate":"https:\/\/blog.medel.com\/tr\/?s={search_term_string}"},"query-input":{"@type":"PropertyValueSpecification","valueRequired":true,"valueName":"search_term_string"}}],"inLanguage":"de-DE"},{"@type":"Organization","@id":"https:\/\/blog.medel.com\/tr\/#organization","name":"The MED-EL Blog","url":"https:\/\/blog.medel.com\/tr\/","logo":{"@type":"ImageObject","inLanguage":"de-DE","@id":"https:\/\/blog.medel.com\/tr\/#\/schema\/logo\/image\/","url":"https:\/\/blog.medel.com\/wp-content\/uploads\/2023\/02\/MED-EL_logo_L2.png","contentUrl":"https:\/\/blog.medel.com\/wp-content\/uploads\/2023\/02\/MED-EL_logo_L2.png","width":443,"height":200,"caption":"The MED-EL Blog"},"image":{"@id":"https:\/\/blog.medel.com\/tr\/#\/schema\/logo\/image\/"}},{"@type":"Person","@id":"https:\/\/blog.medel.com\/tr\/#\/schema\/person\/9f8dcfb27ec87796d874e021602c56e2","name":"MED-EL","sameAs":["https:\/\/www.medel.com"]}]}},"_links":{"self":[{"href":"https:\/\/blog.medel.com\/de\/wp-json\/wp\/v2\/posts\/46824","targetHints":{"allow":["GET"]}}],"collection":[{"href":"https:\/\/blog.medel.com\/de\/wp-json\/wp\/v2\/posts"}],"about":[{"href":"https:\/\/blog.medel.com\/de\/wp-json\/wp\/v2\/types\/post"}],"author":[{"embeddable":true,"href":"https:\/\/blog.medel.com\/de\/wp-json\/wp\/v2\/users\/8"}],"replies":[{"embeddable":true,"href":"https:\/\/blog.medel.com\/de\/wp-json\/wp\/v2\/comments?post=46824"}],"version-history":[{"count":1,"href":"https:\/\/blog.medel.com\/de\/wp-json\/wp\/v2\/posts\/46824\/revisions"}],"predecessor-version":[{"id":47080,"href":"https:\/\/blog.medel.com\/de\/wp-json\/wp\/v2\/posts\/46824\/revisions\/47080"}],"wp:featuredmedia":[{"embeddable":true,"href":"https:\/\/blog.medel.com\/de\/wp-json\/wp\/v2\/media\/64465"}],"wp:attachment":[{"href":"https:\/\/blog.medel.com\/de\/wp-json\/wp\/v2\/media?parent=46824"}],"wp:term":[{"taxonomy":"category","embeddable":true,"href":"https:\/\/blog.medel.com\/de\/wp-json\/wp\/v2\/categories?post=46824"},{"taxonomy":"post_tag","embeddable":true,"href":"https:\/\/blog.medel.com\/de\/wp-json\/wp\/v2\/tags?post=46824"}],"curies":[{"name":"wp","href":"https:\/\/api.w.org\/{rel}","templated":true}]}}