{"id":46819,"date":"2018-06-19T13:13:08","date_gmt":"2018-06-19T13:13:08","guid":{"rendered":"https:\/\/blog.medel.com\/unkategorisiert\/das-gehirn-die-vernetzte-denkfabrik\/"},"modified":"2023-07-04T11:15:05","modified_gmt":"2023-07-04T09:15:05","slug":"das-gehirn-die-vernetzte-denkfabrik","status":"publish","type":"post","link":"https:\/\/blog.medel.com\/de\/schaufenster-news\/das-gehirn-die-vernetzte-denkfabrik\/","title":{"rendered":"Das Gehirn, die vernetzte Denkfabrik"},"content":{"rendered":"<p>Wie steuert das Gehirn unser Nervensystem? Wie funktioniert die Weitergabe von Informationen? Wie viele Nervenzellen sind im Gehirn aktiv und warum ist G\u00e4hnen ansteckend? Das Gehirn ist erstaunlich komplex und arbeitet konstant auf Hochtouren. Was der menschliche Supercomputer kann, wie er aufgebaut ist und funktioniert, erfahren Besucher bis zum 12. Mai 2019 in der neuen Sonderausstellung \u201eSuperhirn\u201c im AUDIOVERSUM, der Erlebniswelt zum H\u00f6ren und Staunen in Innsbruck. 25 Interaktive Exponate laden zum Erforschen des menschlichen Gehirns ein.<\/p>\n<p>&nbsp;<\/p>\n<p><strong>Immer auf Hochtouren<\/strong><\/p>\n<p>Ob lebensnotwendige Vorg\u00e4nge wie Atmung und Herzschlag, die Steuerung der Bewegungen und des Gleichgewichts oder das Entstehen von Erinnerungen: Das Gehirn steckt voller beeindruckender Funktionen. Ma\u00dfgeblich daran beteiligt sind die 86 Milliarden Nervenzellen in unserem Gehirn, die sogenannten Neuronen. Jedes Neuron ist mit 1.000 bis 30.000 anderen Nervenzellen verbunden. In der Sonderausstellung \u201eSuperhirn\u201c zeigt ein interaktives Gehirn-Modell, wie die vernetzten Zellen Informationen aufnehmen, verarbeiten und weiterleiten \u2013 und das rund um die Uhr. Denn w\u00e4hrend die meisten Organe nachts in den Ruhemodus wechseln, bleibt das Gehirn aktiv, um zum Beispiel Tageserlebnisse zu verarbeiten.<\/p>\n<p><img loading=\"lazy\" decoding=\"async\" class=\"alignnone wp-image-9923 size-large\" src=\"https:\/\/blog.medel.com\/wp-content\/uploads\/2018\/06\/superhirnsynapsen-1024x682.jpg\" alt=\"\" width=\"1024\" height=\"682\" \/><\/p>\n<p><span style=\"font-size: 12px;\">Im Netz der Signale \u2013 Synapsen \u00fcbertragen Informationen von Nervenzelle zu Nervenzelle<\/span><\/p>\n<p><strong>Wie ein Spiegelbild<\/strong><\/p>\n<p>G\u00e4hnen steckt an \u2013 jeder kennt diesen eigenartigen Reflex. Den Grund erfahren die Besucher der Ausstellung auf ihrer Entdeckungsreise durch die menschliche Denkzentrale: Spezielle Nervenzellen, sogenannte Spiegelneuronen, sorgen im Gehirn daf\u00fcr, dass der Mensch nachvollziehen kann, was andere empfinden. Sie machen ihn zum mitf\u00fchlenden Wesen \u2013 und sorgen ganz nebenbei auch daf\u00fcr, dass manches Lachen ansteckt. In der neuen Sonderausstellung \u201eSuperhirn\u201c im AUDIOVERSUM dreht sich alles um das menschliche Gehirn \u2013 ein wahres Universaltalent.<\/p>\n<p><strong>Die F\u00fchler der Haut<\/strong><\/p>\n<p>In der Sonderausstellung erfahren die Besucher mithilfe eines sogenannten Homunculus mehr \u00fcber die k\u00f6rperliche Empfindsamkeit. Wir Menschen sind am ganzen K\u00f6rper mit Ber\u00fchrungsrezeptoren ausgestattet \u2013 diese sind jedoch ungleichm\u00e4\u00dfig verteilt. So haben zum Beispiel Lippen und H\u00e4nde eine deutlich h\u00f6here Menge an Rezeptoren vorzuweisen als die Arme. Werden die Hautareale ber\u00fchrt, so werden bestimmte Nervenzellen in der Hirnrinde aktiv. Das lebensgro\u00dfe Homunculus-Modell zeigt ein verzerrtes Menschenbild, bei dem sich die Gr\u00f6\u00dfe der K\u00f6rperteile nach der Anzahl der dort vorhandenen Rezeptoren richtet. Das sieht nicht nur lustig aus, sondern eignet sich auch f\u00fcr ein gemeinsames Erinnerungsfoto von Besucher und Homunculus.<\/p>\n<p>&nbsp;<\/p>\n<p><img loading=\"lazy\" decoding=\"async\" class=\"alignnone wp-image-9928 size-large\" src=\"https:\/\/blog.medel.com\/wp-content\/uploads\/2018\/06\/superhirnhomunkulus-1024x771.jpg\" alt=\"\" width=\"1024\" height=\"771\" \/><\/p>\n<p><span style=\"font-size: 12px;\">Der Homunculus zeigt K\u00f6rperteile in Proportion zu den Hirnarealen<\/span><\/p>\n<p><strong>Eye-Tracking: Wenn Augen auf Wanderung gehen<\/strong><\/p>\n<p>Das Sehen ist der dominanteste Sinn des Menschen: Rund 25 Prozent unseres Gehirns sind mit der Verarbeitung von visuellen Informationen besch\u00e4ftigt. An der \u201eEye-Tracking\u201c-Station k\u00f6nnen Gro\u00df und Klein herausfinden, wie das Gehirn die Bewegung der Augen steuert. Mithilfe moderner Technik werden die Blickbewegungen der Besucher aufgezeichnet und sichtbar gemacht. Urspr\u00fcnglich als wissenschaftliche Methode zur Augensteuerung entwickelt, kommt die Eye-Tracking-Technologie mittlerweile auch bei der Gestaltung von Videospielen und im Marketing zum Einsatz.<\/p>\n<p>Dar\u00fcber hinaus gibt die Sonderausstellung die Gelegenheit, die eigene Denkleistung zu testen: In kniffligen R\u00e4tseln \u2013 zum Beispiel zum r\u00e4umlichen Vorstellungsverm\u00f6gen \u2013 k\u00f6nnen die Besucher ihre vermeintlich grauen Zellen, die tats\u00e4chlich rosa sind, herausfordern.<\/p>\n<p>&nbsp;<\/p>\n<p><strong>Kurzinformationen:<\/strong><\/p>\n<p><strong>Was: <\/strong>Interaktive Sonderausstellung \u201eSuperhirn\u201c im AUDIOVERSUM<\/p>\n<p><strong>Wann: <\/strong>Von Mai 2018 bis 12. Mai 2019<\/p>\n<p>Dienstag bis Freitag: 9.00-17.00 Uhr<\/p>\n<p>Samstag, Sonntag, Feiertag: 10.00-17.00 Uhr<\/p>\n<p>Montag: Ruhetag<\/p>\n<p><strong>Wo: <\/strong>Wilhelm-Greil-Stra\u00dfe 23, A-6020 Innsbruck<\/p>\n<p><strong>Eintritt: <\/strong>9,00 Euro, Kinder unter sechs Jahren: Eintritt frei<\/p>\n<p>Weitere Informationen unter www.audioversum.at<\/p>\n<p>&nbsp;<\/p>\n<p>&nbsp;<\/p>\n<p>&nbsp;<\/p>\n<p>&nbsp;<\/p>\n","protected":false},"excerpt":{"rendered":"<p>Neue Sonderausstellung \u201eSuperhirn\u201c im Innsbrucker AUDIOVERSUM<\/p>\n","protected":false},"author":8,"featured_media":64420,"comment_status":"open","ping_status":"open","sticky":false,"template":"","format":"standard","meta":{"footnotes":""},"categories":[2877],"tags":[],"class_list":["post-46819","post","type-post","status-publish","format-standard","has-post-thumbnail","hentry","category-schaufenster-news"],"yoast_head":"<!-- This site is optimized with the Yoast SEO plugin v27.5 - https:\/\/yoast.com\/product\/yoast-seo-wordpress\/ -->\n<title>Das Gehirn, die vernetzte Denkfabrik - The MED-EL Blog<\/title>\n<meta name=\"robots\" content=\"index, follow, max-snippet:-1, max-image-preview:large, max-video-preview:-1\" \/>\n<link rel=\"canonical\" href=\"https:\/\/blog.medel.com\/de\/schaufenster-news\/das-gehirn-die-vernetzte-denkfabrik\/\" \/>\n<meta property=\"og:locale\" content=\"de_DE\" \/>\n<meta property=\"og:type\" content=\"article\" \/>\n<meta property=\"og:title\" content=\"Das Gehirn, die vernetzte Denkfabrik - The MED-EL Blog\" \/>\n<meta property=\"og:description\" content=\"Neue Sonderausstellung \u201eSuperhirn\u201c im Innsbrucker AUDIOVERSUM\" \/>\n<meta property=\"og:url\" content=\"https:\/\/blog.medel.com\/de\/schaufenster-news\/das-gehirn-die-vernetzte-denkfabrik\/\" \/>\n<meta property=\"og:site_name\" content=\"The MED-EL Blog\" \/>\n<meta property=\"article:published_time\" content=\"2018-06-19T13:13:08+00:00\" \/>\n<meta property=\"article:modified_time\" content=\"2023-07-04T09:15:05+00:00\" \/>\n<meta property=\"og:image\" content=\"https:\/\/blog.medel.com\/wp-content\/uploads\/2023\/03\/superhirnlandingpage.jpg\" \/>\n\t<meta property=\"og:image:width\" content=\"1280\" \/>\n\t<meta property=\"og:image:height\" content=\"384\" \/>\n\t<meta property=\"og:image:type\" content=\"image\/jpeg\" \/>\n<meta name=\"author\" content=\"MED-EL\" \/>\n<meta name=\"twitter:card\" content=\"summary_large_image\" \/>\n<meta name=\"twitter:label1\" content=\"Verfasst von\" \/>\n\t<meta name=\"twitter:data1\" content=\"MED-EL\" \/>\n\t<meta name=\"twitter:label2\" content=\"Gesch\u00e4tzte Lesezeit\" \/>\n\t<meta name=\"twitter:data2\" content=\"3 Minuten\" \/>\n<script type=\"application\/ld+json\" class=\"yoast-schema-graph\">{\"@context\":\"https:\\\/\\\/schema.org\",\"@graph\":[{\"@type\":\"Article\",\"@id\":\"https:\\\/\\\/blog.medel.com\\\/de\\\/schaufenster-news\\\/das-gehirn-die-vernetzte-denkfabrik\\\/#article\",\"isPartOf\":{\"@id\":\"https:\\\/\\\/blog.medel.com\\\/de\\\/schaufenster-news\\\/das-gehirn-die-vernetzte-denkfabrik\\\/\"},\"author\":{\"name\":\"MED-EL\",\"@id\":\"https:\\\/\\\/blog.medel.com\\\/tr\\\/#\\\/schema\\\/person\\\/9f8dcfb27ec87796d874e021602c56e2\"},\"headline\":\"Das Gehirn, die vernetzte Denkfabrik\",\"datePublished\":\"2018-06-19T13:13:08+00:00\",\"dateModified\":\"2023-07-04T09:15:05+00:00\",\"mainEntityOfPage\":{\"@id\":\"https:\\\/\\\/blog.medel.com\\\/de\\\/schaufenster-news\\\/das-gehirn-die-vernetzte-denkfabrik\\\/\"},\"wordCount\":557,\"commentCount\":0,\"publisher\":{\"@id\":\"https:\\\/\\\/blog.medel.com\\\/tr\\\/#organization\"},\"image\":{\"@id\":\"https:\\\/\\\/blog.medel.com\\\/de\\\/schaufenster-news\\\/das-gehirn-die-vernetzte-denkfabrik\\\/#primaryimage\"},\"thumbnailUrl\":\"https:\\\/\\\/blog.medel.com\\\/wp-content\\\/uploads\\\/2023\\\/03\\\/superhirnlandingpage.jpg\",\"articleSection\":[\"Schaufenster\"],\"inLanguage\":\"de-DE\",\"potentialAction\":[{\"@type\":\"CommentAction\",\"name\":\"Comment\",\"target\":[\"https:\\\/\\\/blog.medel.com\\\/de\\\/schaufenster-news\\\/das-gehirn-die-vernetzte-denkfabrik\\\/#respond\"]}]},{\"@type\":\"WebPage\",\"@id\":\"https:\\\/\\\/blog.medel.com\\\/de\\\/schaufenster-news\\\/das-gehirn-die-vernetzte-denkfabrik\\\/\",\"url\":\"https:\\\/\\\/blog.medel.com\\\/de\\\/schaufenster-news\\\/das-gehirn-die-vernetzte-denkfabrik\\\/\",\"name\":\"Das Gehirn, die vernetzte Denkfabrik - The MED-EL Blog\",\"isPartOf\":{\"@id\":\"https:\\\/\\\/blog.medel.com\\\/tr\\\/#website\"},\"primaryImageOfPage\":{\"@id\":\"https:\\\/\\\/blog.medel.com\\\/de\\\/schaufenster-news\\\/das-gehirn-die-vernetzte-denkfabrik\\\/#primaryimage\"},\"image\":{\"@id\":\"https:\\\/\\\/blog.medel.com\\\/de\\\/schaufenster-news\\\/das-gehirn-die-vernetzte-denkfabrik\\\/#primaryimage\"},\"thumbnailUrl\":\"https:\\\/\\\/blog.medel.com\\\/wp-content\\\/uploads\\\/2023\\\/03\\\/superhirnlandingpage.jpg\",\"datePublished\":\"2018-06-19T13:13:08+00:00\",\"dateModified\":\"2023-07-04T09:15:05+00:00\",\"breadcrumb\":{\"@id\":\"https:\\\/\\\/blog.medel.com\\\/de\\\/schaufenster-news\\\/das-gehirn-die-vernetzte-denkfabrik\\\/#breadcrumb\"},\"inLanguage\":\"de-DE\",\"potentialAction\":[{\"@type\":\"ReadAction\",\"target\":[\"https:\\\/\\\/blog.medel.com\\\/de\\\/schaufenster-news\\\/das-gehirn-die-vernetzte-denkfabrik\\\/\"]}]},{\"@type\":\"ImageObject\",\"inLanguage\":\"de-DE\",\"@id\":\"https:\\\/\\\/blog.medel.com\\\/de\\\/schaufenster-news\\\/das-gehirn-die-vernetzte-denkfabrik\\\/#primaryimage\",\"url\":\"https:\\\/\\\/blog.medel.com\\\/wp-content\\\/uploads\\\/2023\\\/03\\\/superhirnlandingpage.jpg\",\"contentUrl\":\"https:\\\/\\\/blog.medel.com\\\/wp-content\\\/uploads\\\/2023\\\/03\\\/superhirnlandingpage.jpg\",\"width\":1280,\"height\":384},{\"@type\":\"BreadcrumbList\",\"@id\":\"https:\\\/\\\/blog.medel.com\\\/de\\\/schaufenster-news\\\/das-gehirn-die-vernetzte-denkfabrik\\\/#breadcrumb\",\"itemListElement\":[{\"@type\":\"ListItem\",\"position\":1,\"name\":\"Home\",\"item\":\"https:\\\/\\\/blog.medel.com\\\/\"},{\"@type\":\"ListItem\",\"position\":2,\"name\":\"Das Gehirn, die vernetzte Denkfabrik\"}]},{\"@type\":\"WebSite\",\"@id\":\"https:\\\/\\\/blog.medel.com\\\/tr\\\/#website\",\"url\":\"https:\\\/\\\/blog.medel.com\\\/tr\\\/\",\"name\":\"The MED-EL Blog\",\"description\":\"\",\"publisher\":{\"@id\":\"https:\\\/\\\/blog.medel.com\\\/tr\\\/#organization\"},\"potentialAction\":[{\"@type\":\"SearchAction\",\"target\":{\"@type\":\"EntryPoint\",\"urlTemplate\":\"https:\\\/\\\/blog.medel.com\\\/tr\\\/?s={search_term_string}\"},\"query-input\":{\"@type\":\"PropertyValueSpecification\",\"valueRequired\":true,\"valueName\":\"search_term_string\"}}],\"inLanguage\":\"de-DE\"},{\"@type\":\"Organization\",\"@id\":\"https:\\\/\\\/blog.medel.com\\\/tr\\\/#organization\",\"name\":\"The MED-EL Blog\",\"url\":\"https:\\\/\\\/blog.medel.com\\\/tr\\\/\",\"logo\":{\"@type\":\"ImageObject\",\"inLanguage\":\"de-DE\",\"@id\":\"https:\\\/\\\/blog.medel.com\\\/tr\\\/#\\\/schema\\\/logo\\\/image\\\/\",\"url\":\"https:\\\/\\\/blog.medel.com\\\/wp-content\\\/uploads\\\/2023\\\/02\\\/MED-EL_logo_L2.png\",\"contentUrl\":\"https:\\\/\\\/blog.medel.com\\\/wp-content\\\/uploads\\\/2023\\\/02\\\/MED-EL_logo_L2.png\",\"width\":443,\"height\":200,\"caption\":\"The MED-EL Blog\"},\"image\":{\"@id\":\"https:\\\/\\\/blog.medel.com\\\/tr\\\/#\\\/schema\\\/logo\\\/image\\\/\"}},{\"@type\":\"Person\",\"@id\":\"https:\\\/\\\/blog.medel.com\\\/tr\\\/#\\\/schema\\\/person\\\/9f8dcfb27ec87796d874e021602c56e2\",\"name\":\"MED-EL\",\"sameAs\":[\"https:\\\/\\\/www.medel.com\"]}]}<\/script>\n<!-- \/ Yoast SEO plugin. -->","yoast_head_json":{"title":"Das Gehirn, die vernetzte Denkfabrik - The MED-EL Blog","robots":{"index":"index","follow":"follow","max-snippet":"max-snippet:-1","max-image-preview":"max-image-preview:large","max-video-preview":"max-video-preview:-1"},"canonical":"https:\/\/blog.medel.com\/de\/schaufenster-news\/das-gehirn-die-vernetzte-denkfabrik\/","og_locale":"de_DE","og_type":"article","og_title":"Das Gehirn, die vernetzte Denkfabrik - The MED-EL Blog","og_description":"Neue Sonderausstellung \u201eSuperhirn\u201c im Innsbrucker AUDIOVERSUM","og_url":"https:\/\/blog.medel.com\/de\/schaufenster-news\/das-gehirn-die-vernetzte-denkfabrik\/","og_site_name":"The MED-EL Blog","article_published_time":"2018-06-19T13:13:08+00:00","article_modified_time":"2023-07-04T09:15:05+00:00","og_image":[{"width":1280,"height":384,"url":"https:\/\/blog.medel.com\/wp-content\/uploads\/2023\/03\/superhirnlandingpage.jpg","type":"image\/jpeg"}],"author":"MED-EL","twitter_card":"summary_large_image","twitter_misc":{"Verfasst von":"MED-EL","Gesch\u00e4tzte Lesezeit":"3 Minuten"},"schema":{"@context":"https:\/\/schema.org","@graph":[{"@type":"Article","@id":"https:\/\/blog.medel.com\/de\/schaufenster-news\/das-gehirn-die-vernetzte-denkfabrik\/#article","isPartOf":{"@id":"https:\/\/blog.medel.com\/de\/schaufenster-news\/das-gehirn-die-vernetzte-denkfabrik\/"},"author":{"name":"MED-EL","@id":"https:\/\/blog.medel.com\/tr\/#\/schema\/person\/9f8dcfb27ec87796d874e021602c56e2"},"headline":"Das Gehirn, die vernetzte Denkfabrik","datePublished":"2018-06-19T13:13:08+00:00","dateModified":"2023-07-04T09:15:05+00:00","mainEntityOfPage":{"@id":"https:\/\/blog.medel.com\/de\/schaufenster-news\/das-gehirn-die-vernetzte-denkfabrik\/"},"wordCount":557,"commentCount":0,"publisher":{"@id":"https:\/\/blog.medel.com\/tr\/#organization"},"image":{"@id":"https:\/\/blog.medel.com\/de\/schaufenster-news\/das-gehirn-die-vernetzte-denkfabrik\/#primaryimage"},"thumbnailUrl":"https:\/\/blog.medel.com\/wp-content\/uploads\/2023\/03\/superhirnlandingpage.jpg","articleSection":["Schaufenster"],"inLanguage":"de-DE","potentialAction":[{"@type":"CommentAction","name":"Comment","target":["https:\/\/blog.medel.com\/de\/schaufenster-news\/das-gehirn-die-vernetzte-denkfabrik\/#respond"]}]},{"@type":"WebPage","@id":"https:\/\/blog.medel.com\/de\/schaufenster-news\/das-gehirn-die-vernetzte-denkfabrik\/","url":"https:\/\/blog.medel.com\/de\/schaufenster-news\/das-gehirn-die-vernetzte-denkfabrik\/","name":"Das Gehirn, die vernetzte Denkfabrik - The MED-EL Blog","isPartOf":{"@id":"https:\/\/blog.medel.com\/tr\/#website"},"primaryImageOfPage":{"@id":"https:\/\/blog.medel.com\/de\/schaufenster-news\/das-gehirn-die-vernetzte-denkfabrik\/#primaryimage"},"image":{"@id":"https:\/\/blog.medel.com\/de\/schaufenster-news\/das-gehirn-die-vernetzte-denkfabrik\/#primaryimage"},"thumbnailUrl":"https:\/\/blog.medel.com\/wp-content\/uploads\/2023\/03\/superhirnlandingpage.jpg","datePublished":"2018-06-19T13:13:08+00:00","dateModified":"2023-07-04T09:15:05+00:00","breadcrumb":{"@id":"https:\/\/blog.medel.com\/de\/schaufenster-news\/das-gehirn-die-vernetzte-denkfabrik\/#breadcrumb"},"inLanguage":"de-DE","potentialAction":[{"@type":"ReadAction","target":["https:\/\/blog.medel.com\/de\/schaufenster-news\/das-gehirn-die-vernetzte-denkfabrik\/"]}]},{"@type":"ImageObject","inLanguage":"de-DE","@id":"https:\/\/blog.medel.com\/de\/schaufenster-news\/das-gehirn-die-vernetzte-denkfabrik\/#primaryimage","url":"https:\/\/blog.medel.com\/wp-content\/uploads\/2023\/03\/superhirnlandingpage.jpg","contentUrl":"https:\/\/blog.medel.com\/wp-content\/uploads\/2023\/03\/superhirnlandingpage.jpg","width":1280,"height":384},{"@type":"BreadcrumbList","@id":"https:\/\/blog.medel.com\/de\/schaufenster-news\/das-gehirn-die-vernetzte-denkfabrik\/#breadcrumb","itemListElement":[{"@type":"ListItem","position":1,"name":"Home","item":"https:\/\/blog.medel.com\/"},{"@type":"ListItem","position":2,"name":"Das Gehirn, die vernetzte Denkfabrik"}]},{"@type":"WebSite","@id":"https:\/\/blog.medel.com\/tr\/#website","url":"https:\/\/blog.medel.com\/tr\/","name":"The MED-EL Blog","description":"","publisher":{"@id":"https:\/\/blog.medel.com\/tr\/#organization"},"potentialAction":[{"@type":"SearchAction","target":{"@type":"EntryPoint","urlTemplate":"https:\/\/blog.medel.com\/tr\/?s={search_term_string}"},"query-input":{"@type":"PropertyValueSpecification","valueRequired":true,"valueName":"search_term_string"}}],"inLanguage":"de-DE"},{"@type":"Organization","@id":"https:\/\/blog.medel.com\/tr\/#organization","name":"The MED-EL Blog","url":"https:\/\/blog.medel.com\/tr\/","logo":{"@type":"ImageObject","inLanguage":"de-DE","@id":"https:\/\/blog.medel.com\/tr\/#\/schema\/logo\/image\/","url":"https:\/\/blog.medel.com\/wp-content\/uploads\/2023\/02\/MED-EL_logo_L2.png","contentUrl":"https:\/\/blog.medel.com\/wp-content\/uploads\/2023\/02\/MED-EL_logo_L2.png","width":443,"height":200,"caption":"The MED-EL Blog"},"image":{"@id":"https:\/\/blog.medel.com\/tr\/#\/schema\/logo\/image\/"}},{"@type":"Person","@id":"https:\/\/blog.medel.com\/tr\/#\/schema\/person\/9f8dcfb27ec87796d874e021602c56e2","name":"MED-EL","sameAs":["https:\/\/www.medel.com"]}]}},"_links":{"self":[{"href":"https:\/\/blog.medel.com\/de\/wp-json\/wp\/v2\/posts\/46819","targetHints":{"allow":["GET"]}}],"collection":[{"href":"https:\/\/blog.medel.com\/de\/wp-json\/wp\/v2\/posts"}],"about":[{"href":"https:\/\/blog.medel.com\/de\/wp-json\/wp\/v2\/types\/post"}],"author":[{"embeddable":true,"href":"https:\/\/blog.medel.com\/de\/wp-json\/wp\/v2\/users\/8"}],"replies":[{"embeddable":true,"href":"https:\/\/blog.medel.com\/de\/wp-json\/wp\/v2\/comments?post=46819"}],"version-history":[{"count":3,"href":"https:\/\/blog.medel.com\/de\/wp-json\/wp\/v2\/posts\/46819\/revisions"}],"predecessor-version":[{"id":75434,"href":"https:\/\/blog.medel.com\/de\/wp-json\/wp\/v2\/posts\/46819\/revisions\/75434"}],"wp:featuredmedia":[{"embeddable":true,"href":"https:\/\/blog.medel.com\/de\/wp-json\/wp\/v2\/media\/64420"}],"wp:attachment":[{"href":"https:\/\/blog.medel.com\/de\/wp-json\/wp\/v2\/media?parent=46819"}],"wp:term":[{"taxonomy":"category","embeddable":true,"href":"https:\/\/blog.medel.com\/de\/wp-json\/wp\/v2\/categories?post=46819"},{"taxonomy":"post_tag","embeddable":true,"href":"https:\/\/blog.medel.com\/de\/wp-json\/wp\/v2\/tags?post=46819"}],"curies":[{"name":"wp","href":"https:\/\/api.w.org\/{rel}","templated":true}]}}