{"id":46808,"date":"2018-03-27T06:18:38","date_gmt":"2018-03-27T06:18:38","guid":{"rendered":"https:\/\/blog.medel.com\/unkategorisiert\/ich-wuerde-niemals-tauschen-wollen\/"},"modified":"2023-04-05T09:00:35","modified_gmt":"2023-04-05T09:00:35","slug":"ich-wuerde-niemals-tauschen-wollen","status":"publish","type":"post","link":"https:\/\/blog.medel.com\/de\/gastartikel\/ich-wuerde-niemals-tauschen-wollen\/","title":{"rendered":"Wie es sich anf\u00fchlt, der weltweit erste bilaterale Cochlea-Implantat-Tr\u00e4ger zu sein"},"content":{"rendered":"<p>[vc_row][vc_column][vc_column_text css=&#8220;.vc_custom_1583825554111{margin-bottom: 0px !important;}&#8220;]\u201eIch w\u00fcrde niemals tauschen wollen!\u201c<\/p>\n<p><em>Max R\u00f6der ist 24 Jahre alt, studiert Informatik in W\u00fcrzburg und spielt in seiner Freizeit Rugby. Er f\u00fchrt \u201eein ganz normales Leben\u201c, wie er durchaus zufrieden sagt. Und das, obwohl \u2013 oder vielmehr, weil \u2013 er vor mehr als 20 Jahren als weltweit erstes Kind beidseitig mit Cochlea-Implantaten versorgt wurde. Im Interview erz\u00e4hlt er von den ersten Schritten als CI-Nutzer, technologischen Errungenschaften und davon, was er an seinen Implantaten am meisten sch\u00e4tzt. <\/em><\/p>\n<p><strong>Du hast dein erstes Cochlea-Implantat als Zweij\u00e4hriger erhalten. Wei\u00dft du, welche Gedanken sich deine Eltern damals gemacht haben?<br \/>\n<\/strong>Sie wollten, dass ich normal h\u00f6ren kann. Es gab damals sehr viele Stimmen, die gegen die Entscheidung meiner Eltern waren. Aber f\u00fcr sie stand fest, dass ein (damals v\u00f6llig neues) Implantat genau das ist, was ich ben\u00f6tige.<\/p>\n<p><strong>Was war damals ausschlaggebend f\u00fcr die Wahl des Cochlea-Implantats?<br \/>\n<\/strong>Wie gesagt, das war vor mehr als zwanzig Jahren alles noch sehr neuartig. An einem Baby bzw. Kleinkind wollten Kliniken eine solche Implantation noch nicht wirklich vornehmen. Daher waren meine Eltern an vielen Kliniken. An einer davon waren die \u00c4rzte schlie\u00dflich bereit, es zu versuchen. Jedoch verwendeten sie eine Technik, die sich &#8222;seit 20 Jahren bew\u00e4hrt hatte&#8220;. Das war 1995 schon ziemlich altmodisch, wenn man bedenkt, wie schnell die Technik vorangeschritten ist. Deshalb wollten meine Eltern etwas Moderneres. Das hat uns zu MED-EL gef\u00fchrt. Die n\u00e4chste Herausforderung bestand darin, erstmal eine Klinik zu finden, welche die Operation vornehmen wollte. Die W\u00fcrzburger Klinik hat sich schlie\u00dflich dazu bereit erkl\u00e4rt.<\/p>\n<p><strong>Dein zweites Cochlea-Implantat hast du mit vier Jahren bekommen. Hast du dich schnell an das beidseitige H\u00f6ren gew\u00f6hnt?<br \/>\n<\/strong>Ich habe ja schon nach der ersten Implantation zeitweise auf der zweiten Seite mit einem H\u00f6rger\u00e4t geh\u00f6rt. Jedoch war ich kurz darauf wieder taub und habe nur noch mit der implantierten Seite geh\u00f6rt. Da stand f\u00fcr meine Eltern sofort fest, dass ich ein zweites Implantat ben\u00f6tige. Was besonders interessant war: Ich habe bereits sechs Tage nach der Aktivierung der zweiten Seite in H\u00f6rtests 60% besser abgeschnitten als vor der Implantation.<\/p>\n<p><iframe loading=\"lazy\" src=\"https:\/\/www.youtube.com\/embed\/4lr__rpQglM\" width=\"560\" height=\"315\" frameborder=\"0\" allowfullscreen=\"allowfullscreen\"><\/iframe><br \/>\n<strong>Gibt es bestimmte Kl\u00e4nge aus deiner Kindheit, die dir besonders stark im Ged\u00e4chtnis geblieben sind?<br \/>\n<\/strong>Einmal bin ich einen See gefallen und habe f\u00fcr eine Sekunde mit nicht-wasserfesten Prozessoren unter Wasser etwas geh\u00f6rt. Das war recht neu und einpr\u00e4gsam f\u00fcr mich. Mittlerweile gehe ich gerne mit den WaterWear H\u00fcllen baden.<\/p>\n<p><strong>Im R\u00fcckblick auf die vergangenen zwanzig Jahre: Wie hat es dein Leben ver\u00e4ndert, h\u00f6ren zu k\u00f6nnen \u2013 Welchen Stellenwert hat das in deinem pers\u00f6nlichen Werdegang gespielt?<br \/>\n<\/strong>&#8222;Nicht viel&#8220; w\u00e4re vermutlich der falsche Ausdruck. Der Gedanke ist mir nur gerade gekommen, da ich ein v\u00f6llig normales Leben f\u00fchren kann. Ich habe eine normale Schule besucht, bin jetzt im Studium und werde bald meinen Master absolvieren. Ich habe ganz normal Freunde, Familie und bin seit 5 Jahren in einer gl\u00fccklichen Beziehung.<\/p>\n<p>Das Besondere daran ist, dass es mein Leben nicht &#8222;ver\u00e4ndert&#8220;, sondern dass ich ein v\u00f6llig anderes Leben f\u00fchre. Wenn ich nicht implantiert worden w\u00e4re\u2026 Wo w\u00e4re ich dann? Bestimmt h\u00e4tte ich dann ein v\u00f6llig anderes Leben. Ich m\u00f6chte damit nicht behaupten, dass es schlechter w\u00e4re. Aber ich w\u00fcrde niemals tauschen wollen. Ich bin sehr gl\u00fccklich mit meinem momentanen Zustand und habe es mir nie anders gew\u00fcnscht.<\/p>\n<p><strong>Seit du deine beiden Cochlea-Implantate bekommen hast, hat sich technologisch einiges getan. Wie leicht sind dir die Umstellungen auf neuere Audioprozessoren gefallen?<br \/>\n<\/strong>Neue Audioprozessoren sind keine gro\u00dfe Umstellung, was die Akustik betrifft. Die Prozessoren bekommen ja immer die gleiche Stimulationstechnik wie die vorhergehenden. Was eine gr\u00f6\u00dfere Herausforderung darstellt, ist das Wechseln der Klangkodierungsstrategie. Ich kann mich erinnern, dass mich so ein Wechsel in meiner Kindheit ein, zwei Monate sehr angestrengt hat. Danach habe ich daf\u00fcr aber um einiges besser h\u00f6ren k\u00f6nnen als zuvor.<\/p>\n<p><strong>Von welchen technischen Weiterentwicklungen hast du in all den Jahren deiner Ansicht nach am st\u00e4rksten profitiert?<br \/>\n<\/strong>Das waren zum einen eben neue Kodierungsstrategien. Und in den vergangenen f\u00fcnf Jahren war das f\u00fcr mich mit Abstand Wichtigste die Spritzwasserfestigkeit des SONNET. Ich habe fr\u00fcher oft damit k\u00e4mpfen m\u00fcssen, dass mein Prozessor &#8222;ertrunken&#8220; ist, wenn ich Sport getrieben habe. Jetzt ist das nicht mehr der Fall, was wirklich wundervoll ist.<\/p>\n<p><strong>Du betreibst ja nicht gerade \u201ezimperliche\u201c Sportarten\u2026<br \/>\n<\/strong>Ich habe mich in meinem Leben generell nie von den Implantaten beeintr\u00e4chtigen lassen. Wenn es etwas gab, was ich nicht h\u00e4tte tun k\u00f6nnen, habe ich nach einer L\u00f6sung gesucht. Aktuell spiele ich zum Beispiel Rugby. Eine als &#8222;recht hart&#8220; bekannte Kontaktsportart. Damit mir meine Prozessoren nicht von den Ohren fallen, trage ich eine sogenannte Scrum Cap. Und in zwei Jahren Rugby ist kein Prozessor oder Implantat diesem Sport zum Opfer gefallen. Das zeigt vielleicht auch ganz gut, dass ich der Robustheit des Implantat-Systems vertraue.<\/p>\n<p><strong>Was ist neben dieser Robustheit f\u00fcr dich pers\u00f6nlich die wichtigste Eigenschaft unserer Cochlea-Implantate und Audioprozessoren?<br \/>\n<\/strong>Die Leidenschaft, mit der Frau Hochmair und alle von MED-EL hinter ihren Produkten stehen. Es ist f\u00fcr viele eben nicht nur ein Job. Ich sp\u00fcre wirklich die Begeisterung und den Willen, ein einzigartiges Produkt herzustellen.<\/p>\n<p>&nbsp;<\/p>\n<p>[\/vc_column_text][\/vc_column][\/vc_row][vc_row][vc_column][vc_separator color=&#8220;black&#8220;][\/vc_column][\/vc_row][vc_row][vc_column][vc_column_text css=&#8220;.vc_custom_1583825546830{margin-bottom: 0px !important;}&#8220;]Sie haben Fragen zu MED-EL Cochlea-Implantaten? Schreiben Sie uns auf <a href=\"https:\/\/www.facebook.com\/medel.deutschland\/\" target=\"_blank\" rel=\"noopener noreferrer\">Facebook<\/a>!<\/p>\n<p><a href=\"\/?page_id=4960\" target=\"_blank\" rel=\"noopener noreferrer\">Abonnieren Sie auch gleich den MED-EL Blog<\/a> und erhalten Sie die neuesten Gastbeitr\u00e4ge, Tipps und Tricks und Informationen zu MED-EL Technologie direkt in Ihr Postfach!<\/p>\n<p>[\/vc_column_text][\/vc_column][\/vc_row][vc_row][vc_column css=&#8220;.vc_custom_1583825662910{padding-bottom: 30px !important;}&#8220;][vc_separator color=&#8220;black&#8220;][\/vc_column][\/vc_row][vc_row][vc_column][vc_column_text css=&#8220;.vc_custom_1583825622713{margin-bottom: 0px !important;}&#8220;][\/vc_column_text][\/vc_column][\/vc_row]<\/p>\n","protected":false},"excerpt":{"rendered":"<p>[vc_row][vc_column][vc_column_text css=&#8220;.vc_custom_1583825554111{margin-bottom: 0px !important;}&#8220;]\u201eIch w\u00fcrde niemals tauschen wollen!\u201c Max R\u00f6der ist 24 Jahre alt, studiert Informatik in W\u00fcrzburg und spielt in seiner Freizeit Rugby. Er f\u00fchrt \u201eein ganz normales Leben\u201c, wie er durchaus zufrieden sagt. Und das, obwohl \u2013 oder vielmehr, weil \u2013 er vor mehr als 20 Jahren als weltweit erstes Kind beidseitig mit [&hellip;]<\/p>\n","protected":false},"author":8,"featured_media":64321,"comment_status":"open","ping_status":"open","sticky":false,"template":"","format":"standard","meta":{"footnotes":""},"categories":[2881],"tags":[],"class_list":["post-46808","post","type-post","status-publish","format-standard","has-post-thumbnail","hentry","category-gastartikel"],"yoast_head":"<!-- This site is optimized with the Yoast SEO plugin v27.5 - https:\/\/yoast.com\/product\/yoast-seo-wordpress\/ -->\n<title>Wie es sich anf\u00fchlt, der weltweit erste bilaterale Cochlea-Implantat-Tr\u00e4ger zu sein - The MED-EL Blog<\/title>\n<meta name=\"description\" content=\"Lesen Sie die Geschichte von Max R\u00f6der der als weltweit erstes Kind beidseitig mit Cochlea-Implantaten von MED-EL versorgt wurde.\" \/>\n<meta name=\"robots\" content=\"index, follow, max-snippet:-1, max-image-preview:large, max-video-preview:-1\" \/>\n<link rel=\"canonical\" href=\"https:\/\/blog.medel.com\/de\/gastartikel\/ich-wuerde-niemals-tauschen-wollen\/\" \/>\n<meta property=\"og:locale\" content=\"de_DE\" \/>\n<meta property=\"og:type\" content=\"article\" \/>\n<meta property=\"og:title\" content=\"Wie es sich anf\u00fchlt, der weltweit erste bilaterale Cochlea-Implantat-Tr\u00e4ger zu sein - The MED-EL Blog\" \/>\n<meta property=\"og:description\" content=\"Lesen Sie die Geschichte von Max R\u00f6der der als weltweit erstes Kind beidseitig mit Cochlea-Implantaten von MED-EL versorgt wurde.\" \/>\n<meta property=\"og:url\" content=\"https:\/\/blog.medel.com\/de\/gastartikel\/ich-wuerde-niemals-tauschen-wollen\/\" \/>\n<meta property=\"og:site_name\" content=\"The MED-EL Blog\" \/>\n<meta property=\"article:published_time\" content=\"2018-03-27T06:18:38+00:00\" \/>\n<meta property=\"article:modified_time\" content=\"2023-04-05T09:00:35+00:00\" \/>\n<meta property=\"og:image\" content=\"https:\/\/blog.medel.com\/wp-content\/uploads\/2023\/03\/max-picture-blog-1.jpg\" \/>\n\t<meta property=\"og:image:width\" content=\"1280\" \/>\n\t<meta property=\"og:image:height\" content=\"853\" \/>\n\t<meta property=\"og:image:type\" content=\"image\/jpeg\" \/>\n<meta name=\"author\" content=\"MED-EL\" \/>\n<meta name=\"twitter:card\" content=\"summary_large_image\" \/>\n<meta name=\"twitter:label1\" content=\"Verfasst von\" \/>\n\t<meta name=\"twitter:data1\" content=\"MED-EL\" \/>\n\t<meta name=\"twitter:label2\" content=\"Gesch\u00e4tzte Lesezeit\" \/>\n\t<meta name=\"twitter:data2\" content=\"5 Minuten\" \/>\n<script type=\"application\/ld+json\" class=\"yoast-schema-graph\">{\"@context\":\"https:\\\/\\\/schema.org\",\"@graph\":[{\"@type\":\"Article\",\"@id\":\"https:\\\/\\\/blog.medel.com\\\/de\\\/gastartikel\\\/ich-wuerde-niemals-tauschen-wollen\\\/#article\",\"isPartOf\":{\"@id\":\"https:\\\/\\\/blog.medel.com\\\/de\\\/gastartikel\\\/ich-wuerde-niemals-tauschen-wollen\\\/\"},\"author\":{\"name\":\"MED-EL\",\"@id\":\"https:\\\/\\\/blog.medel.com\\\/tr\\\/#\\\/schema\\\/person\\\/9f8dcfb27ec87796d874e021602c56e2\"},\"headline\":\"Wie es sich anf\u00fchlt, der weltweit erste bilaterale Cochlea-Implantat-Tr\u00e4ger zu sein\",\"datePublished\":\"2018-03-27T06:18:38+00:00\",\"dateModified\":\"2023-04-05T09:00:35+00:00\",\"mainEntityOfPage\":{\"@id\":\"https:\\\/\\\/blog.medel.com\\\/de\\\/gastartikel\\\/ich-wuerde-niemals-tauschen-wollen\\\/\"},\"wordCount\":1032,\"commentCount\":0,\"publisher\":{\"@id\":\"https:\\\/\\\/blog.medel.com\\\/tr\\\/#organization\"},\"image\":{\"@id\":\"https:\\\/\\\/blog.medel.com\\\/de\\\/gastartikel\\\/ich-wuerde-niemals-tauschen-wollen\\\/#primaryimage\"},\"thumbnailUrl\":\"https:\\\/\\\/blog.medel.com\\\/wp-content\\\/uploads\\\/2023\\\/03\\\/max-picture-blog-1.jpg\",\"articleSection\":[\"Gastartikel\"],\"inLanguage\":\"de-DE\",\"potentialAction\":[{\"@type\":\"CommentAction\",\"name\":\"Comment\",\"target\":[\"https:\\\/\\\/blog.medel.com\\\/de\\\/gastartikel\\\/ich-wuerde-niemals-tauschen-wollen\\\/#respond\"]}]},{\"@type\":\"WebPage\",\"@id\":\"https:\\\/\\\/blog.medel.com\\\/de\\\/gastartikel\\\/ich-wuerde-niemals-tauschen-wollen\\\/\",\"url\":\"https:\\\/\\\/blog.medel.com\\\/de\\\/gastartikel\\\/ich-wuerde-niemals-tauschen-wollen\\\/\",\"name\":\"Wie es sich anf\u00fchlt, der weltweit erste bilaterale Cochlea-Implantat-Tr\u00e4ger zu sein - The MED-EL Blog\",\"isPartOf\":{\"@id\":\"https:\\\/\\\/blog.medel.com\\\/tr\\\/#website\"},\"primaryImageOfPage\":{\"@id\":\"https:\\\/\\\/blog.medel.com\\\/de\\\/gastartikel\\\/ich-wuerde-niemals-tauschen-wollen\\\/#primaryimage\"},\"image\":{\"@id\":\"https:\\\/\\\/blog.medel.com\\\/de\\\/gastartikel\\\/ich-wuerde-niemals-tauschen-wollen\\\/#primaryimage\"},\"thumbnailUrl\":\"https:\\\/\\\/blog.medel.com\\\/wp-content\\\/uploads\\\/2023\\\/03\\\/max-picture-blog-1.jpg\",\"datePublished\":\"2018-03-27T06:18:38+00:00\",\"dateModified\":\"2023-04-05T09:00:35+00:00\",\"description\":\"Lesen Sie die Geschichte von Max R\u00f6der der als weltweit erstes Kind beidseitig mit Cochlea-Implantaten von MED-EL versorgt wurde.\",\"breadcrumb\":{\"@id\":\"https:\\\/\\\/blog.medel.com\\\/de\\\/gastartikel\\\/ich-wuerde-niemals-tauschen-wollen\\\/#breadcrumb\"},\"inLanguage\":\"de-DE\",\"potentialAction\":[{\"@type\":\"ReadAction\",\"target\":[\"https:\\\/\\\/blog.medel.com\\\/de\\\/gastartikel\\\/ich-wuerde-niemals-tauschen-wollen\\\/\"]}]},{\"@type\":\"ImageObject\",\"inLanguage\":\"de-DE\",\"@id\":\"https:\\\/\\\/blog.medel.com\\\/de\\\/gastartikel\\\/ich-wuerde-niemals-tauschen-wollen\\\/#primaryimage\",\"url\":\"https:\\\/\\\/blog.medel.com\\\/wp-content\\\/uploads\\\/2023\\\/03\\\/max-picture-blog-1.jpg\",\"contentUrl\":\"https:\\\/\\\/blog.medel.com\\\/wp-content\\\/uploads\\\/2023\\\/03\\\/max-picture-blog-1.jpg\",\"width\":1280,\"height\":853},{\"@type\":\"BreadcrumbList\",\"@id\":\"https:\\\/\\\/blog.medel.com\\\/de\\\/gastartikel\\\/ich-wuerde-niemals-tauschen-wollen\\\/#breadcrumb\",\"itemListElement\":[{\"@type\":\"ListItem\",\"position\":1,\"name\":\"Home\",\"item\":\"https:\\\/\\\/blog.medel.com\\\/\"},{\"@type\":\"ListItem\",\"position\":2,\"name\":\"Wie es sich anf\u00fchlt, der weltweit erste bilaterale Cochlea-Implantat-Tr\u00e4ger zu sein\"}]},{\"@type\":\"WebSite\",\"@id\":\"https:\\\/\\\/blog.medel.com\\\/tr\\\/#website\",\"url\":\"https:\\\/\\\/blog.medel.com\\\/tr\\\/\",\"name\":\"The MED-EL Blog\",\"description\":\"\",\"publisher\":{\"@id\":\"https:\\\/\\\/blog.medel.com\\\/tr\\\/#organization\"},\"potentialAction\":[{\"@type\":\"SearchAction\",\"target\":{\"@type\":\"EntryPoint\",\"urlTemplate\":\"https:\\\/\\\/blog.medel.com\\\/tr\\\/?s={search_term_string}\"},\"query-input\":{\"@type\":\"PropertyValueSpecification\",\"valueRequired\":true,\"valueName\":\"search_term_string\"}}],\"inLanguage\":\"de-DE\"},{\"@type\":\"Organization\",\"@id\":\"https:\\\/\\\/blog.medel.com\\\/tr\\\/#organization\",\"name\":\"The MED-EL Blog\",\"url\":\"https:\\\/\\\/blog.medel.com\\\/tr\\\/\",\"logo\":{\"@type\":\"ImageObject\",\"inLanguage\":\"de-DE\",\"@id\":\"https:\\\/\\\/blog.medel.com\\\/tr\\\/#\\\/schema\\\/logo\\\/image\\\/\",\"url\":\"https:\\\/\\\/blog.medel.com\\\/wp-content\\\/uploads\\\/2023\\\/02\\\/MED-EL_logo_L2.png\",\"contentUrl\":\"https:\\\/\\\/blog.medel.com\\\/wp-content\\\/uploads\\\/2023\\\/02\\\/MED-EL_logo_L2.png\",\"width\":443,\"height\":200,\"caption\":\"The MED-EL Blog\"},\"image\":{\"@id\":\"https:\\\/\\\/blog.medel.com\\\/tr\\\/#\\\/schema\\\/logo\\\/image\\\/\"}},{\"@type\":\"Person\",\"@id\":\"https:\\\/\\\/blog.medel.com\\\/tr\\\/#\\\/schema\\\/person\\\/9f8dcfb27ec87796d874e021602c56e2\",\"name\":\"MED-EL\",\"sameAs\":[\"https:\\\/\\\/www.medel.com\"]}]}<\/script>\n<!-- \/ Yoast SEO plugin. -->","yoast_head_json":{"title":"Wie es sich anf\u00fchlt, der weltweit erste bilaterale Cochlea-Implantat-Tr\u00e4ger zu sein - The MED-EL Blog","description":"Lesen Sie die Geschichte von Max R\u00f6der der als weltweit erstes Kind beidseitig mit Cochlea-Implantaten von MED-EL versorgt wurde.","robots":{"index":"index","follow":"follow","max-snippet":"max-snippet:-1","max-image-preview":"max-image-preview:large","max-video-preview":"max-video-preview:-1"},"canonical":"https:\/\/blog.medel.com\/de\/gastartikel\/ich-wuerde-niemals-tauschen-wollen\/","og_locale":"de_DE","og_type":"article","og_title":"Wie es sich anf\u00fchlt, der weltweit erste bilaterale Cochlea-Implantat-Tr\u00e4ger zu sein - The MED-EL Blog","og_description":"Lesen Sie die Geschichte von Max R\u00f6der der als weltweit erstes Kind beidseitig mit Cochlea-Implantaten von MED-EL versorgt wurde.","og_url":"https:\/\/blog.medel.com\/de\/gastartikel\/ich-wuerde-niemals-tauschen-wollen\/","og_site_name":"The MED-EL Blog","article_published_time":"2018-03-27T06:18:38+00:00","article_modified_time":"2023-04-05T09:00:35+00:00","og_image":[{"width":1280,"height":853,"url":"https:\/\/blog.medel.com\/wp-content\/uploads\/2023\/03\/max-picture-blog-1.jpg","type":"image\/jpeg"}],"author":"MED-EL","twitter_card":"summary_large_image","twitter_misc":{"Verfasst von":"MED-EL","Gesch\u00e4tzte Lesezeit":"5 Minuten"},"schema":{"@context":"https:\/\/schema.org","@graph":[{"@type":"Article","@id":"https:\/\/blog.medel.com\/de\/gastartikel\/ich-wuerde-niemals-tauschen-wollen\/#article","isPartOf":{"@id":"https:\/\/blog.medel.com\/de\/gastartikel\/ich-wuerde-niemals-tauschen-wollen\/"},"author":{"name":"MED-EL","@id":"https:\/\/blog.medel.com\/tr\/#\/schema\/person\/9f8dcfb27ec87796d874e021602c56e2"},"headline":"Wie es sich anf\u00fchlt, der weltweit erste bilaterale Cochlea-Implantat-Tr\u00e4ger zu sein","datePublished":"2018-03-27T06:18:38+00:00","dateModified":"2023-04-05T09:00:35+00:00","mainEntityOfPage":{"@id":"https:\/\/blog.medel.com\/de\/gastartikel\/ich-wuerde-niemals-tauschen-wollen\/"},"wordCount":1032,"commentCount":0,"publisher":{"@id":"https:\/\/blog.medel.com\/tr\/#organization"},"image":{"@id":"https:\/\/blog.medel.com\/de\/gastartikel\/ich-wuerde-niemals-tauschen-wollen\/#primaryimage"},"thumbnailUrl":"https:\/\/blog.medel.com\/wp-content\/uploads\/2023\/03\/max-picture-blog-1.jpg","articleSection":["Gastartikel"],"inLanguage":"de-DE","potentialAction":[{"@type":"CommentAction","name":"Comment","target":["https:\/\/blog.medel.com\/de\/gastartikel\/ich-wuerde-niemals-tauschen-wollen\/#respond"]}]},{"@type":"WebPage","@id":"https:\/\/blog.medel.com\/de\/gastartikel\/ich-wuerde-niemals-tauschen-wollen\/","url":"https:\/\/blog.medel.com\/de\/gastartikel\/ich-wuerde-niemals-tauschen-wollen\/","name":"Wie es sich anf\u00fchlt, der weltweit erste bilaterale Cochlea-Implantat-Tr\u00e4ger zu sein - The MED-EL Blog","isPartOf":{"@id":"https:\/\/blog.medel.com\/tr\/#website"},"primaryImageOfPage":{"@id":"https:\/\/blog.medel.com\/de\/gastartikel\/ich-wuerde-niemals-tauschen-wollen\/#primaryimage"},"image":{"@id":"https:\/\/blog.medel.com\/de\/gastartikel\/ich-wuerde-niemals-tauschen-wollen\/#primaryimage"},"thumbnailUrl":"https:\/\/blog.medel.com\/wp-content\/uploads\/2023\/03\/max-picture-blog-1.jpg","datePublished":"2018-03-27T06:18:38+00:00","dateModified":"2023-04-05T09:00:35+00:00","description":"Lesen Sie die Geschichte von Max R\u00f6der der als weltweit erstes Kind beidseitig mit Cochlea-Implantaten von MED-EL versorgt wurde.","breadcrumb":{"@id":"https:\/\/blog.medel.com\/de\/gastartikel\/ich-wuerde-niemals-tauschen-wollen\/#breadcrumb"},"inLanguage":"de-DE","potentialAction":[{"@type":"ReadAction","target":["https:\/\/blog.medel.com\/de\/gastartikel\/ich-wuerde-niemals-tauschen-wollen\/"]}]},{"@type":"ImageObject","inLanguage":"de-DE","@id":"https:\/\/blog.medel.com\/de\/gastartikel\/ich-wuerde-niemals-tauschen-wollen\/#primaryimage","url":"https:\/\/blog.medel.com\/wp-content\/uploads\/2023\/03\/max-picture-blog-1.jpg","contentUrl":"https:\/\/blog.medel.com\/wp-content\/uploads\/2023\/03\/max-picture-blog-1.jpg","width":1280,"height":853},{"@type":"BreadcrumbList","@id":"https:\/\/blog.medel.com\/de\/gastartikel\/ich-wuerde-niemals-tauschen-wollen\/#breadcrumb","itemListElement":[{"@type":"ListItem","position":1,"name":"Home","item":"https:\/\/blog.medel.com\/"},{"@type":"ListItem","position":2,"name":"Wie es sich anf\u00fchlt, der weltweit erste bilaterale Cochlea-Implantat-Tr\u00e4ger zu sein"}]},{"@type":"WebSite","@id":"https:\/\/blog.medel.com\/tr\/#website","url":"https:\/\/blog.medel.com\/tr\/","name":"The MED-EL Blog","description":"","publisher":{"@id":"https:\/\/blog.medel.com\/tr\/#organization"},"potentialAction":[{"@type":"SearchAction","target":{"@type":"EntryPoint","urlTemplate":"https:\/\/blog.medel.com\/tr\/?s={search_term_string}"},"query-input":{"@type":"PropertyValueSpecification","valueRequired":true,"valueName":"search_term_string"}}],"inLanguage":"de-DE"},{"@type":"Organization","@id":"https:\/\/blog.medel.com\/tr\/#organization","name":"The MED-EL Blog","url":"https:\/\/blog.medel.com\/tr\/","logo":{"@type":"ImageObject","inLanguage":"de-DE","@id":"https:\/\/blog.medel.com\/tr\/#\/schema\/logo\/image\/","url":"https:\/\/blog.medel.com\/wp-content\/uploads\/2023\/02\/MED-EL_logo_L2.png","contentUrl":"https:\/\/blog.medel.com\/wp-content\/uploads\/2023\/02\/MED-EL_logo_L2.png","width":443,"height":200,"caption":"The MED-EL Blog"},"image":{"@id":"https:\/\/blog.medel.com\/tr\/#\/schema\/logo\/image\/"}},{"@type":"Person","@id":"https:\/\/blog.medel.com\/tr\/#\/schema\/person\/9f8dcfb27ec87796d874e021602c56e2","name":"MED-EL","sameAs":["https:\/\/www.medel.com"]}]}},"_links":{"self":[{"href":"https:\/\/blog.medel.com\/de\/wp-json\/wp\/v2\/posts\/46808","targetHints":{"allow":["GET"]}}],"collection":[{"href":"https:\/\/blog.medel.com\/de\/wp-json\/wp\/v2\/posts"}],"about":[{"href":"https:\/\/blog.medel.com\/de\/wp-json\/wp\/v2\/types\/post"}],"author":[{"embeddable":true,"href":"https:\/\/blog.medel.com\/de\/wp-json\/wp\/v2\/users\/8"}],"replies":[{"embeddable":true,"href":"https:\/\/blog.medel.com\/de\/wp-json\/wp\/v2\/comments?post=46808"}],"version-history":[{"count":1,"href":"https:\/\/blog.medel.com\/de\/wp-json\/wp\/v2\/posts\/46808\/revisions"}],"predecessor-version":[{"id":47064,"href":"https:\/\/blog.medel.com\/de\/wp-json\/wp\/v2\/posts\/46808\/revisions\/47064"}],"wp:featuredmedia":[{"embeddable":true,"href":"https:\/\/blog.medel.com\/de\/wp-json\/wp\/v2\/media\/64321"}],"wp:attachment":[{"href":"https:\/\/blog.medel.com\/de\/wp-json\/wp\/v2\/media?parent=46808"}],"wp:term":[{"taxonomy":"category","embeddable":true,"href":"https:\/\/blog.medel.com\/de\/wp-json\/wp\/v2\/categories?post=46808"},{"taxonomy":"post_tag","embeddable":true,"href":"https:\/\/blog.medel.com\/de\/wp-json\/wp\/v2\/tags?post=46808"}],"curies":[{"name":"wp","href":"https:\/\/api.w.org\/{rel}","templated":true}]}}