{"id":46807,"date":"2018-03-20T07:00:45","date_gmt":"2018-03-20T07:00:45","guid":{"rendered":"https:\/\/blog.medel.com\/unkategorisiert\/adhear-eine-revolution-in-der-technologie-des-hoerens\/"},"modified":"2023-04-05T09:00:35","modified_gmt":"2023-04-05T09:00:35","slug":"adhear-eine-revolution-in-der-technologie-des-hoerens","status":"publish","type":"post","link":"https:\/\/blog.medel.com\/de\/technologie\/adhear-eine-revolution-in-der-technologie-des-hoerens\/","title":{"rendered":"ADHEAR\u00a0\u2013 eine Revolution in der Technologie des H\u00f6rens"},"content":{"rendered":"<p>ADHEAR\u00a0\u2013 Einfach nur hinter das Ohr stecken, und schon k\u00f6nnen Sie wieder h\u00f6ren. Das klingt ziemlich unglaublich, oder? ADHEAR ist eine brandneue H\u00f6rhilfe von MED-EL, mit der die Karten im Bereich der H\u00f6rtechnologie neu gemischt werden.<\/p>\n<p>&nbsp;<\/p>\n<h3>Was ist das \u00fcberhaupt?<\/h3>\n<p>Kleben. Klicken. H\u00f6ren. ADHEAR ist ein brandneues Ger\u00e4t f\u00fcr Menschen mit Schallleitungsh\u00f6rverlust und das erste seiner Art, das man sich einfach nur anstecken muss. \u00c4hnlich wie eine H\u00f6rhilfe wird ADHEAR nicht implantiert, so dass kein chirurgischer Eingriff erforderlich ist. Dieses einzigartige Konzept er\u00f6ffnet Ihnen innerhalb von Sekunden ein faszinierendes H\u00f6rerlebnis!<\/p>\n<p>&nbsp;<\/p>\n<h3>Was bietet es mir?<\/h3>\n<p>Besseres H\u00f6ren innerhalb von Sekunden. Wenn Sie an einem Schallleitungsh\u00f6rverlust leiden, verschafft Ihnen ADHEAR im Handumdrehen ein besseres H\u00f6rerlebnis, ohne chirurgischen Eingriff oder Therapie. ADHEAR hilft Menschen mit H\u00f6rverlust vor allem solchen Umgebungen, in denen das H\u00f6ren besonders schwer f\u00e4llt.<\/p>\n<p>&nbsp;<\/p>\n<h3>Wie verwendet man ADHEAR?<\/h3>\n<p>Genau so, wie es im Slogan hei\u00dft: Kleben. Klicken. H\u00f6ren. Zuerst bringt man an einer Stelle hinter dem Ohr (wo keine Haare sind) einen speziell entwickelten Klebestreifen an. Dann l\u00e4sst man das kleine ADHEAR-Ger\u00e4t einrasten, so dass es fest sitzt. In der Regel kann man sofort nach dem Anstecken schon besser h\u00f6ren!<\/p>\n<p><img loading=\"lazy\" decoding=\"async\" class=\"alignnone size-full wp-image-8930\" src=\"https:\/\/blog.medel.com\/wp-content\/uploads\/2018\/03\/adhear.jpg\" alt=\"ADHEAR: Kleben. Klicken. H\u00f6ren.\" width=\"400\" height=\"300\" \/><\/p>\n<h3>Ist ADHEAR f\u00fcr mich geeignet?<\/h3>\n<p>ADHEAR wurde f\u00fcr Menschen mit Schallleitungsschwerh\u00f6rigkeit oder einseitiger Taubheit entwickelt.<\/p>\n<p>Und wenn Sie es etwas Technischer m\u00f6chten: ADHEAR ist f\u00fcr Menschen mit unilateralem oder bilateralem Schallleitungsh\u00f6rverlust sowie chronischer oder tempor\u00e4rer Schallleitungsschwerh\u00f6rigkeit geeignet. Kandidaten sollten eine normale Knochenleitung mit einer Knochenleitungsschwelle von maximal 25\u00a0dB HL (500-4.000\u00a0Hz) aufweisen.<\/p>\n<p>Auch f\u00fcr Menschen, die einseitig taub sind, kann ADHEAR eine L\u00f6sung darstellen. ADHEAR ist geeignet, wenn das \u201enicht taube\u201c oder \u201enormal h\u00f6rende\u201c Ohr \u00fcber alle Frequenzen eine Knochenleitungsschwelle von bis zu 20\u00a0dB HL aufweist.<\/p>\n<p>Um herauszufinden, unter welcher Art des H\u00f6rverlustes Sie leiden, sprechen Sie am besten mit einem Facharzt oder H\u00f6rakustiker. <a href=\"https:\/\/care.medel.com\/med-el-service-care-partner\/\">Ihre MED-EL Vertretung vor Ort<\/a> ist Ihnen gern bei der Suche nach einem H\u00f6rakustiker behilflich, um herauszufinden, ob ADHEAR eine Option f\u00fcr Sie ist.<\/p>\n<p>&nbsp;<\/p>\n<h3>Worin besteht der Unterschied zwischen ADHEAR und einer gew\u00f6hnlichen H\u00f6rhilfe?<\/h3>\n<p>Herk\u00f6mmliche H\u00f6rhilfen funktionieren in etwa wie ein Lautsprecher, der die T\u00f6ne in Ihrem Ohr verst\u00e4rkt.\u00a0 H\u00e4ufig bestehen bei Schallleitungsschwerh\u00f6rigkeit aber Blockagen oder Probleme mit dem Au\u00dfen- oder Mittelohr, so dass selbst laute T\u00f6ne nicht zum Innenohr gelangen. Bei dieser Art von H\u00f6rverlust sto\u00dfen H\u00f6rhilfen oft an ihre Grenzen, und genau da kommt ADHEAR ins Spiel. ADHEAR \u00fcbertr\u00e4gt die T\u00f6ne n\u00e4mlich als Schwingungen \u00fcber den Knochen direkt an das Innenohr, umgeht also das Au\u00dfen- und das Mittelohr. Diese Art der H\u00f6rtechnologie wird auch als Knochenleitung bezeichnet.<\/p>\n<p>&nbsp;<\/p>\n<h3>Worin besteht der Unterschied zwischen ADHEAR und BONEBRIDGE?<\/h3>\n<p>Sie haben vielleicht schon einmal von BONEBRIDGE, unserem Knochenleitungsimplantat, geh\u00f6rt. BONEBRIDGE wird im Rahmen eines chirurgischen Eingriffes implantiert und hilft auch Menschen mit Blockagen im Au\u00dfen- oder Mittelohr. Wenn Sie aber keinen chirurgischen Eingriff in Kauf nehmen m\u00f6chten oder k\u00f6nnen, ist ADHEAR eine gro\u00dfartige Alternative, da es einfach nur hinter das Ohr gesteckt wird.<\/p>\n<p>&nbsp;<\/p>\n<h3>Wie gut werde ich damit h\u00f6ren k\u00f6nnen?<\/h3>\n<p>Die vier vorkonfigurierten Programme von ADHEAR sind darauf ausgelegt, Ihnen in unterschiedlichen H\u00f6rumgebungen ein gro\u00dfartiges H\u00f6rerlebnis zu verschaffen. In der adaptiven Einstellung helfen Ihnen integrierte Richtmikrofone und spezielle L\u00e4rmpegelfunktionen, m\u00f6gliche Hintergrundger\u00e4usche auszublenden, damit Sie sich ganz auf Ihr Gespr\u00e4ch konzentrieren k\u00f6nnen.<\/p>\n<p>Es gibt auch Einstellungen f\u00fcr ruhige Umgebungen, zum Musikh\u00f6ren und Anschlie\u00dfen externer Ger\u00e4te, z.\u00a0B. wenn Sie ADHEAR an Ihr Telefon anschlie\u00dfen. So k\u00f6nnen Sie jederzeit optimal h\u00f6ren.<\/p>\n<p><img loading=\"lazy\" decoding=\"async\" class=\"alignnone size-full wp-image-8936\" src=\"https:\/\/blog.medel.com\/wp-content\/uploads\/2018\/03\/adhear2.jpg\" alt=\"ADHEAR dimensions\" width=\"400\" height=\"300\" \/><\/p>\n<h3>Warum sollte ich mich f\u00fcr ADHEAR entscheiden?<\/h3>\n<p>Kein anderes Ger\u00e4t f\u00fcr Schallleitungsschwerh\u00f6rigkeit ist so einfach und effektiv wie die revolution\u00e4re L\u00f6sung von ADHEAR. Keine andere Knochenleitungshilfe kommt ohne chirurgischen Eingriff, ohne Stirnband und ohne Druckstellen auf der Haut aus. Und das kann sich doch schon h\u00f6ren lassen!<\/p>\n<p>&nbsp;<\/p>\n<h3>Wo kann ich das Ger\u00e4t bestellen?<\/h3>\n<p>Und wissen Sie, was das Beste an ADHEAR ist? Sie k\u00f6nnen bei ADHEAR sofort testen, ob es f\u00fcr Sie funktioniert\u00a0\u2013 ohne Wartezeiten und ohne chirurgischen Eingriff. Einfach nur den Klebeadapter anbringen und ausprobieren. Wer kann da noch widerstehen?<\/p>\n<p>&nbsp;<\/p>\n<p><a href=\"https:\/\/care.medel.com\/med-el-service-care-partner\/\">Setzen Sie sich mit Ihrer MED-EL Vertretung vor Ort<\/a> in Verbindung, um mehr \u00fcber ADHEAR zu erfahren und ab wann es in Ihrem Land bestellbar ist.<\/p>\n<p><a href=\"\/?page_id=4960\">Abonnieren Sie den Blog von MED-EL,<\/a> und Sie erhalten stets die aktuellsten Informationen zu neuen H\u00f6rl\u00f6sungen von MED-EL sowie Gastbeitr\u00e4ge, Produkttests, Tipps und Tricks!<\/p>\n","protected":false},"excerpt":{"rendered":"<p>ADHEAR: Ein Ger\u00e4t, das man sich einfach hinter das Ohr steckt, l\u00e4sst Menschen mit Schallleitungsh\u00f6rverlust wieder h\u00f6ren. Klingt unglaublich, oder?<\/p>\n","protected":false},"author":8,"featured_media":64312,"comment_status":"open","ping_status":"open","sticky":false,"template":"","format":"standard","meta":{"footnotes":""},"categories":[3255],"tags":[2442,2722],"class_list":["post-46807","post","type-post","status-publish","format-standard","has-post-thumbnail","hentry","category-technologie","tag-adhear","tag-horverlust"],"yoast_head":"<!-- This site is optimized with the Yoast SEO plugin v27.4 - https:\/\/yoast.com\/product\/yoast-seo-wordpress\/ -->\n<title>ADHEAR\u00a0\u2013 eine Revolution in der Technologie des H\u00f6rens<\/title>\n<meta name=\"description\" content=\"ADHEAR: Ein Ger\u00e4t, das man sich einfach hinter das Ohr steckt, l\u00e4sst Menschen mit Schallleitungsh\u00f6rverlust wieder h\u00f6ren. Klingt unglaublich, oder?\" \/>\n<meta name=\"robots\" content=\"index, follow, max-snippet:-1, max-image-preview:large, max-video-preview:-1\" \/>\n<link rel=\"canonical\" href=\"https:\/\/blog.medel.com\/de\/technologie\/adhear-eine-revolution-in-der-technologie-des-hoerens\/\" \/>\n<meta property=\"og:locale\" content=\"de_DE\" \/>\n<meta property=\"og:type\" content=\"article\" \/>\n<meta property=\"og:title\" content=\"ADHEAR\u00a0\u2013 eine Revolution in der Technologie des H\u00f6rens\" \/>\n<meta property=\"og:description\" content=\"ADHEAR: Ein Ger\u00e4t, das man sich einfach hinter das Ohr steckt, l\u00e4sst Menschen mit Schallleitungsh\u00f6rverlust wieder h\u00f6ren. Klingt unglaublich, oder?\" \/>\n<meta property=\"og:url\" content=\"https:\/\/blog.medel.com\/de\/technologie\/adhear-eine-revolution-in-der-technologie-des-hoerens\/\" \/>\n<meta property=\"og:site_name\" content=\"The MED-EL Blog\" \/>\n<meta property=\"article:published_time\" content=\"2018-03-20T07:00:45+00:00\" \/>\n<meta property=\"article:modified_time\" content=\"2023-04-05T09:00:35+00:00\" \/>\n<meta property=\"og:image\" content=\"https:\/\/blog.medel.com\/wp-content\/uploads\/2023\/03\/vibrant_2017__kids_wohnung_raw_eye5_danielzangerl-83-von-149-1.jpg\" \/>\n\t<meta property=\"og:image:width\" content=\"1280\" \/>\n\t<meta property=\"og:image:height\" content=\"853\" \/>\n\t<meta property=\"og:image:type\" content=\"image\/jpeg\" \/>\n<meta name=\"author\" content=\"MED-EL\" \/>\n<meta name=\"twitter:card\" content=\"summary_large_image\" \/>\n<meta name=\"twitter:label1\" content=\"Verfasst von\" \/>\n\t<meta name=\"twitter:data1\" content=\"MED-EL\" \/>\n\t<meta name=\"twitter:label2\" content=\"Gesch\u00e4tzte Lesezeit\" \/>\n\t<meta name=\"twitter:data2\" content=\"4 Minuten\" \/>\n<script type=\"application\/ld+json\" class=\"yoast-schema-graph\">{\"@context\":\"https:\\\/\\\/schema.org\",\"@graph\":[{\"@type\":\"Article\",\"@id\":\"https:\\\/\\\/blog.medel.com\\\/de\\\/technologie\\\/adhear-eine-revolution-in-der-technologie-des-hoerens\\\/#article\",\"isPartOf\":{\"@id\":\"https:\\\/\\\/blog.medel.com\\\/de\\\/technologie\\\/adhear-eine-revolution-in-der-technologie-des-hoerens\\\/\"},\"author\":{\"name\":\"MED-EL\",\"@id\":\"https:\\\/\\\/blog.medel.com\\\/de\\\/#\\\/schema\\\/person\\\/9f8dcfb27ec87796d874e021602c56e2\"},\"headline\":\"ADHEAR\u00a0\u2013 eine Revolution in der Technologie des H\u00f6rens\",\"datePublished\":\"2018-03-20T07:00:45+00:00\",\"dateModified\":\"2023-04-05T09:00:35+00:00\",\"mainEntityOfPage\":{\"@id\":\"https:\\\/\\\/blog.medel.com\\\/de\\\/technologie\\\/adhear-eine-revolution-in-der-technologie-des-hoerens\\\/\"},\"wordCount\":799,\"commentCount\":0,\"publisher\":{\"@id\":\"https:\\\/\\\/blog.medel.com\\\/de\\\/#organization\"},\"image\":{\"@id\":\"https:\\\/\\\/blog.medel.com\\\/de\\\/technologie\\\/adhear-eine-revolution-in-der-technologie-des-hoerens\\\/#primaryimage\"},\"thumbnailUrl\":\"https:\\\/\\\/blog.medel.com\\\/wp-content\\\/uploads\\\/2023\\\/03\\\/vibrant_2017__kids_wohnung_raw_eye5_danielzangerl-83-von-149-1.jpg\",\"keywords\":[\"ADHEAR\",\"H\u00f6rverlust\"],\"articleSection\":[\"Technologie\"],\"inLanguage\":\"de-DE\",\"potentialAction\":[{\"@type\":\"CommentAction\",\"name\":\"Comment\",\"target\":[\"https:\\\/\\\/blog.medel.com\\\/de\\\/technologie\\\/adhear-eine-revolution-in-der-technologie-des-hoerens\\\/#respond\"]}]},{\"@type\":\"WebPage\",\"@id\":\"https:\\\/\\\/blog.medel.com\\\/de\\\/technologie\\\/adhear-eine-revolution-in-der-technologie-des-hoerens\\\/\",\"url\":\"https:\\\/\\\/blog.medel.com\\\/de\\\/technologie\\\/adhear-eine-revolution-in-der-technologie-des-hoerens\\\/\",\"name\":\"ADHEAR\u00a0\u2013 eine Revolution in der Technologie des H\u00f6rens\",\"isPartOf\":{\"@id\":\"https:\\\/\\\/blog.medel.com\\\/de\\\/#website\"},\"primaryImageOfPage\":{\"@id\":\"https:\\\/\\\/blog.medel.com\\\/de\\\/technologie\\\/adhear-eine-revolution-in-der-technologie-des-hoerens\\\/#primaryimage\"},\"image\":{\"@id\":\"https:\\\/\\\/blog.medel.com\\\/de\\\/technologie\\\/adhear-eine-revolution-in-der-technologie-des-hoerens\\\/#primaryimage\"},\"thumbnailUrl\":\"https:\\\/\\\/blog.medel.com\\\/wp-content\\\/uploads\\\/2023\\\/03\\\/vibrant_2017__kids_wohnung_raw_eye5_danielzangerl-83-von-149-1.jpg\",\"datePublished\":\"2018-03-20T07:00:45+00:00\",\"dateModified\":\"2023-04-05T09:00:35+00:00\",\"description\":\"ADHEAR: Ein Ger\u00e4t, das man sich einfach hinter das Ohr steckt, l\u00e4sst Menschen mit Schallleitungsh\u00f6rverlust wieder h\u00f6ren. Klingt unglaublich, oder?\",\"breadcrumb\":{\"@id\":\"https:\\\/\\\/blog.medel.com\\\/de\\\/technologie\\\/adhear-eine-revolution-in-der-technologie-des-hoerens\\\/#breadcrumb\"},\"inLanguage\":\"de-DE\",\"potentialAction\":[{\"@type\":\"ReadAction\",\"target\":[\"https:\\\/\\\/blog.medel.com\\\/de\\\/technologie\\\/adhear-eine-revolution-in-der-technologie-des-hoerens\\\/\"]}]},{\"@type\":\"ImageObject\",\"inLanguage\":\"de-DE\",\"@id\":\"https:\\\/\\\/blog.medel.com\\\/de\\\/technologie\\\/adhear-eine-revolution-in-der-technologie-des-hoerens\\\/#primaryimage\",\"url\":\"https:\\\/\\\/blog.medel.com\\\/wp-content\\\/uploads\\\/2023\\\/03\\\/vibrant_2017__kids_wohnung_raw_eye5_danielzangerl-83-von-149-1.jpg\",\"contentUrl\":\"https:\\\/\\\/blog.medel.com\\\/wp-content\\\/uploads\\\/2023\\\/03\\\/vibrant_2017__kids_wohnung_raw_eye5_danielzangerl-83-von-149-1.jpg\",\"width\":1280,\"height\":853},{\"@type\":\"BreadcrumbList\",\"@id\":\"https:\\\/\\\/blog.medel.com\\\/de\\\/technologie\\\/adhear-eine-revolution-in-der-technologie-des-hoerens\\\/#breadcrumb\",\"itemListElement\":[{\"@type\":\"ListItem\",\"position\":1,\"name\":\"Home\",\"item\":\"https:\\\/\\\/blog.medel.com\\\/de\\\/\"},{\"@type\":\"ListItem\",\"position\":2,\"name\":\"ADHEAR\u00a0\u2013 eine Revolution in der Technologie des H\u00f6rens\"}]},{\"@type\":\"WebSite\",\"@id\":\"https:\\\/\\\/blog.medel.com\\\/de\\\/#website\",\"url\":\"https:\\\/\\\/blog.medel.com\\\/de\\\/\",\"name\":\"The MED-EL Blog\",\"description\":\"\",\"publisher\":{\"@id\":\"https:\\\/\\\/blog.medel.com\\\/de\\\/#organization\"},\"potentialAction\":[{\"@type\":\"SearchAction\",\"target\":{\"@type\":\"EntryPoint\",\"urlTemplate\":\"https:\\\/\\\/blog.medel.com\\\/de\\\/?s={search_term_string}\"},\"query-input\":{\"@type\":\"PropertyValueSpecification\",\"valueRequired\":true,\"valueName\":\"search_term_string\"}}],\"inLanguage\":\"de-DE\"},{\"@type\":\"Organization\",\"@id\":\"https:\\\/\\\/blog.medel.com\\\/de\\\/#organization\",\"name\":\"The MED-EL Blog\",\"url\":\"https:\\\/\\\/blog.medel.com\\\/de\\\/\",\"logo\":{\"@type\":\"ImageObject\",\"inLanguage\":\"de-DE\",\"@id\":\"https:\\\/\\\/blog.medel.com\\\/de\\\/#\\\/schema\\\/logo\\\/image\\\/\",\"url\":\"https:\\\/\\\/blog.medel.com\\\/wp-content\\\/uploads\\\/2023\\\/02\\\/MED-EL_logo_L2.png\",\"contentUrl\":\"https:\\\/\\\/blog.medel.com\\\/wp-content\\\/uploads\\\/2023\\\/02\\\/MED-EL_logo_L2.png\",\"width\":443,\"height\":200,\"caption\":\"The MED-EL Blog\"},\"image\":{\"@id\":\"https:\\\/\\\/blog.medel.com\\\/de\\\/#\\\/schema\\\/logo\\\/image\\\/\"}},{\"@type\":\"Person\",\"@id\":\"https:\\\/\\\/blog.medel.com\\\/de\\\/#\\\/schema\\\/person\\\/9f8dcfb27ec87796d874e021602c56e2\",\"name\":\"MED-EL\",\"sameAs\":[\"https:\\\/\\\/www.medel.com\"]}]}<\/script>\n<!-- \/ Yoast SEO plugin. -->","yoast_head_json":{"title":"ADHEAR\u00a0\u2013 eine Revolution in der Technologie des H\u00f6rens","description":"ADHEAR: Ein Ger\u00e4t, das man sich einfach hinter das Ohr steckt, l\u00e4sst Menschen mit Schallleitungsh\u00f6rverlust wieder h\u00f6ren. Klingt unglaublich, oder?","robots":{"index":"index","follow":"follow","max-snippet":"max-snippet:-1","max-image-preview":"max-image-preview:large","max-video-preview":"max-video-preview:-1"},"canonical":"https:\/\/blog.medel.com\/de\/technologie\/adhear-eine-revolution-in-der-technologie-des-hoerens\/","og_locale":"de_DE","og_type":"article","og_title":"ADHEAR\u00a0\u2013 eine Revolution in der Technologie des H\u00f6rens","og_description":"ADHEAR: Ein Ger\u00e4t, das man sich einfach hinter das Ohr steckt, l\u00e4sst Menschen mit Schallleitungsh\u00f6rverlust wieder h\u00f6ren. Klingt unglaublich, oder?","og_url":"https:\/\/blog.medel.com\/de\/technologie\/adhear-eine-revolution-in-der-technologie-des-hoerens\/","og_site_name":"The MED-EL Blog","article_published_time":"2018-03-20T07:00:45+00:00","article_modified_time":"2023-04-05T09:00:35+00:00","og_image":[{"width":1280,"height":853,"url":"https:\/\/blog.medel.com\/wp-content\/uploads\/2023\/03\/vibrant_2017__kids_wohnung_raw_eye5_danielzangerl-83-von-149-1.jpg","type":"image\/jpeg"}],"author":"MED-EL","twitter_card":"summary_large_image","twitter_misc":{"Verfasst von":"MED-EL","Gesch\u00e4tzte Lesezeit":"4 Minuten"},"schema":{"@context":"https:\/\/schema.org","@graph":[{"@type":"Article","@id":"https:\/\/blog.medel.com\/de\/technologie\/adhear-eine-revolution-in-der-technologie-des-hoerens\/#article","isPartOf":{"@id":"https:\/\/blog.medel.com\/de\/technologie\/adhear-eine-revolution-in-der-technologie-des-hoerens\/"},"author":{"name":"MED-EL","@id":"https:\/\/blog.medel.com\/de\/#\/schema\/person\/9f8dcfb27ec87796d874e021602c56e2"},"headline":"ADHEAR\u00a0\u2013 eine Revolution in der Technologie des H\u00f6rens","datePublished":"2018-03-20T07:00:45+00:00","dateModified":"2023-04-05T09:00:35+00:00","mainEntityOfPage":{"@id":"https:\/\/blog.medel.com\/de\/technologie\/adhear-eine-revolution-in-der-technologie-des-hoerens\/"},"wordCount":799,"commentCount":0,"publisher":{"@id":"https:\/\/blog.medel.com\/de\/#organization"},"image":{"@id":"https:\/\/blog.medel.com\/de\/technologie\/adhear-eine-revolution-in-der-technologie-des-hoerens\/#primaryimage"},"thumbnailUrl":"https:\/\/blog.medel.com\/wp-content\/uploads\/2023\/03\/vibrant_2017__kids_wohnung_raw_eye5_danielzangerl-83-von-149-1.jpg","keywords":["ADHEAR","H\u00f6rverlust"],"articleSection":["Technologie"],"inLanguage":"de-DE","potentialAction":[{"@type":"CommentAction","name":"Comment","target":["https:\/\/blog.medel.com\/de\/technologie\/adhear-eine-revolution-in-der-technologie-des-hoerens\/#respond"]}]},{"@type":"WebPage","@id":"https:\/\/blog.medel.com\/de\/technologie\/adhear-eine-revolution-in-der-technologie-des-hoerens\/","url":"https:\/\/blog.medel.com\/de\/technologie\/adhear-eine-revolution-in-der-technologie-des-hoerens\/","name":"ADHEAR\u00a0\u2013 eine Revolution in der Technologie des H\u00f6rens","isPartOf":{"@id":"https:\/\/blog.medel.com\/de\/#website"},"primaryImageOfPage":{"@id":"https:\/\/blog.medel.com\/de\/technologie\/adhear-eine-revolution-in-der-technologie-des-hoerens\/#primaryimage"},"image":{"@id":"https:\/\/blog.medel.com\/de\/technologie\/adhear-eine-revolution-in-der-technologie-des-hoerens\/#primaryimage"},"thumbnailUrl":"https:\/\/blog.medel.com\/wp-content\/uploads\/2023\/03\/vibrant_2017__kids_wohnung_raw_eye5_danielzangerl-83-von-149-1.jpg","datePublished":"2018-03-20T07:00:45+00:00","dateModified":"2023-04-05T09:00:35+00:00","description":"ADHEAR: Ein Ger\u00e4t, das man sich einfach hinter das Ohr steckt, l\u00e4sst Menschen mit Schallleitungsh\u00f6rverlust wieder h\u00f6ren. Klingt unglaublich, oder?","breadcrumb":{"@id":"https:\/\/blog.medel.com\/de\/technologie\/adhear-eine-revolution-in-der-technologie-des-hoerens\/#breadcrumb"},"inLanguage":"de-DE","potentialAction":[{"@type":"ReadAction","target":["https:\/\/blog.medel.com\/de\/technologie\/adhear-eine-revolution-in-der-technologie-des-hoerens\/"]}]},{"@type":"ImageObject","inLanguage":"de-DE","@id":"https:\/\/blog.medel.com\/de\/technologie\/adhear-eine-revolution-in-der-technologie-des-hoerens\/#primaryimage","url":"https:\/\/blog.medel.com\/wp-content\/uploads\/2023\/03\/vibrant_2017__kids_wohnung_raw_eye5_danielzangerl-83-von-149-1.jpg","contentUrl":"https:\/\/blog.medel.com\/wp-content\/uploads\/2023\/03\/vibrant_2017__kids_wohnung_raw_eye5_danielzangerl-83-von-149-1.jpg","width":1280,"height":853},{"@type":"BreadcrumbList","@id":"https:\/\/blog.medel.com\/de\/technologie\/adhear-eine-revolution-in-der-technologie-des-hoerens\/#breadcrumb","itemListElement":[{"@type":"ListItem","position":1,"name":"Home","item":"https:\/\/blog.medel.com\/de\/"},{"@type":"ListItem","position":2,"name":"ADHEAR\u00a0\u2013 eine Revolution in der Technologie des H\u00f6rens"}]},{"@type":"WebSite","@id":"https:\/\/blog.medel.com\/de\/#website","url":"https:\/\/blog.medel.com\/de\/","name":"The MED-EL Blog","description":"","publisher":{"@id":"https:\/\/blog.medel.com\/de\/#organization"},"potentialAction":[{"@type":"SearchAction","target":{"@type":"EntryPoint","urlTemplate":"https:\/\/blog.medel.com\/de\/?s={search_term_string}"},"query-input":{"@type":"PropertyValueSpecification","valueRequired":true,"valueName":"search_term_string"}}],"inLanguage":"de-DE"},{"@type":"Organization","@id":"https:\/\/blog.medel.com\/de\/#organization","name":"The MED-EL Blog","url":"https:\/\/blog.medel.com\/de\/","logo":{"@type":"ImageObject","inLanguage":"de-DE","@id":"https:\/\/blog.medel.com\/de\/#\/schema\/logo\/image\/","url":"https:\/\/blog.medel.com\/wp-content\/uploads\/2023\/02\/MED-EL_logo_L2.png","contentUrl":"https:\/\/blog.medel.com\/wp-content\/uploads\/2023\/02\/MED-EL_logo_L2.png","width":443,"height":200,"caption":"The MED-EL Blog"},"image":{"@id":"https:\/\/blog.medel.com\/de\/#\/schema\/logo\/image\/"}},{"@type":"Person","@id":"https:\/\/blog.medel.com\/de\/#\/schema\/person\/9f8dcfb27ec87796d874e021602c56e2","name":"MED-EL","sameAs":["https:\/\/www.medel.com"]}]}},"_links":{"self":[{"href":"https:\/\/blog.medel.com\/de\/wp-json\/wp\/v2\/posts\/46807","targetHints":{"allow":["GET"]}}],"collection":[{"href":"https:\/\/blog.medel.com\/de\/wp-json\/wp\/v2\/posts"}],"about":[{"href":"https:\/\/blog.medel.com\/de\/wp-json\/wp\/v2\/types\/post"}],"author":[{"embeddable":true,"href":"https:\/\/blog.medel.com\/de\/wp-json\/wp\/v2\/users\/8"}],"replies":[{"embeddable":true,"href":"https:\/\/blog.medel.com\/de\/wp-json\/wp\/v2\/comments?post=46807"}],"version-history":[{"count":3,"href":"https:\/\/blog.medel.com\/de\/wp-json\/wp\/v2\/posts\/46807\/revisions"}],"predecessor-version":[{"id":75428,"href":"https:\/\/blog.medel.com\/de\/wp-json\/wp\/v2\/posts\/46807\/revisions\/75428"}],"wp:featuredmedia":[{"embeddable":true,"href":"https:\/\/blog.medel.com\/de\/wp-json\/wp\/v2\/media\/64312"}],"wp:attachment":[{"href":"https:\/\/blog.medel.com\/de\/wp-json\/wp\/v2\/media?parent=46807"}],"wp:term":[{"taxonomy":"category","embeddable":true,"href":"https:\/\/blog.medel.com\/de\/wp-json\/wp\/v2\/categories?post=46807"},{"taxonomy":"post_tag","embeddable":true,"href":"https:\/\/blog.medel.com\/de\/wp-json\/wp\/v2\/tags?post=46807"}],"curies":[{"name":"wp","href":"https:\/\/api.w.org\/{rel}","templated":true}]}}