{"id":46802,"date":"2011-07-15T08:50:34","date_gmt":"2011-07-15T08:50:34","guid":{"rendered":"https:\/\/blog.medel.com\/unkategorisiert\/barbara-brueggeboes-mein-neues-leben-mit-der-vibrant-soundbridge\/"},"modified":"2023-07-04T11:17:36","modified_gmt":"2023-07-04T09:17:36","slug":"barbara-brueggeboes-mein-neues-leben-mit-der-vibrant-soundbridge","status":"publish","type":"post","link":"https:\/\/blog.medel.com\/de\/schaufenster-news\/barbara-brueggeboes-mein-neues-leben-mit-der-vibrant-soundbridge\/","title":{"rendered":"Barbara Br\u00fcggeboes &#8211; mein neues Leben mit  der VIBRANT SOUNDBRIDGE"},"content":{"rendered":"<p>Seit mein 14. Lebensjahr arbeite ich im Hotelfach als gelernte Restaurantfachfrau.<br \/>\nMit ca. 28 Jahren merkte ich, dass ich schlechter h\u00f6rte. Der HNO-Arzt stellte eine leichte Schwerh\u00f6rigkeit fest, ein H\u00f6rger\u00e4t bekam ich jedoch nicht.<\/p>\n<p>1999 sp\u00fcrte ich auf einem Musikfest mit ca.180 G\u00e4sten auf einmal ein Druckgef\u00fchl im Ohr, hatte Ohrenschmerzen und h\u00f6rte einen Piepton. Der HNO-Arzt stellte am Tag darauf eine Mittelohrentz\u00fcndung und eine Geh\u00f6rgangentz\u00fcndung fest. Eine Woche sp\u00e4ter wurde ein H\u00f6rtest gemacht, der sehr schlecht ausfiel: Ich bekam eine Verordnung f\u00fcr zwei H\u00f6rger\u00e4te &#8211; mit den H\u00f6rger\u00e4ten hatte ich zwar ein gutes Sprachverst\u00e4ndnis, aber bei L\u00e4rm war es sehr anstrengend, so dass ich immer schnell ersch\u00f6pft war. Diese H\u00f6rger\u00e4te trug ich insgesamt 10 Jahre.<\/p>\n<p>Die Geh\u00f6rgangentz\u00fcndung kam immer wieder, zwischen 2008 und 2010 erlitt ich insgesamt sechsmal einen H\u00f6rsturz. Wegen Schwindel, Tinnitus und meines H\u00f6rverlusts hielt ich mich im Jahr 2009 zu einer Rehabilitation in Bad Nauheim auf \u2013 dort wurde ich erstmals umfassend \u00fcber Schwerh\u00f6rigkeit und auch \u00fcber verschiedene H\u00f6rimplantate aufgekl\u00e4rt. Bis zu diesem Zeitpunkt wusste ich gar nicht, dass es so etwas wie Implantate gibt.<\/p>\n<p>Wieder zuhause, vereinbarte ich einen Termin in der HNO-Klinik der Medizinischen Hochschule Hannover (MHH). Im Internet informierte ich mich zwischenzeitlich \u00fcber die Vibrant Soundbridge von MED-EL.<\/p>\n<p>Nach den ersten Untersuchungen schlugen mir die \u00c4rzte der MHH die Vibrant Soundbridge als geeignete H\u00f6rl\u00f6sung vor. Das linke Ohr wurde im Oktober 2009 implantiert, die OP verlief gut. Acht Wochen nach der Operation war der lang erwartete Tag der Erstanpassung \u2013 ein gro\u00dfer Erfolg! Ich war \u00fcberrascht, was ich alles h\u00f6ren konnte, selbst bei Hintergrundl\u00e4rm am Arbeitsplatz konnte ich Gespr\u00e4che f\u00fchren. Je nach Situation stellte ich mir die verschiedenen Programme der Vibrant Soundbridge ein.<\/p>\n<p>Im M\u00e4rz 2010 erkundigte ich mich erstmals nach einer zweiten Vibrant Soundbridge \u2013 schlie\u00dflich wollte ich ja Stereo h\u00f6ren. Innerhalb von zwei Wochen wurde mir ein OP-Termin f\u00fcr das rechte Ohr vorgeschlagen.\u00a0Diese zweite OP fand dann im Mai 2010 statt \u2013 auch diesmal verlief wieder alles problemlos, die OP selbst, die Anpassung und die Nachbetreuung.<\/p>\n<p>Zusammenfassend kann ich sagen, dass ich nicht nur zufrieden, sondern sehr gl\u00fccklich mit meinen beiden Mittelohrimplantaten bin: Ich habe keinen \u201eH\u00f6rstress\u201c mehr, sowohl in der Familie als auch am Arbeitsplatz komme ich wunderbar zurecht. Es gibt aber auch Momente, wo ich die Prozessoren abschalte, um mich zu entspannen, z.B. wenn ich samstags von 15 Uhr bis 4 Uhr morgens ohne Pause durcharbeite \u2013 dann brauche ich einfach einmal Ruhe und m\u00f6chte nichts mehr h\u00f6ren.<\/p>\n<p>Ich kann mit meinen VSBs auch sehr gut telefonieren, Fernsehen verstehe ich sehr gut, \u00fcberhaupt ist das Sprachverst\u00e4ndnis ausgezeichnet.<\/p>\n<p>Im Stra\u00dfenverkehr kann ich sogar h\u00f6ren, aus welcher Richtung die Autos kommen. Auch das H\u00f6ren im Stimmengewirr, von dem man in einem Hotel naturgem\u00e4\u00df mehr als genug hat, ist kein Problem.<\/p>\n<p>Ich h\u00f6re sehr nat\u00fcrlich mit meinen Implantaten und empfinde es als gro\u00dfen Vorteil, dass der Geh\u00f6rgang mit der VSB frei bleibt.<\/p>\n<p>Leider gibt es noch viele H\u00f6rger\u00e4teakustiker, die sehr schlecht \u00fcber die Vibrant Soundbridge informiert sind und Interessierten Angst machen. Auch viele HNO-\u00c4rzte wissen nichts bzw. viel zu wenig \u00fcber die VSB. Da ist sicherlich noch viel Aufkl\u00e4rungsarbeit seitens der Hersteller notwendig.<\/p>\n","protected":false},"excerpt":{"rendered":"<p>Seit mein 14. Lebensjahr arbeite ich im Hotelfach als gelernte Restaurantfachfrau. Mit ca. 28 Jahren merkte ich, dass ich schlechter h\u00f6rte. Der HNO-Arzt stellte eine leichte Schwerh\u00f6rigkeit fest, ein H\u00f6rger\u00e4t bekam ich jedoch nicht. 1999 sp\u00fcrte ich auf einem Musikfest mit ca.180 G\u00e4sten auf einmal ein Druckgef\u00fchl im Ohr, hatte Ohrenschmerzen und h\u00f6rte einen Piepton. [&hellip;]<\/p>\n","protected":false},"author":8,"featured_media":64267,"comment_status":"open","ping_status":"open","sticky":false,"template":"","format":"standard","meta":{"footnotes":""},"categories":[2877],"tags":[],"class_list":["post-46802","post","type-post","status-publish","format-standard","has-post-thumbnail","hentry","category-schaufenster-news"],"yoast_head":"<!-- This site is optimized with the Yoast SEO plugin v27.4 - https:\/\/yoast.com\/product\/yoast-seo-wordpress\/ -->\n<title>Barbara Br\u00fcggeboes - mein neues Leben mit der VIBRANT SOUNDBRIDGE - The MED-EL Blog<\/title>\n<meta name=\"robots\" content=\"index, follow, max-snippet:-1, max-image-preview:large, max-video-preview:-1\" \/>\n<link rel=\"canonical\" href=\"https:\/\/blog.medel.com\/de\/schaufenster-news\/barbara-brueggeboes-mein-neues-leben-mit-der-vibrant-soundbridge\/\" \/>\n<meta property=\"og:locale\" content=\"de_DE\" \/>\n<meta property=\"og:type\" content=\"article\" \/>\n<meta property=\"og:title\" content=\"Barbara Br\u00fcggeboes - mein neues Leben mit der VIBRANT SOUNDBRIDGE - The MED-EL Blog\" \/>\n<meta property=\"og:description\" content=\"Seit mein 14. Lebensjahr arbeite ich im Hotelfach als gelernte Restaurantfachfrau. Mit ca. 28 Jahren merkte ich, dass ich schlechter h\u00f6rte. Der HNO-Arzt stellte eine leichte Schwerh\u00f6rigkeit fest, ein H\u00f6rger\u00e4t bekam ich jedoch nicht. 1999 sp\u00fcrte ich auf einem Musikfest mit ca.180 G\u00e4sten auf einmal ein Druckgef\u00fchl im Ohr, hatte Ohrenschmerzen und h\u00f6rte einen Piepton. [&hellip;]\" \/>\n<meta property=\"og:url\" content=\"https:\/\/blog.medel.com\/de\/schaufenster-news\/barbara-brueggeboes-mein-neues-leben-mit-der-vibrant-soundbridge\/\" \/>\n<meta property=\"og:site_name\" content=\"The MED-EL Blog\" \/>\n<meta property=\"article:published_time\" content=\"2011-07-15T08:50:34+00:00\" \/>\n<meta property=\"article:modified_time\" content=\"2023-07-04T09:17:36+00:00\" \/>\n<meta property=\"og:image\" content=\"https:\/\/blog.medel.com\/wp-content\/uploads\/2023\/03\/vibrant-soundbridge.jpg\" \/>\n\t<meta property=\"og:image:width\" content=\"1920\" \/>\n\t<meta property=\"og:image:height\" content=\"1080\" \/>\n\t<meta property=\"og:image:type\" content=\"image\/jpeg\" \/>\n<meta name=\"author\" content=\"MED-EL\" \/>\n<meta name=\"twitter:card\" content=\"summary_large_image\" \/>\n<meta name=\"twitter:label1\" content=\"Verfasst von\" \/>\n\t<meta name=\"twitter:data1\" content=\"MED-EL\" \/>\n\t<meta name=\"twitter:label2\" content=\"Gesch\u00e4tzte Lesezeit\" \/>\n\t<meta name=\"twitter:data2\" content=\"3 Minuten\" \/>\n<script type=\"application\/ld+json\" class=\"yoast-schema-graph\">{\"@context\":\"https:\\\/\\\/schema.org\",\"@graph\":[{\"@type\":\"Article\",\"@id\":\"https:\\\/\\\/blog.medel.com\\\/de\\\/schaufenster-news\\\/barbara-brueggeboes-mein-neues-leben-mit-der-vibrant-soundbridge\\\/#article\",\"isPartOf\":{\"@id\":\"https:\\\/\\\/blog.medel.com\\\/de\\\/schaufenster-news\\\/barbara-brueggeboes-mein-neues-leben-mit-der-vibrant-soundbridge\\\/\"},\"author\":{\"name\":\"MED-EL\",\"@id\":\"https:\\\/\\\/blog.medel.com\\\/tr\\\/#\\\/schema\\\/person\\\/9f8dcfb27ec87796d874e021602c56e2\"},\"headline\":\"Barbara Br\u00fcggeboes &#8211; mein neues Leben mit der VIBRANT SOUNDBRIDGE\",\"datePublished\":\"2011-07-15T08:50:34+00:00\",\"dateModified\":\"2023-07-04T09:17:36+00:00\",\"mainEntityOfPage\":{\"@id\":\"https:\\\/\\\/blog.medel.com\\\/de\\\/schaufenster-news\\\/barbara-brueggeboes-mein-neues-leben-mit-der-vibrant-soundbridge\\\/\"},\"wordCount\":574,\"commentCount\":0,\"publisher\":{\"@id\":\"https:\\\/\\\/blog.medel.com\\\/tr\\\/#organization\"},\"image\":{\"@id\":\"https:\\\/\\\/blog.medel.com\\\/de\\\/schaufenster-news\\\/barbara-brueggeboes-mein-neues-leben-mit-der-vibrant-soundbridge\\\/#primaryimage\"},\"thumbnailUrl\":\"https:\\\/\\\/blog.medel.com\\\/wp-content\\\/uploads\\\/2023\\\/03\\\/vibrant-soundbridge.jpg\",\"articleSection\":[\"Schaufenster\"],\"inLanguage\":\"de-DE\",\"potentialAction\":[{\"@type\":\"CommentAction\",\"name\":\"Comment\",\"target\":[\"https:\\\/\\\/blog.medel.com\\\/de\\\/schaufenster-news\\\/barbara-brueggeboes-mein-neues-leben-mit-der-vibrant-soundbridge\\\/#respond\"]}]},{\"@type\":\"WebPage\",\"@id\":\"https:\\\/\\\/blog.medel.com\\\/de\\\/schaufenster-news\\\/barbara-brueggeboes-mein-neues-leben-mit-der-vibrant-soundbridge\\\/\",\"url\":\"https:\\\/\\\/blog.medel.com\\\/de\\\/schaufenster-news\\\/barbara-brueggeboes-mein-neues-leben-mit-der-vibrant-soundbridge\\\/\",\"name\":\"Barbara Br\u00fcggeboes - mein neues Leben mit der VIBRANT SOUNDBRIDGE - The MED-EL Blog\",\"isPartOf\":{\"@id\":\"https:\\\/\\\/blog.medel.com\\\/tr\\\/#website\"},\"primaryImageOfPage\":{\"@id\":\"https:\\\/\\\/blog.medel.com\\\/de\\\/schaufenster-news\\\/barbara-brueggeboes-mein-neues-leben-mit-der-vibrant-soundbridge\\\/#primaryimage\"},\"image\":{\"@id\":\"https:\\\/\\\/blog.medel.com\\\/de\\\/schaufenster-news\\\/barbara-brueggeboes-mein-neues-leben-mit-der-vibrant-soundbridge\\\/#primaryimage\"},\"thumbnailUrl\":\"https:\\\/\\\/blog.medel.com\\\/wp-content\\\/uploads\\\/2023\\\/03\\\/vibrant-soundbridge.jpg\",\"datePublished\":\"2011-07-15T08:50:34+00:00\",\"dateModified\":\"2023-07-04T09:17:36+00:00\",\"breadcrumb\":{\"@id\":\"https:\\\/\\\/blog.medel.com\\\/de\\\/schaufenster-news\\\/barbara-brueggeboes-mein-neues-leben-mit-der-vibrant-soundbridge\\\/#breadcrumb\"},\"inLanguage\":\"de-DE\",\"potentialAction\":[{\"@type\":\"ReadAction\",\"target\":[\"https:\\\/\\\/blog.medel.com\\\/de\\\/schaufenster-news\\\/barbara-brueggeboes-mein-neues-leben-mit-der-vibrant-soundbridge\\\/\"]}]},{\"@type\":\"ImageObject\",\"inLanguage\":\"de-DE\",\"@id\":\"https:\\\/\\\/blog.medel.com\\\/de\\\/schaufenster-news\\\/barbara-brueggeboes-mein-neues-leben-mit-der-vibrant-soundbridge\\\/#primaryimage\",\"url\":\"https:\\\/\\\/blog.medel.com\\\/wp-content\\\/uploads\\\/2023\\\/03\\\/vibrant-soundbridge.jpg\",\"contentUrl\":\"https:\\\/\\\/blog.medel.com\\\/wp-content\\\/uploads\\\/2023\\\/03\\\/vibrant-soundbridge.jpg\",\"width\":1920,\"height\":1080},{\"@type\":\"BreadcrumbList\",\"@id\":\"https:\\\/\\\/blog.medel.com\\\/de\\\/schaufenster-news\\\/barbara-brueggeboes-mein-neues-leben-mit-der-vibrant-soundbridge\\\/#breadcrumb\",\"itemListElement\":[{\"@type\":\"ListItem\",\"position\":1,\"name\":\"Home\",\"item\":\"https:\\\/\\\/blog.medel.com\\\/\"},{\"@type\":\"ListItem\",\"position\":2,\"name\":\"Barbara Br\u00fcggeboes &#8211; mein neues Leben mit der VIBRANT SOUNDBRIDGE\"}]},{\"@type\":\"WebSite\",\"@id\":\"https:\\\/\\\/blog.medel.com\\\/tr\\\/#website\",\"url\":\"https:\\\/\\\/blog.medel.com\\\/tr\\\/\",\"name\":\"The MED-EL Blog\",\"description\":\"\",\"publisher\":{\"@id\":\"https:\\\/\\\/blog.medel.com\\\/tr\\\/#organization\"},\"potentialAction\":[{\"@type\":\"SearchAction\",\"target\":{\"@type\":\"EntryPoint\",\"urlTemplate\":\"https:\\\/\\\/blog.medel.com\\\/tr\\\/?s={search_term_string}\"},\"query-input\":{\"@type\":\"PropertyValueSpecification\",\"valueRequired\":true,\"valueName\":\"search_term_string\"}}],\"inLanguage\":\"de-DE\"},{\"@type\":\"Organization\",\"@id\":\"https:\\\/\\\/blog.medel.com\\\/tr\\\/#organization\",\"name\":\"The MED-EL Blog\",\"url\":\"https:\\\/\\\/blog.medel.com\\\/tr\\\/\",\"logo\":{\"@type\":\"ImageObject\",\"inLanguage\":\"de-DE\",\"@id\":\"https:\\\/\\\/blog.medel.com\\\/tr\\\/#\\\/schema\\\/logo\\\/image\\\/\",\"url\":\"https:\\\/\\\/blog.medel.com\\\/wp-content\\\/uploads\\\/2023\\\/02\\\/MED-EL_logo_L2.png\",\"contentUrl\":\"https:\\\/\\\/blog.medel.com\\\/wp-content\\\/uploads\\\/2023\\\/02\\\/MED-EL_logo_L2.png\",\"width\":443,\"height\":200,\"caption\":\"The MED-EL Blog\"},\"image\":{\"@id\":\"https:\\\/\\\/blog.medel.com\\\/tr\\\/#\\\/schema\\\/logo\\\/image\\\/\"}},{\"@type\":\"Person\",\"@id\":\"https:\\\/\\\/blog.medel.com\\\/tr\\\/#\\\/schema\\\/person\\\/9f8dcfb27ec87796d874e021602c56e2\",\"name\":\"MED-EL\",\"sameAs\":[\"https:\\\/\\\/www.medel.com\"]}]}<\/script>\n<!-- \/ Yoast SEO plugin. -->","yoast_head_json":{"title":"Barbara Br\u00fcggeboes - mein neues Leben mit der VIBRANT SOUNDBRIDGE - The MED-EL Blog","robots":{"index":"index","follow":"follow","max-snippet":"max-snippet:-1","max-image-preview":"max-image-preview:large","max-video-preview":"max-video-preview:-1"},"canonical":"https:\/\/blog.medel.com\/de\/schaufenster-news\/barbara-brueggeboes-mein-neues-leben-mit-der-vibrant-soundbridge\/","og_locale":"de_DE","og_type":"article","og_title":"Barbara Br\u00fcggeboes - mein neues Leben mit der VIBRANT SOUNDBRIDGE - The MED-EL Blog","og_description":"Seit mein 14. Lebensjahr arbeite ich im Hotelfach als gelernte Restaurantfachfrau. Mit ca. 28 Jahren merkte ich, dass ich schlechter h\u00f6rte. Der HNO-Arzt stellte eine leichte Schwerh\u00f6rigkeit fest, ein H\u00f6rger\u00e4t bekam ich jedoch nicht. 1999 sp\u00fcrte ich auf einem Musikfest mit ca.180 G\u00e4sten auf einmal ein Druckgef\u00fchl im Ohr, hatte Ohrenschmerzen und h\u00f6rte einen Piepton. [&hellip;]","og_url":"https:\/\/blog.medel.com\/de\/schaufenster-news\/barbara-brueggeboes-mein-neues-leben-mit-der-vibrant-soundbridge\/","og_site_name":"The MED-EL Blog","article_published_time":"2011-07-15T08:50:34+00:00","article_modified_time":"2023-07-04T09:17:36+00:00","og_image":[{"width":1920,"height":1080,"url":"https:\/\/blog.medel.com\/wp-content\/uploads\/2023\/03\/vibrant-soundbridge.jpg","type":"image\/jpeg"}],"author":"MED-EL","twitter_card":"summary_large_image","twitter_misc":{"Verfasst von":"MED-EL","Gesch\u00e4tzte Lesezeit":"3 Minuten"},"schema":{"@context":"https:\/\/schema.org","@graph":[{"@type":"Article","@id":"https:\/\/blog.medel.com\/de\/schaufenster-news\/barbara-brueggeboes-mein-neues-leben-mit-der-vibrant-soundbridge\/#article","isPartOf":{"@id":"https:\/\/blog.medel.com\/de\/schaufenster-news\/barbara-brueggeboes-mein-neues-leben-mit-der-vibrant-soundbridge\/"},"author":{"name":"MED-EL","@id":"https:\/\/blog.medel.com\/tr\/#\/schema\/person\/9f8dcfb27ec87796d874e021602c56e2"},"headline":"Barbara Br\u00fcggeboes &#8211; mein neues Leben mit der VIBRANT SOUNDBRIDGE","datePublished":"2011-07-15T08:50:34+00:00","dateModified":"2023-07-04T09:17:36+00:00","mainEntityOfPage":{"@id":"https:\/\/blog.medel.com\/de\/schaufenster-news\/barbara-brueggeboes-mein-neues-leben-mit-der-vibrant-soundbridge\/"},"wordCount":574,"commentCount":0,"publisher":{"@id":"https:\/\/blog.medel.com\/tr\/#organization"},"image":{"@id":"https:\/\/blog.medel.com\/de\/schaufenster-news\/barbara-brueggeboes-mein-neues-leben-mit-der-vibrant-soundbridge\/#primaryimage"},"thumbnailUrl":"https:\/\/blog.medel.com\/wp-content\/uploads\/2023\/03\/vibrant-soundbridge.jpg","articleSection":["Schaufenster"],"inLanguage":"de-DE","potentialAction":[{"@type":"CommentAction","name":"Comment","target":["https:\/\/blog.medel.com\/de\/schaufenster-news\/barbara-brueggeboes-mein-neues-leben-mit-der-vibrant-soundbridge\/#respond"]}]},{"@type":"WebPage","@id":"https:\/\/blog.medel.com\/de\/schaufenster-news\/barbara-brueggeboes-mein-neues-leben-mit-der-vibrant-soundbridge\/","url":"https:\/\/blog.medel.com\/de\/schaufenster-news\/barbara-brueggeboes-mein-neues-leben-mit-der-vibrant-soundbridge\/","name":"Barbara Br\u00fcggeboes - mein neues Leben mit der VIBRANT SOUNDBRIDGE - The MED-EL Blog","isPartOf":{"@id":"https:\/\/blog.medel.com\/tr\/#website"},"primaryImageOfPage":{"@id":"https:\/\/blog.medel.com\/de\/schaufenster-news\/barbara-brueggeboes-mein-neues-leben-mit-der-vibrant-soundbridge\/#primaryimage"},"image":{"@id":"https:\/\/blog.medel.com\/de\/schaufenster-news\/barbara-brueggeboes-mein-neues-leben-mit-der-vibrant-soundbridge\/#primaryimage"},"thumbnailUrl":"https:\/\/blog.medel.com\/wp-content\/uploads\/2023\/03\/vibrant-soundbridge.jpg","datePublished":"2011-07-15T08:50:34+00:00","dateModified":"2023-07-04T09:17:36+00:00","breadcrumb":{"@id":"https:\/\/blog.medel.com\/de\/schaufenster-news\/barbara-brueggeboes-mein-neues-leben-mit-der-vibrant-soundbridge\/#breadcrumb"},"inLanguage":"de-DE","potentialAction":[{"@type":"ReadAction","target":["https:\/\/blog.medel.com\/de\/schaufenster-news\/barbara-brueggeboes-mein-neues-leben-mit-der-vibrant-soundbridge\/"]}]},{"@type":"ImageObject","inLanguage":"de-DE","@id":"https:\/\/blog.medel.com\/de\/schaufenster-news\/barbara-brueggeboes-mein-neues-leben-mit-der-vibrant-soundbridge\/#primaryimage","url":"https:\/\/blog.medel.com\/wp-content\/uploads\/2023\/03\/vibrant-soundbridge.jpg","contentUrl":"https:\/\/blog.medel.com\/wp-content\/uploads\/2023\/03\/vibrant-soundbridge.jpg","width":1920,"height":1080},{"@type":"BreadcrumbList","@id":"https:\/\/blog.medel.com\/de\/schaufenster-news\/barbara-brueggeboes-mein-neues-leben-mit-der-vibrant-soundbridge\/#breadcrumb","itemListElement":[{"@type":"ListItem","position":1,"name":"Home","item":"https:\/\/blog.medel.com\/"},{"@type":"ListItem","position":2,"name":"Barbara Br\u00fcggeboes &#8211; mein neues Leben mit der VIBRANT SOUNDBRIDGE"}]},{"@type":"WebSite","@id":"https:\/\/blog.medel.com\/tr\/#website","url":"https:\/\/blog.medel.com\/tr\/","name":"The MED-EL Blog","description":"","publisher":{"@id":"https:\/\/blog.medel.com\/tr\/#organization"},"potentialAction":[{"@type":"SearchAction","target":{"@type":"EntryPoint","urlTemplate":"https:\/\/blog.medel.com\/tr\/?s={search_term_string}"},"query-input":{"@type":"PropertyValueSpecification","valueRequired":true,"valueName":"search_term_string"}}],"inLanguage":"de-DE"},{"@type":"Organization","@id":"https:\/\/blog.medel.com\/tr\/#organization","name":"The MED-EL Blog","url":"https:\/\/blog.medel.com\/tr\/","logo":{"@type":"ImageObject","inLanguage":"de-DE","@id":"https:\/\/blog.medel.com\/tr\/#\/schema\/logo\/image\/","url":"https:\/\/blog.medel.com\/wp-content\/uploads\/2023\/02\/MED-EL_logo_L2.png","contentUrl":"https:\/\/blog.medel.com\/wp-content\/uploads\/2023\/02\/MED-EL_logo_L2.png","width":443,"height":200,"caption":"The MED-EL Blog"},"image":{"@id":"https:\/\/blog.medel.com\/tr\/#\/schema\/logo\/image\/"}},{"@type":"Person","@id":"https:\/\/blog.medel.com\/tr\/#\/schema\/person\/9f8dcfb27ec87796d874e021602c56e2","name":"MED-EL","sameAs":["https:\/\/www.medel.com"]}]}},"_links":{"self":[{"href":"https:\/\/blog.medel.com\/de\/wp-json\/wp\/v2\/posts\/46802","targetHints":{"allow":["GET"]}}],"collection":[{"href":"https:\/\/blog.medel.com\/de\/wp-json\/wp\/v2\/posts"}],"about":[{"href":"https:\/\/blog.medel.com\/de\/wp-json\/wp\/v2\/types\/post"}],"author":[{"embeddable":true,"href":"https:\/\/blog.medel.com\/de\/wp-json\/wp\/v2\/users\/8"}],"replies":[{"embeddable":true,"href":"https:\/\/blog.medel.com\/de\/wp-json\/wp\/v2\/comments?post=46802"}],"version-history":[{"count":1,"href":"https:\/\/blog.medel.com\/de\/wp-json\/wp\/v2\/posts\/46802\/revisions"}],"predecessor-version":[{"id":47058,"href":"https:\/\/blog.medel.com\/de\/wp-json\/wp\/v2\/posts\/46802\/revisions\/47058"}],"wp:featuredmedia":[{"embeddable":true,"href":"https:\/\/blog.medel.com\/de\/wp-json\/wp\/v2\/media\/64267"}],"wp:attachment":[{"href":"https:\/\/blog.medel.com\/de\/wp-json\/wp\/v2\/media?parent=46802"}],"wp:term":[{"taxonomy":"category","embeddable":true,"href":"https:\/\/blog.medel.com\/de\/wp-json\/wp\/v2\/categories?post=46802"},{"taxonomy":"post_tag","embeddable":true,"href":"https:\/\/blog.medel.com\/de\/wp-json\/wp\/v2\/tags?post=46802"}],"curies":[{"name":"wp","href":"https:\/\/api.w.org\/{rel}","templated":true}]}}